{"id":65363,"date":"2025-06-23T09:16:00","date_gmt":"2025-06-23T12:16:00","guid":{"rendered":"https:\/\/www.em.com.br\/emfoco\/?p=65363"},"modified":"2025-06-23T08:25:38","modified_gmt":"2025-06-23T11:25:38","slug":"voce-tem-mais-de-50-evite-esses-habitos-que-tiram-sua-alegria","status":"publish","type":"post","link":"https:\/\/www.em.com.br\/emfoco\/2025\/06\/23\/voce-tem-mais-de-50-evite-esses-habitos-que-tiram-sua-alegria\/","title":{"rendered":"Voc\u00ea tem mais de 50 ? Evite esses h\u00e1bitos que tiram sua alegria"},"content":{"rendered":"\n<p>Com o passar dos anos, \u00e9 comum que algumas pr\u00e1ticas do cotidiano passem despercebidas, mas podem afetar diretamente o bem-estar e a disposi\u00e7\u00e3o de quem j\u00e1 ultrapassou a marca dos 50 anos. O envelhecimento traz mudan\u00e7as naturais ao corpo e \u00e0 mente, tornando ainda mais importante adotar h\u00e1bitos que favore\u00e7am a sa\u00fade f\u00edsica e emocional. Por outro lado, certas rotinas podem minar a energia e a alegria de viver, mesmo sem serem percebidas.<\/p>\n\n\n\n<p>Manter-se atento aos pr\u00f3prios comportamentos \u00e9 fundamental para garantir uma vida mais leve e prazerosa. Pequenas atitudes di\u00e1rias podem fazer diferen\u00e7a significativa na qualidade de vida, especialmente ap\u00f3s os 50 anos. A seguir, s\u00e3o destacados alguns h\u00e1bitos que merecem aten\u00e7\u00e3o, pois podem contribuir para a perda de vitalidade e satisfa\u00e7\u00e3o.<\/p>\n\n\n\n<h2 class=\"wp-block-heading\">Quais h\u00e1bitos podem impactar negativamente a alegria ap\u00f3s os 50 anos?<\/h2>\n\n\n\n<p>Algumas pr\u00e1ticas comuns podem prejudicar o humor e a disposi\u00e7\u00e3o nessa fase da vida. Entre elas, destaca-se o sedentarismo, que reduz a mobilidade e aumenta o risco de doen\u00e7as cr\u00f4nicas. O isolamento social tamb\u00e9m \u00e9 um fator preocupante, pois limita as intera\u00e7\u00f5es e pode favorecer sentimentos de solid\u00e3o.<\/p>\n\n\n\n<p>Outro ponto relevante \u00e9 a alimenta\u00e7\u00e3o desequilibrada, rica em ultraprocessados e pobre em nutrientes essenciais. Al\u00e9m disso, o excesso de preocupa\u00e7\u00e3o com o passado ou o futuro pode gerar ansiedade e impedir o aproveitamento do presente. Por fim, a falta de atividades prazerosas, como hobbies ou momentos de lazer, tende a diminuir a sensa\u00e7\u00e3o de bem-estar.<\/p>\n\n\n\n<h2 class=\"wp-block-heading\">Como evitar h\u00e1bitos que tiram a alegria de viver?<\/h2>\n\n\n\n<p>Para preservar a qualidade de vida ap\u00f3s os 50 anos, \u00e9 importante adotar algumas estrat\u00e9gias simples. A pr\u00e1tica regular de exerc\u00edcios f\u00edsicos, mesmo que leves, contribui para a manuten\u00e7\u00e3o da sa\u00fade e da autonomia. Caminhadas, alongamentos e atividades em grupo s\u00e3o op\u00e7\u00f5es acess\u00edveis e eficazes.<\/p>\n\n\n\n<p>Manter uma alimenta\u00e7\u00e3o balanceada, rica em frutas, verduras, prote\u00ednas magras e gr\u00e3os integrais, auxilia na preven\u00e7\u00e3o de doen\u00e7as e no aumento da disposi\u00e7\u00e3o. O conv\u00edvio social tamb\u00e9m merece destaque: participar de grupos, conversar com amigos e familiares ou se envolver em atividades comunit\u00e1rias s\u00e3o formas de fortalecer v\u00ednculos e evitar o isolamento.<\/p>\n\n\n\n<ul class=\"wp-block-list\">\n<li>Buscar novos interesses e aprender habilidades diferentes<\/li>\n\n\n\n<li>Praticar medita\u00e7\u00e3o ou t\u00e9cnicas de relaxamento<\/li>\n\n\n\n<li>Estabelecer uma rotina de sono adequada<\/li>\n\n\n\n<li>Evitar o consumo excessivo de \u00e1lcool e cigarro<\/li>\n<\/ul>\n\n\n\n<figure class=\"wp-block-image size-large\"><img loading=\"lazy\" decoding=\"async\" width=\"1024\" height=\"576\" src=\"https:\/\/www.em.com.br\/emfoco\/wp-content\/uploads\/2025\/06\/mulher-madura_1750677790025-1024x576.jpg\" alt=\"\" class=\"wp-image-65366\" srcset=\"https:\/\/www.em.com.br\/emfoco\/wp-content\/uploads\/2025\/06\/mulher-madura_1750677790025-1024x576.jpg 1024w, https:\/\/www.em.com.br\/emfoco\/wp-content\/uploads\/2025\/06\/mulher-madura_1750677790025-300x169.jpg 300w, https:\/\/www.em.com.br\/emfoco\/wp-content\/uploads\/2025\/06\/mulher-madura_1750677790025-768x432.jpg 768w, https:\/\/www.em.com.br\/emfoco\/wp-content\/uploads\/2025\/06\/mulher-madura_1750677790025-750x422.jpg 750w, https:\/\/www.em.com.br\/emfoco\/wp-content\/uploads\/2025\/06\/mulher-madura_1750677790025-1140x641.jpg 1140w, https:\/\/www.em.com.br\/emfoco\/wp-content\/uploads\/2025\/06\/mulher-madura_1750677790025.jpg 1280w\" sizes=\"auto, (max-width: 1024px) 100vw, 1024px\" \/><figcaption class=\"wp-element-caption\">Casal feliz (Cr\u00e9ditos: depositphotos.com \/ TarasMalyarevich)<\/figcaption><\/figure>\n\n\n\n<h2 class=\"wp-block-heading\">Quais atitudes podem ajudar a manter a alegria ap\u00f3s os 50 anos?<\/h2>\n\n\n\n<p>Adotar uma postura positiva diante das mudan\u00e7as naturais do envelhecimento \u00e9 fundamental. Encarar novos desafios, manter a mente ativa e cultivar o otimismo s\u00e3o atitudes que favorecem o bem-estar. Investir em autoconhecimento e buscar apoio profissional, quando necess\u00e1rio, tamb\u00e9m s\u00e3o recursos valiosos.<\/p>\n\n\n\n<ol class=\"wp-block-list\">\n<li>Dedicar tempo para atividades que proporcionem prazer<\/li>\n\n\n\n<li>Valorizar conquistas e experi\u00eancias vividas<\/li>\n\n\n\n<li>Estabelecer metas realistas e celebrar pequenas vit\u00f3rias<\/li>\n\n\n\n<li>Manter contato com pessoas queridas<\/li>\n\n\n\n<li>Priorizar momentos de descanso e lazer<\/li>\n<\/ol>\n\n\n\n<p>Essas pr\u00e1ticas contribuem para uma rotina mais equilibrada e ajudam a preservar a alegria de viver, mesmo diante dos desafios que podem surgir com o passar dos anos.<\/p>\n\n\n\n<h2 class=\"wp-block-heading\">Por que repensar os h\u00e1bitos ap\u00f3s os 50 anos faz diferen\u00e7a?<\/h2>\n\n\n\n<p>Repensar e ajustar os h\u00e1bitos di\u00e1rios \u00e9 uma forma de promover sa\u00fade e bem-estar em todas as fases da vida, especialmente ap\u00f3s os 50 anos. Mudan\u00e7as simples podem trazer benef\u00edcios significativos, como maior disposi\u00e7\u00e3o, autonomia e satisfa\u00e7\u00e3o pessoal. Ao evitar pr\u00e1ticas prejudiciais e adotar comportamentos saud\u00e1veis, \u00e9 poss\u00edvel desfrutar de uma vida mais plena e ativa, aproveitando cada momento com mais leveza e alegria.<\/p>\n","protected":false},"excerpt":{"rendered":"<p>Com o passar dos anos, \u00e9 comum que algumas pr\u00e1ticas do cotidiano passem despercebidas, mas podem afetar diretamente o bem-estar e a disposi\u00e7\u00e3o de quem j\u00e1 ultrapassou a marca dos 50 anos. O envelhecimento traz mudan\u00e7as naturais ao corpo e \u00e0 mente, tornando ainda mais importante adotar h\u00e1bitos que favore\u00e7am a sa\u00fade f\u00edsica e emocional. [&hellip;]<\/p>\n","protected":false},"author":19,"featured_media":65365,"comment_status":"open","ping_status":"open","sticky":false,"template":"","format":"standard","meta":{"jnews-multi-image_gallery":[],"jnews_single_post":{"format":"standard"},"jnews_primary_category":[],"jnews_social_meta":[],"jnews_override_counter":[],"footnotes":""},"categories":[29],"tags":[10878,10879,7311,10877],"class_list":["post-65363","post","type-post","status-publish","format-standard","has-post-thumbnail","hentry","category-entretenimento","tag-bem-estar-depois-dos-50","tag-felicidade-na-terceira-idade","tag-habitos-saudaveis","tag-saudavel-envelhecimento"],"yoast_head":"<!-- This site is optimized with the Yoast SEO plugin v23.8 - https:\/\/yoast.com\/wordpress\/plugins\/seo\/ -->\n<title>Voc\u00ea tem mais de 50 ? Evite esses h\u00e1bitos que tiram sua alegria - Estado de Minas - Em foco<\/title>\n<meta name=\"description\" content=\"Aprenda como h\u00e1bitos simples podem impactar sua alegria de viver ap\u00f3s os 50 anos e descubra estrat\u00e9gias para manter o bem-estar e a disposi\u00e7\u00e3o nessa fase da vida.\" \/>\n<meta name=\"robots\" content=\"index, follow, max-snippet:-1, max-image-preview:large, max-video-preview:-1\" \/>\n<link rel=\"canonical\" href=\"https:\/\/www.em.com.br\/emfoco\/2025\/06\/23\/voce-tem-mais-de-50-evite-esses-habitos-que-tiram-sua-alegria\/\" \/>\n<meta property=\"og:locale\" content=\"pt_BR\" \/>\n<meta property=\"og:type\" content=\"article\" \/>\n<meta property=\"og:title\" content=\"Voc\u00ea tem mais de 50 ? Evite esses h\u00e1bitos que tiram sua alegria - Estado de Minas - Em foco\" \/>\n<meta property=\"og:description\" content=\"Aprenda como h\u00e1bitos simples podem impactar sua alegria de viver ap\u00f3s os 50 anos e descubra estrat\u00e9gias para manter o bem-estar e a disposi\u00e7\u00e3o nessa fase da vida.\" \/>\n<meta property=\"og:url\" content=\"https:\/\/www.em.com.br\/emfoco\/2025\/06\/23\/voce-tem-mais-de-50-evite-esses-habitos-que-tiram-sua-alegria\/\" \/>\n<meta property=\"og:site_name\" content=\"Estado de Minas - Em foco\" \/>\n<meta property=\"article:published_time\" content=\"2025-06-23T12:16:00+00:00\" \/>\n<meta property=\"article:modified_time\" content=\"2025-06-23T11:25:38+00:00\" \/>\n<meta property=\"og:image\" content=\"https:\/\/www.em.com.br\/emfoco\/wp-content\/uploads\/2025\/06\/mulher-madura_1750677226317.jpg\" \/>\n\t<meta property=\"og:image:width\" content=\"1280\" \/>\n\t<meta property=\"og:image:height\" content=\"720\" \/>\n\t<meta property=\"og:image:type\" content=\"image\/jpeg\" \/>\n<meta name=\"author\" content=\"Vanessa Tavares\" \/>\n<meta name=\"twitter:card\" content=\"summary_large_image\" \/>\n<meta name=\"twitter:label1\" content=\"Escrito por\" \/>\n\t<meta name=\"twitter:data1\" content=\"Vanessa Tavares\" \/>\n\t<meta name=\"twitter:label2\" content=\"Est. tempo de leitura\" \/>\n\t<meta name=\"twitter:data2\" content=\"4 minutos\" \/>\n<!-- \/ Yoast SEO plugin. -->","yoast_head_json":{"title":"Voc\u00ea tem mais de 50 ? Evite esses h\u00e1bitos que tiram sua alegria - Estado de Minas - Em foco","description":"Aprenda como h\u00e1bitos simples podem impactar sua alegria de viver ap\u00f3s os 50 anos e descubra estrat\u00e9gias para manter o bem-estar e a disposi\u00e7\u00e3o nessa fase da vida.","robots":{"index":"index","follow":"follow","max-snippet":"max-snippet:-1","max-image-preview":"max-image-preview:large","max-video-preview":"max-video-preview:-1"},"canonical":"https:\/\/www.em.com.br\/emfoco\/2025\/06\/23\/voce-tem-mais-de-50-evite-esses-habitos-que-tiram-sua-alegria\/","og_locale":"pt_BR","og_type":"article","og_title":"Voc\u00ea tem mais de 50 ? Evite esses h\u00e1bitos que tiram sua alegria - Estado de Minas - Em foco","og_description":"Aprenda como h\u00e1bitos simples podem impactar sua alegria de viver ap\u00f3s os 50 anos e descubra estrat\u00e9gias para manter o bem-estar e a disposi\u00e7\u00e3o nessa fase da vida.","og_url":"https:\/\/www.em.com.br\/emfoco\/2025\/06\/23\/voce-tem-mais-de-50-evite-esses-habitos-que-tiram-sua-alegria\/","og_site_name":"Estado de Minas - Em foco","article_published_time":"2025-06-23T12:16:00+00:00","article_modified_time":"2025-06-23T11:25:38+00:00","og_image":[{"width":1280,"height":720,"url":"https:\/\/www.em.com.br\/emfoco\/wp-content\/uploads\/2025\/06\/mulher-madura_1750677226317.jpg","type":"image\/jpeg"}],"author":"Vanessa Tavares","twitter_card":"summary_large_image","twitter_misc":{"Escrito por":"Vanessa Tavares","Est. tempo de leitura":"4 minutos"},"schema":{"@context":"https:\/\/schema.org","@graph":[{"@type":"WebPage","@id":"https:\/\/www.em.com.br\/emfoco\/2025\/06\/23\/voce-tem-mais-de-50-evite-esses-habitos-que-tiram-sua-alegria\/","url":"https:\/\/www.em.com.br\/emfoco\/2025\/06\/23\/voce-tem-mais-de-50-evite-esses-habitos-que-tiram-sua-alegria\/","name":"Voc\u00ea tem mais de 50 ? Evite esses h\u00e1bitos que tiram sua alegria - Estado de Minas - Em foco","isPartOf":{"@id":"https:\/\/www.em.com.br\/emfoco\/#website"},"primaryImageOfPage":{"@id":"https:\/\/www.em.com.br\/emfoco\/2025\/06\/23\/voce-tem-mais-de-50-evite-esses-habitos-que-tiram-sua-alegria\/#primaryimage"},"image":{"@id":"https:\/\/www.em.com.br\/emfoco\/2025\/06\/23\/voce-tem-mais-de-50-evite-esses-habitos-que-tiram-sua-alegria\/#primaryimage"},"thumbnailUrl":"https:\/\/www.em.com.br\/emfoco\/wp-content\/uploads\/2025\/06\/mulher-madura_1750677226317.jpg","datePublished":"2025-06-23T12:16:00+00:00","dateModified":"2025-06-23T11:25:38+00:00","author":{"@id":"https:\/\/www.em.com.br\/emfoco\/#\/schema\/person\/4a7a157aac450b98edc86f15a7434f0b"},"description":"Aprenda como h\u00e1bitos simples podem impactar sua alegria de viver ap\u00f3s os 50 anos e descubra estrat\u00e9gias para manter o bem-estar e a disposi\u00e7\u00e3o nessa fase da vida.","breadcrumb":{"@id":"https:\/\/www.em.com.br\/emfoco\/2025\/06\/23\/voce-tem-mais-de-50-evite-esses-habitos-que-tiram-sua-alegria\/#breadcrumb"},"inLanguage":"pt-BR","potentialAction":[{"@type":"ReadAction","target":["https:\/\/www.em.com.br\/emfoco\/2025\/06\/23\/voce-tem-mais-de-50-evite-esses-habitos-que-tiram-sua-alegria\/"]}]},{"@type":"ImageObject","inLanguage":"pt-BR","@id":"https:\/\/www.em.com.br\/emfoco\/2025\/06\/23\/voce-tem-mais-de-50-evite-esses-habitos-que-tiram-sua-alegria\/#primaryimage","url":"https:\/\/www.em.com.br\/emfoco\/wp-content\/uploads\/2025\/06\/mulher-madura_1750677226317.jpg","contentUrl":"https:\/\/www.em.com.br\/emfoco\/wp-content\/uploads\/2025\/06\/mulher-madura_1750677226317.jpg","width":1280,"height":720,"caption":"Mulher madura (Cr\u00e9ditos: depositphotos.com \/ AllaSerebrina)"},{"@type":"BreadcrumbList","@id":"https:\/\/www.em.com.br\/emfoco\/2025\/06\/23\/voce-tem-mais-de-50-evite-esses-habitos-que-tiram-sua-alegria\/#breadcrumb","itemListElement":[{"@type":"ListItem","position":1,"name":"In\u00edcio","item":"https:\/\/www.em.com.br\/emfoco\/"},{"@type":"ListItem","position":2,"name":"Voc\u00ea tem mais de 50 ? Evite esses h\u00e1bitos que tiram sua alegria"}]},{"@type":"WebSite","@id":"https:\/\/www.em.com.br\/emfoco\/#website","url":"https:\/\/www.em.com.br\/emfoco\/","name":"Estado de Minas - Em foco","description":"Acompanhe as \u00faltimas not\u00edcias e fique bem informado sobre tudo o que acontece em Minas Gerais, Brasil e no mundo.","potentialAction":[{"@type":"SearchAction","target":{"@type":"EntryPoint","urlTemplate":"https:\/\/www.em.com.br\/emfoco\/?s={search_term_string}"},"query-input":{"@type":"PropertyValueSpecification","valueRequired":true,"valueName":"search_term_string"}}],"inLanguage":"pt-BR"},{"@type":"Person","@id":"https:\/\/www.em.com.br\/emfoco\/#\/schema\/person\/4a7a157aac450b98edc86f15a7434f0b","name":"Vanessa Tavares","image":{"@type":"ImageObject","inLanguage":"pt-BR","@id":"https:\/\/www.em.com.br\/emfoco\/#\/schema\/person\/image\/","url":"https:\/\/secure.gravatar.com\/avatar\/088c9372da58da00f00f8e508f13d635?s=96&d=mm&r=g","contentUrl":"https:\/\/secure.gravatar.com\/avatar\/088c9372da58da00f00f8e508f13d635?s=96&d=mm&r=g","caption":"Vanessa Tavares"},"sameAs":["https:\/\/www.em.com.br\/emfoco"],"url":"https:\/\/www.em.com.br\/emfoco\/author\/vanessamyth\/"}]}},"_links":{"self":[{"href":"https:\/\/www.em.com.br\/emfoco\/wp-json\/wp\/v2\/posts\/65363","targetHints":{"allow":["GET"]}}],"collection":[{"href":"https:\/\/www.em.com.br\/emfoco\/wp-json\/wp\/v2\/posts"}],"about":[{"href":"https:\/\/www.em.com.br\/emfoco\/wp-json\/wp\/v2\/types\/post"}],"author":[{"embeddable":true,"href":"https:\/\/www.em.com.br\/emfoco\/wp-json\/wp\/v2\/users\/19"}],"replies":[{"embeddable":true,"href":"https:\/\/www.em.com.br\/emfoco\/wp-json\/wp\/v2\/comments?post=65363"}],"version-history":[{"count":2,"href":"https:\/\/www.em.com.br\/emfoco\/wp-json\/wp\/v2\/posts\/65363\/revisions"}],"predecessor-version":[{"id":65367,"href":"https:\/\/www.em.com.br\/emfoco\/wp-json\/wp\/v2\/posts\/65363\/revisions\/65367"}],"wp:featuredmedia":[{"embeddable":true,"href":"https:\/\/www.em.com.br\/emfoco\/wp-json\/wp\/v2\/media\/65365"}],"wp:attachment":[{"href":"https:\/\/www.em.com.br\/emfoco\/wp-json\/wp\/v2\/media?parent=65363"}],"wp:term":[{"taxonomy":"category","embeddable":true,"href":"https:\/\/www.em.com.br\/emfoco\/wp-json\/wp\/v2\/categories?post=65363"},{"taxonomy":"post_tag","embeddable":true,"href":"https:\/\/www.em.com.br\/emfoco\/wp-json\/wp\/v2\/tags?post=65363"}],"curies":[{"name":"wp","href":"https:\/\/api.w.org\/{rel}","templated":true}]}}