{"id":6517,"date":"2024-12-25T19:40:00","date_gmt":"2024-12-25T22:40:00","guid":{"rendered":"https:\/\/www.em.com.br\/emfoco\/?p=6517"},"modified":"2024-12-24T13:32:01","modified_gmt":"2024-12-24T16:32:01","slug":"voce-conhece-o-rosto-da-inconfidencia-mineira","status":"publish","type":"post","link":"https:\/\/www.em.com.br\/emfoco\/2024\/12\/25\/voce-conhece-o-rosto-da-inconfidencia-mineira\/","title":{"rendered":"Voc\u00ea conhece o rosto da Inconfid\u00eancia Mineira?"},"content":{"rendered":"\n<p>Joaquim Jos\u00e9 da Silva Xavier, mais conhecido como <a href=\"https:\/\/pt.wikipedia.org\/wiki\/Tiradentes\" target=\"_blank\" rel=\"noreferrer noopener\">Tiradentes<\/a>, \u00e9 um dos personagens mais emblem\u00e1ticos da hist\u00f3ria do <a href=\"https:\/\/www.em.com.br\/emfoco\/2024\/12\/24\/conheca-os-destinos-brasileiros-onde-o-inverno-e-de-congelar\/\" target=\"_blank\" rel=\"noreferrer noopener\">Brasil<\/a>. Nascido em 1746, em Minas Gerais, ele tornou-se uma figura central na Inconfid\u00eancia Mineira, movimento que visava a independ\u00eancia do Brasil de Portugal. Tiradentes \u00e9 lembrado por seu sacrif\u00edcio em prol da liberdade, sendo executado em 1792. Ao longo dos anos, ele assumiu uma imagem de m\u00e1rtir, embora sua vida real, semelhan\u00e7as f\u00edsicas e diversas ocupa\u00e7\u00f5es sejam frequentemente menos discutidas.<\/p>\n\n\n\n<p>Anualmente, em 21 de abril, o Brasil celebra o Dia de Tiradentes, uma ocasi\u00e3o que n\u00e3o apenas honra sua mem\u00f3ria, mas tamb\u00e9m reflete sobre os ideais de liberdade e autonomia. A hist\u00f3ria de Tiradentes \u00e9 cercada de curiosidades e detalhes que n\u00e3o s\u00e3o comumente mencionados nos livros escolares. Este artigo explora alguns desses aspectos menos conhecidos, oferecendo uma vis\u00e3o interessante sobre quem realmente foi este importante brasileiro.<\/p>\n\n\n\n<h2 class=\"wp-block-heading\">Curiosidades sobre a vida de Tiradentes: Ele tinha barba e cabelo comprido?<\/h2>\n\n\n\n<p>Contrariando a imagem popular e cl\u00e1ssica que o assemelha a Jesus Cristo, iconografias hist\u00f3ricas sugerem que Tiradentes n\u00e3o tinha nem barba nem cabelo comprido. Ao contr\u00e1rio, no dia de sua execu\u00e7\u00e3o, ele estava com a cabe\u00e7a raspada, conforme o costume da \u00e9poca para prisioneiros. Este fato hist\u00f3rico representa uma tentativa de evitar a prolifera\u00e7\u00e3o de piolhos nos pres\u00eddios da \u00e9poca.<\/p>\n\n\n\n<p>Este detalhe sobre sua apar\u00eancia \u00e9 significativo, pois molda como a figura de Tiradentes \u00e9 culturalmente interpretada. A transforma\u00e7\u00e3o de sua imagem ao longo dos anos, principalmente durante o per\u00edodo republicano, buscou enfatizar s\u00edmbolos de sacrif\u00edcio e reden\u00e7\u00e3o, muito similares a figuras religiosas importantes.<\/p>\n\n\n<div class=\"wp-block-image\">\n<figure class=\"aligncenter size-large\"><img loading=\"lazy\" decoding=\"async\" width=\"1024\" height=\"768\" src=\"https:\/\/www.em.com.br\/emfoco\/wp-content\/uploads\/2024\/12\/48315473491_6e99d29f3d_b-1-1024x768.jpg\" alt=\"\" class=\"wp-image-6521\" srcset=\"https:\/\/www.em.com.br\/emfoco\/wp-content\/uploads\/2024\/12\/48315473491_6e99d29f3d_b-1-1024x768.jpg 1024w, https:\/\/www.em.com.br\/emfoco\/wp-content\/uploads\/2024\/12\/48315473491_6e99d29f3d_b-1-300x225.jpg 300w, https:\/\/www.em.com.br\/emfoco\/wp-content\/uploads\/2024\/12\/48315473491_6e99d29f3d_b-1-768x576.jpg 768w, https:\/\/www.em.com.br\/emfoco\/wp-content\/uploads\/2024\/12\/48315473491_6e99d29f3d_b-1-750x563.jpg 750w, https:\/\/www.em.com.br\/emfoco\/wp-content\/uploads\/2024\/12\/48315473491_6e99d29f3d_b-1-1140x855.jpg 1140w, https:\/\/www.em.com.br\/emfoco\/wp-content\/uploads\/2024\/12\/48315473491_6e99d29f3d_b-1.jpg 1200w\" sizes=\"auto, (max-width: 1024px) 100vw, 1024px\" \/><figcaption class=\"wp-element-caption\">Monumento TIradentes &#8211; Wikimidia Commons<\/figcaption><\/figure><\/div>\n\n\n<h2 class=\"wp-block-heading\">Por que Tiradentes tinha esse apelido?<\/h2>\n\n\n\n<p>Embora conhecido como Tiradentes, uma alus\u00e3o \u00e0 sua profiss\u00e3o de dentista, Joaquim Jos\u00e9 da Silva Xavier teve diversas ocupa\u00e7\u00f5es ao longo de sua vida, que inclu\u00edam fun\u00e7\u00f5es como tropeiro, minerador e militar. Curiosamente, ele n\u00e3o apreciava arrancar dentes, pr\u00e1tica comum entre os dentistas de seu tempo. Tiradentes preferia tratar e preservar os dentes de seus pacientes, demonstrando uma abordagem mais moderna e preventiva em suas pr\u00e1ticas dent\u00e1rias.<\/p>\n\n\n\n<p>Esse detalhe n\u00e3o apenas traz \u00e0 tona seu lado inovador e consciente, mas tamb\u00e9m ressalta uma contradi\u00e7\u00e3o intrigante entre seu apelido e suas prefer\u00eancias pr\u00e1ticas. Em um universo onde a extra\u00e7\u00e3o de dentes era vista como a solu\u00e7\u00e3o mais imediata, Tiradentes se destacou por buscar alternativas que preservassem a sa\u00fade bucal dos indiv\u00edduos.<\/p>\n\n\n\n<h2 class=\"wp-block-heading\">Qual foi o legado de Tiradentes al\u00e9m da Inconfid\u00eancia Mineira?<\/h2>\n\n\n\n<p>Al\u00e9m de sua participa\u00e7\u00e3o na Inconfid\u00eancia Mineira, Tiradentes envolveu-se em projetos que visavam melhorar a infraestrutura e a qualidade de vida das comunidades em que viveu. Ele contribuiu para a constru\u00e7\u00e3o de moinhos, armaz\u00e9ns e servi\u00e7os de transporte, evidenciando seu compromisso com o desenvolvimento local.<\/p>\n\n\n\n<p>Esse lado de sua personalidade revela um homem preocupado com o bem comum, buscando melhorias pr\u00e1ticas para as localidades de Vila Rica e arredores. Tiradentes, portanto, n\u00e3o foi apenas um revolucion\u00e1rio; ele tamb\u00e9m atuou como um l\u00edder comunit\u00e1rio que buscou ativamente o progresso em diversos aspectos da vida em sociedade.<\/p>\n\n\n\n<h2 class=\"wp-block-heading\">Qual \u00e9 a relev\u00e2ncia de Tiradentes atualmente?<\/h2>\n\n\n\n<p>O reconhecimento do legado de Tiradentes transcendeu sua execu\u00e7\u00e3o, transformando-se em um dos feriados nacionais do Brasil, oficializado em 1890. A sua figura permanece como um s\u00edmbolo de luta e resist\u00eancia, inspirando gera\u00e7\u00f5es a refletirem sobre os valores de liberdade e justi\u00e7a social. At\u00e9 hoje, Tiradentes \u00e9 amplamente pesquisado e citado, evidenciado pela vasta presen\u00e7a na internet e em estudos acad\u00eamicos.<\/p>\n\n\n\n<p>Em tempos modernos, Tiradentes serve n\u00e3o apenas como mem\u00f3ria hist\u00f3rica, mas como um meio de avaliar a evolu\u00e7\u00e3o do sentido de patriotismo e ativismo no Brasil. Sua trajet\u00f3ria, complexa e cheia de nuances, oferece um solo f\u00e9rtil para discuss\u00f5es sobre identidade nacional e o papel dos indiv\u00edduos na busca por mudan\u00e7as estruturais. Dessa maneira, ele continua a ser uma inspira\u00e7\u00e3o para aqueles que acreditam em um Brasil melhor, mais justo e independente.<\/p>\n","protected":false},"excerpt":{"rendered":"<p>Joaquim Jos\u00e9 da Silva Xavier, mais conhecido como Tiradentes, \u00e9 um dos personagens mais emblem\u00e1ticos da hist\u00f3ria do Brasil. Nascido em 1746, em Minas Gerais, ele tornou-se uma figura central na Inconfid\u00eancia Mineira, movimento que visava a independ\u00eancia do Brasil de Portugal. Tiradentes \u00e9 lembrado por seu sacrif\u00edcio em prol da liberdade, sendo executado em [&hellip;]<\/p>\n","protected":false},"author":7,"featured_media":6520,"comment_status":"open","ping_status":"open","sticky":false,"template":"","format":"standard","meta":{"jnews-multi-image_gallery":[],"jnews_single_post":{"format":"standard"},"jnews_primary_category":[],"jnews_social_meta":[],"jnews_override_counter":[],"footnotes":""},"categories":[26],"tags":[1903,2404,2405],"class_list":["post-6517","post","type-post","status-publish","format-standard","has-post-thumbnail","hentry","category-cidades","tag-historia-brasileira","tag-independencia","tag-revolucao"],"yoast_head":"<!-- This site is optimized with the Yoast SEO plugin v23.8 - https:\/\/yoast.com\/wordpress\/plugins\/seo\/ -->\n<title>Voc\u00ea conhece o rosto da Inconfid\u00eancia Mineira? - Estado de Minas - Em foco<\/title>\n<meta name=\"description\" content=\"Conhe\u00e7a a historia do simbolo hist\u00f3rico de minas gerais!\" \/>\n<meta name=\"robots\" content=\"index, follow, max-snippet:-1, max-image-preview:large, max-video-preview:-1\" \/>\n<link rel=\"canonical\" href=\"https:\/\/www.em.com.br\/emfoco\/2024\/12\/25\/voce-conhece-o-rosto-da-inconfidencia-mineira\/\" \/>\n<meta property=\"og:locale\" content=\"pt_BR\" \/>\n<meta property=\"og:type\" content=\"article\" \/>\n<meta property=\"og:title\" content=\"Voc\u00ea conhece o rosto da Inconfid\u00eancia Mineira? - Estado de Minas - Em foco\" \/>\n<meta property=\"og:description\" content=\"Conhe\u00e7a a historia do simbolo hist\u00f3rico de minas gerais!\" \/>\n<meta property=\"og:url\" content=\"https:\/\/www.em.com.br\/emfoco\/2024\/12\/25\/voce-conhece-o-rosto-da-inconfidencia-mineira\/\" \/>\n<meta property=\"og:site_name\" content=\"Estado de Minas - Em foco\" \/>\n<meta property=\"article:published_time\" content=\"2024-12-25T22:40:00+00:00\" \/>\n<meta property=\"article:modified_time\" content=\"2024-12-24T16:32:01+00:00\" \/>\n<meta property=\"og:image\" content=\"https:\/\/www.em.com.br\/emfoco\/wp-content\/uploads\/2024\/12\/Screenshot_64.jpg\" \/>\n\t<meta property=\"og:image:width\" content=\"1200\" \/>\n\t<meta property=\"og:image:height\" content=\"899\" \/>\n\t<meta property=\"og:image:type\" content=\"image\/jpeg\" \/>\n<meta name=\"author\" content=\"Kelvin\" \/>\n<meta name=\"twitter:card\" content=\"summary_large_image\" \/>\n<meta name=\"twitter:label1\" content=\"Escrito por\" \/>\n\t<meta name=\"twitter:data1\" content=\"Kelvin\" \/>\n\t<meta name=\"twitter:label2\" content=\"Est. tempo de leitura\" \/>\n\t<meta name=\"twitter:data2\" content=\"4 minutos\" \/>\n<!-- \/ Yoast SEO plugin. -->","yoast_head_json":{"title":"Voc\u00ea conhece o rosto da Inconfid\u00eancia Mineira? - Estado de Minas - Em foco","description":"Conhe\u00e7a a historia do simbolo hist\u00f3rico de minas gerais!","robots":{"index":"index","follow":"follow","max-snippet":"max-snippet:-1","max-image-preview":"max-image-preview:large","max-video-preview":"max-video-preview:-1"},"canonical":"https:\/\/www.em.com.br\/emfoco\/2024\/12\/25\/voce-conhece-o-rosto-da-inconfidencia-mineira\/","og_locale":"pt_BR","og_type":"article","og_title":"Voc\u00ea conhece o rosto da Inconfid\u00eancia Mineira? - Estado de Minas - Em foco","og_description":"Conhe\u00e7a a historia do simbolo hist\u00f3rico de minas gerais!","og_url":"https:\/\/www.em.com.br\/emfoco\/2024\/12\/25\/voce-conhece-o-rosto-da-inconfidencia-mineira\/","og_site_name":"Estado de Minas - Em foco","article_published_time":"2024-12-25T22:40:00+00:00","article_modified_time":"2024-12-24T16:32:01+00:00","og_image":[{"width":1200,"height":899,"url":"https:\/\/www.em.com.br\/emfoco\/wp-content\/uploads\/2024\/12\/Screenshot_64.jpg","type":"image\/jpeg"}],"author":"Kelvin","twitter_card":"summary_large_image","twitter_misc":{"Escrito por":"Kelvin","Est. tempo de leitura":"4 minutos"},"schema":{"@context":"https:\/\/schema.org","@graph":[{"@type":"WebPage","@id":"https:\/\/www.em.com.br\/emfoco\/2024\/12\/25\/voce-conhece-o-rosto-da-inconfidencia-mineira\/","url":"https:\/\/www.em.com.br\/emfoco\/2024\/12\/25\/voce-conhece-o-rosto-da-inconfidencia-mineira\/","name":"Voc\u00ea conhece o rosto da Inconfid\u00eancia Mineira? - Estado de Minas - Em foco","isPartOf":{"@id":"https:\/\/www.em.com.br\/emfoco\/#website"},"primaryImageOfPage":{"@id":"https:\/\/www.em.com.br\/emfoco\/2024\/12\/25\/voce-conhece-o-rosto-da-inconfidencia-mineira\/#primaryimage"},"image":{"@id":"https:\/\/www.em.com.br\/emfoco\/2024\/12\/25\/voce-conhece-o-rosto-da-inconfidencia-mineira\/#primaryimage"},"thumbnailUrl":"https:\/\/www.em.com.br\/emfoco\/wp-content\/uploads\/2024\/12\/Screenshot_64.jpg","datePublished":"2024-12-25T22:40:00+00:00","dateModified":"2024-12-24T16:32:01+00:00","author":{"@id":"https:\/\/www.em.com.br\/emfoco\/#\/schema\/person\/fb0a7f48c6fbb94b83f413a80f61917d"},"description":"Conhe\u00e7a a historia do simbolo hist\u00f3rico de minas gerais!","breadcrumb":{"@id":"https:\/\/www.em.com.br\/emfoco\/2024\/12\/25\/voce-conhece-o-rosto-da-inconfidencia-mineira\/#breadcrumb"},"inLanguage":"pt-BR","potentialAction":[{"@type":"ReadAction","target":["https:\/\/www.em.com.br\/emfoco\/2024\/12\/25\/voce-conhece-o-rosto-da-inconfidencia-mineira\/"]}]},{"@type":"ImageObject","inLanguage":"pt-BR","@id":"https:\/\/www.em.com.br\/emfoco\/2024\/12\/25\/voce-conhece-o-rosto-da-inconfidencia-mineira\/#primaryimage","url":"https:\/\/www.em.com.br\/emfoco\/wp-content\/uploads\/2024\/12\/Screenshot_64.jpg","contentUrl":"https:\/\/www.em.com.br\/emfoco\/wp-content\/uploads\/2024\/12\/Screenshot_64.jpg","width":1200,"height":899,"caption":"Tiradentes - Foto\/Reprodu\u00e7\u00e3o"},{"@type":"BreadcrumbList","@id":"https:\/\/www.em.com.br\/emfoco\/2024\/12\/25\/voce-conhece-o-rosto-da-inconfidencia-mineira\/#breadcrumb","itemListElement":[{"@type":"ListItem","position":1,"name":"In\u00edcio","item":"https:\/\/www.em.com.br\/emfoco\/"},{"@type":"ListItem","position":2,"name":"Voc\u00ea conhece o rosto da Inconfid\u00eancia Mineira?"}]},{"@type":"WebSite","@id":"https:\/\/www.em.com.br\/emfoco\/#website","url":"https:\/\/www.em.com.br\/emfoco\/","name":"Estado de Minas - Em foco","description":"Acompanhe as \u00faltimas not\u00edcias e fique bem informado sobre tudo o que acontece em Minas Gerais, Brasil e no mundo.","potentialAction":[{"@type":"SearchAction","target":{"@type":"EntryPoint","urlTemplate":"https:\/\/www.em.com.br\/emfoco\/?s={search_term_string}"},"query-input":{"@type":"PropertyValueSpecification","valueRequired":true,"valueName":"search_term_string"}}],"inLanguage":"pt-BR"},{"@type":"Person","@id":"https:\/\/www.em.com.br\/emfoco\/#\/schema\/person\/fb0a7f48c6fbb94b83f413a80f61917d","name":"Kelvin","image":{"@type":"ImageObject","inLanguage":"pt-BR","@id":"https:\/\/www.em.com.br\/emfoco\/#\/schema\/person\/image\/","url":"https:\/\/secure.gravatar.com\/avatar\/e74f84337e6bf6c4c5e88fbdffa05270?s=96&d=mm&r=g","contentUrl":"https:\/\/secure.gravatar.com\/avatar\/e74f84337e6bf6c4c5e88fbdffa05270?s=96&d=mm&r=g","caption":"Kelvin"},"sameAs":["https:\/\/www.em.com.br\/emfoco"],"url":"https:\/\/www.em.com.br\/emfoco\/author\/kelvinmyth\/"}]}},"_links":{"self":[{"href":"https:\/\/www.em.com.br\/emfoco\/wp-json\/wp\/v2\/posts\/6517","targetHints":{"allow":["GET"]}}],"collection":[{"href":"https:\/\/www.em.com.br\/emfoco\/wp-json\/wp\/v2\/posts"}],"about":[{"href":"https:\/\/www.em.com.br\/emfoco\/wp-json\/wp\/v2\/types\/post"}],"author":[{"embeddable":true,"href":"https:\/\/www.em.com.br\/emfoco\/wp-json\/wp\/v2\/users\/7"}],"replies":[{"embeddable":true,"href":"https:\/\/www.em.com.br\/emfoco\/wp-json\/wp\/v2\/comments?post=6517"}],"version-history":[{"count":2,"href":"https:\/\/www.em.com.br\/emfoco\/wp-json\/wp\/v2\/posts\/6517\/revisions"}],"predecessor-version":[{"id":6522,"href":"https:\/\/www.em.com.br\/emfoco\/wp-json\/wp\/v2\/posts\/6517\/revisions\/6522"}],"wp:featuredmedia":[{"embeddable":true,"href":"https:\/\/www.em.com.br\/emfoco\/wp-json\/wp\/v2\/media\/6520"}],"wp:attachment":[{"href":"https:\/\/www.em.com.br\/emfoco\/wp-json\/wp\/v2\/media?parent=6517"}],"wp:term":[{"taxonomy":"category","embeddable":true,"href":"https:\/\/www.em.com.br\/emfoco\/wp-json\/wp\/v2\/categories?post=6517"},{"taxonomy":"post_tag","embeddable":true,"href":"https:\/\/www.em.com.br\/emfoco\/wp-json\/wp\/v2\/tags?post=6517"}],"curies":[{"name":"wp","href":"https:\/\/api.w.org\/{rel}","templated":true}]}}