{"id":64908,"date":"2025-06-23T10:48:00","date_gmt":"2025-06-23T13:48:00","guid":{"rendered":"https:\/\/www.em.com.br\/emfoco\/?p=64908"},"modified":"2025-06-21T11:26:50","modified_gmt":"2025-06-21T14:26:50","slug":"estetica-minimalista-e-cortes-retos-ganham-espaco-como-resposta-a-era-do-excesso","status":"publish","type":"post","link":"https:\/\/www.em.com.br\/emfoco\/2025\/06\/23\/estetica-minimalista-e-cortes-retos-ganham-espaco-como-resposta-a-era-do-excesso\/","title":{"rendered":"Est\u00e9tica minimalista e cortes retos ganham espa\u00e7o como resposta \u00e0 era do excesso"},"content":{"rendered":"\n<p>Nos \u00faltimos anos, a busca por simplicidade e clareza tem se destacado em diversos setores, especialmente no design, na arquitetura e na moda. O minimalismo e os cortes retos surgem como uma resposta direta ao excesso de est\u00edmulos visuais e ao consumo desenfreado que caracterizam a sociedade contempor\u00e2nea. Essa abordagem valoriza o essencial, eliminando elementos sup\u00e9rfluos e promovendo ambientes mais organizados e funcionais.<\/p>\n\n\n\n<p>O conceito de minimalismo vai al\u00e9m de uma tend\u00eancia est\u00e9tica, sendo adotado como uma filosofia de vida por muitas pessoas. O objetivo principal \u00e9 criar espa\u00e7os e objetos que transmitem tranquilidade, ordem e praticidade, facilitando o dia a dia e contribuindo para o bem-estar. Os cortes retos, por sua vez, refor\u00e7am essa proposta ao trazer precis\u00e3o e modernidade para projetos e produtos.<\/p>\n\n\n\n<h2 class=\"wp-block-heading\">O que caracteriza o minimalismo e os cortes retos?<\/h2>\n\n\n\n<p><strong>O minimalismo \u00e9 reconhecido por sua \u00eanfase na redu\u00e7\u00e3o de elementos ao m\u00ednimo necess\u00e1rio, privilegiando a funcionalidade e a qualidade.<\/strong> Nos ambientes, isso se traduz em m\u00f3veis com linhas simples, cores neutras e aus\u00eancia de ornamentos. <strong>Os cortes retos s\u00e3o fundamentais nesse contexto, pois transmitem uma sensa\u00e7\u00e3o de organiza\u00e7\u00e3o e clareza visual, tornando os espa\u00e7os mais agrad\u00e1veis e pr\u00e1ticos.<\/strong><\/p>\n\n\n\n<p>Na moda, a est\u00e9tica minimalista se manifesta em roupas com modelagens limpas, tecidos lisos e aus\u00eancia de detalhes excessivos. J\u00e1 no design de interiores, a prefer\u00eancia recai sobre <strong><a href=\"https:\/\/www.madeiramadeira.com.br\/central-de-dicas\/artigos\/moveis-multifuncionais\" target=\"_blank\" rel=\"noreferrer noopener\">m\u00f3veis multifuncionais<\/a><\/strong>, superf\u00edcies planas e uma paleta de cores s\u00f3bria. Na arquitetura, edifica\u00e7\u00f5es com formas geom\u00e9tricas simples e integra\u00e7\u00e3o com o entorno s\u00e3o exemplos claros dessa abordagem. Esse movimento pode ser notado tamb\u00e9m na comunica\u00e7\u00e3o visual, com a utiliza\u00e7\u00e3o de tipografias simples e layouts limpos em marcas e interfaces digitais.<\/p>\n\n\n\n<figure class=\"wp-block-image size-large\"><img loading=\"lazy\" decoding=\"async\" width=\"1024\" height=\"576\" src=\"https:\/\/www.em.com.br\/emfoco\/wp-content\/uploads\/2025\/04\/Streetwear_1745501900600-1024x576.jpg\" alt=\"Entenda como as redes sociais est\u00e3o influenciando a moda masculina no Brasil\" class=\"wp-image-41180\" srcset=\"https:\/\/www.em.com.br\/emfoco\/wp-content\/uploads\/2025\/04\/Streetwear_1745501900600-1024x576.jpg 1024w, https:\/\/www.em.com.br\/emfoco\/wp-content\/uploads\/2025\/04\/Streetwear_1745501900600-300x169.jpg 300w, https:\/\/www.em.com.br\/emfoco\/wp-content\/uploads\/2025\/04\/Streetwear_1745501900600-768x432.jpg 768w, https:\/\/www.em.com.br\/emfoco\/wp-content\/uploads\/2025\/04\/Streetwear_1745501900600-750x422.jpg 750w, https:\/\/www.em.com.br\/emfoco\/wp-content\/uploads\/2025\/04\/Streetwear_1745501900600-1140x641.jpg 1140w, https:\/\/www.em.com.br\/emfoco\/wp-content\/uploads\/2025\/04\/Streetwear_1745501900600.jpg 1280w\" sizes=\"auto, (max-width: 1024px) 100vw, 1024px\" \/><figcaption class=\"wp-element-caption\">Imagem ilustrativa de moda masculina &#8211; Cr\u00e9ditos: depositphotos.com \/ AllaSerebrina<\/figcaption><\/figure>\n\n\n\n<h2 class=\"wp-block-heading\">Por que o minimalismo e os cortes retos ganham espa\u00e7o atualmente?<\/h2>\n\n\n\n<p><strong>O crescimento do minimalismo e dos cortes retos est\u00e1 diretamente relacionado ao contexto atual, marcado por uma grande quantidade de informa\u00e7\u00f5es e est\u00edmulos.<\/strong> Muitas pessoas buscam alternativas para reduzir o estresse e encontrar equil\u00edbrio em meio ao ritmo acelerado da vida moderna. <strong>Ambientes minimalistas, com cortes retos e poucos elementos, proporcionam uma sensa\u00e7\u00e3o de calma e facilitam a concentra\u00e7\u00e3o.<\/strong><\/p>\n\n\n\n<ul class=\"wp-block-list\">\n<li><strong>Clareza visual:<\/strong> a aus\u00eancia de excesso contribui para ambientes mais leves e organizados.<\/li>\n\n\n\n<li><strong>Funcionalidade:<\/strong> cada item tem um prop\u00f3sito definido, evitando ac\u00famulo desnecess\u00e1rio.<\/li>\n\n\n\n<li><strong>Durabilidade:<\/strong> o foco na qualidade favorece escolhas mais conscientes e sustent\u00e1veis.<\/li>\n\n\n\n<li><strong>Bem-estar:<\/strong> espa\u00e7os minimalistas promovem uma atmosfera tranquila e acolhedora.<\/li>\n<\/ul>\n\n\n\n<h2 class=\"wp-block-heading\">Como aplicar o minimalismo e cortes retos no cotidiano?<\/h2>\n\n\n\n<p><strong>Adotar o minimalismo e os cortes retos pode ser mais simples do que parece.<\/strong> Algumas pr\u00e1ticas podem ajudar na transi\u00e7\u00e3o para esse estilo de vida e decora\u00e7\u00e3o:<\/p>\n\n\n\n<ol class=\"wp-block-list\">\n<li>Priorizar m\u00f3veis e objetos com linhas retas e design simples.<\/li>\n\n\n\n<li>Optar por uma paleta de cores neutras, como branco, cinza e bege.<\/li>\n\n\n\n<li>Reduzir a quantidade de itens decorativos, mantendo apenas o que \u00e9 realmente necess\u00e1rio.<\/li>\n\n\n\n<li>Investir em produtos de qualidade, que tenham longa durabilidade.<\/li>\n\n\n\n<li>Organizar os ambientes de forma a facilitar a circula\u00e7\u00e3o e o uso di\u00e1rio.<\/li>\n<\/ol>\n\n\n\n<p>Essas medidas contribuem para criar espa\u00e7os mais funcionais e agrad\u00e1veis, alinhados com a proposta do minimalismo e dos cortes retos. Al\u00e9m disso, estimulam um consumo mais consciente e sustent\u00e1vel, valorizando o que realmente importa. Algumas pessoas tamb\u00e9m aplicam o minimalismo digital ao organizar arquivos e aplicativos em dispositivos eletr\u00f4nicos, promovendo praticidade no uso da tecnologia.<\/p>\n\n\n\n<h2 class=\"wp-block-heading\">Minimalismo e cortes retos: tend\u00eancia ou necessidade?<\/h2>\n\n\n\n<p><strong>Embora o minimalismo e os cortes retos sejam frequentemente associados a tend\u00eancias de design, muitos especialistas apontam que essa abordagem reflete uma necessidade crescente de equil\u00edbrio e <a href=\"https:\/\/www.em.com.br\/emfoco\/2025\/05\/31\/como-a-autoaceitacao-contribui-para-o-bem-estar\/\" target=\"_blank\" rel=\"noreferrer noopener\">bem-estar<\/a>.<\/strong> Em um cen\u00e1rio de excesso de informa\u00e7\u00f5es e est\u00edmulos, a simplicidade se torna uma ferramenta importante para promover qualidade de vida e foco.<\/p>\n\n\n\n<p>O interesse por ambientes minimalistas e linhas retas deve continuar crescendo nos pr\u00f3ximos anos, especialmente \u00e0 medida que mais pessoas buscam alternativas para lidar com o ritmo acelerado da sociedade atual. <strong>Ao valorizar o essencial e eliminar o sup\u00e9rfluo, o minimalismo e os cortes retos oferecem solu\u00e7\u00f5es pr\u00e1ticas e atemporais para diferentes contextos.<\/strong><\/p>\n","protected":false},"excerpt":{"rendered":"<p>Nos \u00faltimos anos, a busca por simplicidade e clareza tem se destacado em diversos setores, especialmente no design, na arquitetura e na moda. O minimalismo e os cortes retos surgem como uma resposta direta ao excesso de est\u00edmulos visuais e ao consumo desenfreado que caracterizam a sociedade contempor\u00e2nea. Essa abordagem valoriza o essencial, eliminando elementos [&hellip;]<\/p>\n","protected":false},"author":13,"featured_media":64926,"comment_status":"open","ping_status":"open","sticky":false,"template":"","format":"standard","meta":{"jnews-multi-image_gallery":[],"jnews_single_post":{"format":"standard"},"jnews_primary_category":[],"jnews_social_meta":[],"jnews_override_counter":[],"footnotes":""},"categories":[8819],"tags":[10833,821,4945,4977],"class_list":["post-64908","post","type-post","status-publish","format-standard","has-post-thumbnail","hentry","category-curiosidades","tag-cortes-retos","tag-design","tag-minimalismo","tag-moda"],"yoast_head":"<!-- This site is optimized with the Yoast SEO plugin v23.8 - https:\/\/yoast.com\/wordpress\/plugins\/seo\/ -->\n<title>Est\u00e9tica minimalista e cortes retos ganham espa\u00e7o como resposta \u00e0 era do excesso - Estado de Minas - Em foco<\/title>\n<meta name=\"description\" content=\"Em um mundo acelerado, o minimalismo traz al\u00edvio, clareza e eleg\u00e2ncia. Entenda por que ele virou o estilo mais buscado de 2025.\" \/>\n<meta name=\"robots\" content=\"index, follow, max-snippet:-1, max-image-preview:large, max-video-preview:-1\" \/>\n<link rel=\"canonical\" href=\"https:\/\/www.em.com.br\/emfoco\/2025\/06\/23\/estetica-minimalista-e-cortes-retos-ganham-espaco-como-resposta-a-era-do-excesso\/\" \/>\n<meta property=\"og:locale\" content=\"pt_BR\" \/>\n<meta property=\"og:type\" content=\"article\" \/>\n<meta property=\"og:title\" content=\"Est\u00e9tica minimalista e cortes retos ganham espa\u00e7o como resposta \u00e0 era do excesso - Estado de Minas - Em foco\" \/>\n<meta property=\"og:description\" content=\"Em um mundo acelerado, o minimalismo traz al\u00edvio, clareza e eleg\u00e2ncia. Entenda por que ele virou o estilo mais buscado de 2025.\" \/>\n<meta property=\"og:url\" content=\"https:\/\/www.em.com.br\/emfoco\/2025\/06\/23\/estetica-minimalista-e-cortes-retos-ganham-espaco-como-resposta-a-era-do-excesso\/\" \/>\n<meta property=\"og:site_name\" content=\"Estado de Minas - Em foco\" \/>\n<meta property=\"article:published_time\" content=\"2025-06-23T13:48:00+00:00\" \/>\n<meta property=\"article:modified_time\" content=\"2025-06-21T14:26:50+00:00\" \/>\n<meta property=\"og:image\" content=\"https:\/\/www.em.com.br\/emfoco\/wp-content\/uploads\/2025\/06\/minimalist-fashion_1750515869739.jpg\" \/>\n\t<meta property=\"og:image:width\" content=\"1280\" \/>\n\t<meta property=\"og:image:height\" content=\"720\" \/>\n\t<meta property=\"og:image:type\" content=\"image\/jpeg\" \/>\n<meta name=\"author\" content=\"Gabriel Martins\" \/>\n<meta name=\"twitter:card\" content=\"summary_large_image\" \/>\n<meta name=\"twitter:label1\" content=\"Escrito por\" \/>\n\t<meta name=\"twitter:data1\" content=\"Gabriel Martins\" \/>\n\t<meta name=\"twitter:label2\" content=\"Est. tempo de leitura\" \/>\n\t<meta name=\"twitter:data2\" content=\"5 minutos\" \/>\n<!-- \/ Yoast SEO plugin. -->","yoast_head_json":{"title":"Est\u00e9tica minimalista e cortes retos ganham espa\u00e7o como resposta \u00e0 era do excesso - Estado de Minas - Em foco","description":"Em um mundo acelerado, o minimalismo traz al\u00edvio, clareza e eleg\u00e2ncia. Entenda por que ele virou o estilo mais buscado de 2025.","robots":{"index":"index","follow":"follow","max-snippet":"max-snippet:-1","max-image-preview":"max-image-preview:large","max-video-preview":"max-video-preview:-1"},"canonical":"https:\/\/www.em.com.br\/emfoco\/2025\/06\/23\/estetica-minimalista-e-cortes-retos-ganham-espaco-como-resposta-a-era-do-excesso\/","og_locale":"pt_BR","og_type":"article","og_title":"Est\u00e9tica minimalista e cortes retos ganham espa\u00e7o como resposta \u00e0 era do excesso - Estado de Minas - Em foco","og_description":"Em um mundo acelerado, o minimalismo traz al\u00edvio, clareza e eleg\u00e2ncia. Entenda por que ele virou o estilo mais buscado de 2025.","og_url":"https:\/\/www.em.com.br\/emfoco\/2025\/06\/23\/estetica-minimalista-e-cortes-retos-ganham-espaco-como-resposta-a-era-do-excesso\/","og_site_name":"Estado de Minas - Em foco","article_published_time":"2025-06-23T13:48:00+00:00","article_modified_time":"2025-06-21T14:26:50+00:00","og_image":[{"width":1280,"height":720,"url":"https:\/\/www.em.com.br\/emfoco\/wp-content\/uploads\/2025\/06\/minimalist-fashion_1750515869739.jpg","type":"image\/jpeg"}],"author":"Gabriel Martins","twitter_card":"summary_large_image","twitter_misc":{"Escrito por":"Gabriel Martins","Est. tempo de leitura":"5 minutos"},"schema":{"@context":"https:\/\/schema.org","@graph":[{"@type":"WebPage","@id":"https:\/\/www.em.com.br\/emfoco\/2025\/06\/23\/estetica-minimalista-e-cortes-retos-ganham-espaco-como-resposta-a-era-do-excesso\/","url":"https:\/\/www.em.com.br\/emfoco\/2025\/06\/23\/estetica-minimalista-e-cortes-retos-ganham-espaco-como-resposta-a-era-do-excesso\/","name":"Est\u00e9tica minimalista e cortes retos ganham espa\u00e7o como resposta \u00e0 era do excesso - Estado de Minas - Em foco","isPartOf":{"@id":"https:\/\/www.em.com.br\/emfoco\/#website"},"primaryImageOfPage":{"@id":"https:\/\/www.em.com.br\/emfoco\/2025\/06\/23\/estetica-minimalista-e-cortes-retos-ganham-espaco-como-resposta-a-era-do-excesso\/#primaryimage"},"image":{"@id":"https:\/\/www.em.com.br\/emfoco\/2025\/06\/23\/estetica-minimalista-e-cortes-retos-ganham-espaco-como-resposta-a-era-do-excesso\/#primaryimage"},"thumbnailUrl":"https:\/\/www.em.com.br\/emfoco\/wp-content\/uploads\/2025\/06\/minimalist-fashion_1750515869739.jpg","datePublished":"2025-06-23T13:48:00+00:00","dateModified":"2025-06-21T14:26:50+00:00","author":{"@id":"https:\/\/www.em.com.br\/emfoco\/#\/schema\/person\/1c9ddeab18b98abeffef834667bcf08a"},"description":"Em um mundo acelerado, o minimalismo traz al\u00edvio, clareza e eleg\u00e2ncia. Entenda por que ele virou o estilo mais buscado de 2025.","breadcrumb":{"@id":"https:\/\/www.em.com.br\/emfoco\/2025\/06\/23\/estetica-minimalista-e-cortes-retos-ganham-espaco-como-resposta-a-era-do-excesso\/#breadcrumb"},"inLanguage":"pt-BR","potentialAction":[{"@type":"ReadAction","target":["https:\/\/www.em.com.br\/emfoco\/2025\/06\/23\/estetica-minimalista-e-cortes-retos-ganham-espaco-como-resposta-a-era-do-excesso\/"]}]},{"@type":"ImageObject","inLanguage":"pt-BR","@id":"https:\/\/www.em.com.br\/emfoco\/2025\/06\/23\/estetica-minimalista-e-cortes-retos-ganham-espaco-como-resposta-a-era-do-excesso\/#primaryimage","url":"https:\/\/www.em.com.br\/emfoco\/wp-content\/uploads\/2025\/06\/minimalist-fashion_1750515869739.jpg","contentUrl":"https:\/\/www.em.com.br\/emfoco\/wp-content\/uploads\/2025\/06\/minimalist-fashion_1750515869739.jpg","width":1280,"height":720,"caption":"Roupas da moda - Cr\u00e9ditos: depositphotos.com \/ maximleshkovich"},{"@type":"BreadcrumbList","@id":"https:\/\/www.em.com.br\/emfoco\/2025\/06\/23\/estetica-minimalista-e-cortes-retos-ganham-espaco-como-resposta-a-era-do-excesso\/#breadcrumb","itemListElement":[{"@type":"ListItem","position":1,"name":"In\u00edcio","item":"https:\/\/www.em.com.br\/emfoco\/"},{"@type":"ListItem","position":2,"name":"Est\u00e9tica minimalista e cortes retos ganham espa\u00e7o como resposta \u00e0 era do excesso"}]},{"@type":"WebSite","@id":"https:\/\/www.em.com.br\/emfoco\/#website","url":"https:\/\/www.em.com.br\/emfoco\/","name":"Estado de Minas - Em foco","description":"Acompanhe as \u00faltimas not\u00edcias e fique bem informado sobre tudo o que acontece em Minas Gerais, Brasil e no mundo.","potentialAction":[{"@type":"SearchAction","target":{"@type":"EntryPoint","urlTemplate":"https:\/\/www.em.com.br\/emfoco\/?s={search_term_string}"},"query-input":{"@type":"PropertyValueSpecification","valueRequired":true,"valueName":"search_term_string"}}],"inLanguage":"pt-BR"},{"@type":"Person","@id":"https:\/\/www.em.com.br\/emfoco\/#\/schema\/person\/1c9ddeab18b98abeffef834667bcf08a","name":"Gabriel Martins","image":{"@type":"ImageObject","inLanguage":"pt-BR","@id":"https:\/\/www.em.com.br\/emfoco\/#\/schema\/person\/image\/","url":"https:\/\/secure.gravatar.com\/avatar\/f0f1e2efdfd88f1ad2cb08c5c2731e50?s=96&d=mm&r=g","contentUrl":"https:\/\/secure.gravatar.com\/avatar\/f0f1e2efdfd88f1ad2cb08c5c2731e50?s=96&d=mm&r=g","caption":"Gabriel Martins"},"sameAs":["https:\/\/www.em.com.br\/emfoco\/"],"url":"https:\/\/www.em.com.br\/emfoco\/author\/gabrielmartinsmyth\/"}]}},"_links":{"self":[{"href":"https:\/\/www.em.com.br\/emfoco\/wp-json\/wp\/v2\/posts\/64908","targetHints":{"allow":["GET"]}}],"collection":[{"href":"https:\/\/www.em.com.br\/emfoco\/wp-json\/wp\/v2\/posts"}],"about":[{"href":"https:\/\/www.em.com.br\/emfoco\/wp-json\/wp\/v2\/types\/post"}],"author":[{"embeddable":true,"href":"https:\/\/www.em.com.br\/emfoco\/wp-json\/wp\/v2\/users\/13"}],"replies":[{"embeddable":true,"href":"https:\/\/www.em.com.br\/emfoco\/wp-json\/wp\/v2\/comments?post=64908"}],"version-history":[{"count":2,"href":"https:\/\/www.em.com.br\/emfoco\/wp-json\/wp\/v2\/posts\/64908\/revisions"}],"predecessor-version":[{"id":64927,"href":"https:\/\/www.em.com.br\/emfoco\/wp-json\/wp\/v2\/posts\/64908\/revisions\/64927"}],"wp:featuredmedia":[{"embeddable":true,"href":"https:\/\/www.em.com.br\/emfoco\/wp-json\/wp\/v2\/media\/64926"}],"wp:attachment":[{"href":"https:\/\/www.em.com.br\/emfoco\/wp-json\/wp\/v2\/media?parent=64908"}],"wp:term":[{"taxonomy":"category","embeddable":true,"href":"https:\/\/www.em.com.br\/emfoco\/wp-json\/wp\/v2\/categories?post=64908"},{"taxonomy":"post_tag","embeddable":true,"href":"https:\/\/www.em.com.br\/emfoco\/wp-json\/wp\/v2\/tags?post=64908"}],"curies":[{"name":"wp","href":"https:\/\/api.w.org\/{rel}","templated":true}]}}