{"id":64829,"date":"2025-06-22T22:38:00","date_gmt":"2025-06-23T01:38:00","guid":{"rendered":"https:\/\/www.em.com.br\/emfoco\/?p=64829"},"modified":"2025-06-21T21:52:17","modified_gmt":"2025-06-22T00:52:17","slug":"5-exercicios-faceis-e-seguros-para-quem-ja-passou-dos-60","status":"publish","type":"post","link":"https:\/\/www.em.com.br\/emfoco\/2025\/06\/22\/5-exercicios-faceis-e-seguros-para-quem-ja-passou-dos-60\/","title":{"rendered":"5 exerc\u00edcios f\u00e1ceis e seguros para quem j\u00e1 passou dos 60"},"content":{"rendered":"\n<p>Com o passar dos anos, manter o corpo ativo se torna ainda mais importante para preservar a sa\u00fade e a autonomia. Para quem j\u00e1 passou dos 60 anos, a pr\u00e1tica de <a href=\"https:\/\/www.terra.com.br\/vida-e-estilo\/saude\/3-melhores-exercicios-para-idosos-segundo-harvard-prancha-e-um-deles,ea0b27c3b2ea58f677e4b639ec120b6b3s41nk1h.html\" target=\"_blank\" rel=\"noreferrer noopener\">exerc\u00edcios <\/a>f\u00edsicos pode ser adaptada para garantir seguran\u00e7a e bem-estar, mesmo dentro de casa. A escolha de atividades simples e seguras \u00e9 fundamental para <a href=\"https:\/\/www.em.com.br\/emfoco\/2025\/03\/26\/como-idosos-podem-prevenir-o-encurtamento-muscular-com-simples-exercicios-em-casa\/\" target=\"_blank\" rel=\"noreferrer noopener\">evitar <\/a>les\u00f5es e promover qualidade de vida.<\/p>\n\n\n\n<p>\u00c9 poss\u00edvel realizar uma s\u00e9rie de movimentos funcionais que ajudam a fortalecer m\u00fasculos, melhorar o equil\u00edbrio e aumentar a flexibilidade. Essas pr\u00e1ticas n\u00e3o exigem equipamentos sofisticados e podem ser incorporadas \u00e0 rotina di\u00e1ria, respeitando sempre os limites individuais de cada pessoa. Estudos da <strong>Organiza\u00e7\u00e3o Mundial da Sa\u00fade<\/strong> destacam que a pr\u00e1tica regular de atividades f\u00edsicas ap\u00f3s os 60 anos pode reduzir significativamente o risco de doen\u00e7as cardiovasculares e aumentar a expectativa de vida.<\/p>\n\n\n\n<h2 class=\"wp-block-heading\">Quais s\u00e3o os benef\u00edcios dos exerc\u00edcios simples para idosos em casa?<\/h2>\n\n\n\n<p>Atividades f\u00edsicas regulares contribuem para a manuten\u00e7\u00e3o da mobilidade, preven\u00e7\u00e3o de quedas e controle de doen\u00e7as cr\u00f4nicas, como hipertens\u00e3o e diabetes. Al\u00e9m disso, os exerc\u00edcios em casa proporcionam maior autonomia, pois permitem que o idoso escolha o melhor hor\u00e1rio e ritmo para se exercitar, sem a necessidade de deslocamento.<\/p>\n\n\n\n<p>Outro ponto importante \u00e9 o impacto positivo na sa\u00fade mental. Movimentar o corpo libera endorfinas, subst\u00e2ncias que ajudam a reduzir o estresse e melhorar o humor. Assim, al\u00e9m dos ganhos f\u00edsicos, a pr\u00e1tica de exerc\u00edcios em casa pode favorecer o bem-estar emocional e a autoestima. Pesquisas realizadas pela <strong>Universidade de S\u00e3o Paulo<\/strong> evidenciam que idosos que adotam uma rotina de exerc\u00edcios simples apresentam menor \u00edndice de depress\u00e3o.<\/p>\n\n\n\n<h2 class=\"wp-block-heading\">Como iniciar uma rotina de exerc\u00edcios seguros ap\u00f3s os 60 anos?<\/h2>\n\n\n\n<p>Antes de come\u00e7ar qualquer atividade, \u00e9 recomendado buscar orienta\u00e7\u00e3o m\u00e9dica para avaliar as condi\u00e7\u00f5es de sa\u00fade e identificar poss\u00edveis restri\u00e7\u00f5es. Ap\u00f3s essa etapa, \u00e9 interessante iniciar com movimentos leves, como alongamentos e caminhadas dentro de casa, aumentando gradualmente a intensidade conforme a adapta\u00e7\u00e3o do corpo.<\/p>\n\n\n\n<p>Manter uma rotina regular, com hor\u00e1rios definidos, facilita a cria\u00e7\u00e3o do h\u00e1bito. \u00c9 importante respeitar os limites do corpo, evitando exageros e prestando aten\u00e7\u00e3o a sinais como dor ou cansa\u00e7o excessivo. O uso de roupas confort\u00e1veis e cal\u00e7ados adequados tamb\u00e9m contribui para a seguran\u00e7a durante os exerc\u00edcios.<\/p>\n\n\n\n<figure class=\"wp-block-image size-large\"><img loading=\"lazy\" decoding=\"async\" width=\"1024\" height=\"576\" src=\"https:\/\/www.em.com.br\/emfoco\/wp-content\/uploads\/2025\/06\/idosos-fazendo-exercicio_1750470815986-1024x576.jpg\" alt=\"5 exerc\u00edcios f\u00e1ceis e seguros para quem j\u00e1 passou dos 60\" class=\"wp-image-64841\" srcset=\"https:\/\/www.em.com.br\/emfoco\/wp-content\/uploads\/2025\/06\/idosos-fazendo-exercicio_1750470815986-1024x576.jpg 1024w, https:\/\/www.em.com.br\/emfoco\/wp-content\/uploads\/2025\/06\/idosos-fazendo-exercicio_1750470815986-300x169.jpg 300w, https:\/\/www.em.com.br\/emfoco\/wp-content\/uploads\/2025\/06\/idosos-fazendo-exercicio_1750470815986-768x432.jpg 768w, https:\/\/www.em.com.br\/emfoco\/wp-content\/uploads\/2025\/06\/idosos-fazendo-exercicio_1750470815986-750x422.jpg 750w, https:\/\/www.em.com.br\/emfoco\/wp-content\/uploads\/2025\/06\/idosos-fazendo-exercicio_1750470815986-1140x642.jpg 1140w, https:\/\/www.em.com.br\/emfoco\/wp-content\/uploads\/2025\/06\/idosos-fazendo-exercicio_1750470815986.jpg 1279w\" sizes=\"auto, (max-width: 1024px) 100vw, 1024px\" \/><figcaption class=\"wp-element-caption\">Idosos fazendo exerc\u00edcio &#8211; Cr\u00e9ditos: depositphotos.com \/ Rawpixel<\/figcaption><\/figure>\n\n\n\n<h2 class=\"wp-block-heading\">Quais exerc\u00edcios simples podem ser feitos em casa por quem tem mais de 60 anos?<\/h2>\n\n\n\n<p>Existem diversas op\u00e7\u00f5es de movimentos que podem ser realizados sem sair de casa. Entre eles, destacam-se:<\/p>\n\n\n\n<ul class=\"wp-block-list\">\n<li>Alongamentos para bra\u00e7os, pernas e coluna, que ajudam a manter a flexibilidade;<\/li>\n\n\n\n<li>Agachamentos apoiados em uma cadeira, fortalecendo pernas e gl\u00fateos;<\/li>\n\n\n\n<li>Eleva\u00e7\u00e3o de calcanhares, \u00fatil para trabalhar o equil\u00edbrio e a for\u00e7a dos p\u00e9s;<\/li>\n\n\n\n<li>Marcha estacion\u00e1ria, simulando uma caminhada no mesmo lugar;<\/li>\n\n\n\n<li>Exerc\u00edcios de respira\u00e7\u00e3o profunda, importantes para a sa\u00fade pulmonar.<\/li>\n<\/ul>\n\n\n\n<p>Essas atividades podem ser adaptadas conforme a necessidade, sempre priorizando a seguran\u00e7a e o conforto. V\u00eddeos instrutivos, como os dispon\u00edveis no <strong>YouTube<\/strong>, tamb\u00e9m podem ser utilizados para orientar a execu\u00e7\u00e3o correta dos movimentos.<\/p>\n\n\n\n<h2 class=\"wp-block-heading\">Como tornar os exerc\u00edcios em casa mais seguros para idosos?<\/h2>\n\n\n\n<p>Alguns cuidados simples ajudam a evitar acidentes durante a pr\u00e1tica de atividades f\u00edsicas em casa. Manter o ambiente livre de obst\u00e1culos, como tapetes soltos ou m\u00f3veis baixos, reduz o risco de quedas. A ilumina\u00e7\u00e3o adequada tamb\u00e9m \u00e9 essencial para garantir boa visibilidade durante os movimentos.<\/p>\n\n\n\n<p>Outra dica importante \u00e9 realizar os exerc\u00edcios pr\u00f3ximos a uma parede ou cadeira, que podem servir de apoio em caso de desequil\u00edbrio. Caso haja qualquer desconforto, \u00e9 indicado interromper a atividade e procurar orienta\u00e7\u00e3o profissional. Segundo a <strong>Sociedade Brasileira de Geriatria e Gerontologia<\/strong>, adapta\u00e7\u00f5es no ambiente dom\u00e9stico s\u00e3o essenciais para garantir a seguran\u00e7a dos idosos durante a pr\u00e1tica de exerc\u00edcios.<\/p>\n\n\n\n<h2 class=\"wp-block-heading\">Quais dicas ajudam a manter a motiva\u00e7\u00e3o para se exercitar ap\u00f3s os 60 anos?<\/h2>\n\n\n\n<p>Estabelecer metas realistas e celebrar pequenas conquistas pode ser um est\u00edmulo para continuar praticando exerc\u00edcios. Variar as atividades e buscar companhia, mesmo que virtual, tamb\u00e9m contribui para tornar a rotina mais agrad\u00e1vel.<\/p>\n\n\n\n<p>Registrar o progresso, como o tempo dedicado ou a quantidade de repeti\u00e7\u00f5es, permite acompanhar a evolu\u00e7\u00e3o e identificar melhorias na disposi\u00e7\u00e3o e na sa\u00fade. A motiva\u00e7\u00e3o pode ser refor\u00e7ada ao perceber os benef\u00edcios di\u00e1rios, como maior facilidade para realizar tarefas simples e sensa\u00e7\u00e3o de bem-estar. Plataformas como <strong>WhatsApp<\/strong> e <strong>Zoom<\/strong> podem ser usadas para criar grupos de apoio entre amigos e familiares, promovendo incentivo m\u00fatuo.<\/p>\n\n\n\n<h2 class=\"wp-block-heading\">Perguntas e respostas<\/h2>\n\n\n\n<ol class=\"wp-block-list\">\n<li><strong>Qual a frequ\u00eancia ideal para praticar exerc\u00edcios em casa depois dos 60?<\/strong> <br>O recomendado \u00e9 realizar atividades f\u00edsicas pelo menos tr\u00eas vezes por semana, adaptando a intensidade conforme a orienta\u00e7\u00e3o m\u00e9dica.<\/li>\n\n\n\n<li><strong>\u00c9 necess\u00e1rio utilizar equipamentos para se exercitar em casa?<\/strong> <br>N\u00e3o. A maioria dos exerc\u00edcios pode ser feita apenas com o peso do pr\u00f3prio corpo ou com objetos simples, como cadeiras e almofadas.<\/li>\n\n\n\n<li><strong>Exerc\u00edcios em casa substituem a caminhada ao ar livre?<\/strong> <br>Podem complementar, mas sempre que poss\u00edvel, a exposi\u00e7\u00e3o ao sol e o contato com a natureza tamb\u00e9m s\u00e3o ben\u00e9ficos.<\/li>\n\n\n\n<li><strong>Quem tem limita\u00e7\u00f5es de mobilidade pode se exercitar?<\/strong> <br>Sim, existem adapta\u00e7\u00f5es e exerc\u00edcios espec\u00edficos para pessoas com mobilidade reduzida, sempre com acompanhamento profissional.<\/li>\n\n\n\n<li><strong>Quais sinais indicam que \u00e9 preciso interromper o exerc\u00edcio?<\/strong> <br>Sensa\u00e7\u00e3o de tontura, dor intensa, falta de ar ou palpita\u00e7\u00f5es s\u00e3o sinais de alerta e exigem pausa imediata e avalia\u00e7\u00e3o m\u00e9dica.<\/li>\n<\/ol>\n","protected":false},"excerpt":{"rendered":"<p>Com o passar dos anos, manter o corpo ativo se torna ainda mais importante para preservar a sa\u00fade e a autonomia. Para quem j\u00e1 passou dos 60 anos, a pr\u00e1tica de exerc\u00edcios f\u00edsicos pode ser adaptada para garantir seguran\u00e7a e bem-estar, mesmo dentro de casa. A escolha de atividades simples e seguras \u00e9 fundamental para [&hellip;]<\/p>\n","protected":false},"author":18,"featured_media":64839,"comment_status":"open","ping_status":"open","sticky":false,"template":"","format":"standard","meta":{"jnews-multi-image_gallery":[],"jnews_single_post":{"format":"standard"},"jnews_primary_category":[],"jnews_social_meta":[],"jnews_override_counter":[],"footnotes":""},"categories":[9053],"tags":[10828,10827,260,415],"class_list":["post-64829","post","type-post","status-publish","format-standard","has-post-thumbnail","hentry","category-saude","tag-exercicio-faceis","tag-exercicos","tag-idosos","tag-saude"],"yoast_head":"<!-- This site is optimized with the Yoast SEO plugin v23.8 - https:\/\/yoast.com\/wordpress\/plugins\/seo\/ -->\n<title>5 exerc\u00edcios f\u00e1ceis e seguros para quem j\u00e1 passou dos 60 - Estado de Minas - Em foco<\/title>\n<meta name=\"description\" content=\"Quer mais disposi\u00e7\u00e3o e equil\u00edbrio na terceira idade? Veja como se exercitar em casa com seguran\u00e7a e melhorar sua qualidade de vida.\" \/>\n<meta name=\"robots\" content=\"index, follow, max-snippet:-1, max-image-preview:large, max-video-preview:-1\" \/>\n<link rel=\"canonical\" href=\"https:\/\/www.em.com.br\/emfoco\/2025\/06\/22\/5-exercicios-faceis-e-seguros-para-quem-ja-passou-dos-60\/\" \/>\n<meta property=\"og:locale\" content=\"pt_BR\" \/>\n<meta property=\"og:type\" content=\"article\" \/>\n<meta property=\"og:title\" content=\"5 exerc\u00edcios f\u00e1ceis e seguros para quem j\u00e1 passou dos 60 - Estado de Minas - Em foco\" \/>\n<meta property=\"og:description\" content=\"Quer mais disposi\u00e7\u00e3o e equil\u00edbrio na terceira idade? Veja como se exercitar em casa com seguran\u00e7a e melhorar sua qualidade de vida.\" \/>\n<meta property=\"og:url\" content=\"https:\/\/www.em.com.br\/emfoco\/2025\/06\/22\/5-exercicios-faceis-e-seguros-para-quem-ja-passou-dos-60\/\" \/>\n<meta property=\"og:site_name\" content=\"Estado de Minas - Em foco\" \/>\n<meta property=\"article:published_time\" content=\"2025-06-23T01:38:00+00:00\" \/>\n<meta property=\"article:modified_time\" content=\"2025-06-22T00:52:17+00:00\" \/>\n<meta property=\"og:image\" content=\"https:\/\/www.em.com.br\/emfoco\/wp-content\/uploads\/2025\/06\/idosos-fazendo-exercicio_1750470762135.jpg\" \/>\n\t<meta property=\"og:image:width\" content=\"1280\" \/>\n\t<meta property=\"og:image:height\" content=\"720\" \/>\n\t<meta property=\"og:image:type\" content=\"image\/jpeg\" \/>\n<meta name=\"author\" content=\"Julio Cesar\" \/>\n<meta name=\"twitter:card\" content=\"summary_large_image\" \/>\n<meta name=\"twitter:label1\" content=\"Escrito por\" \/>\n\t<meta name=\"twitter:data1\" content=\"Julio Cesar\" \/>\n\t<meta name=\"twitter:label2\" content=\"Est. tempo de leitura\" \/>\n\t<meta name=\"twitter:data2\" content=\"6 minutos\" \/>\n<!-- \/ Yoast SEO plugin. -->","yoast_head_json":{"title":"5 exerc\u00edcios f\u00e1ceis e seguros para quem j\u00e1 passou dos 60 - Estado de Minas - Em foco","description":"Quer mais disposi\u00e7\u00e3o e equil\u00edbrio na terceira idade? Veja como se exercitar em casa com seguran\u00e7a e melhorar sua qualidade de vida.","robots":{"index":"index","follow":"follow","max-snippet":"max-snippet:-1","max-image-preview":"max-image-preview:large","max-video-preview":"max-video-preview:-1"},"canonical":"https:\/\/www.em.com.br\/emfoco\/2025\/06\/22\/5-exercicios-faceis-e-seguros-para-quem-ja-passou-dos-60\/","og_locale":"pt_BR","og_type":"article","og_title":"5 exerc\u00edcios f\u00e1ceis e seguros para quem j\u00e1 passou dos 60 - Estado de Minas - Em foco","og_description":"Quer mais disposi\u00e7\u00e3o e equil\u00edbrio na terceira idade? Veja como se exercitar em casa com seguran\u00e7a e melhorar sua qualidade de vida.","og_url":"https:\/\/www.em.com.br\/emfoco\/2025\/06\/22\/5-exercicios-faceis-e-seguros-para-quem-ja-passou-dos-60\/","og_site_name":"Estado de Minas - Em foco","article_published_time":"2025-06-23T01:38:00+00:00","article_modified_time":"2025-06-22T00:52:17+00:00","og_image":[{"width":1280,"height":720,"url":"https:\/\/www.em.com.br\/emfoco\/wp-content\/uploads\/2025\/06\/idosos-fazendo-exercicio_1750470762135.jpg","type":"image\/jpeg"}],"author":"Julio Cesar","twitter_card":"summary_large_image","twitter_misc":{"Escrito por":"Julio Cesar","Est. tempo de leitura":"6 minutos"},"schema":{"@context":"https:\/\/schema.org","@graph":[{"@type":"WebPage","@id":"https:\/\/www.em.com.br\/emfoco\/2025\/06\/22\/5-exercicios-faceis-e-seguros-para-quem-ja-passou-dos-60\/","url":"https:\/\/www.em.com.br\/emfoco\/2025\/06\/22\/5-exercicios-faceis-e-seguros-para-quem-ja-passou-dos-60\/","name":"5 exerc\u00edcios f\u00e1ceis e seguros para quem j\u00e1 passou dos 60 - Estado de Minas - Em foco","isPartOf":{"@id":"https:\/\/www.em.com.br\/emfoco\/#website"},"primaryImageOfPage":{"@id":"https:\/\/www.em.com.br\/emfoco\/2025\/06\/22\/5-exercicios-faceis-e-seguros-para-quem-ja-passou-dos-60\/#primaryimage"},"image":{"@id":"https:\/\/www.em.com.br\/emfoco\/2025\/06\/22\/5-exercicios-faceis-e-seguros-para-quem-ja-passou-dos-60\/#primaryimage"},"thumbnailUrl":"https:\/\/www.em.com.br\/emfoco\/wp-content\/uploads\/2025\/06\/idosos-fazendo-exercicio_1750470762135.jpg","datePublished":"2025-06-23T01:38:00+00:00","dateModified":"2025-06-22T00:52:17+00:00","author":{"@id":"https:\/\/www.em.com.br\/emfoco\/#\/schema\/person\/08c4a03e38018bbab9038d5f788321fc"},"description":"Quer mais disposi\u00e7\u00e3o e equil\u00edbrio na terceira idade? Veja como se exercitar em casa com seguran\u00e7a e melhorar sua qualidade de vida.","breadcrumb":{"@id":"https:\/\/www.em.com.br\/emfoco\/2025\/06\/22\/5-exercicios-faceis-e-seguros-para-quem-ja-passou-dos-60\/#breadcrumb"},"inLanguage":"pt-BR","potentialAction":[{"@type":"ReadAction","target":["https:\/\/www.em.com.br\/emfoco\/2025\/06\/22\/5-exercicios-faceis-e-seguros-para-quem-ja-passou-dos-60\/"]}]},{"@type":"ImageObject","inLanguage":"pt-BR","@id":"https:\/\/www.em.com.br\/emfoco\/2025\/06\/22\/5-exercicios-faceis-e-seguros-para-quem-ja-passou-dos-60\/#primaryimage","url":"https:\/\/www.em.com.br\/emfoco\/wp-content\/uploads\/2025\/06\/idosos-fazendo-exercicio_1750470762135.jpg","contentUrl":"https:\/\/www.em.com.br\/emfoco\/wp-content\/uploads\/2025\/06\/idosos-fazendo-exercicio_1750470762135.jpg","width":1280,"height":720,"caption":"Idosos fazendo exerc\u00edcio - Cr\u00e9ditos: depositphotos.com \/ AndrewLozovyi"},{"@type":"BreadcrumbList","@id":"https:\/\/www.em.com.br\/emfoco\/2025\/06\/22\/5-exercicios-faceis-e-seguros-para-quem-ja-passou-dos-60\/#breadcrumb","itemListElement":[{"@type":"ListItem","position":1,"name":"In\u00edcio","item":"https:\/\/www.em.com.br\/emfoco\/"},{"@type":"ListItem","position":2,"name":"5 exerc\u00edcios f\u00e1ceis e seguros para quem j\u00e1 passou dos 60"}]},{"@type":"WebSite","@id":"https:\/\/www.em.com.br\/emfoco\/#website","url":"https:\/\/www.em.com.br\/emfoco\/","name":"Estado de Minas - Em foco","description":"Acompanhe as \u00faltimas not\u00edcias e fique bem informado sobre tudo o que acontece em Minas Gerais, Brasil e no mundo.","potentialAction":[{"@type":"SearchAction","target":{"@type":"EntryPoint","urlTemplate":"https:\/\/www.em.com.br\/emfoco\/?s={search_term_string}"},"query-input":{"@type":"PropertyValueSpecification","valueRequired":true,"valueName":"search_term_string"}}],"inLanguage":"pt-BR"},{"@type":"Person","@id":"https:\/\/www.em.com.br\/emfoco\/#\/schema\/person\/08c4a03e38018bbab9038d5f788321fc","name":"Julio Cesar","image":{"@type":"ImageObject","inLanguage":"pt-BR","@id":"https:\/\/www.em.com.br\/emfoco\/#\/schema\/person\/image\/","url":"https:\/\/secure.gravatar.com\/avatar\/ab1ea64f0d4f4c1385f8ef10d5a6e758?s=96&d=mm&r=g","contentUrl":"https:\/\/secure.gravatar.com\/avatar\/ab1ea64f0d4f4c1385f8ef10d5a6e758?s=96&d=mm&r=g","caption":"Julio Cesar"},"url":"https:\/\/www.em.com.br\/emfoco\/author\/juliomyth\/"}]}},"_links":{"self":[{"href":"https:\/\/www.em.com.br\/emfoco\/wp-json\/wp\/v2\/posts\/64829","targetHints":{"allow":["GET"]}}],"collection":[{"href":"https:\/\/www.em.com.br\/emfoco\/wp-json\/wp\/v2\/posts"}],"about":[{"href":"https:\/\/www.em.com.br\/emfoco\/wp-json\/wp\/v2\/types\/post"}],"author":[{"embeddable":true,"href":"https:\/\/www.em.com.br\/emfoco\/wp-json\/wp\/v2\/users\/18"}],"replies":[{"embeddable":true,"href":"https:\/\/www.em.com.br\/emfoco\/wp-json\/wp\/v2\/comments?post=64829"}],"version-history":[{"count":2,"href":"https:\/\/www.em.com.br\/emfoco\/wp-json\/wp\/v2\/posts\/64829\/revisions"}],"predecessor-version":[{"id":64844,"href":"https:\/\/www.em.com.br\/emfoco\/wp-json\/wp\/v2\/posts\/64829\/revisions\/64844"}],"wp:featuredmedia":[{"embeddable":true,"href":"https:\/\/www.em.com.br\/emfoco\/wp-json\/wp\/v2\/media\/64839"}],"wp:attachment":[{"href":"https:\/\/www.em.com.br\/emfoco\/wp-json\/wp\/v2\/media?parent=64829"}],"wp:term":[{"taxonomy":"category","embeddable":true,"href":"https:\/\/www.em.com.br\/emfoco\/wp-json\/wp\/v2\/categories?post=64829"},{"taxonomy":"post_tag","embeddable":true,"href":"https:\/\/www.em.com.br\/emfoco\/wp-json\/wp\/v2\/tags?post=64829"}],"curies":[{"name":"wp","href":"https:\/\/api.w.org\/{rel}","templated":true}]}}