{"id":64783,"date":"2025-06-22T06:18:00","date_gmt":"2025-06-22T09:18:00","guid":{"rendered":"https:\/\/www.em.com.br\/emfoco\/?p=64783"},"modified":"2025-06-21T21:29:55","modified_gmt":"2025-06-22T00:29:55","slug":"o-beneficio-que-garante-um-salario-minimo-sem-precisar-contribuir-para-o-inss-esta-ativo-em-2025","status":"publish","type":"post","link":"https:\/\/www.em.com.br\/emfoco\/2025\/06\/22\/o-beneficio-que-garante-um-salario-minimo-sem-precisar-contribuir-para-o-inss-esta-ativo-em-2025\/","title":{"rendered":"O benef\u00edcio que garante um sal\u00e1rio m\u00ednimo sem precisar contribuir para o INSS, est\u00e1 ativo"},"content":{"rendered":"\n<p>O <strong>Benef\u00edcio de Presta\u00e7\u00e3o Continuada<\/strong>, conhecido como <strong><a href=\"https:\/\/www.em.com.br\/emfoco\/2025\/06\/19\/milhares-descobrem-que-tem-direito-ao-bpc-e-comemoram-alivio-financeiro\/\" target=\"_blank\" rel=\"noreferrer noopener\">BPC\/LOAS<\/a><\/strong>, \u00e9 um direito garantido pela legisla\u00e7\u00e3o brasileira a pessoas idosas e pessoas com defici\u00eancia que vivem em situa\u00e7\u00e3o de vulnerabilidade social. Esse benef\u00edcio tem como objetivo assegurar um sal\u00e1rio m\u00ednimo mensal para quem n\u00e3o possui meios de prover o pr\u00f3prio sustento, nem de t\u00ea-lo provido por sua fam\u00edlia, promovendo assim maior dignidade e inclus\u00e3o social.<\/p>\n\n\n\n<p>Institu\u00eddo pela <strong>Lei Org\u00e2nica da Assist\u00eancia Social<\/strong> (<a href=\"https:\/\/www.planalto.gov.br\/ccivil_03\/leis\/l8742.htm\" target=\"_blank\" rel=\"noreferrer noopener\">LOAS<\/a>), o <strong>BPC <\/strong>n\u00e3o exige contribui\u00e7\u00e3o pr\u00e9via ao <strong>INSS<\/strong>, sendo um instrumento fundamental para a prote\u00e7\u00e3o social de grupos historicamente marginalizados. Ao garantir renda m\u00ednima, o benef\u00edcio contribui para reduzir desigualdades e ampliar o acesso a direitos b\u00e1sicos, como alimenta\u00e7\u00e3o, sa\u00fade e moradia.<\/p>\n\n\n\n<h2 class=\"wp-block-heading\">Quem pode solicitar o BPC\/LOAS atualmente?<\/h2>\n\n\n<div class=\"wp-block-image\">\n<figure class=\"aligncenter size-large\"><img loading=\"lazy\" decoding=\"async\" width=\"1024\" height=\"576\" src=\"https:\/\/www.em.com.br\/emfoco\/wp-content\/uploads\/2025\/06\/idoso-tecnologia_1745341129302-1024x576.jpg\" alt=\"INSS confirma aposentadoria especial para 5 profiss\u00f5es em 2025\" class=\"wp-image-54994\" srcset=\"https:\/\/www.em.com.br\/emfoco\/wp-content\/uploads\/2025\/06\/idoso-tecnologia_1745341129302-1024x576.jpg 1024w, https:\/\/www.em.com.br\/emfoco\/wp-content\/uploads\/2025\/06\/idoso-tecnologia_1745341129302-300x169.jpg 300w, https:\/\/www.em.com.br\/emfoco\/wp-content\/uploads\/2025\/06\/idoso-tecnologia_1745341129302-768x432.jpg 768w, https:\/\/www.em.com.br\/emfoco\/wp-content\/uploads\/2025\/06\/idoso-tecnologia_1745341129302-750x422.jpg 750w, https:\/\/www.em.com.br\/emfoco\/wp-content\/uploads\/2025\/06\/idoso-tecnologia_1745341129302-1140x641.jpg 1140w, https:\/\/www.em.com.br\/emfoco\/wp-content\/uploads\/2025\/06\/idoso-tecnologia_1745341129302.jpg 1280w\" sizes=\"auto, (max-width: 1024px) 100vw, 1024px\" \/><figcaption class=\"wp-element-caption\">Idoso usando o tablet &#8211; Cr\u00e9ditos: depositphotos.com \/ HayDmitriy<\/figcaption><\/figure><\/div>\n\n\n<p>O <strong>BPC\/LOAS<\/strong> \u00e9 destinado a dois p\u00fablicos principais: pessoas com 65 anos ou mais e pessoas com defici\u00eancia de qualquer idade, desde que comprovem baixa renda familiar. Para ser considerado eleg\u00edvel, o requerente deve demonstrar que a renda mensal por pessoa do grupo familiar \u00e9 inferior a 1\/4 do sal\u00e1rio m\u00ednimo vigente.<\/p>\n\n\n\n<p>No caso das pessoas com defici\u00eancia, \u00e9 necess\u00e1rio apresentar laudo m\u00e9dico que comprove impedimentos de longo prazo, seja de natureza f\u00edsica, mental, intelectual ou sensorial, que impossibilitem a participa\u00e7\u00e3o plena e efetiva na sociedade. J\u00e1 para idosos, basta comprovar a idade m\u00ednima e a situa\u00e7\u00e3o de vulnerabilidade econ\u00f4mica.<\/p>\n\n\n\n<h2 class=\"wp-block-heading\">Como funciona o processo de solicita\u00e7\u00e3o do BPC\/LOAS?<\/h2>\n\n\n\n<p>O pedido do <strong>BPC\/LOAS<\/strong> pode ser realizado diretamente pelo site ou aplicativo <strong>Meu INSS<\/strong>, ou ainda presencialmente em uma ag\u00eancia do <strong>INSS<\/strong>. O interessado deve apresentar documentos pessoais, comprovante de resid\u00eancia, laudo m\u00e9dico (no caso de defici\u00eancia) e informa\u00e7\u00f5es sobre a composi\u00e7\u00e3o e renda familiar.<\/p>\n\n\n\n<p>Ap\u00f3s o protocolo do pedido, o <strong>INSS <\/strong>realiza a an\u00e1lise dos documentos e, se necess\u00e1rio, agenda uma avalia\u00e7\u00e3o social e m\u00e9dica. O acompanhamento do andamento do processo pode ser feito online, e, caso haja pend\u00eancias, o solicitante \u00e9 informado para apresentar documenta\u00e7\u00e3o complementar.<\/p>\n\n\n\n<h2 class=\"wp-block-heading\">Quais documentos s\u00e3o necess\u00e1rios para solicitar o BPC\/LOAS?<\/h2>\n\n\n\n<p>Para dar entrada no <strong>BPC\/LOAS<\/strong>, \u00e9 indispens\u00e1vel apresentar documentos como <strong>RG<\/strong>, <strong>CPF<\/strong>, comprovante de resid\u00eancia atualizado e documenta\u00e7\u00e3o de todos os membros do grupo familiar. No caso de pessoas com defici\u00eancia, \u00e9 obrigat\u00f3rio apresentar laudos m\u00e9dicos detalhados, exames e relat\u00f3rios que comprovem a condi\u00e7\u00e3o e o grau de impedimento.<\/p>\n\n\n\n<p>Al\u00e9m disso, \u00e9 preciso estar inscrito no <strong>Cadastro \u00danico para Programas Sociais do Governo Federal<\/strong> (Cad\u00danico), pois esse registro \u00e9 utilizado para verificar a renda familiar e outras informa\u00e7\u00f5es relevantes para a concess\u00e3o do benef\u00edcio. A atualiza\u00e7\u00e3o dos dados no <strong>Cad\u00danico <\/strong>deve estar em dia para evitar atrasos na an\u00e1lise.<\/p>\n\n\n\n<h2 class=\"wp-block-heading\">O BPC\/LOAS pode ser acumulado com outros benef\u00edcios?<\/h2>\n\n\n\n<p>O <strong>BPC\/LOAS<\/strong> n\u00e3o pode ser acumulado com outros benef\u00edcios previdenci\u00e1rios pagos pelo <strong>INSS<\/strong>, como aposentadoria, pens\u00e3o por morte ou aux\u00edlio-doen\u00e7a. No entanto, o recebimento do benef\u00edcio n\u00e3o impede o acesso a outros programas sociais, como o <strong>Bolsa Fam\u00edlia<\/strong>, desde que sejam respeitadas as regras espec\u00edficas de cada programa.<\/p>\n\n\n\n<p>\u00c9 importante destacar que o <strong>BPC <\/strong>n\u00e3o gera direito ao pagamento de 13\u00ba sal\u00e1rio e n\u00e3o deixa pens\u00e3o por morte para dependentes. O benef\u00edcio \u00e9 individual e intransfer\u00edvel, sendo interrompido em caso de falecimento do titular ou se houver mudan\u00e7a na situa\u00e7\u00e3o socioecon\u00f4mica que descaracterize a condi\u00e7\u00e3o de vulnerabilidade.<\/p>\n\n\n\n<h2 class=\"wp-block-heading\">Quais s\u00e3o os principais desafios e avan\u00e7os do BPC\/LOAS em 2025?<\/h2>\n\n\n\n<p>Em 2025, o <strong>BPC\/LOAS<\/strong> enfrenta desafios como a necessidade de maior agilidade na an\u00e1lise dos pedidos e a amplia\u00e7\u00e3o do acesso \u00e0 informa\u00e7\u00e3o para popula\u00e7\u00f5es em \u00e1reas remotas. A atualiza\u00e7\u00e3o constante do <strong>Cad\u00danico <\/strong>e a realiza\u00e7\u00e3o de avalia\u00e7\u00f5es sociais e m\u00e9dicas ainda representam obst\u00e1culos para muitos requerentes, especialmente aqueles com dificuldade de locomo\u00e7\u00e3o ou acesso \u00e0 internet.<\/p>\n\n\n\n<p>Por outro lado, avan\u00e7os tecnol\u00f3gicos e a digitaliza\u00e7\u00e3o dos servi\u00e7os do <strong>INSS <\/strong>t\u00eam facilitado o processo de solicita\u00e7\u00e3o e acompanhamento do benef\u00edcio. O <strong>BPC\/LOAS<\/strong> segue sendo uma ferramenta essencial para a garantia de direitos e a promo\u00e7\u00e3o da inclus\u00e3o social de idosos e pessoas com defici\u00eancia em situa\u00e7\u00e3o de vulnerabilidade no <strong>Brasil<\/strong>.<\/p>\n","protected":false},"excerpt":{"rendered":"<p>O Benef\u00edcio de Presta\u00e7\u00e3o Continuada, conhecido como BPC\/LOAS, \u00e9 um direito garantido pela legisla\u00e7\u00e3o brasileira a pessoas idosas e pessoas com defici\u00eancia que vivem em situa\u00e7\u00e3o de vulnerabilidade social. Esse benef\u00edcio tem como objetivo assegurar um sal\u00e1rio m\u00ednimo mensal para quem n\u00e3o possui meios de prover o pr\u00f3prio sustento, nem de t\u00ea-lo provido por sua [&hellip;]<\/p>\n","protected":false},"author":20,"featured_media":55004,"comment_status":"open","ping_status":"open","sticky":false,"template":"","format":"standard","meta":{"jnews-multi-image_gallery":[],"jnews_single_post":{"format":"standard"},"jnews_primary_category":[],"jnews_social_meta":[],"jnews_override_counter":[],"footnotes":""},"categories":[28,1],"tags":[257,174,717],"class_list":["post-64783","post","type-post","status-publish","format-standard","has-post-thumbnail","hentry","category-economia","category-noticias","tag-bpc","tag-inss","tag-salario-minimo"],"yoast_head":"<!-- This site is optimized with the Yoast SEO plugin v23.8 - https:\/\/yoast.com\/wordpress\/plugins\/seo\/ -->\n<title>O benef\u00edcio que garante um sal\u00e1rio m\u00ednimo sem precisar contribuir para o INSS, est\u00e1 ativo - Estado de Minas - Em foco<\/title>\n<meta name=\"description\" content=\"Quem tem 65 anos ou defici\u00eancia pode receber um sal\u00e1rio m\u00ednimo do BPC. Confira as regras e como fazer a solicita\u00e7\u00e3o online.\" \/>\n<meta name=\"robots\" content=\"index, follow, max-snippet:-1, max-image-preview:large, max-video-preview:-1\" \/>\n<link rel=\"canonical\" href=\"https:\/\/www.em.com.br\/emfoco\/2025\/06\/22\/o-beneficio-que-garante-um-salario-minimo-sem-precisar-contribuir-para-o-inss-esta-ativo-em-2025\/\" \/>\n<meta property=\"og:locale\" content=\"pt_BR\" \/>\n<meta property=\"og:type\" content=\"article\" \/>\n<meta property=\"og:title\" content=\"O benef\u00edcio que garante um sal\u00e1rio m\u00ednimo sem precisar contribuir para o INSS, est\u00e1 ativo - Estado de Minas - Em foco\" \/>\n<meta property=\"og:description\" content=\"Quem tem 65 anos ou defici\u00eancia pode receber um sal\u00e1rio m\u00ednimo do BPC. Confira as regras e como fazer a solicita\u00e7\u00e3o online.\" \/>\n<meta property=\"og:url\" content=\"https:\/\/www.em.com.br\/emfoco\/2025\/06\/22\/o-beneficio-que-garante-um-salario-minimo-sem-precisar-contribuir-para-o-inss-esta-ativo-em-2025\/\" \/>\n<meta property=\"og:site_name\" content=\"Estado de Minas - Em foco\" \/>\n<meta property=\"article:published_time\" content=\"2025-06-22T09:18:00+00:00\" \/>\n<meta property=\"article:modified_time\" content=\"2025-06-22T00:29:55+00:00\" \/>\n<meta property=\"og:image\" content=\"https:\/\/www.em.com.br\/emfoco\/wp-content\/uploads\/2025\/06\/dinheiro-reais_1748976565269.jpg\" \/>\n\t<meta property=\"og:image:width\" content=\"1280\" \/>\n\t<meta property=\"og:image:height\" content=\"720\" \/>\n\t<meta property=\"og:image:type\" content=\"image\/jpeg\" \/>\n<meta name=\"author\" content=\"Ingrid Diniz\" \/>\n<meta name=\"twitter:card\" content=\"summary_large_image\" \/>\n<meta name=\"twitter:label1\" content=\"Escrito por\" \/>\n\t<meta name=\"twitter:data1\" content=\"Ingrid Diniz\" \/>\n\t<meta name=\"twitter:label2\" content=\"Est. tempo de leitura\" \/>\n\t<meta name=\"twitter:data2\" content=\"5 minutos\" \/>\n<!-- \/ Yoast SEO plugin. -->","yoast_head_json":{"title":"O benef\u00edcio que garante um sal\u00e1rio m\u00ednimo sem precisar contribuir para o INSS, est\u00e1 ativo - Estado de Minas - Em foco","description":"Quem tem 65 anos ou defici\u00eancia pode receber um sal\u00e1rio m\u00ednimo do BPC. Confira as regras e como fazer a solicita\u00e7\u00e3o online.","robots":{"index":"index","follow":"follow","max-snippet":"max-snippet:-1","max-image-preview":"max-image-preview:large","max-video-preview":"max-video-preview:-1"},"canonical":"https:\/\/www.em.com.br\/emfoco\/2025\/06\/22\/o-beneficio-que-garante-um-salario-minimo-sem-precisar-contribuir-para-o-inss-esta-ativo-em-2025\/","og_locale":"pt_BR","og_type":"article","og_title":"O benef\u00edcio que garante um sal\u00e1rio m\u00ednimo sem precisar contribuir para o INSS, est\u00e1 ativo - Estado de Minas - Em foco","og_description":"Quem tem 65 anos ou defici\u00eancia pode receber um sal\u00e1rio m\u00ednimo do BPC. Confira as regras e como fazer a solicita\u00e7\u00e3o online.","og_url":"https:\/\/www.em.com.br\/emfoco\/2025\/06\/22\/o-beneficio-que-garante-um-salario-minimo-sem-precisar-contribuir-para-o-inss-esta-ativo-em-2025\/","og_site_name":"Estado de Minas - Em foco","article_published_time":"2025-06-22T09:18:00+00:00","article_modified_time":"2025-06-22T00:29:55+00:00","og_image":[{"width":1280,"height":720,"url":"https:\/\/www.em.com.br\/emfoco\/wp-content\/uploads\/2025\/06\/dinheiro-reais_1748976565269.jpg","type":"image\/jpeg"}],"author":"Ingrid Diniz","twitter_card":"summary_large_image","twitter_misc":{"Escrito por":"Ingrid Diniz","Est. tempo de leitura":"5 minutos"},"schema":{"@context":"https:\/\/schema.org","@graph":[{"@type":"WebPage","@id":"https:\/\/www.em.com.br\/emfoco\/2025\/06\/22\/o-beneficio-que-garante-um-salario-minimo-sem-precisar-contribuir-para-o-inss-esta-ativo-em-2025\/","url":"https:\/\/www.em.com.br\/emfoco\/2025\/06\/22\/o-beneficio-que-garante-um-salario-minimo-sem-precisar-contribuir-para-o-inss-esta-ativo-em-2025\/","name":"O benef\u00edcio que garante um sal\u00e1rio m\u00ednimo sem precisar contribuir para o INSS, est\u00e1 ativo - Estado de Minas - Em foco","isPartOf":{"@id":"https:\/\/www.em.com.br\/emfoco\/#website"},"primaryImageOfPage":{"@id":"https:\/\/www.em.com.br\/emfoco\/2025\/06\/22\/o-beneficio-que-garante-um-salario-minimo-sem-precisar-contribuir-para-o-inss-esta-ativo-em-2025\/#primaryimage"},"image":{"@id":"https:\/\/www.em.com.br\/emfoco\/2025\/06\/22\/o-beneficio-que-garante-um-salario-minimo-sem-precisar-contribuir-para-o-inss-esta-ativo-em-2025\/#primaryimage"},"thumbnailUrl":"https:\/\/www.em.com.br\/emfoco\/wp-content\/uploads\/2025\/06\/dinheiro-reais_1748976565269.jpg","datePublished":"2025-06-22T09:18:00+00:00","dateModified":"2025-06-22T00:29:55+00:00","author":{"@id":"https:\/\/www.em.com.br\/emfoco\/#\/schema\/person\/649e610b4eb8fff87ff394e54fe17b2b"},"description":"Quem tem 65 anos ou defici\u00eancia pode receber um sal\u00e1rio m\u00ednimo do BPC. Confira as regras e como fazer a solicita\u00e7\u00e3o online.","breadcrumb":{"@id":"https:\/\/www.em.com.br\/emfoco\/2025\/06\/22\/o-beneficio-que-garante-um-salario-minimo-sem-precisar-contribuir-para-o-inss-esta-ativo-em-2025\/#breadcrumb"},"inLanguage":"pt-BR","potentialAction":[{"@type":"ReadAction","target":["https:\/\/www.em.com.br\/emfoco\/2025\/06\/22\/o-beneficio-que-garante-um-salario-minimo-sem-precisar-contribuir-para-o-inss-esta-ativo-em-2025\/"]}]},{"@type":"ImageObject","inLanguage":"pt-BR","@id":"https:\/\/www.em.com.br\/emfoco\/2025\/06\/22\/o-beneficio-que-garante-um-salario-minimo-sem-precisar-contribuir-para-o-inss-esta-ativo-em-2025\/#primaryimage","url":"https:\/\/www.em.com.br\/emfoco\/wp-content\/uploads\/2025\/06\/dinheiro-reais_1748976565269.jpg","contentUrl":"https:\/\/www.em.com.br\/emfoco\/wp-content\/uploads\/2025\/06\/dinheiro-reais_1748976565269.jpg","width":1280,"height":720,"caption":"Aumento do INSS para idosos - Cr\u00e9ditos: depositphotos.com \/ verganifotografia"},{"@type":"BreadcrumbList","@id":"https:\/\/www.em.com.br\/emfoco\/2025\/06\/22\/o-beneficio-que-garante-um-salario-minimo-sem-precisar-contribuir-para-o-inss-esta-ativo-em-2025\/#breadcrumb","itemListElement":[{"@type":"ListItem","position":1,"name":"In\u00edcio","item":"https:\/\/www.em.com.br\/emfoco\/"},{"@type":"ListItem","position":2,"name":"O benef\u00edcio que garante um sal\u00e1rio m\u00ednimo sem precisar contribuir para o INSS, est\u00e1 ativo"}]},{"@type":"WebSite","@id":"https:\/\/www.em.com.br\/emfoco\/#website","url":"https:\/\/www.em.com.br\/emfoco\/","name":"Estado de Minas - Em foco","description":"Acompanhe as \u00faltimas not\u00edcias e fique bem informado sobre tudo o que acontece em Minas Gerais, Brasil e no mundo.","potentialAction":[{"@type":"SearchAction","target":{"@type":"EntryPoint","urlTemplate":"https:\/\/www.em.com.br\/emfoco\/?s={search_term_string}"},"query-input":{"@type":"PropertyValueSpecification","valueRequired":true,"valueName":"search_term_string"}}],"inLanguage":"pt-BR"},{"@type":"Person","@id":"https:\/\/www.em.com.br\/emfoco\/#\/schema\/person\/649e610b4eb8fff87ff394e54fe17b2b","name":"Ingrid Diniz","image":{"@type":"ImageObject","inLanguage":"pt-BR","@id":"https:\/\/www.em.com.br\/emfoco\/#\/schema\/person\/image\/","url":"https:\/\/secure.gravatar.com\/avatar\/a3baa1449ec5c39b4c42babc9d4f3951?s=96&d=mm&r=g","contentUrl":"https:\/\/secure.gravatar.com\/avatar\/a3baa1449ec5c39b4c42babc9d4f3951?s=96&d=mm&r=g","caption":"Ingrid Diniz"},"sameAs":["https:\/\/www.em.com.br\/"],"url":"https:\/\/www.em.com.br\/emfoco\/author\/ingridmyth\/"}]}},"_links":{"self":[{"href":"https:\/\/www.em.com.br\/emfoco\/wp-json\/wp\/v2\/posts\/64783","targetHints":{"allow":["GET"]}}],"collection":[{"href":"https:\/\/www.em.com.br\/emfoco\/wp-json\/wp\/v2\/posts"}],"about":[{"href":"https:\/\/www.em.com.br\/emfoco\/wp-json\/wp\/v2\/types\/post"}],"author":[{"embeddable":true,"href":"https:\/\/www.em.com.br\/emfoco\/wp-json\/wp\/v2\/users\/20"}],"replies":[{"embeddable":true,"href":"https:\/\/www.em.com.br\/emfoco\/wp-json\/wp\/v2\/comments?post=64783"}],"version-history":[{"count":2,"href":"https:\/\/www.em.com.br\/emfoco\/wp-json\/wp\/v2\/posts\/64783\/revisions"}],"predecessor-version":[{"id":65124,"href":"https:\/\/www.em.com.br\/emfoco\/wp-json\/wp\/v2\/posts\/64783\/revisions\/65124"}],"wp:featuredmedia":[{"embeddable":true,"href":"https:\/\/www.em.com.br\/emfoco\/wp-json\/wp\/v2\/media\/55004"}],"wp:attachment":[{"href":"https:\/\/www.em.com.br\/emfoco\/wp-json\/wp\/v2\/media?parent=64783"}],"wp:term":[{"taxonomy":"category","embeddable":true,"href":"https:\/\/www.em.com.br\/emfoco\/wp-json\/wp\/v2\/categories?post=64783"},{"taxonomy":"post_tag","embeddable":true,"href":"https:\/\/www.em.com.br\/emfoco\/wp-json\/wp\/v2\/tags?post=64783"}],"curies":[{"name":"wp","href":"https:\/\/api.w.org\/{rel}","templated":true}]}}