{"id":6478,"date":"2024-12-25T11:20:00","date_gmt":"2024-12-25T14:20:00","guid":{"rendered":"https:\/\/www.em.com.br\/emfoco\/?p=6478"},"modified":"2024-12-24T12:01:38","modified_gmt":"2024-12-24T15:01:38","slug":"seu-plano-de-saude-vai-mudar-confira","status":"publish","type":"post","link":"https:\/\/www.em.com.br\/emfoco\/2024\/12\/25\/seu-plano-de-saude-vai-mudar-confira\/","title":{"rendered":"Seu plano de sa\u00fade vai mudar? Confira!"},"content":{"rendered":"\n<p>A partir de 1\u00ba de dezembro de 2023, importantes mudan\u00e7as nas regras de cancelamento dos planos de sa\u00fade come\u00e7aram a vigorar no <a href=\"https:\/\/www.em.com.br\/emfoco\/2024\/12\/24\/conheca-os-destinos-brasileiros-onde-o-inverno-e-de-congelar\/\" target=\"_blank\" rel=\"noreferrer noopener\">Brasil<\/a>. Essas altera\u00e7\u00f5es, aprovadas pela <strong>Ag\u00eancia Nacional de Sa\u00fade Suplementar (<a href=\"https:\/\/www.gov.br\/ans\/pt-br\" target=\"_blank\" rel=\"noreferrer noopener\">ANS<\/a>)<\/strong>, s\u00e3o aplic\u00e1veis a novos contratos. Conhecer essas mudan\u00e7as pode ajudar a evitar o cancelamento indesejado do plano.<\/p>\n\n\n\n<p>As novas regras afetam diretamente contratos de planos de sa\u00fade, que agora podem ser cancelados ap\u00f3s o n\u00e3o pagamento de apenas duas parcelas. Esta modifica\u00e7\u00e3o est\u00e1 regulamentada pela <em>Resolu\u00e7\u00e3o Normativa (RN) 593\/2023<\/em>, que visa flexibilizar as condi\u00e7\u00f5es em que o cancelamento pode ocorrer.<\/p>\n\n\n\n<h2 class=\"wp-block-heading\">Quais S\u00e3o as Novas Regras para Cancelamento de Planos de Sa\u00fade?<\/h2>\n\n\n\n<p>O principal ponto das novas regras \u00e9 a possibilidade de cancelamento de contratos por atraso no pagamento. Isso se aplica a contratos firmados a partir de dezembro de 2023. Os contratos podem ser cancelados ap\u00f3s o atraso de duas parcelas consecutivas ou n\u00e3o. Essa medida busca melhorar a administra\u00e7\u00e3o financeira das operadoras de planos de sa\u00fade e assegurar o cumprimento das obriga\u00e7\u00f5es financeiras por parte dos titulares.<\/p>\n\n\n\n<p>Para contratos anteriores a dezembro de 2023, seguem em vigor as regras antigas, que permitiam o cancelamento com uma \u00fanica fatura vencida por mais de 60 dias.<\/p>\n\n\n<div class=\"wp-block-image\">\n<figure class=\"aligncenter size-large\"><img loading=\"lazy\" decoding=\"async\" width=\"1024\" height=\"576\" src=\"https:\/\/www.em.com.br\/emfoco\/wp-content\/uploads\/2024\/12\/Hospital-Brasil_1734628498233-1024x576.jpg\" alt=\"\" class=\"wp-image-5755\" srcset=\"https:\/\/www.em.com.br\/emfoco\/wp-content\/uploads\/2024\/12\/Hospital-Brasil_1734628498233-1024x576.jpg 1024w, https:\/\/www.em.com.br\/emfoco\/wp-content\/uploads\/2024\/12\/Hospital-Brasil_1734628498233-300x169.jpg 300w, https:\/\/www.em.com.br\/emfoco\/wp-content\/uploads\/2024\/12\/Hospital-Brasil_1734628498233-768x432.jpg 768w, https:\/\/www.em.com.br\/emfoco\/wp-content\/uploads\/2024\/12\/Hospital-Brasil_1734628498233-750x422.jpg 750w, https:\/\/www.em.com.br\/emfoco\/wp-content\/uploads\/2024\/12\/Hospital-Brasil_1734628498233-1140x641.jpg 1140w, https:\/\/www.em.com.br\/emfoco\/wp-content\/uploads\/2024\/12\/Hospital-Brasil_1734628498233.jpg 1280w\" sizes=\"auto, (max-width: 1024px) 100vw, 1024px\" \/><figcaption class=\"wp-element-caption\">SUS &#8211; Cr\u00e9ditos: depositphotos.com \/ joasouza<\/figcaption><\/figure><\/div>\n\n\n<h2 class=\"wp-block-heading\">Quem \u00e9 Impactado pelas Mudan\u00e7as nos Planos de Sa\u00fade?<\/h2>\n\n\n\n<p>As mudan\u00e7as afetam diversos tipos de contratos de planos de sa\u00fade, incluindo:<\/p>\n\n\n\n<ul class=\"wp-block-list\">\n<li>Planos de sa\u00fade familiar<\/li>\n\n\n\n<li>Planos individuais<\/li>\n\n\n\n<li>Planos empresariais individuais<\/li>\n\n\n\n<li>Servidores p\u00fablicos<\/li>\n\n\n\n<li>Ex-empregados que efetuam o pagamento diretamente \u00e0 operadora<\/li>\n<\/ul>\n\n\n\n<p>Com esta altera\u00e7\u00e3o, \u00e9 fundamental que os envolvidos estejam atentos aos prazos de pagamento para evitar o cancelamento indesejado de seus contratos.<\/p>\n\n\n\n<h2 class=\"wp-block-heading\">Como as Operadoras Notificar\u00e3o os Clientes Sobre o Cancelamento?<\/h2>\n\n\n\n<p>As operadoras de planos de sa\u00fade foram autorizadas a usar diversas formas de comunica\u00e7\u00e3o para notificar seus clientes sobre o risco de cancelamento por inadimpl\u00eancia. Entre os m\u00e9todos dispon\u00edveis est\u00e3o:<\/p>\n\n\n\n<ol class=\"wp-block-list\">\n<li>Contato via WhatsApp<\/li>\n\n\n\n<li>Visita de um representante da operadora<\/li>\n\n\n\n<li>Recebimento de carta aviso<\/li>\n\n\n\n<li>Publica\u00e7\u00e3o de edital<\/li>\n<\/ol>\n\n\n\n<p>Essas medidas garantem que os clientes sejam devidamente informados sobre o status de seu contrato e as a\u00e7\u00f5es necess\u00e1rias para evitar o cancelamento.<\/p>\n\n\n\n<h2 class=\"wp-block-heading\">Por Que as Novas Regras Foram Implementadas?<\/h2>\n\n\n\n<p>A implementa\u00e7\u00e3o das novas regras busca equilibrar a rela\u00e7\u00e3o entre consumidores e operadoras, garantindo que ambas as partes cumpram suas obriga\u00e7\u00f5es. Para as operadoras, a medida facilita a gest\u00e3o dos contratos e reduz o risco financeiro associado \u00e0 inadimpl\u00eancia. Para os consumidores, especialmente aqueles em situa\u00e7\u00e3o de vulnerabilidade, as mudan\u00e7as podem representar um chamado \u00e0 aten\u00e7\u00e3o sobre a import\u00e2ncia do cumprimento das obriga\u00e7\u00f5es financeiras.<\/p>\n\n\n\n<p>Manter-se informado sobre essas mudan\u00e7as \u00e9 crucial para os usu\u00e1rios de planos de sa\u00fade, que agora devem estar mais atentos aos prazos de pagamento para n\u00e3o perder seu acesso a servi\u00e7os essenciais de sa\u00fade.<\/p>\n","protected":false},"excerpt":{"rendered":"<p>A partir de 1\u00ba de dezembro de 2023, importantes mudan\u00e7as nas regras de cancelamento dos planos de sa\u00fade come\u00e7aram a vigorar no Brasil. Essas altera\u00e7\u00f5es, aprovadas pela Ag\u00eancia Nacional de Sa\u00fade Suplementar (ANS), s\u00e3o aplic\u00e1veis a novos contratos. Conhecer essas mudan\u00e7as pode ajudar a evitar o cancelamento indesejado do plano. As novas regras afetam diretamente [&hellip;]<\/p>\n","protected":false},"author":7,"featured_media":6483,"comment_status":"open","ping_status":"open","sticky":false,"template":"","format":"standard","meta":{"jnews-multi-image_gallery":[],"jnews_single_post":{"format":"standard"},"jnews_primary_category":[],"jnews_social_meta":[],"jnews_override_counter":[],"footnotes":""},"categories":[28],"tags":[2390,2391,2389,2388],"class_list":["post-6478","post","type-post","status-publish","format-standard","has-post-thumbnail","hentry","category-economia","tag-agencia-nacional-de-saude-suplementar","tag-ans","tag-cancelamento-de-planos-de-saude","tag-planos-de-saude"],"yoast_head":"<!-- This site is optimized with the Yoast SEO plugin v23.8 - https:\/\/yoast.com\/wordpress\/plugins\/seo\/ -->\n<title>Seu plano de sa\u00fade vai mudar? Confira! - Estado de Minas - Em foco<\/title>\n<meta name=\"description\" content=\"Artigo sobre as novas regras no Brasil que permitem o cancelamento de planos de sa\u00fade. Confira!\" \/>\n<meta name=\"robots\" content=\"index, follow, max-snippet:-1, max-image-preview:large, max-video-preview:-1\" \/>\n<link rel=\"canonical\" href=\"https:\/\/www.em.com.br\/emfoco\/2024\/12\/25\/seu-plano-de-saude-vai-mudar-confira\/\" \/>\n<meta property=\"og:locale\" content=\"pt_BR\" \/>\n<meta property=\"og:type\" content=\"article\" \/>\n<meta property=\"og:title\" content=\"Seu plano de sa\u00fade vai mudar? Confira! - Estado de Minas - Em foco\" \/>\n<meta property=\"og:description\" content=\"Artigo sobre as novas regras no Brasil que permitem o cancelamento de planos de sa\u00fade. Confira!\" \/>\n<meta property=\"og:url\" content=\"https:\/\/www.em.com.br\/emfoco\/2024\/12\/25\/seu-plano-de-saude-vai-mudar-confira\/\" \/>\n<meta property=\"og:site_name\" content=\"Estado de Minas - Em foco\" \/>\n<meta property=\"article:published_time\" content=\"2024-12-25T14:20:00+00:00\" \/>\n<meta property=\"article:modified_time\" content=\"2024-12-24T15:01:38+00:00\" \/>\n<meta property=\"og:image\" content=\"https:\/\/www.em.com.br\/emfoco\/wp-content\/uploads\/2024\/12\/Hospital_1735052388149.jpg\" \/>\n\t<meta property=\"og:image:width\" content=\"1280\" \/>\n\t<meta property=\"og:image:height\" content=\"720\" \/>\n\t<meta property=\"og:image:type\" content=\"image\/jpeg\" \/>\n<meta name=\"author\" content=\"Kelvin\" \/>\n<meta name=\"twitter:card\" content=\"summary_large_image\" \/>\n<meta name=\"twitter:label1\" content=\"Escrito por\" \/>\n\t<meta name=\"twitter:data1\" content=\"Kelvin\" \/>\n\t<meta name=\"twitter:label2\" content=\"Est. tempo de leitura\" \/>\n\t<meta name=\"twitter:data2\" content=\"3 minutos\" \/>\n<!-- \/ Yoast SEO plugin. -->","yoast_head_json":{"title":"Seu plano de sa\u00fade vai mudar? Confira! - Estado de Minas - Em foco","description":"Artigo sobre as novas regras no Brasil que permitem o cancelamento de planos de sa\u00fade. Confira!","robots":{"index":"index","follow":"follow","max-snippet":"max-snippet:-1","max-image-preview":"max-image-preview:large","max-video-preview":"max-video-preview:-1"},"canonical":"https:\/\/www.em.com.br\/emfoco\/2024\/12\/25\/seu-plano-de-saude-vai-mudar-confira\/","og_locale":"pt_BR","og_type":"article","og_title":"Seu plano de sa\u00fade vai mudar? Confira! - Estado de Minas - Em foco","og_description":"Artigo sobre as novas regras no Brasil que permitem o cancelamento de planos de sa\u00fade. Confira!","og_url":"https:\/\/www.em.com.br\/emfoco\/2024\/12\/25\/seu-plano-de-saude-vai-mudar-confira\/","og_site_name":"Estado de Minas - Em foco","article_published_time":"2024-12-25T14:20:00+00:00","article_modified_time":"2024-12-24T15:01:38+00:00","og_image":[{"width":1280,"height":720,"url":"https:\/\/www.em.com.br\/emfoco\/wp-content\/uploads\/2024\/12\/Hospital_1735052388149.jpg","type":"image\/jpeg"}],"author":"Kelvin","twitter_card":"summary_large_image","twitter_misc":{"Escrito por":"Kelvin","Est. tempo de leitura":"3 minutos"},"schema":{"@context":"https:\/\/schema.org","@graph":[{"@type":"WebPage","@id":"https:\/\/www.em.com.br\/emfoco\/2024\/12\/25\/seu-plano-de-saude-vai-mudar-confira\/","url":"https:\/\/www.em.com.br\/emfoco\/2024\/12\/25\/seu-plano-de-saude-vai-mudar-confira\/","name":"Seu plano de sa\u00fade vai mudar? Confira! - Estado de Minas - Em foco","isPartOf":{"@id":"https:\/\/www.em.com.br\/emfoco\/#website"},"primaryImageOfPage":{"@id":"https:\/\/www.em.com.br\/emfoco\/2024\/12\/25\/seu-plano-de-saude-vai-mudar-confira\/#primaryimage"},"image":{"@id":"https:\/\/www.em.com.br\/emfoco\/2024\/12\/25\/seu-plano-de-saude-vai-mudar-confira\/#primaryimage"},"thumbnailUrl":"https:\/\/www.em.com.br\/emfoco\/wp-content\/uploads\/2024\/12\/Hospital_1735052388149.jpg","datePublished":"2024-12-25T14:20:00+00:00","dateModified":"2024-12-24T15:01:38+00:00","author":{"@id":"https:\/\/www.em.com.br\/emfoco\/#\/schema\/person\/fb0a7f48c6fbb94b83f413a80f61917d"},"description":"Artigo sobre as novas regras no Brasil que permitem o cancelamento de planos de sa\u00fade. Confira!","breadcrumb":{"@id":"https:\/\/www.em.com.br\/emfoco\/2024\/12\/25\/seu-plano-de-saude-vai-mudar-confira\/#breadcrumb"},"inLanguage":"pt-BR","potentialAction":[{"@type":"ReadAction","target":["https:\/\/www.em.com.br\/emfoco\/2024\/12\/25\/seu-plano-de-saude-vai-mudar-confira\/"]}]},{"@type":"ImageObject","inLanguage":"pt-BR","@id":"https:\/\/www.em.com.br\/emfoco\/2024\/12\/25\/seu-plano-de-saude-vai-mudar-confira\/#primaryimage","url":"https:\/\/www.em.com.br\/emfoco\/wp-content\/uploads\/2024\/12\/Hospital_1735052388149.jpg","contentUrl":"https:\/\/www.em.com.br\/emfoco\/wp-content\/uploads\/2024\/12\/Hospital_1735052388149.jpg","width":1280,"height":720,"caption":"Hospital - Cr\u00e9ditos: depositphotos.com \/ VitalikRadko"},{"@type":"BreadcrumbList","@id":"https:\/\/www.em.com.br\/emfoco\/2024\/12\/25\/seu-plano-de-saude-vai-mudar-confira\/#breadcrumb","itemListElement":[{"@type":"ListItem","position":1,"name":"In\u00edcio","item":"https:\/\/www.em.com.br\/emfoco\/"},{"@type":"ListItem","position":2,"name":"Seu plano de sa\u00fade vai mudar? Confira!"}]},{"@type":"WebSite","@id":"https:\/\/www.em.com.br\/emfoco\/#website","url":"https:\/\/www.em.com.br\/emfoco\/","name":"Estado de Minas - Em foco","description":"Acompanhe as \u00faltimas not\u00edcias e fique bem informado sobre tudo o que acontece em Minas Gerais, Brasil e no mundo.","potentialAction":[{"@type":"SearchAction","target":{"@type":"EntryPoint","urlTemplate":"https:\/\/www.em.com.br\/emfoco\/?s={search_term_string}"},"query-input":{"@type":"PropertyValueSpecification","valueRequired":true,"valueName":"search_term_string"}}],"inLanguage":"pt-BR"},{"@type":"Person","@id":"https:\/\/www.em.com.br\/emfoco\/#\/schema\/person\/fb0a7f48c6fbb94b83f413a80f61917d","name":"Kelvin","image":{"@type":"ImageObject","inLanguage":"pt-BR","@id":"https:\/\/www.em.com.br\/emfoco\/#\/schema\/person\/image\/","url":"https:\/\/secure.gravatar.com\/avatar\/e74f84337e6bf6c4c5e88fbdffa05270?s=96&d=mm&r=g","contentUrl":"https:\/\/secure.gravatar.com\/avatar\/e74f84337e6bf6c4c5e88fbdffa05270?s=96&d=mm&r=g","caption":"Kelvin"},"sameAs":["https:\/\/www.em.com.br\/emfoco"],"url":"https:\/\/www.em.com.br\/emfoco\/author\/kelvinmyth\/"}]}},"_links":{"self":[{"href":"https:\/\/www.em.com.br\/emfoco\/wp-json\/wp\/v2\/posts\/6478","targetHints":{"allow":["GET"]}}],"collection":[{"href":"https:\/\/www.em.com.br\/emfoco\/wp-json\/wp\/v2\/posts"}],"about":[{"href":"https:\/\/www.em.com.br\/emfoco\/wp-json\/wp\/v2\/types\/post"}],"author":[{"embeddable":true,"href":"https:\/\/www.em.com.br\/emfoco\/wp-json\/wp\/v2\/users\/7"}],"replies":[{"embeddable":true,"href":"https:\/\/www.em.com.br\/emfoco\/wp-json\/wp\/v2\/comments?post=6478"}],"version-history":[{"count":2,"href":"https:\/\/www.em.com.br\/emfoco\/wp-json\/wp\/v2\/posts\/6478\/revisions"}],"predecessor-version":[{"id":6484,"href":"https:\/\/www.em.com.br\/emfoco\/wp-json\/wp\/v2\/posts\/6478\/revisions\/6484"}],"wp:featuredmedia":[{"embeddable":true,"href":"https:\/\/www.em.com.br\/emfoco\/wp-json\/wp\/v2\/media\/6483"}],"wp:attachment":[{"href":"https:\/\/www.em.com.br\/emfoco\/wp-json\/wp\/v2\/media?parent=6478"}],"wp:term":[{"taxonomy":"category","embeddable":true,"href":"https:\/\/www.em.com.br\/emfoco\/wp-json\/wp\/v2\/categories?post=6478"},{"taxonomy":"post_tag","embeddable":true,"href":"https:\/\/www.em.com.br\/emfoco\/wp-json\/wp\/v2\/tags?post=6478"}],"curies":[{"name":"wp","href":"https:\/\/api.w.org\/{rel}","templated":true}]}}