{"id":64581,"date":"2025-06-21T14:48:00","date_gmt":"2025-06-21T17:48:00","guid":{"rendered":"https:\/\/www.em.com.br\/emfoco\/?p=64581"},"modified":"2025-06-20T18:45:02","modified_gmt":"2025-06-20T21:45:02","slug":"como-ter-manjericao-bonito-e-cheiroso-sem-sair-de-casa","status":"publish","type":"post","link":"https:\/\/www.em.com.br\/emfoco\/2025\/06\/21\/como-ter-manjericao-bonito-e-cheiroso-sem-sair-de-casa\/","title":{"rendered":"Como ter manjeric\u00e3o bonito e cheiroso sem sair de casa"},"content":{"rendered":"\n<p>O <strong>manjeric\u00e3o<\/strong> \u00e9 uma erva arom\u00e1tica muito utilizada na culin\u00e1ria mediterr\u00e2nea, com destaque para molhos, massas, saladas e ch\u00e1s. Rico em antioxidantes, vitaminas A, C e K, al\u00e9m de possuir propriedades anti-inflamat\u00f3rias e digestivas, \u00e9 ideal para quem busca sabor e sa\u00fade. <a href=\"https:\/\/www.em.com.br\/emfoco\/2025\/06\/20\/truques-de-horta-para-fazer-sua-couve-flor-crescer-saudavel-e-firme\/\" target=\"_blank\" rel=\"noreferrer noopener\">Plantar <\/a><strong>manjeric\u00e3o<\/strong> em casa \u00e9 f\u00e1cil e garante folhas frescas sempre \u00e0 m\u00e3o.<\/p>\n\n\n\n<h2 class=\"wp-block-heading\">Qual o clima e solo ideais para cultivar manjeric\u00e3o?<\/h2>\n\n\n\n<p>O <strong>manjeric\u00e3o<\/strong> prefere clima quente e \u00famido, com temperaturas entre 20\u202f\u00b0C e 30\u202f\u00b0C. \u00c9 sens\u00edvel ao frio e \u00e0 geada, desenvolvendo-se melhor em locais com boa luminosidade e protegidos de ventos fortes.<\/p>\n\n\n\n<p>O solo ideal \u00e9 leve, f\u00e9rtil, bem drenado e rico em <a href=\"https:\/\/rehagro.com.br\/blog\/materia-organica-no-solo\/\" target=\"_blank\" rel=\"noreferrer noopener\">mat\u00e9ria org\u00e2nica<\/a>, com pH entre 6,0 e 7,0. A adi\u00e7\u00e3o de composto org\u00e2nico, h\u00famus de minhoca e areia melhora a estrutura e favorece o crescimento das ra\u00edzes.<\/p>\n\n\n\n<h2 class=\"wp-block-heading\">Como fazer o plantio do manjeric\u00e3o?<\/h2>\n\n\n\n<p>O <strong>manjeric\u00e3o<\/strong> pode ser plantado por sementes ou por estaquia. As sementes devem ser semeadas em solo \u00famido, a cerca de 1 cm de profundidade, e germinam em at\u00e9 10 dias. Ap\u00f3s a germina\u00e7\u00e3o, as mudas podem ser transplantadas quando tiverem de 4 a 6 folhas.<\/p>\n\n\n\n<p>O plantio por estaquia consiste em cortar ramos de 10 a 15 cm de uma planta adulta e coloc\u00e1-los diretamente em solo \u00famido ou na \u00e1gua at\u00e9 enraizar. O espa\u00e7amento ideal \u00e9 de 25 a 30 cm entre plantas.<\/p>\n\n\n\n<h2 class=\"wp-block-heading\">Quais cuidados s\u00e3o necess\u00e1rios com o manjeric\u00e3o?<\/h2>\n\n\n\n<p>O <strong>manjeric\u00e3o<\/strong> precisa de sol pleno por pelo menos 4 a 6 horas por dia. Regue regularmente, mantendo o solo levemente \u00famido. Evite molhar as folhas para prevenir fungos.<\/p>\n\n\n\n<p>A aduba\u00e7\u00e3o pode ser feita a cada 30 dias com composto org\u00e2nico ou h\u00famus de minhoca. A poda regular dos ramos estimula o crescimento, evita o florescimento precoce e prolonga a vida \u00fatil da planta.<\/p>\n\n\n\n<p>Retire as flores assim que aparecerem para manter a planta focada na produ\u00e7\u00e3o de folhas.<\/p>\n\n\n<div class=\"wp-block-image\">\n<figure class=\"aligncenter size-large\"><img loading=\"lazy\" decoding=\"async\" width=\"1024\" height=\"576\" src=\"https:\/\/www.em.com.br\/emfoco\/wp-content\/uploads\/2025\/04\/Manjericao-_1745018681168-1024x576.jpg\" alt=\"Aprenda a cultivar plantas que espantam formigas do jardim\" class=\"wp-image-39741\" srcset=\"https:\/\/www.em.com.br\/emfoco\/wp-content\/uploads\/2025\/04\/Manjericao-_1745018681168-1024x576.jpg 1024w, https:\/\/www.em.com.br\/emfoco\/wp-content\/uploads\/2025\/04\/Manjericao-_1745018681168-300x169.jpg 300w, https:\/\/www.em.com.br\/emfoco\/wp-content\/uploads\/2025\/04\/Manjericao-_1745018681168-768x432.jpg 768w, https:\/\/www.em.com.br\/emfoco\/wp-content\/uploads\/2025\/04\/Manjericao-_1745018681168-750x422.jpg 750w, https:\/\/www.em.com.br\/emfoco\/wp-content\/uploads\/2025\/04\/Manjericao-_1745018681168-1140x641.jpg 1140w, https:\/\/www.em.com.br\/emfoco\/wp-content\/uploads\/2025\/04\/Manjericao-_1745018681168.jpg 1280w\" sizes=\"auto, (max-width: 1024px) 100vw, 1024px\" \/><figcaption class=\"wp-element-caption\">Manjeric\u00e3o &#8211; Cr\u00e9ditos: depositphotos.com \/ serezniy<\/figcaption><\/figure><\/div>\n\n\n<h2 class=\"wp-block-heading\">Quais pragas e doen\u00e7as afetam o manjeric\u00e3o?<\/h2>\n\n\n\n<p>As principais pragas do <strong>manjeric\u00e3o<\/strong> s\u00e3o pulg\u00f5es, mosca-branca e \u00e1caros. O controle pode ser feito com caldas naturais como as de fumo e \u00f3leo de neem.<\/p>\n\n\n\n<p>Entre as doen\u00e7as mais comuns est\u00e3o o\u00eddio e manchas nas folhas causadas por fungos. Mantenha bom espa\u00e7amento entre plantas e evite irriga\u00e7\u00e3o excessiva.<\/p>\n\n\n\n<h2 class=\"wp-block-heading\">Quanto tempo leva para colher manjeric\u00e3o?<\/h2>\n\n\n\n<p>O <strong>manjeric\u00e3o<\/strong> pode ser colhido entre 40 e 60 dias ap\u00f3s o plantio. A colheita pode ser feita continuamente, cortando os ramos acima de um par de folhas para estimular novos brotos.<\/p>\n\n\n\n<p>Evite colher mais de um ter\u00e7o da planta de cada vez para n\u00e3o enfraquec\u00ea-la.<\/p>\n\n\n\n<h2 class=\"wp-block-heading\">\u00c9 poss\u00edvel cultivar manjeric\u00e3o em vasos?<\/h2>\n\n\n\n<p>Sim, o <strong>manjeric\u00e3o<\/strong> se adapta muito bem a vasos, jardineiras e at\u00e9 mesmo pequenos recipientes recicl\u00e1veis. Use vasos com pelo menos 20 cm de profundidade, boa drenagem e substrato f\u00e9rtil.<\/p>\n\n\n\n<p>Mantenha o vaso em local ensolarado, irrigue com frequ\u00eancia e adube mensalmente. A poda regular \u00e9 fundamental para manter a planta saud\u00e1vel e produtiva.<\/p>\n\n\n\n<h2 class=\"wp-block-heading\">Perguntas frequentes<\/h2>\n\n\n\n<p><strong>1. Manjeric\u00e3o precisa de sol pleno?<\/strong><br>Sim. Ele precisa de pelo menos 4 a 6 horas de sol direto por dia para crescer saud\u00e1vel.<\/p>\n\n\n\n<p><strong>2. Posso plantar manjeric\u00e3o o ano todo?<\/strong><br>Sim, em regi\u00f5es quentes. Em locais frios, o plantio deve ser feito na primavera ou ver\u00e3o.<\/p>\n\n\n\n<p><strong>3. Como evitar que o manjeric\u00e3o flores\u00e7a?<\/strong><br>Fa\u00e7a podas regulares e retire as hastes florais assim que surgirem.<\/p>\n\n\n\n<p><strong>4. Manjeric\u00e3o pode ser plantado com outras ervas?<\/strong><br>Sim, desde que tenham necessidades semelhantes de luz e \u00e1gua, como salsinha e cebolinha.<\/p>\n\n\n\n<p><strong>5. Quanto tempo vive o manjeric\u00e3o?<\/strong><br>\u00c9 uma planta anual, mas pode durar mais tempo com podas e replantio frequente.<\/p>\n","protected":false},"excerpt":{"rendered":"<p>O manjeric\u00e3o \u00e9 uma erva arom\u00e1tica muito utilizada na culin\u00e1ria mediterr\u00e2nea, com destaque para molhos, massas, saladas e ch\u00e1s. Rico em antioxidantes, vitaminas A, C e K, al\u00e9m de possuir propriedades anti-inflamat\u00f3rias e digestivas, \u00e9 ideal para quem busca sabor e sa\u00fade. Plantar manjeric\u00e3o em casa \u00e9 f\u00e1cil e garante folhas frescas sempre \u00e0 m\u00e3o. [&hellip;]<\/p>\n","protected":false},"author":9,"featured_media":44874,"comment_status":"open","ping_status":"open","sticky":false,"template":"","format":"standard","meta":{"jnews-multi-image_gallery":[],"jnews_single_post":{"format":"standard"},"jnews_primary_category":[],"jnews_social_meta":[],"jnews_override_counter":[],"footnotes":""},"categories":[29,1],"tags":[8361,6785,3818,5456],"class_list":["post-64581","post","type-post","status-publish","format-standard","has-post-thumbnail","hentry","category-entretenimento","category-noticias","tag-como-plantar-manjericao","tag-ervas-aromaticas","tag-horta-caseira","tag-manjericao"],"yoast_head":"<!-- This site is optimized with the Yoast SEO plugin v23.8 - https:\/\/yoast.com\/wordpress\/plugins\/seo\/ -->\n<title>Como ter manjeric\u00e3o bonito e cheiroso sem sair de casa<\/title>\n<meta name=\"description\" content=\"Aprenda como plantar manjeric\u00e3o em casa com dicas simples de cultivo, rega, poda e colheita para ter folhas frescas o ano inteiro.\" \/>\n<meta name=\"robots\" content=\"index, follow, max-snippet:-1, max-image-preview:large, max-video-preview:-1\" \/>\n<link rel=\"canonical\" href=\"https:\/\/www.em.com.br\/emfoco\/2025\/06\/21\/como-ter-manjericao-bonito-e-cheiroso-sem-sair-de-casa\/\" \/>\n<meta property=\"og:locale\" content=\"pt_BR\" \/>\n<meta property=\"og:type\" content=\"article\" \/>\n<meta property=\"og:title\" content=\"Como ter manjeric\u00e3o bonito e cheiroso sem sair de casa\" \/>\n<meta property=\"og:description\" content=\"Aprenda como plantar manjeric\u00e3o em casa com dicas simples de cultivo, rega, poda e colheita para ter folhas frescas o ano inteiro.\" \/>\n<meta property=\"og:url\" content=\"https:\/\/www.em.com.br\/emfoco\/2025\/06\/21\/como-ter-manjericao-bonito-e-cheiroso-sem-sair-de-casa\/\" \/>\n<meta property=\"og:site_name\" content=\"Estado de Minas - Em foco\" \/>\n<meta property=\"article:published_time\" content=\"2025-06-21T17:48:00+00:00\" \/>\n<meta property=\"article:modified_time\" content=\"2025-06-20T21:45:02+00:00\" \/>\n<meta property=\"og:image\" content=\"https:\/\/www.em.com.br\/emfoco\/wp-content\/uploads\/2025\/05\/manjericao_1746540005561.jpg\" \/>\n\t<meta property=\"og:image:width\" content=\"1280\" \/>\n\t<meta property=\"og:image:height\" content=\"720\" \/>\n\t<meta property=\"og:image:type\" content=\"image\/jpeg\" \/>\n<meta name=\"author\" content=\"Daniely Cardoso\" \/>\n<meta name=\"twitter:card\" content=\"summary_large_image\" \/>\n<meta name=\"twitter:label1\" content=\"Escrito por\" \/>\n\t<meta name=\"twitter:data1\" content=\"Daniely Cardoso\" \/>\n\t<meta name=\"twitter:label2\" content=\"Est. tempo de leitura\" \/>\n\t<meta name=\"twitter:data2\" content=\"4 minutos\" \/>\n<!-- \/ Yoast SEO plugin. -->","yoast_head_json":{"title":"Como ter manjeric\u00e3o bonito e cheiroso sem sair de casa","description":"Aprenda como plantar manjeric\u00e3o em casa com dicas simples de cultivo, rega, poda e colheita para ter folhas frescas o ano inteiro.","robots":{"index":"index","follow":"follow","max-snippet":"max-snippet:-1","max-image-preview":"max-image-preview:large","max-video-preview":"max-video-preview:-1"},"canonical":"https:\/\/www.em.com.br\/emfoco\/2025\/06\/21\/como-ter-manjericao-bonito-e-cheiroso-sem-sair-de-casa\/","og_locale":"pt_BR","og_type":"article","og_title":"Como ter manjeric\u00e3o bonito e cheiroso sem sair de casa","og_description":"Aprenda como plantar manjeric\u00e3o em casa com dicas simples de cultivo, rega, poda e colheita para ter folhas frescas o ano inteiro.","og_url":"https:\/\/www.em.com.br\/emfoco\/2025\/06\/21\/como-ter-manjericao-bonito-e-cheiroso-sem-sair-de-casa\/","og_site_name":"Estado de Minas - Em foco","article_published_time":"2025-06-21T17:48:00+00:00","article_modified_time":"2025-06-20T21:45:02+00:00","og_image":[{"width":1280,"height":720,"url":"https:\/\/www.em.com.br\/emfoco\/wp-content\/uploads\/2025\/05\/manjericao_1746540005561.jpg","type":"image\/jpeg"}],"author":"Daniely Cardoso","twitter_card":"summary_large_image","twitter_misc":{"Escrito por":"Daniely Cardoso","Est. tempo de leitura":"4 minutos"},"schema":{"@context":"https:\/\/schema.org","@graph":[{"@type":"WebPage","@id":"https:\/\/www.em.com.br\/emfoco\/2025\/06\/21\/como-ter-manjericao-bonito-e-cheiroso-sem-sair-de-casa\/","url":"https:\/\/www.em.com.br\/emfoco\/2025\/06\/21\/como-ter-manjericao-bonito-e-cheiroso-sem-sair-de-casa\/","name":"Como ter manjeric\u00e3o bonito e cheiroso sem sair de casa","isPartOf":{"@id":"https:\/\/www.em.com.br\/emfoco\/#website"},"primaryImageOfPage":{"@id":"https:\/\/www.em.com.br\/emfoco\/2025\/06\/21\/como-ter-manjericao-bonito-e-cheiroso-sem-sair-de-casa\/#primaryimage"},"image":{"@id":"https:\/\/www.em.com.br\/emfoco\/2025\/06\/21\/como-ter-manjericao-bonito-e-cheiroso-sem-sair-de-casa\/#primaryimage"},"thumbnailUrl":"https:\/\/www.em.com.br\/emfoco\/wp-content\/uploads\/2025\/05\/manjericao_1746540005561.jpg","datePublished":"2025-06-21T17:48:00+00:00","dateModified":"2025-06-20T21:45:02+00:00","author":{"@id":"https:\/\/www.em.com.br\/emfoco\/#\/schema\/person\/0a8186d72f2c3a5c6276d90b41f271a0"},"description":"Aprenda como plantar manjeric\u00e3o em casa com dicas simples de cultivo, rega, poda e colheita para ter folhas frescas o ano inteiro.","breadcrumb":{"@id":"https:\/\/www.em.com.br\/emfoco\/2025\/06\/21\/como-ter-manjericao-bonito-e-cheiroso-sem-sair-de-casa\/#breadcrumb"},"inLanguage":"pt-BR","potentialAction":[{"@type":"ReadAction","target":["https:\/\/www.em.com.br\/emfoco\/2025\/06\/21\/como-ter-manjericao-bonito-e-cheiroso-sem-sair-de-casa\/"]}]},{"@type":"ImageObject","inLanguage":"pt-BR","@id":"https:\/\/www.em.com.br\/emfoco\/2025\/06\/21\/como-ter-manjericao-bonito-e-cheiroso-sem-sair-de-casa\/#primaryimage","url":"https:\/\/www.em.com.br\/emfoco\/wp-content\/uploads\/2025\/05\/manjericao_1746540005561.jpg","contentUrl":"https:\/\/www.em.com.br\/emfoco\/wp-content\/uploads\/2025\/05\/manjericao_1746540005561.jpg","width":1280,"height":720,"caption":"Manjeric\u00e3o - Cr\u00e9ditos: depositphotos.com \/ Mahara"},{"@type":"BreadcrumbList","@id":"https:\/\/www.em.com.br\/emfoco\/2025\/06\/21\/como-ter-manjericao-bonito-e-cheiroso-sem-sair-de-casa\/#breadcrumb","itemListElement":[{"@type":"ListItem","position":1,"name":"In\u00edcio","item":"https:\/\/www.em.com.br\/emfoco\/"},{"@type":"ListItem","position":2,"name":"Como ter manjeric\u00e3o bonito e cheiroso sem sair de casa"}]},{"@type":"WebSite","@id":"https:\/\/www.em.com.br\/emfoco\/#website","url":"https:\/\/www.em.com.br\/emfoco\/","name":"Estado de Minas - Em foco","description":"Acompanhe as \u00faltimas not\u00edcias e fique bem informado sobre tudo o que acontece em Minas Gerais, Brasil e no mundo.","potentialAction":[{"@type":"SearchAction","target":{"@type":"EntryPoint","urlTemplate":"https:\/\/www.em.com.br\/emfoco\/?s={search_term_string}"},"query-input":{"@type":"PropertyValueSpecification","valueRequired":true,"valueName":"search_term_string"}}],"inLanguage":"pt-BR"},{"@type":"Person","@id":"https:\/\/www.em.com.br\/emfoco\/#\/schema\/person\/0a8186d72f2c3a5c6276d90b41f271a0","name":"Daniely Cardoso","image":{"@type":"ImageObject","inLanguage":"pt-BR","@id":"https:\/\/www.em.com.br\/emfoco\/#\/schema\/person\/image\/","url":"https:\/\/secure.gravatar.com\/avatar\/4b80ddbd124d1f071b626d52d62e5dff?s=96&d=mm&r=g","contentUrl":"https:\/\/secure.gravatar.com\/avatar\/4b80ddbd124d1f071b626d52d62e5dff?s=96&d=mm&r=g","caption":"Daniely Cardoso"},"url":"https:\/\/www.em.com.br\/emfoco\/author\/danielymyth\/"}]}},"_links":{"self":[{"href":"https:\/\/www.em.com.br\/emfoco\/wp-json\/wp\/v2\/posts\/64581","targetHints":{"allow":["GET"]}}],"collection":[{"href":"https:\/\/www.em.com.br\/emfoco\/wp-json\/wp\/v2\/posts"}],"about":[{"href":"https:\/\/www.em.com.br\/emfoco\/wp-json\/wp\/v2\/types\/post"}],"author":[{"embeddable":true,"href":"https:\/\/www.em.com.br\/emfoco\/wp-json\/wp\/v2\/users\/9"}],"replies":[{"embeddable":true,"href":"https:\/\/www.em.com.br\/emfoco\/wp-json\/wp\/v2\/comments?post=64581"}],"version-history":[{"count":3,"href":"https:\/\/www.em.com.br\/emfoco\/wp-json\/wp\/v2\/posts\/64581\/revisions"}],"predecessor-version":[{"id":64602,"href":"https:\/\/www.em.com.br\/emfoco\/wp-json\/wp\/v2\/posts\/64581\/revisions\/64602"}],"wp:featuredmedia":[{"embeddable":true,"href":"https:\/\/www.em.com.br\/emfoco\/wp-json\/wp\/v2\/media\/44874"}],"wp:attachment":[{"href":"https:\/\/www.em.com.br\/emfoco\/wp-json\/wp\/v2\/media?parent=64581"}],"wp:term":[{"taxonomy":"category","embeddable":true,"href":"https:\/\/www.em.com.br\/emfoco\/wp-json\/wp\/v2\/categories?post=64581"},{"taxonomy":"post_tag","embeddable":true,"href":"https:\/\/www.em.com.br\/emfoco\/wp-json\/wp\/v2\/tags?post=64581"}],"curies":[{"name":"wp","href":"https:\/\/api.w.org\/{rel}","templated":true}]}}