{"id":64484,"date":"2025-06-22T10:08:00","date_gmt":"2025-06-22T13:08:00","guid":{"rendered":"https:\/\/www.em.com.br\/emfoco\/?p=64484"},"modified":"2025-06-20T14:54:57","modified_gmt":"2025-06-20T17:54:57","slug":"esse-simples-cuidado-pode-salvar-seus-labios-de-envelhecimento-precoce-e-ate-doencas","status":"publish","type":"post","link":"https:\/\/www.em.com.br\/emfoco\/2025\/06\/22\/esse-simples-cuidado-pode-salvar-seus-labios-de-envelhecimento-precoce-e-ate-doencas\/","title":{"rendered":"Esse simples cuidado pode salvar seus l\u00e1bios de envelhecimento precoce e at\u00e9 doen\u00e7as"},"content":{"rendered":"\n<p>O cuidado com a <a href=\"https:\/\/www.em.com.br\/emfoco\/2025\/06\/07\/cientistas-descobrem-uma-protecao-solar-escondida-no-nosso-corpo\/\" target=\"_blank\" rel=\"noreferrer noopener\">prote\u00e7\u00e3o solar <\/a>j\u00e1 faz parte da rotina de muitas pessoas, especialmente quando se trata do rosto e do corpo. No entanto, existe uma \u00e1rea frequentemente negligenciada: os <a href=\"https:\/\/www.maybelline.com.br\/dicas-de-maquiagem\/labios\/labios-ressecados#:~:text=Os%20principais%20motivos%20que%20podem,bucal%20ou%20o%20clima%20frio.\" target=\"_blank\" rel=\"noreferrer noopener\">l\u00e1bios<\/a>. Embora o uso de protetor solar seja amplamente difundido, \u00e9 comum esquecer de aplicar o produto nessa regi\u00e3o, que \u00e9 particularmente sens\u00edvel e suscet\u00edvel aos danos causados pela exposi\u00e7\u00e3o ao sol. At\u00e9 mesmo em cidades como\u00a0<strong>Rio de Janeiro<\/strong>, onde a exposi\u00e7\u00e3o solar \u00e9 intensa durante quase todo o ano, muitas pessoas ainda subestimam a import\u00e2ncia desse cuidado.<\/p>\n\n\n\n<p>Os l\u00e1bios possuem uma pele mais fina e delicada do que outras partes do rosto, o que os torna ainda mais vulner\u00e1veis aos efeitos nocivos dos raios ultravioleta. A aus\u00eancia de prote\u00e7\u00e3o adequada pode resultar n\u00e3o apenas em queimaduras dolorosas, mas tamb\u00e9m acelerar o envelhecimento e aumentar o risco de les\u00f5es pr\u00e9-cancerosas. Por isso, a aten\u00e7\u00e3o ao uso de protetor solar labial \u00e9 fundamental para manter a sa\u00fade e a apar\u00eancia dessa regi\u00e3o.<\/p>\n\n\n\n<h2 class=\"wp-block-heading\">Por que os l\u00e1bios precisam de prote\u00e7\u00e3o solar?<\/h2>\n\n\n\n<p>Os l\u00e1bios, diferentemente de outras \u00e1reas da pele, n\u00e3o possuem melanina suficiente para se proteger dos danos solares. Isso significa que, ao serem expostos ao sol sem prote\u00e7\u00e3o, est\u00e3o mais propensos a queimaduras, ressecamento e at\u00e9 mesmo ao surgimento de feridas. Al\u00e9m do desconforto, como dor ao comer ou falar, a exposi\u00e7\u00e3o repetida pode desencadear problemas mais s\u00e9rios, como o desenvolvimento de les\u00f5es que podem evoluir para c\u00e2ncer de pele.<\/p>\n\n\n\n<p>Outro fator importante \u00e9 que os l\u00e1bios tendem a mostrar sinais de envelhecimento precoce quando n\u00e3o recebem a devida prote\u00e7\u00e3o. Rugas, perda de volume e altera\u00e7\u00f5es na textura s\u00e3o consequ\u00eancias comuns da exposi\u00e7\u00e3o solar sem cuidados. Portanto, o uso de protetor solar espec\u00edfico para os l\u00e1bios \u00e9 uma medida preventiva essencial.<\/p>\n\n\n\n<figure class=\"wp-block-image size-large\"><img loading=\"lazy\" decoding=\"async\" width=\"1024\" height=\"576\" src=\"https:\/\/www.em.com.br\/emfoco\/wp-content\/uploads\/2025\/06\/protetor-labial_1750437545944-1024x576.jpg\" alt=\"\" class=\"wp-image-64549\" srcset=\"https:\/\/www.em.com.br\/emfoco\/wp-content\/uploads\/2025\/06\/protetor-labial_1750437545944-1024x576.jpg 1024w, https:\/\/www.em.com.br\/emfoco\/wp-content\/uploads\/2025\/06\/protetor-labial_1750437545944-300x169.jpg 300w, https:\/\/www.em.com.br\/emfoco\/wp-content\/uploads\/2025\/06\/protetor-labial_1750437545944-768x432.jpg 768w, https:\/\/www.em.com.br\/emfoco\/wp-content\/uploads\/2025\/06\/protetor-labial_1750437545944-750x422.jpg 750w, https:\/\/www.em.com.br\/emfoco\/wp-content\/uploads\/2025\/06\/protetor-labial_1750437545944-1140x641.jpg 1140w, https:\/\/www.em.com.br\/emfoco\/wp-content\/uploads\/2025\/06\/protetor-labial_1750437545944.jpg 1280w\" sizes=\"auto, (max-width: 1024px) 100vw, 1024px\" \/><figcaption class=\"wp-element-caption\">Mulher passando protetor labial &#8211; Cr\u00e9ditos: depositphotos.com \/ IgorVetushko<\/figcaption><\/figure>\n\n\n\n<h2 class=\"wp-block-heading\">Como escolher e aplicar o protetor solar labial?<\/h2>\n\n\n\n<p>Na hora de selecionar um protetor solar para os l\u00e1bios, \u00e9 importante observar o fator de prote\u00e7\u00e3o solar (FPS) indicado na embalagem. Especialistas recomendam produtos com FPS 30 ou superior para garantir uma barreira eficaz contra os raios UVA e UVB. Al\u00e9m disso, existem op\u00e7\u00f5es em formato de balm, bast\u00e3o ou gloss, que facilitam a aplica\u00e7\u00e3o e podem ser reaplicadas ao longo do dia sem dificuldades. Marcas populares no mercado nacional, como&nbsp;<strong>Nivea<\/strong>&nbsp;e&nbsp;<strong>La Roche-Posay<\/strong>, oferecem protetores solares labiais de alta qualidade que podem ser encontrados facilmente em farm\u00e1cias e supermercados.<\/p>\n\n\n\n<ul class=\"wp-block-list\">\n<li><strong>FPS adequado:<\/strong>\u00a0Opte por protetores com FPS 30 ou mais.<\/li>\n\n\n\n<li><strong>Textura confort\u00e1vel:<\/strong>\u00a0Prefira f\u00f3rmulas que n\u00e3o deixem sensa\u00e7\u00e3o pegajosa.<\/li>\n\n\n\n<li><strong>Reaplica\u00e7\u00e3o:<\/strong>\u00a0Reaplique o produto a cada duas horas ou ap\u00f3s comer e beber.<\/li>\n\n\n\n<li><strong>Resist\u00eancia \u00e0 \u00e1gua:<\/strong>\u00a0Em atividades ao ar livre ou na praia, escolha vers\u00f5es resistentes \u00e0 \u00e1gua.<\/li>\n<\/ul>\n\n\n\n<p>Para garantir prote\u00e7\u00e3o total, recomenda-se aplicar o protetor solar labial antes de sair de casa e reaplicar ao longo do dia, especialmente ap\u00f3s refei\u00e7\u00f5es ou contato com \u00e1gua. Produtos multifuncionais, como glosses ou balms com cor e prote\u00e7\u00e3o solar, podem ser aliados pr\u00e1ticos para quem deseja unir beleza e cuidado.<\/p>\n\n\n\n<h2 class=\"wp-block-heading\">Quais os riscos de n\u00e3o proteger os l\u00e1bios do sol?<\/h2>\n\n\n\n<p>Ignorar a prote\u00e7\u00e3o solar nos l\u00e1bios pode trazer consequ\u00eancias que v\u00e3o al\u00e9m do desconforto imediato. Entre os principais riscos est\u00e3o:<\/p>\n\n\n\n<ol class=\"wp-block-list\">\n<li><strong>Queimaduras solares:<\/strong>\u00a0Os l\u00e1bios podem ficar avermelhados, doloridos e at\u00e9 formar bolhas.<\/li>\n\n\n\n<li><strong>Envelhecimento precoce:<\/strong>\u00a0A exposi\u00e7\u00e3o solar acelera o surgimento de linhas finas e perda de elasticidade.<\/li>\n\n\n\n<li><strong>Les\u00f5es pr\u00e9-cancerosas:<\/strong>\u00a0Manchas persistentes ou feridas que n\u00e3o cicatrizam podem indicar altera\u00e7\u00f5es preocupantes.<\/li>\n\n\n\n<li><strong>Desencadeamento de herpes labial:<\/strong>\u00a0Para quem j\u00e1 tem predisposi\u00e7\u00e3o, o sol pode ativar o v\u00edrus.<\/li>\n<\/ol>\n\n\n\n<p>Esses problemas refor\u00e7am a import\u00e2ncia de incorporar o protetor solar labial \u00e0 rotina di\u00e1ria, especialmente em dias de maior exposi\u00e7\u00e3o, como na praia, piscina ou durante atividades ao ar livre. Dados da&nbsp;<strong>Sociedade Brasileira de Dermatologia<\/strong>&nbsp;mostram que a incid\u00eancia de c\u00e2ncer de pele em \u00e1reas expostas, como l\u00e1bios, ainda \u00e9 significativa no&nbsp;<strong>Brasil<\/strong>, o que destaca a necessidade desse cuidado.<\/p>\n\n\n\n<h2 class=\"wp-block-heading\">Como tornar o uso do protetor solar labial um h\u00e1bito di\u00e1rio?<\/h2>\n\n\n\n<p>Para n\u00e3o esquecer de proteger os l\u00e1bios, algumas estrat\u00e9gias simples podem ser adotadas. Deixar o protetor solar labial junto aos itens de uso di\u00e1rio, como escova de dentes ou maquiagem, ajuda a lembrar da aplica\u00e7\u00e3o. Al\u00e9m disso, carregar o produto na bolsa ou mochila facilita a reaplica\u00e7\u00e3o ao longo do dia. Escolher vers\u00f5es com fragr\u00e2ncias agrad\u00e1veis ou que ofere\u00e7am um toque de cor pode tornar o uso ainda mais atrativo.<\/p>\n\n\n\n<p>Com a variedade de op\u00e7\u00f5es dispon\u00edveis no mercado em&nbsp;<strong>2025<\/strong>, \u00e9 poss\u00edvel encontrar protetores solares labiais que se adaptam a diferentes gostos e necessidades. Marcas internacionais como&nbsp;<strong>Neutrogena<\/strong>&nbsp;e nacional como&nbsp;<strong>Granado<\/strong>&nbsp;tamb\u00e9m oferecem vers\u00f5es inovadoras, muitas delas indicadas por dermatologistas em portais de sa\u00fade como o&nbsp;<strong>Drauzio Varella<\/strong>. Manter esse cuidado \u00e9 uma atitude simples, mas que faz grande diferen\u00e7a na sa\u00fade e na apar\u00eancia dos l\u00e1bios a longo prazo.<\/p>\n","protected":false},"excerpt":{"rendered":"<p>O cuidado com a prote\u00e7\u00e3o solar j\u00e1 faz parte da rotina de muitas pessoas, especialmente quando se trata do rosto e do corpo. No entanto, existe uma \u00e1rea frequentemente negligenciada: os l\u00e1bios. Embora o uso de protetor solar seja amplamente difundido, \u00e9 comum esquecer de aplicar o produto nessa regi\u00e3o, que \u00e9 particularmente sens\u00edvel e [&hellip;]<\/p>\n","protected":false},"author":11,"featured_media":64550,"comment_status":"open","ping_status":"open","sticky":false,"template":"","format":"standard","meta":{"jnews-multi-image_gallery":[],"jnews_single_post":{"format":"standard"},"jnews_primary_category":[],"jnews_social_meta":[],"jnews_override_counter":[],"footnotes":""},"categories":[8819,1],"tags":[6394,9586,6499],"class_list":["post-64484","post","type-post","status-publish","format-standard","has-post-thumbnail","hentry","category-curiosidades","category-noticias","tag-cuidado-com-a-pele","tag-labios","tag-protecao-solar-labios"],"yoast_head":"<!-- This site is optimized with the Yoast SEO plugin v23.8 - https:\/\/yoast.com\/wordpress\/plugins\/seo\/ -->\n<title>Esse simples cuidado pode salvar seus l\u00e1bios de envelhecimento precoce e at\u00e9 doen\u00e7as - Estado de Minas - Em foco<\/title>\n<meta name=\"description\" content=\"Proteja seus l\u00e1bios do sol com um bom protetor labial e evite problemas que v\u00e3o al\u00e9m do ressecamento.\" \/>\n<meta name=\"robots\" content=\"index, follow, max-snippet:-1, max-image-preview:large, max-video-preview:-1\" \/>\n<link rel=\"canonical\" href=\"https:\/\/www.em.com.br\/emfoco\/2025\/06\/22\/esse-simples-cuidado-pode-salvar-seus-labios-de-envelhecimento-precoce-e-ate-doencas\/\" \/>\n<meta property=\"og:locale\" content=\"pt_BR\" \/>\n<meta property=\"og:type\" content=\"article\" \/>\n<meta property=\"og:title\" content=\"Esse simples cuidado pode salvar seus l\u00e1bios de envelhecimento precoce e at\u00e9 doen\u00e7as - Estado de Minas - Em foco\" \/>\n<meta property=\"og:description\" content=\"Proteja seus l\u00e1bios do sol com um bom protetor labial e evite problemas que v\u00e3o al\u00e9m do ressecamento.\" \/>\n<meta property=\"og:url\" content=\"https:\/\/www.em.com.br\/emfoco\/2025\/06\/22\/esse-simples-cuidado-pode-salvar-seus-labios-de-envelhecimento-precoce-e-ate-doencas\/\" \/>\n<meta property=\"og:site_name\" content=\"Estado de Minas - Em foco\" \/>\n<meta property=\"article:published_time\" content=\"2025-06-22T13:08:00+00:00\" \/>\n<meta property=\"article:modified_time\" content=\"2025-06-20T17:54:57+00:00\" \/>\n<meta property=\"og:image\" content=\"https:\/\/www.em.com.br\/emfoco\/wp-content\/uploads\/2025\/06\/protetor-labial_1750437589655.jpg\" \/>\n\t<meta property=\"og:image:width\" content=\"1280\" \/>\n\t<meta property=\"og:image:height\" content=\"720\" \/>\n\t<meta property=\"og:image:type\" content=\"image\/jpeg\" \/>\n<meta name=\"author\" content=\"Andre\u0301 Rangel\u00a0\" \/>\n<meta name=\"twitter:card\" content=\"summary_large_image\" \/>\n<meta name=\"twitter:label1\" content=\"Escrito por\" \/>\n\t<meta name=\"twitter:data1\" content=\"Andre\u0301 Rangel\u00a0\" \/>\n\t<meta name=\"twitter:label2\" content=\"Est. tempo de leitura\" \/>\n\t<meta name=\"twitter:data2\" content=\"5 minutos\" \/>\n<!-- \/ Yoast SEO plugin. -->","yoast_head_json":{"title":"Esse simples cuidado pode salvar seus l\u00e1bios de envelhecimento precoce e at\u00e9 doen\u00e7as - Estado de Minas - Em foco","description":"Proteja seus l\u00e1bios do sol com um bom protetor labial e evite problemas que v\u00e3o al\u00e9m do ressecamento.","robots":{"index":"index","follow":"follow","max-snippet":"max-snippet:-1","max-image-preview":"max-image-preview:large","max-video-preview":"max-video-preview:-1"},"canonical":"https:\/\/www.em.com.br\/emfoco\/2025\/06\/22\/esse-simples-cuidado-pode-salvar-seus-labios-de-envelhecimento-precoce-e-ate-doencas\/","og_locale":"pt_BR","og_type":"article","og_title":"Esse simples cuidado pode salvar seus l\u00e1bios de envelhecimento precoce e at\u00e9 doen\u00e7as - Estado de Minas - Em foco","og_description":"Proteja seus l\u00e1bios do sol com um bom protetor labial e evite problemas que v\u00e3o al\u00e9m do ressecamento.","og_url":"https:\/\/www.em.com.br\/emfoco\/2025\/06\/22\/esse-simples-cuidado-pode-salvar-seus-labios-de-envelhecimento-precoce-e-ate-doencas\/","og_site_name":"Estado de Minas - Em foco","article_published_time":"2025-06-22T13:08:00+00:00","article_modified_time":"2025-06-20T17:54:57+00:00","og_image":[{"width":1280,"height":720,"url":"https:\/\/www.em.com.br\/emfoco\/wp-content\/uploads\/2025\/06\/protetor-labial_1750437589655.jpg","type":"image\/jpeg"}],"author":"Andre\u0301 Rangel\u00a0","twitter_card":"summary_large_image","twitter_misc":{"Escrito por":"Andre\u0301 Rangel\u00a0","Est. tempo de leitura":"5 minutos"},"schema":{"@context":"https:\/\/schema.org","@graph":[{"@type":"WebPage","@id":"https:\/\/www.em.com.br\/emfoco\/2025\/06\/22\/esse-simples-cuidado-pode-salvar-seus-labios-de-envelhecimento-precoce-e-ate-doencas\/","url":"https:\/\/www.em.com.br\/emfoco\/2025\/06\/22\/esse-simples-cuidado-pode-salvar-seus-labios-de-envelhecimento-precoce-e-ate-doencas\/","name":"Esse simples cuidado pode salvar seus l\u00e1bios de envelhecimento precoce e at\u00e9 doen\u00e7as - Estado de Minas - Em foco","isPartOf":{"@id":"https:\/\/www.em.com.br\/emfoco\/#website"},"primaryImageOfPage":{"@id":"https:\/\/www.em.com.br\/emfoco\/2025\/06\/22\/esse-simples-cuidado-pode-salvar-seus-labios-de-envelhecimento-precoce-e-ate-doencas\/#primaryimage"},"image":{"@id":"https:\/\/www.em.com.br\/emfoco\/2025\/06\/22\/esse-simples-cuidado-pode-salvar-seus-labios-de-envelhecimento-precoce-e-ate-doencas\/#primaryimage"},"thumbnailUrl":"https:\/\/www.em.com.br\/emfoco\/wp-content\/uploads\/2025\/06\/protetor-labial_1750437589655.jpg","datePublished":"2025-06-22T13:08:00+00:00","dateModified":"2025-06-20T17:54:57+00:00","author":{"@id":"https:\/\/www.em.com.br\/emfoco\/#\/schema\/person\/60eda09c1fedf0d6891f4cef4b60b8b8"},"description":"Proteja seus l\u00e1bios do sol com um bom protetor labial e evite problemas que v\u00e3o al\u00e9m do ressecamento.","breadcrumb":{"@id":"https:\/\/www.em.com.br\/emfoco\/2025\/06\/22\/esse-simples-cuidado-pode-salvar-seus-labios-de-envelhecimento-precoce-e-ate-doencas\/#breadcrumb"},"inLanguage":"pt-BR","potentialAction":[{"@type":"ReadAction","target":["https:\/\/www.em.com.br\/emfoco\/2025\/06\/22\/esse-simples-cuidado-pode-salvar-seus-labios-de-envelhecimento-precoce-e-ate-doencas\/"]}]},{"@type":"ImageObject","inLanguage":"pt-BR","@id":"https:\/\/www.em.com.br\/emfoco\/2025\/06\/22\/esse-simples-cuidado-pode-salvar-seus-labios-de-envelhecimento-precoce-e-ate-doencas\/#primaryimage","url":"https:\/\/www.em.com.br\/emfoco\/wp-content\/uploads\/2025\/06\/protetor-labial_1750437589655.jpg","contentUrl":"https:\/\/www.em.com.br\/emfoco\/wp-content\/uploads\/2025\/06\/protetor-labial_1750437589655.jpg","width":1280,"height":720,"caption":"L\u00e1bio - Cr\u00e9ditos: depositphotos.com \/ artem_furman"},{"@type":"BreadcrumbList","@id":"https:\/\/www.em.com.br\/emfoco\/2025\/06\/22\/esse-simples-cuidado-pode-salvar-seus-labios-de-envelhecimento-precoce-e-ate-doencas\/#breadcrumb","itemListElement":[{"@type":"ListItem","position":1,"name":"In\u00edcio","item":"https:\/\/www.em.com.br\/emfoco\/"},{"@type":"ListItem","position":2,"name":"Esse simples cuidado pode salvar seus l\u00e1bios de envelhecimento precoce e at\u00e9 doen\u00e7as"}]},{"@type":"WebSite","@id":"https:\/\/www.em.com.br\/emfoco\/#website","url":"https:\/\/www.em.com.br\/emfoco\/","name":"Estado de Minas - Em foco","description":"Acompanhe as \u00faltimas not\u00edcias e fique bem informado sobre tudo o que acontece em Minas Gerais, Brasil e no mundo.","potentialAction":[{"@type":"SearchAction","target":{"@type":"EntryPoint","urlTemplate":"https:\/\/www.em.com.br\/emfoco\/?s={search_term_string}"},"query-input":{"@type":"PropertyValueSpecification","valueRequired":true,"valueName":"search_term_string"}}],"inLanguage":"pt-BR"},{"@type":"Person","@id":"https:\/\/www.em.com.br\/emfoco\/#\/schema\/person\/60eda09c1fedf0d6891f4cef4b60b8b8","name":"Andre\u0301 Rangel\u00a0","image":{"@type":"ImageObject","inLanguage":"pt-BR","@id":"https:\/\/www.em.com.br\/emfoco\/#\/schema\/person\/image\/","url":"https:\/\/secure.gravatar.com\/avatar\/6234dc814c77c8ef6d8bba622c787efc?s=96&d=mm&r=g","contentUrl":"https:\/\/secure.gravatar.com\/avatar\/6234dc814c77c8ef6d8bba622c787efc?s=96&d=mm&r=g","caption":"Andre\u0301 Rangel\u00a0"},"url":"https:\/\/www.em.com.br\/emfoco\/author\/luizmyth\/"}]}},"_links":{"self":[{"href":"https:\/\/www.em.com.br\/emfoco\/wp-json\/wp\/v2\/posts\/64484","targetHints":{"allow":["GET"]}}],"collection":[{"href":"https:\/\/www.em.com.br\/emfoco\/wp-json\/wp\/v2\/posts"}],"about":[{"href":"https:\/\/www.em.com.br\/emfoco\/wp-json\/wp\/v2\/types\/post"}],"author":[{"embeddable":true,"href":"https:\/\/www.em.com.br\/emfoco\/wp-json\/wp\/v2\/users\/11"}],"replies":[{"embeddable":true,"href":"https:\/\/www.em.com.br\/emfoco\/wp-json\/wp\/v2\/comments?post=64484"}],"version-history":[{"count":4,"href":"https:\/\/www.em.com.br\/emfoco\/wp-json\/wp\/v2\/posts\/64484\/revisions"}],"predecessor-version":[{"id":64551,"href":"https:\/\/www.em.com.br\/emfoco\/wp-json\/wp\/v2\/posts\/64484\/revisions\/64551"}],"wp:featuredmedia":[{"embeddable":true,"href":"https:\/\/www.em.com.br\/emfoco\/wp-json\/wp\/v2\/media\/64550"}],"wp:attachment":[{"href":"https:\/\/www.em.com.br\/emfoco\/wp-json\/wp\/v2\/media?parent=64484"}],"wp:term":[{"taxonomy":"category","embeddable":true,"href":"https:\/\/www.em.com.br\/emfoco\/wp-json\/wp\/v2\/categories?post=64484"},{"taxonomy":"post_tag","embeddable":true,"href":"https:\/\/www.em.com.br\/emfoco\/wp-json\/wp\/v2\/tags?post=64484"}],"curies":[{"name":"wp","href":"https:\/\/api.w.org\/{rel}","templated":true}]}}