{"id":64366,"date":"2025-06-21T12:20:00","date_gmt":"2025-06-21T15:20:00","guid":{"rendered":"https:\/\/www.em.com.br\/emfoco\/?p=64366"},"modified":"2025-06-21T11:23:00","modified_gmt":"2025-06-21T14:23:00","slug":"se-voce-mora-nessas-cidades-pode-ser-afetado-pelo-fechamento-de-mais-de-20-redes-de-farmacias","status":"publish","type":"post","link":"https:\/\/www.em.com.br\/emfoco\/2025\/06\/21\/se-voce-mora-nessas-cidades-pode-ser-afetado-pelo-fechamento-de-mais-de-20-redes-de-farmacias\/","title":{"rendered":"Se voc\u00ea mora nessas cidades pode ser afetado pelo fechamento de mais de 20 redes de farm\u00e1cias"},"content":{"rendered":"\n<p>O cen\u00e1rio das farm\u00e1cias nos\u00a0<strong>Estados Unidos<\/strong>\u00a0passa por mudan\u00e7as significativas em\u00a0<strong>2025<\/strong>, com a\u00a0<a href=\"https:\/\/www.walgreens.com\/\" target=\"_blank\" rel=\"noreferrer noopener\"><strong>Walgreens<\/strong>\u00a0<\/a>anunciando o fechamento de mais de 20 lojas em junho. Essa decis\u00e3o faz parte de uma estrat\u00e9gia maior de reestrutura\u00e7\u00e3o, que visa reduzir custos e ajustar a presen\u00e7a da rede diante das transforma\u00e7\u00f5es no varejo e do aumento da concorr\u00eancia digital. O movimento acompanha uma tend\u00eancia observada em grandes redes, que buscam se adaptar ao novo perfil de consumo p\u00f3s-pandemia.<\/p>\n\n\n\n<p>Atualmente, a Walgreens opera cerca de 8.500 unidades em todo o pa\u00eds, mas j\u00e1 encerrou aproximadamente 2.000 estabelecimentos na \u00faltima d\u00e9cada. Para este ano, a previs\u00e3o \u00e9 de que 500 pontos sejam desativados, seguindo um plano de tr\u00eas anos que prev\u00ea o fechamento de 1.200 lojas consideradas pouco rent\u00e1veis. A medida reflete o impacto do crescimento das compras online, da redu\u00e7\u00e3o do fluxo de clientes nas lojas f\u00edsicas e das mudan\u00e7as nos h\u00e1bitos dos consumidores. Esse movimento foi intensificado durante a pandemia de COVID-19, quando a prefer\u00eancia pelas compras digitais e entrega em domic\u00edlio cresceu consideravelmente em rela\u00e7\u00e3o aos anos anteriores.<\/p>\n\n\n\n<h2 class=\"wp-block-heading\">Por que a Walgreens est\u00e1 fechando tantas lojas em 2025?<\/h2>\n\n\n\n<p>O fechamento das lojas Walgreens est\u00e1 diretamente relacionado \u00e0 necessidade de enfrentar desafios financeiros e operacionais. A rede registrou um preju\u00edzo de 3 bilh\u00f5es de d\u00f3lares no quarto trimestre fiscal de 2024, valor influenciado principalmente por ajustes cont\u00e1beis ligados a acordos judiciais sobre opioides. Apesar disso, as vendas do per\u00edodo alcan\u00e7aram 37,55 bilh\u00f5es de d\u00f3lares, representando um aumento de 6% em rela\u00e7\u00e3o ao ano anterior e superando as expectativas do mercado.<\/p>\n\n\n\n<p>Segundo a dire\u00e7\u00e3o da empresa, a maioria das lojas que permanecem abertas ainda apresenta resultados positivos, mas a press\u00e3o por custos crescentes e a concorr\u00eancia de servi\u00e7os digitais, como o&nbsp;<strong>Amazon Pharmacy<\/strong>, tornaram invi\u00e1vel a manuten\u00e7\u00e3o de pontos menos lucrativos. A decis\u00e3o de encerrar unidades busca garantir a sustentabilidade financeira e melhorar a efici\u00eancia operacional da rede.<\/p>\n\n\n\n<figure class=\"wp-block-image size-large\"><img loading=\"lazy\" decoding=\"async\" width=\"1024\" height=\"576\" src=\"https:\/\/www.em.com.br\/emfoco\/wp-content\/uploads\/2025\/06\/walgreens_1750431061671-1024x576.jpg\" alt=\"\" class=\"wp-image-64448\" srcset=\"https:\/\/www.em.com.br\/emfoco\/wp-content\/uploads\/2025\/06\/walgreens_1750431061671-1024x576.jpg 1024w, https:\/\/www.em.com.br\/emfoco\/wp-content\/uploads\/2025\/06\/walgreens_1750431061671-300x169.jpg 300w, https:\/\/www.em.com.br\/emfoco\/wp-content\/uploads\/2025\/06\/walgreens_1750431061671-768x432.jpg 768w, https:\/\/www.em.com.br\/emfoco\/wp-content\/uploads\/2025\/06\/walgreens_1750431061671-750x422.jpg 750w, https:\/\/www.em.com.br\/emfoco\/wp-content\/uploads\/2025\/06\/walgreens_1750431061671-1140x642.jpg 1140w, https:\/\/www.em.com.br\/emfoco\/wp-content\/uploads\/2025\/06\/walgreens_1750431061671.jpg 1279w\" sizes=\"auto, (max-width: 1024px) 100vw, 1024px\" \/><figcaption class=\"wp-element-caption\">Walgreens Pharmacy &#8211; Cr\u00e9ditos: depositphotos.com \/ felixtm<\/figcaption><\/figure>\n\n\n\n<h2 class=\"wp-block-heading\">Quais lojas Walgreens est\u00e3o fechando em junho de 2025?<\/h2>\n\n\n\n<p>Em junho de 2025, a Walgreens programou o encerramento de mais de 20 lojas em diferentes estados norte-americanos. Entre as cidades afetadas est\u00e3o&nbsp;<strong>Salinas<\/strong>&nbsp;(Calif\u00f3rnia),&nbsp;<strong>Jacksonville<\/strong>&nbsp;e&nbsp;<strong>Miami<\/strong>&nbsp;(Fl\u00f3rida),&nbsp;<strong>Chicago<\/strong>&nbsp;(Illinois), al\u00e9m de diversas localidades em&nbsp;<strong>Massachusetts<\/strong>,&nbsp;<strong>Nova Jersey<\/strong>,&nbsp;<strong>Nova York<\/strong>,&nbsp;<strong>Carolina do Norte<\/strong>,&nbsp;<strong>Ohio<\/strong>,&nbsp;<strong>Washington<\/strong>&nbsp;e&nbsp;<strong>Virg\u00ednia Ocidental<\/strong>. A lista inclui tanto \u00e1reas urbanas quanto cidades de menor porte, evidenciando que o ajuste de portf\u00f3lio \u00e9 nacional.<\/p>\n\n\n\n<ul class=\"wp-block-list\">\n<li><strong>Calif\u00f3rnia:<\/strong>\u00a0Salinas \u2013 N. Sanborn Road (25\/06)<\/li>\n\n\n\n<li><strong>Fl\u00f3rida:<\/strong>\u00a0Jacksonville \u2013 Dunn Avenue (26\/06), Miami \u2013 NW 7th Avenue (25\/06)<\/li>\n\n\n\n<li><strong>Illinois:<\/strong>\u00a0Chicago \u2013 N. Sheffield Avenue (23\/06)<\/li>\n\n\n\n<li><strong>Massachusetts:<\/strong>\u00a0Brockton, Fall River, Gloucester, Springfield, Swansea, Webster, Worcester (datas variadas)<\/li>\n\n\n\n<li><strong>Nova Jersey:<\/strong>\u00a0Pleasantville \u2013 N. Main Street (23\/06)<\/li>\n\n\n\n<li><strong>Nova York:<\/strong>\u00a0NYC (Duane Reade), Syracuse (datas variadas)<\/li>\n\n\n\n<li><strong>Carolina do Norte:<\/strong>\u00a0Durham, Raleigh (datas variadas)<\/li>\n\n\n\n<li><strong>Ohio:<\/strong>\u00a0Garfield Heights, Reynoldsburg (datas variadas)<\/li>\n\n\n\n<li><strong>Washington:<\/strong>\u00a0Bremerton (23\/06)<\/li>\n\n\n\n<li><strong>Virg\u00ednia Ocidental:<\/strong>\u00a0Clendenin, Follansbee, Mullens, New Martinsville, Oceana, Whitesville (datas variadas)<\/li>\n<\/ul>\n\n\n\n<p>Al\u00e9m dessas, outras lojas j\u00e1 encerraram as atividades nos primeiros meses de 2025, refor\u00e7ando o ritmo acelerado do processo de reestrutura\u00e7\u00e3o. Vale lembrar que a escolha das unidades levou em conta fatores como desempenho financeiro, localiza\u00e7\u00e3o e proximidade de outras farm\u00e1cias Walgreens ou concorrentes.<\/p>\n\n\n\n<h2 class=\"wp-block-heading\">De que forma o fechamento das lojas Walgreens afeta consumidores e o setor farmac\u00eautico?<\/h2>\n\n\n\n<p>O impacto do fechamento das lojas Walgreens \u00e9 sentido principalmente pelos consumidores que dependem desses pontos para adquirir medicamentos e produtos de conveni\u00eancia. Em algumas regi\u00f5es, a redu\u00e7\u00e3o da presen\u00e7a f\u00edsica pode significar maiores dist\u00e2ncias para acessar farm\u00e1cias, al\u00e9m de poss\u00edveis mudan\u00e7as nos prazos de atendimento e disponibilidade de servi\u00e7os. Especialistas do setor apontam que a tend\u00eancia pode se estender a outras redes, \u00e0 medida que o varejo farmac\u00eautico enfrenta desafios semelhantes.<\/p>\n\n\n\n<p>Para o mercado, a reconfigura\u00e7\u00e3o da Walgreens representa uma resposta \u00e0 necessidade de adapta\u00e7\u00e3o diante do avan\u00e7o das plataformas digitais e da altera\u00e7\u00e3o no comportamento de compra. A expectativa \u00e9 que a empresa concentre esfor\u00e7os em unidades mais rent\u00e1veis e invista em solu\u00e7\u00f5es online, acompanhando o movimento de transforma\u00e7\u00e3o digital que marca o setor em 2025. Outros grupos do setor tamb\u00e9m est\u00e3o adotando iniciativas digitais semelhantes, como a integra\u00e7\u00e3o com aplicativos de sa\u00fade e o desenvolvimento de sistemas de pedidos automatizados.<\/p>\n\n\n\n<h2 class=\"wp-block-heading\">O que esperar do futuro das farm\u00e1cias tradicionais nos Estados Unidos?<\/h2>\n\n\n\n<p>A perspectiva para as farm\u00e1cias tradicionais, como a Walgreens, envolve uma presen\u00e7a f\u00edsica mais enxuta e uma integra\u00e7\u00e3o crescente com canais digitais. O fechamento de lojas faz parte de um processo de ajuste que visa garantir competitividade e sustentabilidade diante das mudan\u00e7as do mercado. Para os consumidores, isso pode significar uma experi\u00eancia de compra mais voltada para o ambiente online, com menos op\u00e7\u00f5es de lojas f\u00edsicas, mas maior oferta de servi\u00e7os digitais e entregas.<\/p>\n\n\n\n<p>Enquanto o setor passa por essa transforma\u00e7\u00e3o, a aten\u00e7\u00e3o se volta para a capacidade das redes de inovar e atender \u00e0s novas demandas dos clientes, mantendo a qualidade e a acessibilidade dos servi\u00e7os farmac\u00eauticos em todo o pa\u00eds. Com o avan\u00e7o das tecnologias, espera-se que sistemas de intelig\u00eancia artificial, telemedicina e entrega r\u00e1pida sejam cada vez mais implementados pelas grandes redes nos Estados Unidos.<\/p>\n","protected":false},"excerpt":{"rendered":"<p>O cen\u00e1rio das farm\u00e1cias nos\u00a0Estados Unidos\u00a0passa por mudan\u00e7as significativas em\u00a02025, com a\u00a0Walgreens\u00a0anunciando o fechamento de mais de 20 lojas em junho. Essa decis\u00e3o faz parte de uma estrat\u00e9gia maior de reestrutura\u00e7\u00e3o, que visa reduzir custos e ajustar a presen\u00e7a da rede diante das transforma\u00e7\u00f5es no varejo e do aumento da concorr\u00eancia digital. O movimento acompanha [&hellip;]<\/p>\n","protected":false},"author":11,"featured_media":64449,"comment_status":"open","ping_status":"open","sticky":false,"template":"","format":"standard","meta":{"jnews-multi-image_gallery":[],"jnews_single_post":{"format":"standard"},"jnews_primary_category":[],"jnews_social_meta":[],"jnews_override_counter":[],"footnotes":""},"categories":[8819,1],"tags":[5478,9932,10009],"class_list":["post-64366","post","type-post","status-publish","format-standard","has-post-thumbnail","hentry","category-curiosidades","category-noticias","tag-falencia","tag-farmacia","tag-lojas"],"yoast_head":"<!-- This site is optimized with the Yoast SEO plugin v23.8 - https:\/\/yoast.com\/wordpress\/plugins\/seo\/ -->\n<title>Se voc\u00ea mora nessas cidades pode ser afetado pelo fechamento de mais de 20 redes de farm\u00e1cias - Estado de Minas - Em foco<\/title>\n<meta name=\"description\" content=\"A crise no varejo fez grandes redes anunciar o fechamento de v\u00e1rias lojas. Saiba os impactos dessa medida no dia a dia.\" \/>\n<meta name=\"robots\" content=\"index, follow, max-snippet:-1, max-image-preview:large, max-video-preview:-1\" \/>\n<link rel=\"canonical\" href=\"https:\/\/www.em.com.br\/emfoco\/2025\/06\/21\/se-voce-mora-nessas-cidades-pode-ser-afetado-pelo-fechamento-de-mais-de-20-redes-de-farmacias\/\" \/>\n<meta property=\"og:locale\" content=\"pt_BR\" \/>\n<meta property=\"og:type\" content=\"article\" \/>\n<meta property=\"og:title\" content=\"Se voc\u00ea mora nessas cidades pode ser afetado pelo fechamento de mais de 20 redes de farm\u00e1cias - Estado de Minas - Em foco\" \/>\n<meta property=\"og:description\" content=\"A crise no varejo fez grandes redes anunciar o fechamento de v\u00e1rias lojas. Saiba os impactos dessa medida no dia a dia.\" \/>\n<meta property=\"og:url\" content=\"https:\/\/www.em.com.br\/emfoco\/2025\/06\/21\/se-voce-mora-nessas-cidades-pode-ser-afetado-pelo-fechamento-de-mais-de-20-redes-de-farmacias\/\" \/>\n<meta property=\"og:site_name\" content=\"Estado de Minas - Em foco\" \/>\n<meta property=\"article:published_time\" content=\"2025-06-21T15:20:00+00:00\" \/>\n<meta property=\"article:modified_time\" content=\"2025-06-21T14:23:00+00:00\" \/>\n<meta property=\"og:image\" content=\"https:\/\/www.em.com.br\/emfoco\/wp-content\/uploads\/2025\/06\/walgreens_1750431114331.jpg\" \/>\n\t<meta property=\"og:image:width\" content=\"1279\" \/>\n\t<meta property=\"og:image:height\" content=\"720\" \/>\n\t<meta property=\"og:image:type\" content=\"image\/jpeg\" \/>\n<meta name=\"author\" content=\"Andre\u0301 Rangel\u00a0\" \/>\n<meta name=\"twitter:card\" content=\"summary_large_image\" \/>\n<meta name=\"twitter:label1\" content=\"Escrito por\" \/>\n\t<meta name=\"twitter:data1\" content=\"Andre\u0301 Rangel\u00a0\" \/>\n\t<meta name=\"twitter:label2\" content=\"Est. tempo de leitura\" \/>\n\t<meta name=\"twitter:data2\" content=\"6 minutos\" \/>\n<!-- \/ Yoast SEO plugin. -->","yoast_head_json":{"title":"Se voc\u00ea mora nessas cidades pode ser afetado pelo fechamento de mais de 20 redes de farm\u00e1cias - Estado de Minas - Em foco","description":"A crise no varejo fez grandes redes anunciar o fechamento de v\u00e1rias lojas. Saiba os impactos dessa medida no dia a dia.","robots":{"index":"index","follow":"follow","max-snippet":"max-snippet:-1","max-image-preview":"max-image-preview:large","max-video-preview":"max-video-preview:-1"},"canonical":"https:\/\/www.em.com.br\/emfoco\/2025\/06\/21\/se-voce-mora-nessas-cidades-pode-ser-afetado-pelo-fechamento-de-mais-de-20-redes-de-farmacias\/","og_locale":"pt_BR","og_type":"article","og_title":"Se voc\u00ea mora nessas cidades pode ser afetado pelo fechamento de mais de 20 redes de farm\u00e1cias - Estado de Minas - Em foco","og_description":"A crise no varejo fez grandes redes anunciar o fechamento de v\u00e1rias lojas. Saiba os impactos dessa medida no dia a dia.","og_url":"https:\/\/www.em.com.br\/emfoco\/2025\/06\/21\/se-voce-mora-nessas-cidades-pode-ser-afetado-pelo-fechamento-de-mais-de-20-redes-de-farmacias\/","og_site_name":"Estado de Minas - Em foco","article_published_time":"2025-06-21T15:20:00+00:00","article_modified_time":"2025-06-21T14:23:00+00:00","og_image":[{"width":1279,"height":720,"url":"https:\/\/www.em.com.br\/emfoco\/wp-content\/uploads\/2025\/06\/walgreens_1750431114331.jpg","type":"image\/jpeg"}],"author":"Andre\u0301 Rangel\u00a0","twitter_card":"summary_large_image","twitter_misc":{"Escrito por":"Andre\u0301 Rangel\u00a0","Est. tempo de leitura":"6 minutos"},"schema":{"@context":"https:\/\/schema.org","@graph":[{"@type":"WebPage","@id":"https:\/\/www.em.com.br\/emfoco\/2025\/06\/21\/se-voce-mora-nessas-cidades-pode-ser-afetado-pelo-fechamento-de-mais-de-20-redes-de-farmacias\/","url":"https:\/\/www.em.com.br\/emfoco\/2025\/06\/21\/se-voce-mora-nessas-cidades-pode-ser-afetado-pelo-fechamento-de-mais-de-20-redes-de-farmacias\/","name":"Se voc\u00ea mora nessas cidades pode ser afetado pelo fechamento de mais de 20 redes de farm\u00e1cias - Estado de Minas - Em foco","isPartOf":{"@id":"https:\/\/www.em.com.br\/emfoco\/#website"},"primaryImageOfPage":{"@id":"https:\/\/www.em.com.br\/emfoco\/2025\/06\/21\/se-voce-mora-nessas-cidades-pode-ser-afetado-pelo-fechamento-de-mais-de-20-redes-de-farmacias\/#primaryimage"},"image":{"@id":"https:\/\/www.em.com.br\/emfoco\/2025\/06\/21\/se-voce-mora-nessas-cidades-pode-ser-afetado-pelo-fechamento-de-mais-de-20-redes-de-farmacias\/#primaryimage"},"thumbnailUrl":"https:\/\/www.em.com.br\/emfoco\/wp-content\/uploads\/2025\/06\/walgreens_1750431114331.jpg","datePublished":"2025-06-21T15:20:00+00:00","dateModified":"2025-06-21T14:23:00+00:00","author":{"@id":"https:\/\/www.em.com.br\/emfoco\/#\/schema\/person\/60eda09c1fedf0d6891f4cef4b60b8b8"},"description":"A crise no varejo fez grandes redes anunciar o fechamento de v\u00e1rias lojas. Saiba os impactos dessa medida no dia a dia.","breadcrumb":{"@id":"https:\/\/www.em.com.br\/emfoco\/2025\/06\/21\/se-voce-mora-nessas-cidades-pode-ser-afetado-pelo-fechamento-de-mais-de-20-redes-de-farmacias\/#breadcrumb"},"inLanguage":"pt-BR","potentialAction":[{"@type":"ReadAction","target":["https:\/\/www.em.com.br\/emfoco\/2025\/06\/21\/se-voce-mora-nessas-cidades-pode-ser-afetado-pelo-fechamento-de-mais-de-20-redes-de-farmacias\/"]}]},{"@type":"ImageObject","inLanguage":"pt-BR","@id":"https:\/\/www.em.com.br\/emfoco\/2025\/06\/21\/se-voce-mora-nessas-cidades-pode-ser-afetado-pelo-fechamento-de-mais-de-20-redes-de-farmacias\/#primaryimage","url":"https:\/\/www.em.com.br\/emfoco\/wp-content\/uploads\/2025\/06\/walgreens_1750431114331.jpg","contentUrl":"https:\/\/www.em.com.br\/emfoco\/wp-content\/uploads\/2025\/06\/walgreens_1750431114331.jpg","width":1279,"height":720,"caption":"Produtos na g\u00f4ndola da farm\u00e1cia - Cr\u00e9ditos: depositphotos.com \/ Jshanebutt"},{"@type":"BreadcrumbList","@id":"https:\/\/www.em.com.br\/emfoco\/2025\/06\/21\/se-voce-mora-nessas-cidades-pode-ser-afetado-pelo-fechamento-de-mais-de-20-redes-de-farmacias\/#breadcrumb","itemListElement":[{"@type":"ListItem","position":1,"name":"In\u00edcio","item":"https:\/\/www.em.com.br\/emfoco\/"},{"@type":"ListItem","position":2,"name":"Se voc\u00ea mora nessas cidades pode ser afetado pelo fechamento de mais de 20 redes de farm\u00e1cias"}]},{"@type":"WebSite","@id":"https:\/\/www.em.com.br\/emfoco\/#website","url":"https:\/\/www.em.com.br\/emfoco\/","name":"Estado de Minas - Em foco","description":"Acompanhe as \u00faltimas not\u00edcias e fique bem informado sobre tudo o que acontece em Minas Gerais, Brasil e no mundo.","potentialAction":[{"@type":"SearchAction","target":{"@type":"EntryPoint","urlTemplate":"https:\/\/www.em.com.br\/emfoco\/?s={search_term_string}"},"query-input":{"@type":"PropertyValueSpecification","valueRequired":true,"valueName":"search_term_string"}}],"inLanguage":"pt-BR"},{"@type":"Person","@id":"https:\/\/www.em.com.br\/emfoco\/#\/schema\/person\/60eda09c1fedf0d6891f4cef4b60b8b8","name":"Andre\u0301 Rangel\u00a0","image":{"@type":"ImageObject","inLanguage":"pt-BR","@id":"https:\/\/www.em.com.br\/emfoco\/#\/schema\/person\/image\/","url":"https:\/\/secure.gravatar.com\/avatar\/6234dc814c77c8ef6d8bba622c787efc?s=96&d=mm&r=g","contentUrl":"https:\/\/secure.gravatar.com\/avatar\/6234dc814c77c8ef6d8bba622c787efc?s=96&d=mm&r=g","caption":"Andre\u0301 Rangel\u00a0"},"url":"https:\/\/www.em.com.br\/emfoco\/author\/luizmyth\/"}]}},"_links":{"self":[{"href":"https:\/\/www.em.com.br\/emfoco\/wp-json\/wp\/v2\/posts\/64366","targetHints":{"allow":["GET"]}}],"collection":[{"href":"https:\/\/www.em.com.br\/emfoco\/wp-json\/wp\/v2\/posts"}],"about":[{"href":"https:\/\/www.em.com.br\/emfoco\/wp-json\/wp\/v2\/types\/post"}],"author":[{"embeddable":true,"href":"https:\/\/www.em.com.br\/emfoco\/wp-json\/wp\/v2\/users\/11"}],"replies":[{"embeddable":true,"href":"https:\/\/www.em.com.br\/emfoco\/wp-json\/wp\/v2\/comments?post=64366"}],"version-history":[{"count":4,"href":"https:\/\/www.em.com.br\/emfoco\/wp-json\/wp\/v2\/posts\/64366\/revisions"}],"predecessor-version":[{"id":64924,"href":"https:\/\/www.em.com.br\/emfoco\/wp-json\/wp\/v2\/posts\/64366\/revisions\/64924"}],"wp:featuredmedia":[{"embeddable":true,"href":"https:\/\/www.em.com.br\/emfoco\/wp-json\/wp\/v2\/media\/64449"}],"wp:attachment":[{"href":"https:\/\/www.em.com.br\/emfoco\/wp-json\/wp\/v2\/media?parent=64366"}],"wp:term":[{"taxonomy":"category","embeddable":true,"href":"https:\/\/www.em.com.br\/emfoco\/wp-json\/wp\/v2\/categories?post=64366"},{"taxonomy":"post_tag","embeddable":true,"href":"https:\/\/www.em.com.br\/emfoco\/wp-json\/wp\/v2\/tags?post=64366"}],"curies":[{"name":"wp","href":"https:\/\/api.w.org\/{rel}","templated":true}]}}