{"id":64260,"date":"2025-06-21T10:18:13","date_gmt":"2025-06-21T13:18:13","guid":{"rendered":"https:\/\/www.em.com.br\/emfoco\/?p=64260"},"modified":"2025-06-20T18:39:55","modified_gmt":"2025-06-20T21:39:55","slug":"falta-de-agua-no-interior-do-nordeste-acende-alerta-nacional","status":"publish","type":"post","link":"https:\/\/www.em.com.br\/emfoco\/2025\/06\/21\/falta-de-agua-no-interior-do-nordeste-acende-alerta-nacional\/","title":{"rendered":"Falta de \u00e1gua no interior do Nordeste acende alerta nacional"},"content":{"rendered":"\n<p>O cen\u00e1rio no interior do <strong>Nordeste brasileiro<\/strong> vem sendo profundamente impactado pelo avan\u00e7o das <a href=\"https:\/\/educacao.uol.com.br\/disciplinas\/geografia\/seca-no-nordeste-desmatamento-e-politcas-ineficazes-sao-agravantes.htm\" target=\"_blank\" rel=\"noreferrer noopener\">secas <\/a>nos \u00faltimos anos. Pequenos <a href=\"https:\/\/www.em.com.br\/emfoco\/2025\/06\/18\/seca-historica-no-nordeste-ja-afeta-lavouras-e-altera-rotina-rural\/\" target=\"_blank\" rel=\"noreferrer noopener\">produtores rurais<\/a>, que dependem da agricultura familiar e da cria\u00e7\u00e3o de animais, t\u00eam enfrentado dificuldades para manter suas atividades diante da escassez de chuvas e das altas temperaturas. Essa realidade tem provocado mudan\u00e7as significativas na rotina das comunidades, exigindo adapta\u00e7\u00f5es constantes para garantir a sobreviv\u00eancia e a continuidade da produ\u00e7\u00e3o.<\/p>\n\n\n\n<p>Com a intensifica\u00e7\u00e3o dos per\u00edodos de estiagem, a busca por alternativas para lidar com a falta de \u00e1gua tornou-se parte do cotidiano de milhares de fam\u00edlias. A redu\u00e7\u00e3o dos volumes de a\u00e7udes e po\u00e7os, al\u00e9m do solo cada vez mais \u00e1rido, compromete n\u00e3o apenas a produ\u00e7\u00e3o agr\u00edcola, mas tamb\u00e9m o abastecimento dom\u00e9stico e a cria\u00e7\u00e3o de animais, pilares fundamentais da economia local. Em regi\u00f5es como o <strong>sert\u00e3o do Cear\u00e1<\/strong> e o <strong>sert\u00e3o da Bahia<\/strong>, relatos apontam para a necessidade crescente de pol\u00edticas p\u00fablicas direcionadas e aplica\u00e7\u00e3o de tecnologias sociais inovadoras, como a instala\u00e7\u00e3o de sistemas comunit\u00e1rios de dessaliniza\u00e7\u00e3o de \u00e1gua.<\/p>\n\n\n\n<h2 class=\"wp-block-heading\">Como a seca afeta o dia a dia das fam\u00edlias no interior do Nordeste?<\/h2>\n\n\n\n<p>A rotina das fam\u00edlias do sert\u00e3o nordestino tem sido marcada por mudan\u00e7as dr\u00e1sticas devido \u00e0 seca prolongada. O acesso \u00e0 \u00e1gua, antes garantido por fontes naturais ou reservat\u00f3rios, agora exige deslocamentos mais longos e maior esfor\u00e7o, principalmente para mulheres e crian\u00e7as, que muitas vezes s\u00e3o respons\u00e1veis por buscar o recurso. A escassez tamb\u00e9m afeta h\u00e1bitos alimentares, j\u00e1 que a produ\u00e7\u00e3o de alimentos b\u00e1sicos como feij\u00e3o, milho e mandioca diminui consideravelmente.<\/p>\n\n\n\n<p>Al\u00e9m disso, a diminui\u00e7\u00e3o das chuvas obriga muitos moradores a adaptar suas atividades di\u00e1rias, priorizando o uso racional da \u00e1gua e modificando pr\u00e1ticas agr\u00edcolas. O plantio, por exemplo, passou a ser realizado em per\u00edodos mais curtos ou com t\u00e9cnicas alternativas, como a irriga\u00e7\u00e3o por gotejamento, para tentar driblar a falta de umidade no solo. H\u00e1 exemplos de associa\u00e7\u00f5es comunit\u00e1rias em cidades como <strong>Petrolina<\/strong> e <strong>Juazeiro<\/strong>, que t\u00eam promovido oficinas para ensino de t\u00e9cnicas de conviv\u00eancia com o semi\u00e1rido e fortalecimento da coopera\u00e7\u00e3o local.<\/p>\n\n\n\n<h2 class=\"wp-block-heading\">Quais s\u00e3o os impactos da seca nas pequenas produ\u00e7\u00f5es rurais?<\/h2>\n\n\n\n<p>As pequenas propriedades rurais s\u00e3o especialmente vulner\u00e1veis \u00e0 seca, j\u00e1 que dependem diretamente das condi\u00e7\u00f5es clim\u00e1ticas para manter suas lavouras e rebanhos. A queda na produ\u00e7\u00e3o de alimentos compromete a renda das fam\u00edlias e pode gerar inseguran\u00e7a alimentar, agravando ainda mais a situa\u00e7\u00e3o dessas comunidades. Muitos agricultores relatam perdas de safras inteiras, o que dificulta o pagamento de d\u00edvidas e a manuten\u00e7\u00e3o das atividades.<\/p>\n\n\n\n<p>Na pecu\u00e1ria, a falta de pasto e de \u00e1gua para os animais resulta em redu\u00e7\u00e3o do n\u00famero de cabe\u00e7as e na queda da produ\u00e7\u00e3o de leite e carne. Isso impacta diretamente o abastecimento dos mercados locais e pode elevar os pre\u00e7os dos alimentos, afetando toda a cadeia produtiva da regi\u00e3o. No <strong>Piau\u00ed<\/strong> e na <strong>Para\u00edba<\/strong>, produtores rurais t\u00eam recorrido \u00e0 compra de ra\u00e7\u00e3o alternativa e \u00e0 venda antecipada de parte do rebanho, como estrat\u00e9gias emergenciais para minimizar os preju\u00edzos.<\/p>\n\n\n\n<figure class=\"wp-block-image size-large\"><img loading=\"lazy\" decoding=\"async\" width=\"1024\" height=\"576\" src=\"https:\/\/www.em.com.br\/emfoco\/wp-content\/uploads\/2025\/06\/seca_1750379652899-1024x576.jpg\" alt=\"Falta de \u00e1gua no interior do Nordeste acende alerta nacional\" class=\"wp-image-64263\" srcset=\"https:\/\/www.em.com.br\/emfoco\/wp-content\/uploads\/2025\/06\/seca_1750379652899-1024x576.jpg 1024w, https:\/\/www.em.com.br\/emfoco\/wp-content\/uploads\/2025\/06\/seca_1750379652899-300x169.jpg 300w, https:\/\/www.em.com.br\/emfoco\/wp-content\/uploads\/2025\/06\/seca_1750379652899-768x432.jpg 768w, https:\/\/www.em.com.br\/emfoco\/wp-content\/uploads\/2025\/06\/seca_1750379652899-750x422.jpg 750w, https:\/\/www.em.com.br\/emfoco\/wp-content\/uploads\/2025\/06\/seca_1750379652899-1140x641.jpg 1140w, https:\/\/www.em.com.br\/emfoco\/wp-content\/uploads\/2025\/06\/seca_1750379652899.jpg 1280w\" sizes=\"auto, (max-width: 1024px) 100vw, 1024px\" \/><figcaption class=\"wp-element-caption\">Falta de pasto &#8211; Cr\u00e9ditos: depositphotos.com \/ StarkO<\/figcaption><\/figure>\n\n\n\n<h2 class=\"wp-block-heading\">Que estrat\u00e9gias t\u00eam sido adotadas para enfrentar a estiagem?<\/h2>\n\n\n\n<p>Diante dos desafios impostos pela seca, agricultores e \u00f3rg\u00e3os p\u00fablicos t\u00eam buscado alternativas para mitigar os efeitos da estiagem. Entre as principais estrat\u00e9gias est\u00e3o a constru\u00e7\u00e3o de cisternas para capta\u00e7\u00e3o de \u00e1gua da chuva, o uso de sementes resistentes \u00e0 seca e a implementa\u00e7\u00e3o de sistemas de irriga\u00e7\u00e3o mais eficientes. Essas medidas visam garantir o m\u00ednimo necess\u00e1rio para a produ\u00e7\u00e3o e o consumo das fam\u00edlias.<\/p>\n\n\n\n<p>Outra iniciativa importante \u00e9 o incentivo \u00e0 diversifica\u00e7\u00e3o das atividades econ\u00f4micas, como a cria\u00e7\u00e3o de pequenos animais e o cultivo de hortali\u00e7as em espa\u00e7os reduzidos. Essas a\u00e7\u00f5es ajudam a reduzir a depend\u00eancia de culturas mais sens\u00edveis \u00e0 falta de \u00e1gua e oferecem novas fontes de renda para os moradores do semi\u00e1rido. Projetos de ONGs como a <strong>Articula\u00e7\u00e3o do Semi\u00e1rido Brasileiro<\/strong> t\u00eam sido fundamentais no apoio \u00e0 capacita\u00e7\u00e3o de comunidades rurais e na difus\u00e3o de pr\u00e1ticas sustent\u00e1veis.<\/p>\n\n\n\n<h2 class=\"wp-block-heading\">O avan\u00e7o das secas pode alterar o futuro das comunidades rurais?<\/h2>\n\n\n\n<p>O prolongamento das secas e a previs\u00e3o de eventos clim\u00e1ticos extremos nos pr\u00f3ximos anos indicam que as comunidades rurais do Nordeste precisar\u00e3o continuar se adaptando. Especialistas apontam que, sem pol\u00edticas p\u00fablicas eficazes e investimentos em infraestrutura h\u00eddrica, a migra\u00e7\u00e3o para \u00e1reas urbanas pode aumentar, levando ao esvaziamento do campo e \u00e0 perda de tradi\u00e7\u00f5es culturais.<\/p>\n\n\n\n<p>No entanto, iniciativas de conviv\u00eancia com o semi\u00e1rido e a valoriza\u00e7\u00e3o do conhecimento local t\u00eam mostrado que \u00e9 poss\u00edvel encontrar solu\u00e7\u00f5es sustent\u00e1veis. O fortalecimento das associa\u00e7\u00f5es comunit\u00e1rias e o acesso a tecnologias apropriadas s\u00e3o caminhos que podem contribuir para a perman\u00eancia das fam\u00edlias no campo, mesmo diante das adversidades clim\u00e1ticas. Estudos organizados por institui\u00e7\u00f5es como a <strong>Universidade Federal de Pernambuco<\/strong> destacam a import\u00e2ncia de ampliar o acesso \u00e0 informa\u00e7\u00e3o e \u00e0 forma\u00e7\u00e3o t\u00e9cnica diante desta nova realidade.<\/p>\n\n\n\n<h2 class=\"wp-block-heading\">Perguntas e Respostas<\/h2>\n\n\n\n<ol class=\"wp-block-list\">\n<li><strong>Quais estados do Nordeste s\u00e3o mais afetados pela seca?<\/strong> <br>Os estados do sert\u00e3o, como <strong>Cear\u00e1<\/strong>, <strong>Bahia<\/strong>, Pernambuco e <strong>Para\u00edba<\/strong>, costumam registrar os maiores \u00edndices de estiagem.<\/li>\n\n\n\n<li><strong>Como a seca influ\u00eancia a migra\u00e7\u00e3o rural?<\/strong> <br>A falta de \u00e1gua e de oportunidades leva muitas fam\u00edlias a buscar trabalho em cidades maiores, contribuindo para o \u00eaxodo rural, principalmente para capitais como Fortaleza e Salvador.<\/li>\n\n\n\n<li><strong>Existem tecnologias acess\u00edveis para pequenos produtores enfrentarem a seca?<\/strong> <br>Sim, sistemas de capta\u00e7\u00e3o de \u00e1gua da chuva, irriga\u00e7\u00e3o por gotejamento e sementes adaptadas ao clima seco s\u00e3o algumas das op\u00e7\u00f5es dispon\u00edveis.<\/li>\n\n\n\n<li><strong>O que \u00e9 agricultura de conviv\u00eancia com o semi\u00e1rido?<\/strong> <br>Trata-se de um conjunto de pr\u00e1ticas que buscam adaptar a produ\u00e7\u00e3o agr\u00edcola \u00e0s condi\u00e7\u00f5es do clima local, utilizando recursos naturais de forma sustent\u00e1vel. Projetos como o Programa Uma Terra e Duas \u00c1guas, iniciado em 2003, s\u00e3o exemplos desse conceito em pr\u00e1tica.<\/li>\n\n\n\n<li><strong>Qual o papel das pol\u00edticas p\u00fablicas no combate aos efeitos da seca?<\/strong> <br>Programas governamentais de apoio \u00e0 agricultura familiar, constru\u00e7\u00e3o de reservat\u00f3rios e assist\u00eancia t\u00e9cnica s\u00e3o fundamentais para minimizar os impactos da estiagem.<\/li>\n<\/ol>\n","protected":false},"excerpt":{"rendered":"<p>O cen\u00e1rio no interior do Nordeste brasileiro vem sendo profundamente impactado pelo avan\u00e7o das secas nos \u00faltimos anos. Pequenos produtores rurais, que dependem da agricultura familiar e da cria\u00e7\u00e3o de animais, t\u00eam enfrentado dificuldades para manter suas atividades diante da escassez de chuvas e das altas temperaturas. Essa realidade tem provocado mudan\u00e7as significativas na rotina [&hellip;]<\/p>\n","protected":false},"author":18,"featured_media":64262,"comment_status":"open","ping_status":"open","sticky":false,"template":"","format":"standard","meta":{"jnews-multi-image_gallery":[],"jnews_single_post":{"format":"standard"},"jnews_primary_category":[],"jnews_social_meta":[],"jnews_override_counter":[],"footnotes":""},"categories":[1],"tags":[158,10749,1184,1697],"class_list":["post-64260","post","type-post","status-publish","format-standard","has-post-thumbnail","hentry","category-noticias","tag-brasil","tag-falta-de-agua","tag-nordeste","tag-seca"],"yoast_head":"<!-- This site is optimized with the Yoast SEO plugin v23.8 - https:\/\/yoast.com\/wordpress\/plugins\/seo\/ -->\n<title>Falta de \u00e1gua no interior do Nordeste acende alerta nacional - Estado de Minas - Em foco<\/title>\n<meta name=\"description\" content=\"A estiagem no sert\u00e3o nordestino se intensifica e exige mudan\u00e7as urgentes. Conhe\u00e7a hist\u00f3rias reais de resili\u00eancia e supera\u00e7\u00e3o em meio \u00e0 seca.\" \/>\n<meta name=\"robots\" content=\"index, follow, max-snippet:-1, max-image-preview:large, max-video-preview:-1\" \/>\n<link rel=\"canonical\" href=\"https:\/\/www.em.com.br\/emfoco\/2025\/06\/21\/falta-de-agua-no-interior-do-nordeste-acende-alerta-nacional\/\" \/>\n<meta property=\"og:locale\" content=\"pt_BR\" \/>\n<meta property=\"og:type\" content=\"article\" \/>\n<meta property=\"og:title\" content=\"Falta de \u00e1gua no interior do Nordeste acende alerta nacional - Estado de Minas - Em foco\" \/>\n<meta property=\"og:description\" content=\"A estiagem no sert\u00e3o nordestino se intensifica e exige mudan\u00e7as urgentes. Conhe\u00e7a hist\u00f3rias reais de resili\u00eancia e supera\u00e7\u00e3o em meio \u00e0 seca.\" \/>\n<meta property=\"og:url\" content=\"https:\/\/www.em.com.br\/emfoco\/2025\/06\/21\/falta-de-agua-no-interior-do-nordeste-acende-alerta-nacional\/\" \/>\n<meta property=\"og:site_name\" content=\"Estado de Minas - Em foco\" \/>\n<meta property=\"article:published_time\" content=\"2025-06-21T13:18:13+00:00\" \/>\n<meta property=\"article:modified_time\" content=\"2025-06-20T21:39:55+00:00\" \/>\n<meta property=\"og:image\" content=\"https:\/\/www.em.com.br\/emfoco\/wp-content\/uploads\/2025\/06\/Falta-de-agua_1750379524426.jpg\" \/>\n\t<meta property=\"og:image:width\" content=\"1280\" \/>\n\t<meta property=\"og:image:height\" content=\"720\" \/>\n\t<meta property=\"og:image:type\" content=\"image\/jpeg\" \/>\n<meta name=\"author\" content=\"Julio Cesar\" \/>\n<meta name=\"twitter:card\" content=\"summary_large_image\" \/>\n<meta name=\"twitter:label1\" content=\"Escrito por\" \/>\n\t<meta name=\"twitter:data1\" content=\"Julio Cesar\" \/>\n\t<meta name=\"twitter:label2\" content=\"Est. tempo de leitura\" \/>\n\t<meta name=\"twitter:data2\" content=\"6 minutos\" \/>\n<!-- \/ Yoast SEO plugin. -->","yoast_head_json":{"title":"Falta de \u00e1gua no interior do Nordeste acende alerta nacional - Estado de Minas - Em foco","description":"A estiagem no sert\u00e3o nordestino se intensifica e exige mudan\u00e7as urgentes. Conhe\u00e7a hist\u00f3rias reais de resili\u00eancia e supera\u00e7\u00e3o em meio \u00e0 seca.","robots":{"index":"index","follow":"follow","max-snippet":"max-snippet:-1","max-image-preview":"max-image-preview:large","max-video-preview":"max-video-preview:-1"},"canonical":"https:\/\/www.em.com.br\/emfoco\/2025\/06\/21\/falta-de-agua-no-interior-do-nordeste-acende-alerta-nacional\/","og_locale":"pt_BR","og_type":"article","og_title":"Falta de \u00e1gua no interior do Nordeste acende alerta nacional - Estado de Minas - Em foco","og_description":"A estiagem no sert\u00e3o nordestino se intensifica e exige mudan\u00e7as urgentes. Conhe\u00e7a hist\u00f3rias reais de resili\u00eancia e supera\u00e7\u00e3o em meio \u00e0 seca.","og_url":"https:\/\/www.em.com.br\/emfoco\/2025\/06\/21\/falta-de-agua-no-interior-do-nordeste-acende-alerta-nacional\/","og_site_name":"Estado de Minas - Em foco","article_published_time":"2025-06-21T13:18:13+00:00","article_modified_time":"2025-06-20T21:39:55+00:00","og_image":[{"width":1280,"height":720,"url":"https:\/\/www.em.com.br\/emfoco\/wp-content\/uploads\/2025\/06\/Falta-de-agua_1750379524426.jpg","type":"image\/jpeg"}],"author":"Julio Cesar","twitter_card":"summary_large_image","twitter_misc":{"Escrito por":"Julio Cesar","Est. tempo de leitura":"6 minutos"},"schema":{"@context":"https:\/\/schema.org","@graph":[{"@type":"WebPage","@id":"https:\/\/www.em.com.br\/emfoco\/2025\/06\/21\/falta-de-agua-no-interior-do-nordeste-acende-alerta-nacional\/","url":"https:\/\/www.em.com.br\/emfoco\/2025\/06\/21\/falta-de-agua-no-interior-do-nordeste-acende-alerta-nacional\/","name":"Falta de \u00e1gua no interior do Nordeste acende alerta nacional - Estado de Minas - Em foco","isPartOf":{"@id":"https:\/\/www.em.com.br\/emfoco\/#website"},"primaryImageOfPage":{"@id":"https:\/\/www.em.com.br\/emfoco\/2025\/06\/21\/falta-de-agua-no-interior-do-nordeste-acende-alerta-nacional\/#primaryimage"},"image":{"@id":"https:\/\/www.em.com.br\/emfoco\/2025\/06\/21\/falta-de-agua-no-interior-do-nordeste-acende-alerta-nacional\/#primaryimage"},"thumbnailUrl":"https:\/\/www.em.com.br\/emfoco\/wp-content\/uploads\/2025\/06\/Falta-de-agua_1750379524426.jpg","datePublished":"2025-06-21T13:18:13+00:00","dateModified":"2025-06-20T21:39:55+00:00","author":{"@id":"https:\/\/www.em.com.br\/emfoco\/#\/schema\/person\/08c4a03e38018bbab9038d5f788321fc"},"description":"A estiagem no sert\u00e3o nordestino se intensifica e exige mudan\u00e7as urgentes. Conhe\u00e7a hist\u00f3rias reais de resili\u00eancia e supera\u00e7\u00e3o em meio \u00e0 seca.","breadcrumb":{"@id":"https:\/\/www.em.com.br\/emfoco\/2025\/06\/21\/falta-de-agua-no-interior-do-nordeste-acende-alerta-nacional\/#breadcrumb"},"inLanguage":"pt-BR","potentialAction":[{"@type":"ReadAction","target":["https:\/\/www.em.com.br\/emfoco\/2025\/06\/21\/falta-de-agua-no-interior-do-nordeste-acende-alerta-nacional\/"]}]},{"@type":"ImageObject","inLanguage":"pt-BR","@id":"https:\/\/www.em.com.br\/emfoco\/2025\/06\/21\/falta-de-agua-no-interior-do-nordeste-acende-alerta-nacional\/#primaryimage","url":"https:\/\/www.em.com.br\/emfoco\/wp-content\/uploads\/2025\/06\/Falta-de-agua_1750379524426.jpg","contentUrl":"https:\/\/www.em.com.br\/emfoco\/wp-content\/uploads\/2025\/06\/Falta-de-agua_1750379524426.jpg","width":1280,"height":720,"caption":"Falta de \u00e1gua - Cr\u00e9ditos: depositphotos.com \/ Haritonoff"},{"@type":"BreadcrumbList","@id":"https:\/\/www.em.com.br\/emfoco\/2025\/06\/21\/falta-de-agua-no-interior-do-nordeste-acende-alerta-nacional\/#breadcrumb","itemListElement":[{"@type":"ListItem","position":1,"name":"In\u00edcio","item":"https:\/\/www.em.com.br\/emfoco\/"},{"@type":"ListItem","position":2,"name":"Falta de \u00e1gua no interior do Nordeste acende alerta nacional"}]},{"@type":"WebSite","@id":"https:\/\/www.em.com.br\/emfoco\/#website","url":"https:\/\/www.em.com.br\/emfoco\/","name":"Estado de Minas - Em foco","description":"Acompanhe as \u00faltimas not\u00edcias e fique bem informado sobre tudo o que acontece em Minas Gerais, Brasil e no mundo.","potentialAction":[{"@type":"SearchAction","target":{"@type":"EntryPoint","urlTemplate":"https:\/\/www.em.com.br\/emfoco\/?s={search_term_string}"},"query-input":{"@type":"PropertyValueSpecification","valueRequired":true,"valueName":"search_term_string"}}],"inLanguage":"pt-BR"},{"@type":"Person","@id":"https:\/\/www.em.com.br\/emfoco\/#\/schema\/person\/08c4a03e38018bbab9038d5f788321fc","name":"Julio Cesar","image":{"@type":"ImageObject","inLanguage":"pt-BR","@id":"https:\/\/www.em.com.br\/emfoco\/#\/schema\/person\/image\/","url":"https:\/\/secure.gravatar.com\/avatar\/ab1ea64f0d4f4c1385f8ef10d5a6e758?s=96&d=mm&r=g","contentUrl":"https:\/\/secure.gravatar.com\/avatar\/ab1ea64f0d4f4c1385f8ef10d5a6e758?s=96&d=mm&r=g","caption":"Julio Cesar"},"url":"https:\/\/www.em.com.br\/emfoco\/author\/juliomyth\/"}]}},"_links":{"self":[{"href":"https:\/\/www.em.com.br\/emfoco\/wp-json\/wp\/v2\/posts\/64260","targetHints":{"allow":["GET"]}}],"collection":[{"href":"https:\/\/www.em.com.br\/emfoco\/wp-json\/wp\/v2\/posts"}],"about":[{"href":"https:\/\/www.em.com.br\/emfoco\/wp-json\/wp\/v2\/types\/post"}],"author":[{"embeddable":true,"href":"https:\/\/www.em.com.br\/emfoco\/wp-json\/wp\/v2\/users\/18"}],"replies":[{"embeddable":true,"href":"https:\/\/www.em.com.br\/emfoco\/wp-json\/wp\/v2\/comments?post=64260"}],"version-history":[{"count":3,"href":"https:\/\/www.em.com.br\/emfoco\/wp-json\/wp\/v2\/posts\/64260\/revisions"}],"predecessor-version":[{"id":64686,"href":"https:\/\/www.em.com.br\/emfoco\/wp-json\/wp\/v2\/posts\/64260\/revisions\/64686"}],"wp:featuredmedia":[{"embeddable":true,"href":"https:\/\/www.em.com.br\/emfoco\/wp-json\/wp\/v2\/media\/64262"}],"wp:attachment":[{"href":"https:\/\/www.em.com.br\/emfoco\/wp-json\/wp\/v2\/media?parent=64260"}],"wp:term":[{"taxonomy":"category","embeddable":true,"href":"https:\/\/www.em.com.br\/emfoco\/wp-json\/wp\/v2\/categories?post=64260"},{"taxonomy":"post_tag","embeddable":true,"href":"https:\/\/www.em.com.br\/emfoco\/wp-json\/wp\/v2\/tags?post=64260"}],"curies":[{"name":"wp","href":"https:\/\/api.w.org\/{rel}","templated":true}]}}