{"id":64255,"date":"2025-06-21T09:38:00","date_gmt":"2025-06-21T12:38:00","guid":{"rendered":"https:\/\/www.em.com.br\/emfoco\/?p=64255"},"modified":"2025-06-20T17:43:39","modified_gmt":"2025-06-20T20:43:39","slug":"5-sinais-de-que-as-redes-sociais-estao-dominando-sua-vida","status":"publish","type":"post","link":"https:\/\/www.em.com.br\/emfoco\/2025\/06\/21\/5-sinais-de-que-as-redes-sociais-estao-dominando-sua-vida\/","title":{"rendered":"5 sinais de que as redes sociais est\u00e3o dominando sua vida"},"content":{"rendered":"\n<p>O uso intenso das redes sociais se tornou uma caracter\u00edstica marcante da sociedade contempor\u00e2nea. Plataformas digitais como <strong>Facebook<\/strong>, <strong>Instagram<\/strong> e <strong>TikTok<\/strong> passaram a ocupar grande parte do tempo de milh\u00f5es de pessoas, influenciando comportamentos e rela\u00e7\u00f5es. Esse fen\u00f4meno desperta o interesse de especialistas em sa\u00fade mental, que buscam compreender os mecanismos <a href=\"https:\/\/noticias.uol.com.br\/ultimas-noticias\/rfi\/2024\/09\/25\/oms-alerta-para-risco-de-depressao-e-ansiedade-entre-jovens-usuarios-de-redes-sociais.htm\" target=\"_blank\" rel=\"noreferrer noopener\">psicol\u00f3gicos <\/a>envolvidos na depend\u00eancia dessas ferramentas.<\/p>\n\n\n\n<p>A busca por conex\u00f5es virtuais e valida\u00e7\u00e3o social, aliada \u00e0 facilidade de acesso aos dispositivos m\u00f3veis como <strong>smartphones<\/strong> e <strong>tablets<\/strong>, contribui para o aumento do tempo gasto online. Estudos recentes apontam que a depend\u00eancia de redes sociais pode afetar o bem-estar <a href=\"https:\/\/www.em.com.br\/emfoco\/2025\/06\/15\/usar-muitas-redes-sociais-pode-gerar-ansiedade\/\" target=\"_blank\" rel=\"noreferrer noopener\">emocional<\/a>, impactando autoestima, produtividade e at\u00e9 mesmo o sono. Compreender os fatores que levam ao uso compulsivo dessas plataformas \u00e9 fundamental para promover h\u00e1bitos digitais mais saud\u00e1veis.<\/p>\n\n\n\n<h2 class=\"wp-block-heading\">O que motiva o uso excessivo das redes sociais?<\/h2>\n\n\n\n<p>Entre os principais fatores que impulsionam o uso constante das redes sociais est\u00e1 a necessidade de pertencimento. O ser humano \u00e9 naturalmente social e busca aceita\u00e7\u00e3o em grupos, algo que as plataformas digitais oferecem de forma instant\u00e2nea. Curtidas, coment\u00e1rios e compartilhamentos funcionam como refor\u00e7os positivos, estimulando o retorno frequente aos aplicativos.<\/p>\n\n\n\n<p>Al\u00e9m disso, a curiosidade sobre a vida alheia e o medo de perder informa\u00e7\u00f5es relevantes, conhecido como <strong>FOMO<\/strong> (Fear of Missing Out), tamb\u00e9m alimentam o ciclo de depend\u00eancia. O design das redes sociais \u00e9 pensado para prender a aten\u00e7\u00e3o do usu\u00e1rio, utilizando notifica\u00e7\u00f5es e algoritmos que personalizam o conte\u00fado exibido, tornando a experi\u00eancia cada vez mais envolvente.<\/p>\n\n\n\n<h2 class=\"wp-block-heading\">Como o c\u00e9rebro reage ao uso constante das redes sociais?<\/h2>\n\n\n\n<p>O envolvimento frequente com plataformas digitais ativa \u00e1reas do c\u00e9rebro relacionadas \u00e0 recompensa, como o sistema dopamin\u00e9rgico. Cada nova intera\u00e7\u00e3o, seja uma curtida ou mensagem recebida, libera pequenas doses de dopamina, neurotransmissor associado ao prazer. Esse mecanismo \u00e9 semelhante ao que ocorre em outros tipos de depend\u00eancia, como jogos de azar ou consumo de certas subst\u00e2ncias.<\/p>\n\n\n\n<p>Com o tempo, o c\u00e9rebro pode passar a exigir est\u00edmulos cada vez mais frequentes para alcan\u00e7ar o mesmo n\u00edvel de satisfa\u00e7\u00e3o. Isso explica por que algumas pessoas sentem dificuldade em se desconectar, mesmo quando percebem impactos negativos em sua rotina. A depend\u00eancia de redes sociais, portanto, envolve tanto fatores psicol\u00f3gicos quanto biol\u00f3gicos.<\/p>\n\n\n\n<figure class=\"wp-block-image size-large\"><img loading=\"lazy\" decoding=\"async\" width=\"1024\" height=\"576\" src=\"https:\/\/www.em.com.br\/emfoco\/wp-content\/uploads\/2025\/06\/redes-sociais_1750379179722-1024x576.jpg\" alt=\"5 sinais de que as redes sociais est\u00e3o dominando sua vida\" class=\"wp-image-64258\" srcset=\"https:\/\/www.em.com.br\/emfoco\/wp-content\/uploads\/2025\/06\/redes-sociais_1750379179722-1024x576.jpg 1024w, https:\/\/www.em.com.br\/emfoco\/wp-content\/uploads\/2025\/06\/redes-sociais_1750379179722-300x169.jpg 300w, https:\/\/www.em.com.br\/emfoco\/wp-content\/uploads\/2025\/06\/redes-sociais_1750379179722-768x432.jpg 768w, https:\/\/www.em.com.br\/emfoco\/wp-content\/uploads\/2025\/06\/redes-sociais_1750379179722-750x422.jpg 750w, https:\/\/www.em.com.br\/emfoco\/wp-content\/uploads\/2025\/06\/redes-sociais_1750379179722-1140x641.jpg 1140w, https:\/\/www.em.com.br\/emfoco\/wp-content\/uploads\/2025\/06\/redes-sociais_1750379179722.jpg 1280w\" sizes=\"auto, (max-width: 1024px) 100vw, 1024px\" \/><figcaption class=\"wp-element-caption\">Mexendo no tablet &#8211; Cr\u00e9ditos: depositphotos.com \/ pressmaster<\/figcaption><\/figure>\n\n\n\n<h2 class=\"wp-block-heading\">Quais s\u00e3o os sinais de depend\u00eancia de redes sociais?<\/h2>\n\n\n\n<p>Identificar a depend\u00eancia digital pode ser um desafio, j\u00e1 que o uso das redes sociais \u00e9 amplamente aceito e incentivado na sociedade atual. No entanto, alguns sinais indicam que o comportamento pode estar se tornando problem\u00e1tico. Entre eles est\u00e3o a necessidade de checar notifica\u00e7\u00f5es constantemente, ansiedade ao ficar longe do celular e preju\u00edzos em atividades cotidianas, como trabalho ou estudos.<\/p>\n\n\n\n<p>Outros ind\u00edcios incluem irritabilidade quando n\u00e3o \u00e9 poss\u00edvel acessar as plataformas, perda de interesse em intera\u00e7\u00f5es presenciais e dificuldade em controlar o tempo gasto online. Reconhecer esses sintomas \u00e9 o primeiro passo para buscar estrat\u00e9gias de uso mais equilibrado e preservar a sa\u00fade mental.<\/p>\n\n\n\n<h2 class=\"wp-block-heading\">\u00c9 poss\u00edvel prevenir ou tratar a depend\u00eancia de redes sociais?<\/h2>\n\n\n\n<p>Especialistas em psicologia recomendam algumas pr\u00e1ticas para evitar o desenvolvimento da depend\u00eancia digital. Estabelecer limites de tempo para o uso das redes, desativar notifica\u00e7\u00f5es e priorizar atividades offline s\u00e3o medidas eficazes. Em casos mais graves, a busca por acompanhamento profissional pode ser necess\u00e1ria para reverter o quadro.<\/p>\n\n\n\n<p>Al\u00e9m disso, campanhas de conscientiza\u00e7\u00e3o sobre o uso saud\u00e1vel da tecnologia t\u00eam ganhado espa\u00e7o em escolas e empresas. O objetivo \u00e9 promover o equil\u00edbrio entre a vida online e offline, incentivando o autocuidado e a reflex\u00e3o sobre os impactos do consumo digital excessivo. Algumas iniciativas globais, como o <strong>Dia Mundial Sem Celular<\/strong>, mostram como datas espec\u00edficas podem mobilizar a sociedade para repensar h\u00e1bitos e estimular a desconex\u00e3o volunt\u00e1ria de maneira saud\u00e1vel.<\/p>\n\n\n\n<h2 class=\"wp-block-heading\">Perguntas e respostas<\/h2>\n\n\n\n<ol class=\"wp-block-list\">\n<li>O que \u00e9 <strong>FOMO<\/strong>? <br>Trata-se do medo de perder eventos ou informa\u00e7\u00f5es importantes, sentimento que pode aumentar o uso compulsivo das redes sociais.<\/li>\n\n\n\n<li>Redes sociais podem causar depend\u00eancia f\u00edsica? <br>N\u00e3o, mas podem gerar sintomas psicol\u00f3gicos semelhantes a outras depend\u00eancias comportamentais.<\/li>\n\n\n\n<li>Existe diferen\u00e7a entre uso intenso e depend\u00eancia? <br>Sim, a depend\u00eancia envolve preju\u00edzos \u00e0 vida pessoal, profissional ou acad\u00eamica, enquanto o uso intenso nem sempre causa danos.<\/li>\n\n\n\n<li>O uso excessivo de redes sociais pode afetar o sono? <br>Sim, principalmente quando ocorre antes de dormir, devido \u00e0 exposi\u00e7\u00e3o \u00e0 luz azul e \u00e0 estimula\u00e7\u00e3o mental.<\/li>\n\n\n\n<li>Quais profissionais podem ajudar em casos de depend\u00eancia digital? <br>Psic\u00f3logos e psiquiatras s\u00e3o os mais indicados para avalia\u00e7\u00e3o e tratamento.<\/li>\n<\/ol>\n","protected":false},"excerpt":{"rendered":"<p>O uso intenso das redes sociais se tornou uma caracter\u00edstica marcante da sociedade contempor\u00e2nea. Plataformas digitais como Facebook, Instagram e TikTok passaram a ocupar grande parte do tempo de milh\u00f5es de pessoas, influenciando comportamentos e rela\u00e7\u00f5es. Esse fen\u00f4meno desperta o interesse de especialistas em sa\u00fade mental, que buscam compreender os mecanismos psicol\u00f3gicos envolvidos na depend\u00eancia [&hellip;]<\/p>\n","protected":false},"author":18,"featured_media":64257,"comment_status":"open","ping_status":"open","sticky":false,"template":"","format":"standard","meta":{"jnews-multi-image_gallery":[],"jnews_single_post":{"format":"standard"},"jnews_primary_category":[],"jnews_social_meta":[],"jnews_override_counter":[],"footnotes":""},"categories":[9053],"tags":[9655,2398,415,4930],"class_list":["post-64255","post","type-post","status-publish","format-standard","has-post-thumbnail","hentry","category-saude","tag-dependencia","tag-redes-sociais","tag-saude","tag-saude-emocional"],"yoast_head":"<!-- This site is optimized with the Yoast SEO plugin v23.8 - https:\/\/yoast.com\/wordpress\/plugins\/seo\/ -->\n<title>5 sinais de que as redes sociais est\u00e3o dominando sua vida - Estado de Minas - Em foco<\/title>\n<meta name=\"description\" content=\"A depend\u00eancia de redes sociais pode estar afetando sua sa\u00fade sem que voc\u00ea perceba. Veja os sinais e como recuperar o controle da sua aten\u00e7\u00e3o.\" \/>\n<meta name=\"robots\" content=\"index, follow, max-snippet:-1, max-image-preview:large, max-video-preview:-1\" \/>\n<link rel=\"canonical\" href=\"https:\/\/www.em.com.br\/emfoco\/2025\/06\/21\/5-sinais-de-que-as-redes-sociais-estao-dominando-sua-vida\/\" \/>\n<meta property=\"og:locale\" content=\"pt_BR\" \/>\n<meta property=\"og:type\" content=\"article\" \/>\n<meta property=\"og:title\" content=\"5 sinais de que as redes sociais est\u00e3o dominando sua vida - Estado de Minas - Em foco\" \/>\n<meta property=\"og:description\" content=\"A depend\u00eancia de redes sociais pode estar afetando sua sa\u00fade sem que voc\u00ea perceba. Veja os sinais e como recuperar o controle da sua aten\u00e7\u00e3o.\" \/>\n<meta property=\"og:url\" content=\"https:\/\/www.em.com.br\/emfoco\/2025\/06\/21\/5-sinais-de-que-as-redes-sociais-estao-dominando-sua-vida\/\" \/>\n<meta property=\"og:site_name\" content=\"Estado de Minas - Em foco\" \/>\n<meta property=\"article:published_time\" content=\"2025-06-21T12:38:00+00:00\" \/>\n<meta property=\"article:modified_time\" content=\"2025-06-20T20:43:39+00:00\" \/>\n<meta property=\"og:image\" content=\"https:\/\/www.em.com.br\/emfoco\/wp-content\/uploads\/2025\/06\/redes-sociais_1750379135575.jpg\" \/>\n\t<meta property=\"og:image:width\" content=\"1280\" \/>\n\t<meta property=\"og:image:height\" content=\"720\" \/>\n\t<meta property=\"og:image:type\" content=\"image\/jpeg\" \/>\n<meta name=\"author\" content=\"Julio Cesar\" \/>\n<meta name=\"twitter:card\" content=\"summary_large_image\" \/>\n<meta name=\"twitter:label1\" content=\"Escrito por\" \/>\n\t<meta name=\"twitter:data1\" content=\"Julio Cesar\" \/>\n\t<meta name=\"twitter:label2\" content=\"Est. tempo de leitura\" \/>\n\t<meta name=\"twitter:data2\" content=\"5 minutos\" \/>\n<!-- \/ Yoast SEO plugin. -->","yoast_head_json":{"title":"5 sinais de que as redes sociais est\u00e3o dominando sua vida - Estado de Minas - Em foco","description":"A depend\u00eancia de redes sociais pode estar afetando sua sa\u00fade sem que voc\u00ea perceba. Veja os sinais e como recuperar o controle da sua aten\u00e7\u00e3o.","robots":{"index":"index","follow":"follow","max-snippet":"max-snippet:-1","max-image-preview":"max-image-preview:large","max-video-preview":"max-video-preview:-1"},"canonical":"https:\/\/www.em.com.br\/emfoco\/2025\/06\/21\/5-sinais-de-que-as-redes-sociais-estao-dominando-sua-vida\/","og_locale":"pt_BR","og_type":"article","og_title":"5 sinais de que as redes sociais est\u00e3o dominando sua vida - Estado de Minas - Em foco","og_description":"A depend\u00eancia de redes sociais pode estar afetando sua sa\u00fade sem que voc\u00ea perceba. Veja os sinais e como recuperar o controle da sua aten\u00e7\u00e3o.","og_url":"https:\/\/www.em.com.br\/emfoco\/2025\/06\/21\/5-sinais-de-que-as-redes-sociais-estao-dominando-sua-vida\/","og_site_name":"Estado de Minas - Em foco","article_published_time":"2025-06-21T12:38:00+00:00","article_modified_time":"2025-06-20T20:43:39+00:00","og_image":[{"width":1280,"height":720,"url":"https:\/\/www.em.com.br\/emfoco\/wp-content\/uploads\/2025\/06\/redes-sociais_1750379135575.jpg","type":"image\/jpeg"}],"author":"Julio Cesar","twitter_card":"summary_large_image","twitter_misc":{"Escrito por":"Julio Cesar","Est. tempo de leitura":"5 minutos"},"schema":{"@context":"https:\/\/schema.org","@graph":[{"@type":"WebPage","@id":"https:\/\/www.em.com.br\/emfoco\/2025\/06\/21\/5-sinais-de-que-as-redes-sociais-estao-dominando-sua-vida\/","url":"https:\/\/www.em.com.br\/emfoco\/2025\/06\/21\/5-sinais-de-que-as-redes-sociais-estao-dominando-sua-vida\/","name":"5 sinais de que as redes sociais est\u00e3o dominando sua vida - Estado de Minas - Em foco","isPartOf":{"@id":"https:\/\/www.em.com.br\/emfoco\/#website"},"primaryImageOfPage":{"@id":"https:\/\/www.em.com.br\/emfoco\/2025\/06\/21\/5-sinais-de-que-as-redes-sociais-estao-dominando-sua-vida\/#primaryimage"},"image":{"@id":"https:\/\/www.em.com.br\/emfoco\/2025\/06\/21\/5-sinais-de-que-as-redes-sociais-estao-dominando-sua-vida\/#primaryimage"},"thumbnailUrl":"https:\/\/www.em.com.br\/emfoco\/wp-content\/uploads\/2025\/06\/redes-sociais_1750379135575.jpg","datePublished":"2025-06-21T12:38:00+00:00","dateModified":"2025-06-20T20:43:39+00:00","author":{"@id":"https:\/\/www.em.com.br\/emfoco\/#\/schema\/person\/08c4a03e38018bbab9038d5f788321fc"},"description":"A depend\u00eancia de redes sociais pode estar afetando sua sa\u00fade sem que voc\u00ea perceba. Veja os sinais e como recuperar o controle da sua aten\u00e7\u00e3o.","breadcrumb":{"@id":"https:\/\/www.em.com.br\/emfoco\/2025\/06\/21\/5-sinais-de-que-as-redes-sociais-estao-dominando-sua-vida\/#breadcrumb"},"inLanguage":"pt-BR","potentialAction":[{"@type":"ReadAction","target":["https:\/\/www.em.com.br\/emfoco\/2025\/06\/21\/5-sinais-de-que-as-redes-sociais-estao-dominando-sua-vida\/"]}]},{"@type":"ImageObject","inLanguage":"pt-BR","@id":"https:\/\/www.em.com.br\/emfoco\/2025\/06\/21\/5-sinais-de-que-as-redes-sociais-estao-dominando-sua-vida\/#primaryimage","url":"https:\/\/www.em.com.br\/emfoco\/wp-content\/uploads\/2025\/06\/redes-sociais_1750379135575.jpg","contentUrl":"https:\/\/www.em.com.br\/emfoco\/wp-content\/uploads\/2025\/06\/redes-sociais_1750379135575.jpg","width":1280,"height":720,"caption":"Usando celular - Cr\u00e9ditos: depositphotos.com \/ GaudiLab"},{"@type":"BreadcrumbList","@id":"https:\/\/www.em.com.br\/emfoco\/2025\/06\/21\/5-sinais-de-que-as-redes-sociais-estao-dominando-sua-vida\/#breadcrumb","itemListElement":[{"@type":"ListItem","position":1,"name":"In\u00edcio","item":"https:\/\/www.em.com.br\/emfoco\/"},{"@type":"ListItem","position":2,"name":"5 sinais de que as redes sociais est\u00e3o dominando sua vida"}]},{"@type":"WebSite","@id":"https:\/\/www.em.com.br\/emfoco\/#website","url":"https:\/\/www.em.com.br\/emfoco\/","name":"Estado de Minas - Em foco","description":"Acompanhe as \u00faltimas not\u00edcias e fique bem informado sobre tudo o que acontece em Minas Gerais, Brasil e no mundo.","potentialAction":[{"@type":"SearchAction","target":{"@type":"EntryPoint","urlTemplate":"https:\/\/www.em.com.br\/emfoco\/?s={search_term_string}"},"query-input":{"@type":"PropertyValueSpecification","valueRequired":true,"valueName":"search_term_string"}}],"inLanguage":"pt-BR"},{"@type":"Person","@id":"https:\/\/www.em.com.br\/emfoco\/#\/schema\/person\/08c4a03e38018bbab9038d5f788321fc","name":"Julio Cesar","image":{"@type":"ImageObject","inLanguage":"pt-BR","@id":"https:\/\/www.em.com.br\/emfoco\/#\/schema\/person\/image\/","url":"https:\/\/secure.gravatar.com\/avatar\/ab1ea64f0d4f4c1385f8ef10d5a6e758?s=96&d=mm&r=g","contentUrl":"https:\/\/secure.gravatar.com\/avatar\/ab1ea64f0d4f4c1385f8ef10d5a6e758?s=96&d=mm&r=g","caption":"Julio Cesar"},"url":"https:\/\/www.em.com.br\/emfoco\/author\/juliomyth\/"}]}},"_links":{"self":[{"href":"https:\/\/www.em.com.br\/emfoco\/wp-json\/wp\/v2\/posts\/64255","targetHints":{"allow":["GET"]}}],"collection":[{"href":"https:\/\/www.em.com.br\/emfoco\/wp-json\/wp\/v2\/posts"}],"about":[{"href":"https:\/\/www.em.com.br\/emfoco\/wp-json\/wp\/v2\/types\/post"}],"author":[{"embeddable":true,"href":"https:\/\/www.em.com.br\/emfoco\/wp-json\/wp\/v2\/users\/18"}],"replies":[{"embeddable":true,"href":"https:\/\/www.em.com.br\/emfoco\/wp-json\/wp\/v2\/comments?post=64255"}],"version-history":[{"count":1,"href":"https:\/\/www.em.com.br\/emfoco\/wp-json\/wp\/v2\/posts\/64255\/revisions"}],"predecessor-version":[{"id":64259,"href":"https:\/\/www.em.com.br\/emfoco\/wp-json\/wp\/v2\/posts\/64255\/revisions\/64259"}],"wp:featuredmedia":[{"embeddable":true,"href":"https:\/\/www.em.com.br\/emfoco\/wp-json\/wp\/v2\/media\/64257"}],"wp:attachment":[{"href":"https:\/\/www.em.com.br\/emfoco\/wp-json\/wp\/v2\/media?parent=64255"}],"wp:term":[{"taxonomy":"category","embeddable":true,"href":"https:\/\/www.em.com.br\/emfoco\/wp-json\/wp\/v2\/categories?post=64255"},{"taxonomy":"post_tag","embeddable":true,"href":"https:\/\/www.em.com.br\/emfoco\/wp-json\/wp\/v2\/tags?post=64255"}],"curies":[{"name":"wp","href":"https:\/\/api.w.org\/{rel}","templated":true}]}}