{"id":63964,"date":"2025-06-22T17:48:00","date_gmt":"2025-06-22T20:48:00","guid":{"rendered":"https:\/\/www.em.com.br\/emfoco\/?p=63964"},"modified":"2025-06-21T21:23:19","modified_gmt":"2025-06-22T00:23:19","slug":"essa-capital-virou-o-novo-sonho-de-quem-busca-equilibrio-entre-tradicao-e-futuro","status":"publish","type":"post","link":"https:\/\/www.em.com.br\/emfoco\/2025\/06\/22\/essa-capital-virou-o-novo-sonho-de-quem-busca-equilibrio-entre-tradicao-e-futuro\/","title":{"rendered":"Essa capital virou o novo sonho de quem busca equil\u00edbrio entre tradi\u00e7\u00e3o e futuro"},"content":{"rendered":"\n<p><strong>T\u00f3quio<\/strong>, capital do <strong>Jap\u00e3o<\/strong>, \u00e9 uma metr\u00f3pole que mistura tradi\u00e7\u00e3o e modernidade, sendo reconhecida mundialmente por sua infraestrutura avan\u00e7ada, cultura vibrante e oportunidades diversas. Com uma popula\u00e7\u00e3o que ultrapassa 14 milh\u00f5es de habitantes em 2025, a cidade se destaca como um dos principais centros urbanos do planeta, atraindo visitantes, estudantes e profissionais de todas as partes do mundo.<\/p>\n\n\n\n<p>O cotidiano em T\u00f3quio \u00e9 marcado por uma rotina din\u00e2mica, onde a efici\u00eancia dos transportes p\u00fablicos, a seguran\u00e7a nas ruas e a variedade de servi\u00e7os facilitam a vida dos moradores. A cidade oferece desde bairros hist\u00f3ricos, como <strong>Asakusa<\/strong>, at\u00e9 \u00e1reas tecnol\u00f3gicas, como <strong>Akihabara<\/strong>, proporcionando experi\u00eancias \u00fanicas para quem busca qualidade de vida e inova\u00e7\u00e3o.<\/p>\n\n\n\n<h2 class=\"wp-block-heading\">Qual \u00e9 a qualidade de vida em T\u00f3quio?<\/h2>\n\n\n\n<p><strong>A qualidade de vida em T\u00f3quio \u00e9 frequentemente apontada como uma das melhores entre grandes cidades globais.<\/strong> O sistema de sa\u00fade \u00e9 eficiente, com hospitais modernos e atendimento acess\u00edvel. <strong>A seguran\u00e7a \u00e9 outro destaque, j\u00e1 que \u00edndices de criminalidade permanecem baixos em compara\u00e7\u00e3o com outras metr\u00f3poles do mesmo porte.<\/strong> Al\u00e9m disso, a limpeza das ruas e o respeito \u00e0s regras de conviv\u00eancia contribuem para um ambiente urbano agrad\u00e1vel.<\/p>\n\n\n\n<p>O transporte p\u00fablico, composto por metr\u00f4s, trens e \u00f4nibus, \u00e9 conhecido pela pontualidade e abrang\u00eancia, facilitando o deslocamento di\u00e1rio. Parques, jardins e \u00e1reas verdes, como o <strong>Shinjuku Gyoen<\/strong>, oferecem op\u00e7\u00f5es de lazer e contato com a natureza, mesmo em meio ao cen\u00e1rio urbano.<\/p>\n\n\n\n<figure class=\"wp-block-image size-large\"><img loading=\"lazy\" decoding=\"async\" width=\"1024\" height=\"576\" src=\"https:\/\/www.em.com.br\/emfoco\/wp-content\/uploads\/2025\/05\/Tokyo_1747066565400-1024x576.jpg\" alt=\"Uma das cidades mais incr\u00edveis do mundo que mistura passado e o futuro em perfeita harmonia\" class=\"wp-image-46591\" srcset=\"https:\/\/www.em.com.br\/emfoco\/wp-content\/uploads\/2025\/05\/Tokyo_1747066565400-1024x576.jpg 1024w, https:\/\/www.em.com.br\/emfoco\/wp-content\/uploads\/2025\/05\/Tokyo_1747066565400-300x169.jpg 300w, https:\/\/www.em.com.br\/emfoco\/wp-content\/uploads\/2025\/05\/Tokyo_1747066565400-768x432.jpg 768w, https:\/\/www.em.com.br\/emfoco\/wp-content\/uploads\/2025\/05\/Tokyo_1747066565400-750x422.jpg 750w, https:\/\/www.em.com.br\/emfoco\/wp-content\/uploads\/2025\/05\/Tokyo_1747066565400-1140x641.jpg 1140w, https:\/\/www.em.com.br\/emfoco\/wp-content\/uploads\/2025\/05\/Tokyo_1747066565400.jpg 1280w\" sizes=\"auto, (max-width: 1024px) 100vw, 1024px\" \/><figcaption class=\"wp-element-caption\">Shibuya, T\u00f3quio &#8211; Cr\u00e9ditos: depositphotos.com \/ sepavone<\/figcaption><\/figure>\n\n\n\n<h2 class=\"wp-block-heading\">Como T\u00f3quio promove a sustentabilidade?<\/h2>\n\n\n\n<p><strong>A preocupa\u00e7\u00e3o com o meio ambiente \u00e9 evidente nas pol\u00edticas p\u00fablicas e iniciativas privadas em T\u00f3quio.<\/strong> A cidade investe em energia limpa, como a solar, e incentiva a redu\u00e7\u00e3o do consumo de pl\u00e1stico. Programas de reciclagem s\u00e3o amplamente divulgados e seguidos pela popula\u00e7\u00e3o, que separa res\u00edduos dom\u00e9sticos em diversas categorias.<\/p>\n\n\n\n<ul class=\"wp-block-list\">\n<li>Expans\u00e3o de ciclovias e incentivo ao uso de bicicletas<\/li>\n\n\n\n<li>Constru\u00e7\u00e3o de edif\u00edcios com certifica\u00e7\u00e3o ambiental<\/li>\n\n\n\n<li>Projetos de reflorestamento urbano<\/li>\n<\/ul>\n\n\n\n<p>Essas a\u00e7\u00f5es refletem o compromisso de T\u00f3quio com o desenvolvimento sustent\u00e1vel e a preserva\u00e7\u00e3o dos recursos naturais para as pr\u00f3ximas gera\u00e7\u00f5es. Recentemente, a capital tem implementado projetos de capta\u00e7\u00e3o e reuso de \u00e1gua, assim como o fortalecimento de pol\u00edticas para neutralidade de carbono at\u00e9 2050.<\/p>\n\n\n\n<h2 class=\"wp-block-heading\">Vale a pena morar em T\u00f3quio?<\/h2>\n\n\n\n<p><strong>Viver em T\u00f3quio pode ser uma experi\u00eancia enriquecedora para quem busca oportunidades profissionais, acesso \u00e0 cultura e qualidade de vida.<\/strong> A cidade oferece uma ampla gama de empregos, escolas internacionais e op\u00e7\u00f5es de lazer. No entanto, o custo de vida pode ser elevado, especialmente em rela\u00e7\u00e3o \u00e0 moradia e alimenta\u00e7\u00e3o.<\/p>\n\n\n\n<p><strong>Para quem valoriza seguran\u00e7a, infraestrutura eficiente e acesso a servi\u00e7os de alta qualidade, T\u00f3quio se apresenta como uma escolha interessante.<\/strong> \u00c9 importante considerar o ritmo acelerado da cidade e a necessidade de adapta\u00e7\u00e3o \u00e0 cultura local. Para quem deseja equilibrar a rotina urbana e tranquilidade, tamb\u00e9m h\u00e1 bairros mais residenciais e comunidades estrangeiras bem estabelecidas.<\/p>\n\n\n\n<h2 class=\"wp-block-heading\">Como \u00e9 a educa\u00e7\u00e3o em T\u00f3quio?<\/h2>\n\n\n\n<p><strong>A educa\u00e7\u00e3o em T\u00f3quio \u00e9 reconhecida pela excel\u00eancia acad\u00eamica e disciplina.<\/strong> O sistema escolar japon\u00eas \u00e9 rigoroso, com foco em matem\u00e1tica, ci\u00eancias e l\u00ednguas. Existem escolas p\u00fablicas e privadas, al\u00e9m de institui\u00e7\u00f5es internacionais que atendem a comunidade estrangeira.<\/p>\n\n\n\n<ol class=\"wp-block-list\">\n<li>Ensino fundamental obrigat\u00f3rio at\u00e9 os 15 anos<\/li>\n\n\n\n<li>Grande oferta de universidades renomadas, como a <strong><a href=\"https:\/\/www.u-tokyo.ac.jp\/en\/\" target=\"_blank\" rel=\"noreferrer noopener\">Universidade de T\u00f3quio<\/a><\/strong><\/li>\n\n\n\n<li>Programas de interc\u00e2mbio e bolsas para estudantes estrangeiros<\/li>\n<\/ol>\n\n\n\n<p>O acesso \u00e0 educa\u00e7\u00e3o de qualidade \u00e9 um dos fatores que contribuem para o desenvolvimento social e econ\u00f4mico da cidade. Recentemente, T\u00f3quio tem investido fortemente no ensino bil\u00edngue e em parcerias internacionais, tornando-se ainda mais atrativa para estudantes de todo o mundo.<\/p>\n\n\n\n<h2 class=\"wp-block-heading\">Qual \u00e9 a economia local e as oportunidades de trabalho em T\u00f3quio?<\/h2>\n\n\n\n<p><strong>T\u00f3quio \u00e9 o principal centro financeiro do Jap\u00e3o e um dos mais importantes do mundo.<\/strong> A economia local \u00e9 diversificada, abrangendo setores como tecnologia, finan\u00e7as, com\u00e9rcio, turismo e ind\u00fastrias criativas. Empresas multinacionais e startups inovadoras t\u00eam sede na cidade, gerando empregos em diferentes \u00e1reas.<\/p>\n\n\n\n<p><strong>O mercado de trabalho \u00e9 competitivo, exigindo qualifica\u00e7\u00e3o e, muitas vezes, dom\u00ednio do idioma japon\u00eas.<\/strong> Profissionais estrangeiros encontram oportunidades principalmente em tecnologia da informa\u00e7\u00e3o, ensino de idiomas e pesquisa cient\u00edfica. Al\u00e9m disso, \u00e1reas de rob\u00f3tica, intelig\u00eancia artificial e energias renov\u00e1veis est\u00e3o em crescimento, abrindo novas oportunidades.<\/p>\n\n\n\n<h2 class=\"wp-block-heading\">O que fazer em T\u00f3quio?<\/h2>\n\n\n\n<p><strong>A variedade de atra\u00e7\u00f5es em T\u00f3quio atende a todos os perfis de visitantes.<\/strong> Entre os pontos tur\u00edsticos mais conhecidos est\u00e3o o Templo Senso-ji, a Torre de T\u00f3quio e o bairro de Shibuya, famoso pelo cruzamento movimentado. Para quem aprecia cultura, museus como o Museu Nacional de T\u00f3quio e teatros tradicionais s\u00e3o excelentes op\u00e7\u00f5es.<\/p>\n\n\n\n<ul class=\"wp-block-list\">\n<li>Explorar mercados de rua, como Tsukiji<\/li>\n\n\n\n<li>Visitar parques durante a flora\u00e7\u00e3o das cerejeiras<\/li>\n\n\n\n<li>Conhecer lojas de eletr\u00f4nicos em Akihabara<\/li>\n\n\n\n<li>Desfrutar da culin\u00e1ria local em izakayas e restaurantes de sushi<\/li>\n<\/ul>\n\n\n\n<h2 class=\"wp-block-heading\">O que devo saber antes de visitar T\u00f3quio?<\/h2>\n\n\n\n<p><strong>Antes de viajar para T\u00f3quio, \u00e9 importante se informar sobre costumes locais, regras de etiqueta e funcionamento do transporte p\u00fablico.<\/strong> O respeito \u00e0s normas sociais, como n\u00e3o falar alto em ambientes fechados e evitar o uso do celular em trens, \u00e9 valorizado. Cart\u00f5es de transporte, como o Suica, facilitam a locomo\u00e7\u00e3o pela cidade.<\/p>\n\n\n\n<p>Al\u00e9m disso, a moeda oficial \u00e9 o iene, e muitos estabelecimentos ainda preferem pagamentos em dinheiro. O clima varia ao longo do ano, com ver\u00f5es quentes e invernos frios, sendo recomend\u00e1vel planejar a viagem conforme a esta\u00e7\u00e3o. Tanto para turistas quanto para residentes tempor\u00e1rios, vale pesquisar sobre acomoda\u00e7\u00e3o e dicas de etiqueta para evitar constrangimentos culturais.<\/p>\n\n\n\n<h2 class=\"wp-block-heading\">Vale a pena visitar T\u00f3quio?<\/h2>\n\n\n\n<p><strong>T\u00f3quio oferece uma experi\u00eancia \u00fanica para quem deseja conhecer uma metr\u00f3pole que alia tradi\u00e7\u00e3o e inova\u00e7\u00e3o.<\/strong> A cidade proporciona contato com a cultura japonesa, <strong><a href=\"https:\/\/www.em.com.br\/emfoco\/2025\/02\/19\/melhor-gastronomia-do-brasil-conheca-a-cidade-que-e-referencia-em-sabor\/\" target=\"_blank\" rel=\"noreferrer noopener\">gastronomia <\/a><\/strong>diversificada e atra\u00e7\u00f5es para todas as idades. Seja para turismo, estudos ou neg\u00f3cios, a capital japonesa se destaca como um destino relevante no cen\u00e1rio internacional.<\/p>\n\n\n\n<h2 class=\"wp-block-heading\">Como chegar em T\u00f3quio?<\/h2>\n\n\n\n<p><strong>O acesso a T\u00f3quio \u00e9 facilitado por dois grandes aeroportos internacionais: Narita e Haneda.<\/strong> Ambos recebem voos diretos de diversas cidades do mundo, inclusive do Brasil. O transporte do aeroporto ao centro pode ser feito por trem, \u00f4nibus ou t\u00e1xi, com op\u00e7\u00f5es para diferentes or\u00e7amentos.<\/p>\n\n\n\n<p>Al\u00e9m do transporte a\u00e9reo, T\u00f3quio est\u00e1 conectada a outras regi\u00f5es do Jap\u00e3o por meio do shinkansen, o trem-bala, que garante viagens r\u00e1pidas e confort\u00e1veis. Para quem j\u00e1 est\u00e1 no pa\u00eds, \u00f4nibus rodovi\u00e1rios e linhas ferrovi\u00e1rias tamb\u00e9m s\u00e3o alternativas vi\u00e1veis.<\/p>\n","protected":false},"excerpt":{"rendered":"<p>T\u00f3quio, capital do Jap\u00e3o, \u00e9 uma metr\u00f3pole que mistura tradi\u00e7\u00e3o e modernidade, sendo reconhecida mundialmente por sua infraestrutura avan\u00e7ada, cultura vibrante e oportunidades diversas. Com uma popula\u00e7\u00e3o que ultrapassa 14 milh\u00f5es de habitantes em 2025, a cidade se destaca como um dos principais centros urbanos do planeta, atraindo visitantes, estudantes e profissionais de todas as [&hellip;]<\/p>\n","protected":false},"author":13,"featured_media":46588,"comment_status":"open","ping_status":"open","sticky":false,"template":"","format":"standard","meta":{"jnews-multi-image_gallery":[],"jnews_single_post":{"format":"standard"},"jnews_primary_category":[],"jnews_social_meta":[],"jnews_override_counter":[],"footnotes":""},"categories":[26],"tags":[2088,327,325,8552],"class_list":["post-63964","post","type-post","status-publish","format-standard","has-post-thumbnail","hentry","category-cidades","tag-japao","tag-qualidade-de-vida","tag-sustentabilidade","tag-toquio"],"yoast_head":"<!-- This site is optimized with the Yoast SEO plugin v23.8 - https:\/\/yoast.com\/wordpress\/plugins\/seo\/ -->\n<title>Essa capital virou o novo sonho de quem busca equil\u00edbrio entre tradi\u00e7\u00e3o e futuro - Estado de Minas - Em foco<\/title>\n<meta name=\"description\" content=\"Mistura de tradi\u00e7\u00e3o e alta tecnologia, a capital japonesa impressiona por sua organiza\u00e7\u00e3o, cultura e oportunidades.\" \/>\n<meta name=\"robots\" content=\"index, follow, max-snippet:-1, max-image-preview:large, max-video-preview:-1\" \/>\n<link rel=\"canonical\" href=\"https:\/\/www.em.com.br\/emfoco\/2025\/06\/22\/essa-capital-virou-o-novo-sonho-de-quem-busca-equilibrio-entre-tradicao-e-futuro\/\" \/>\n<meta property=\"og:locale\" content=\"pt_BR\" \/>\n<meta property=\"og:type\" content=\"article\" \/>\n<meta property=\"og:title\" content=\"Essa capital virou o novo sonho de quem busca equil\u00edbrio entre tradi\u00e7\u00e3o e futuro - Estado de Minas - Em foco\" \/>\n<meta property=\"og:description\" content=\"Mistura de tradi\u00e7\u00e3o e alta tecnologia, a capital japonesa impressiona por sua organiza\u00e7\u00e3o, cultura e oportunidades.\" \/>\n<meta property=\"og:url\" content=\"https:\/\/www.em.com.br\/emfoco\/2025\/06\/22\/essa-capital-virou-o-novo-sonho-de-quem-busca-equilibrio-entre-tradicao-e-futuro\/\" \/>\n<meta property=\"og:site_name\" content=\"Estado de Minas - Em foco\" \/>\n<meta property=\"article:published_time\" content=\"2025-06-22T20:48:00+00:00\" \/>\n<meta property=\"article:modified_time\" content=\"2025-06-22T00:23:19+00:00\" \/>\n<meta property=\"og:image\" content=\"https:\/\/www.em.com.br\/emfoco\/wp-content\/uploads\/2025\/05\/Toquio_1747066520867.jpg\" \/>\n\t<meta property=\"og:image:width\" content=\"1280\" \/>\n\t<meta property=\"og:image:height\" content=\"720\" \/>\n\t<meta property=\"og:image:type\" content=\"image\/jpeg\" \/>\n<meta name=\"author\" content=\"Gabriel Martins\" \/>\n<meta name=\"twitter:card\" content=\"summary_large_image\" \/>\n<meta name=\"twitter:label1\" content=\"Escrito por\" \/>\n\t<meta name=\"twitter:data1\" content=\"Gabriel Martins\" \/>\n\t<meta name=\"twitter:label2\" content=\"Est. tempo de leitura\" \/>\n\t<meta name=\"twitter:data2\" content=\"7 minutos\" \/>\n<!-- \/ Yoast SEO plugin. -->","yoast_head_json":{"title":"Essa capital virou o novo sonho de quem busca equil\u00edbrio entre tradi\u00e7\u00e3o e futuro - Estado de Minas - Em foco","description":"Mistura de tradi\u00e7\u00e3o e alta tecnologia, a capital japonesa impressiona por sua organiza\u00e7\u00e3o, cultura e oportunidades.","robots":{"index":"index","follow":"follow","max-snippet":"max-snippet:-1","max-image-preview":"max-image-preview:large","max-video-preview":"max-video-preview:-1"},"canonical":"https:\/\/www.em.com.br\/emfoco\/2025\/06\/22\/essa-capital-virou-o-novo-sonho-de-quem-busca-equilibrio-entre-tradicao-e-futuro\/","og_locale":"pt_BR","og_type":"article","og_title":"Essa capital virou o novo sonho de quem busca equil\u00edbrio entre tradi\u00e7\u00e3o e futuro - Estado de Minas - Em foco","og_description":"Mistura de tradi\u00e7\u00e3o e alta tecnologia, a capital japonesa impressiona por sua organiza\u00e7\u00e3o, cultura e oportunidades.","og_url":"https:\/\/www.em.com.br\/emfoco\/2025\/06\/22\/essa-capital-virou-o-novo-sonho-de-quem-busca-equilibrio-entre-tradicao-e-futuro\/","og_site_name":"Estado de Minas - Em foco","article_published_time":"2025-06-22T20:48:00+00:00","article_modified_time":"2025-06-22T00:23:19+00:00","og_image":[{"width":1280,"height":720,"url":"https:\/\/www.em.com.br\/emfoco\/wp-content\/uploads\/2025\/05\/Toquio_1747066520867.jpg","type":"image\/jpeg"}],"author":"Gabriel Martins","twitter_card":"summary_large_image","twitter_misc":{"Escrito por":"Gabriel Martins","Est. tempo de leitura":"7 minutos"},"schema":{"@context":"https:\/\/schema.org","@graph":[{"@type":"WebPage","@id":"https:\/\/www.em.com.br\/emfoco\/2025\/06\/22\/essa-capital-virou-o-novo-sonho-de-quem-busca-equilibrio-entre-tradicao-e-futuro\/","url":"https:\/\/www.em.com.br\/emfoco\/2025\/06\/22\/essa-capital-virou-o-novo-sonho-de-quem-busca-equilibrio-entre-tradicao-e-futuro\/","name":"Essa capital virou o novo sonho de quem busca equil\u00edbrio entre tradi\u00e7\u00e3o e futuro - Estado de Minas - Em foco","isPartOf":{"@id":"https:\/\/www.em.com.br\/emfoco\/#website"},"primaryImageOfPage":{"@id":"https:\/\/www.em.com.br\/emfoco\/2025\/06\/22\/essa-capital-virou-o-novo-sonho-de-quem-busca-equilibrio-entre-tradicao-e-futuro\/#primaryimage"},"image":{"@id":"https:\/\/www.em.com.br\/emfoco\/2025\/06\/22\/essa-capital-virou-o-novo-sonho-de-quem-busca-equilibrio-entre-tradicao-e-futuro\/#primaryimage"},"thumbnailUrl":"https:\/\/www.em.com.br\/emfoco\/wp-content\/uploads\/2025\/05\/Toquio_1747066520867.jpg","datePublished":"2025-06-22T20:48:00+00:00","dateModified":"2025-06-22T00:23:19+00:00","author":{"@id":"https:\/\/www.em.com.br\/emfoco\/#\/schema\/person\/1c9ddeab18b98abeffef834667bcf08a"},"description":"Mistura de tradi\u00e7\u00e3o e alta tecnologia, a capital japonesa impressiona por sua organiza\u00e7\u00e3o, cultura e oportunidades.","breadcrumb":{"@id":"https:\/\/www.em.com.br\/emfoco\/2025\/06\/22\/essa-capital-virou-o-novo-sonho-de-quem-busca-equilibrio-entre-tradicao-e-futuro\/#breadcrumb"},"inLanguage":"pt-BR","potentialAction":[{"@type":"ReadAction","target":["https:\/\/www.em.com.br\/emfoco\/2025\/06\/22\/essa-capital-virou-o-novo-sonho-de-quem-busca-equilibrio-entre-tradicao-e-futuro\/"]}]},{"@type":"ImageObject","inLanguage":"pt-BR","@id":"https:\/\/www.em.com.br\/emfoco\/2025\/06\/22\/essa-capital-virou-o-novo-sonho-de-quem-busca-equilibrio-entre-tradicao-e-futuro\/#primaryimage","url":"https:\/\/www.em.com.br\/emfoco\/wp-content\/uploads\/2025\/05\/Toquio_1747066520867.jpg","contentUrl":"https:\/\/www.em.com.br\/emfoco\/wp-content\/uploads\/2025\/05\/Toquio_1747066520867.jpg","width":1280,"height":720,"caption":"T\u00f3quio, Jap\u00e3o - Cr\u00e9ditos: depositphotos.com \/ sepavone"},{"@type":"BreadcrumbList","@id":"https:\/\/www.em.com.br\/emfoco\/2025\/06\/22\/essa-capital-virou-o-novo-sonho-de-quem-busca-equilibrio-entre-tradicao-e-futuro\/#breadcrumb","itemListElement":[{"@type":"ListItem","position":1,"name":"In\u00edcio","item":"https:\/\/www.em.com.br\/emfoco\/"},{"@type":"ListItem","position":2,"name":"Essa capital virou o novo sonho de quem busca equil\u00edbrio entre tradi\u00e7\u00e3o e futuro"}]},{"@type":"WebSite","@id":"https:\/\/www.em.com.br\/emfoco\/#website","url":"https:\/\/www.em.com.br\/emfoco\/","name":"Estado de Minas - Em foco","description":"Acompanhe as \u00faltimas not\u00edcias e fique bem informado sobre tudo o que acontece em Minas Gerais, Brasil e no mundo.","potentialAction":[{"@type":"SearchAction","target":{"@type":"EntryPoint","urlTemplate":"https:\/\/www.em.com.br\/emfoco\/?s={search_term_string}"},"query-input":{"@type":"PropertyValueSpecification","valueRequired":true,"valueName":"search_term_string"}}],"inLanguage":"pt-BR"},{"@type":"Person","@id":"https:\/\/www.em.com.br\/emfoco\/#\/schema\/person\/1c9ddeab18b98abeffef834667bcf08a","name":"Gabriel Martins","image":{"@type":"ImageObject","inLanguage":"pt-BR","@id":"https:\/\/www.em.com.br\/emfoco\/#\/schema\/person\/image\/","url":"https:\/\/secure.gravatar.com\/avatar\/f0f1e2efdfd88f1ad2cb08c5c2731e50?s=96&d=mm&r=g","contentUrl":"https:\/\/secure.gravatar.com\/avatar\/f0f1e2efdfd88f1ad2cb08c5c2731e50?s=96&d=mm&r=g","caption":"Gabriel Martins"},"sameAs":["https:\/\/www.em.com.br\/emfoco\/"],"url":"https:\/\/www.em.com.br\/emfoco\/author\/gabrielmartinsmyth\/"}]}},"_links":{"self":[{"href":"https:\/\/www.em.com.br\/emfoco\/wp-json\/wp\/v2\/posts\/63964","targetHints":{"allow":["GET"]}}],"collection":[{"href":"https:\/\/www.em.com.br\/emfoco\/wp-json\/wp\/v2\/posts"}],"about":[{"href":"https:\/\/www.em.com.br\/emfoco\/wp-json\/wp\/v2\/types\/post"}],"author":[{"embeddable":true,"href":"https:\/\/www.em.com.br\/emfoco\/wp-json\/wp\/v2\/users\/13"}],"replies":[{"embeddable":true,"href":"https:\/\/www.em.com.br\/emfoco\/wp-json\/wp\/v2\/comments?post=63964"}],"version-history":[{"count":2,"href":"https:\/\/www.em.com.br\/emfoco\/wp-json\/wp\/v2\/posts\/63964\/revisions"}],"predecessor-version":[{"id":63992,"href":"https:\/\/www.em.com.br\/emfoco\/wp-json\/wp\/v2\/posts\/63964\/revisions\/63992"}],"wp:featuredmedia":[{"embeddable":true,"href":"https:\/\/www.em.com.br\/emfoco\/wp-json\/wp\/v2\/media\/46588"}],"wp:attachment":[{"href":"https:\/\/www.em.com.br\/emfoco\/wp-json\/wp\/v2\/media?parent=63964"}],"wp:term":[{"taxonomy":"category","embeddable":true,"href":"https:\/\/www.em.com.br\/emfoco\/wp-json\/wp\/v2\/categories?post=63964"},{"taxonomy":"post_tag","embeddable":true,"href":"https:\/\/www.em.com.br\/emfoco\/wp-json\/wp\/v2\/tags?post=63964"}],"curies":[{"name":"wp","href":"https:\/\/api.w.org\/{rel}","templated":true}]}}