{"id":63897,"date":"2025-06-22T18:08:00","date_gmt":"2025-06-22T21:08:00","guid":{"rendered":"https:\/\/www.em.com.br\/emfoco\/?p=63897"},"modified":"2025-06-21T21:23:32","modified_gmt":"2025-06-22T00:23:32","slug":"o-impacto-que-o-silencio-pode-ter-no-cerebro-e-como-ele-ajuda-a-reduzir-o-estresse","status":"publish","type":"post","link":"https:\/\/www.em.com.br\/emfoco\/2025\/06\/22\/o-impacto-que-o-silencio-pode-ter-no-cerebro-e-como-ele-ajuda-a-reduzir-o-estresse\/","title":{"rendered":"O impacto que o sil\u00eancio pode ter no c\u00e9rebro e como ele ajuda a reduzir o estresse"},"content":{"rendered":"\n<p><strong>O sil\u00eancio exerce um papel fundamental na atividade cerebral, promovendo condi\u00e7\u00f5es ideais para o processamento de informa\u00e7\u00f5es e o equil\u00edbrio das emo\u00e7\u00f5es.<\/strong> Em ambientes silenciosos, o c\u00e9rebro consegue reduzir a quantidade de est\u00edmulos externos, favorecendo a concentra\u00e7\u00e3o e a clareza mental. Esse estado facilita a reorganiza\u00e7\u00e3o dos pensamentos e contribui para a manuten\u00e7\u00e3o da sa\u00fade mental.<\/p>\n\n\n\n<p>Pesquisas recentes indicam que per\u00edodos de sil\u00eancio estimulam o crescimento de novas c\u00e9lulas no hipocampo, regi\u00e3o associada \u00e0 mem\u00f3ria e ao aprendizado. Ao proporcionar momentos de pausa, o sil\u00eancio permite que o c\u00e9rebro realize conex\u00f5es mais profundas, melhorando a capacidade de resolver problemas e tomar decis\u00f5es. <strong>Dessa forma, a aus\u00eancia de ru\u00eddos pode ser vista como um recurso natural para fortalecer as fun\u00e7\u00f5es cognitivas.<\/strong> Estudos tamb\u00e9m mostraram que o sil\u00eancio auxilia na manuten\u00e7\u00e3o do equil\u00edbrio entre diferentes \u00e1reas cerebrais envolvidas com a aten\u00e7\u00e3o e o autocontrole.<\/p>\n\n\n\n<h2 class=\"wp-block-heading\">De que maneira o sil\u00eancio pode reduzir o estresse?<\/h2>\n\n\n\n<p><strong>O contato com o sil\u00eancio est\u00e1 diretamente relacionado \u00e0 diminui\u00e7\u00e3o dos n\u00edveis de <a href=\"https:\/\/www.tuasaude.com\/cortisol\/\" target=\"_blank\" rel=\"noreferrer noopener\">cortisol<\/a>, horm\u00f4nio respons\u00e1vel pelo estresse.<\/strong> Quando uma pessoa se exp\u00f5e a ambientes tranquilos, o organismo responde com a desacelera\u00e7\u00e3o dos batimentos card\u00edacos e a normaliza\u00e7\u00e3o da press\u00e3o arterial. Esses efeitos fisiol\u00f3gicos contribuem para a sensa\u00e7\u00e3o de relaxamento e bem-estar.<\/p>\n\n\n\n<p><strong>Al\u00e9m disso, o sil\u00eancio favorece a regula\u00e7\u00e3o do sistema nervoso aut\u00f4nomo, respons\u00e1vel por controlar rea\u00e7\u00f5es involunt\u00e1rias do corpo.<\/strong> A aus\u00eancia de barulho intenso permite que o c\u00e9rebro se recupere dos est\u00edmulos constantes do dia a dia, promovendo um estado de calma que auxilia na preven\u00e7\u00e3o de doen\u00e7as relacionadas ao estresse, como ins\u00f4nia e ansiedade. Praticar o sil\u00eancio regularmente pode ajudar inclusive na recupera\u00e7\u00e3o emocional ap\u00f3s per\u00edodos de alta press\u00e3o.<\/p>\n\n\n\n<figure class=\"wp-block-image size-large\"><img loading=\"lazy\" decoding=\"async\" width=\"1024\" height=\"576\" src=\"https:\/\/www.em.com.br\/emfoco\/wp-content\/uploads\/2025\/06\/silence_1750092280657-1024x576.jpg\" alt=\"Voc\u00ea sabia que fazer 10 minutos de sil\u00eancio todos os dias ajuda a fortalecer sua mem\u00f3ria?\" class=\"wp-image-61648\" srcset=\"https:\/\/www.em.com.br\/emfoco\/wp-content\/uploads\/2025\/06\/silence_1750092280657-1024x576.jpg 1024w, https:\/\/www.em.com.br\/emfoco\/wp-content\/uploads\/2025\/06\/silence_1750092280657-300x169.jpg 300w, https:\/\/www.em.com.br\/emfoco\/wp-content\/uploads\/2025\/06\/silence_1750092280657-768x432.jpg 768w, https:\/\/www.em.com.br\/emfoco\/wp-content\/uploads\/2025\/06\/silence_1750092280657-750x422.jpg 750w, https:\/\/www.em.com.br\/emfoco\/wp-content\/uploads\/2025\/06\/silence_1750092280657-1140x641.jpg 1140w, https:\/\/www.em.com.br\/emfoco\/wp-content\/uploads\/2025\/06\/silence_1750092280657.jpg 1280w\" sizes=\"auto, (max-width: 1024px) 100vw, 1024px\" \/><figcaption class=\"wp-element-caption\">Mulher fazendo sinal de sil\u00eancio &#8211; Cr\u00e9ditos: depositphotos.com \/ SashaKhalabuzar<\/figcaption><\/figure>\n\n\n\n<h2 class=\"wp-block-heading\">Quais s\u00e3o os benef\u00edcios do sil\u00eancio para a sa\u00fade mental?<\/h2>\n\n\n\n<p><strong>A pr\u00e1tica de momentos silenciosos pode trazer melhorias significativas para a <a href=\"https:\/\/www.em.com.br\/emfoco\/2025\/06\/08\/sonhos-com-falecidos-tem-gerado-debate-entre-especialistas-em-saude-mental\/\" target=\"_blank\" rel=\"noreferrer noopener\">sa\u00fade mental<\/a>.<\/strong> Entre os principais benef\u00edcios est\u00e3o o aumento da criatividade, a melhora da mem\u00f3ria e a redu\u00e7\u00e3o dos sintomas de ansiedade. O sil\u00eancio tamb\u00e9m contribui para o autoconhecimento, permitindo que a pessoa observe seus pr\u00f3prios pensamentos sem interfer\u00eancias externas.<\/p>\n\n\n\n<p>Outro ponto importante \u00e9 o fortalecimento da resili\u00eancia emocional. <strong>Ao reservar per\u00edodos de sil\u00eancio, o indiv\u00edduo aprende a lidar melhor com situa\u00e7\u00f5es desafiadoras, desenvolvendo maior controle sobre suas emo\u00e7\u00f5es.<\/strong> Isso resulta em uma mente mais equilibrada e preparada para enfrentar as adversidades do cotidiano. Pesquisas recentes indicam que um tempo de introspec\u00e7\u00e3o e sil\u00eancio pode auxiliar em processos terap\u00eauticos e no aumento do bem-estar geral.<\/p>\n\n\n\n<h2 class=\"wp-block-heading\">Como incluir o sil\u00eancio na rotina di\u00e1ria?<\/h2>\n\n\n\n<p><strong>Incorporar o sil\u00eancio no dia a dia pode ser mais simples do que parece.<\/strong> Reservar alguns minutos pela manh\u00e3 ou antes de dormir para ficar em um ambiente tranquilo j\u00e1 faz diferen\u00e7a. Pr\u00e1ticas como medita\u00e7\u00e3o, leitura em sil\u00eancio ou caminhadas em locais calmos s\u00e3o exemplos de atividades que ajudam a criar esses momentos de pausa.<\/p>\n\n\n\n<p><strong>Outra sugest\u00e3o \u00e9 desligar aparelhos eletr\u00f4nicos por alguns instantes, evitando o excesso de informa\u00e7\u00f5es e notifica\u00e7\u00f5es.<\/strong> Estabelecer pequenas \u201cilhas de sil\u00eancio\u201d ao longo do dia contribui para a redu\u00e7\u00e3o do estresse e para o fortalecimento das fun\u00e7\u00f5es cerebrais, promovendo mais qualidade de vida. Algumas pessoas tamb\u00e9m buscam retiros silenciosos ou praticam mindfulness como forma de aprofundar ainda mais esse benef\u00edcio.<\/p>\n\n\n\n<h2 class=\"wp-block-heading\">O sil\u00eancio pode ser aliado no desempenho profissional e acad\u00eamico?<\/h2>\n\n\n\n<p><strong>Ambientes silenciosos favorecem a concentra\u00e7\u00e3o e o foco, fatores essenciais para o bom desempenho em atividades profissionais e acad\u00eamicas.<\/strong> A aus\u00eancia de ru\u00eddos permite que o c\u00e9rebro dedique mais energia \u00e0 execu\u00e7\u00e3o de tarefas complexas, aumentando a produtividade e a efici\u00eancia.<\/p>\n\n\n\n<p><strong>Al\u00e9m disso, o sil\u00eancio contribui para a tomada de decis\u00f5es mais assertivas, j\u00e1 que proporciona um espa\u00e7o mental para reflex\u00e3o e an\u00e1lise.<\/strong> Ao adotar o sil\u00eancio como parte da rotina, \u00e9 poss\u00edvel perceber melhorias na capacidade de aprendizado, na criatividade e na gest\u00e3o do estresse, fatores que impactam diretamente nos resultados obtidos em diferentes \u00e1reas da vida. Esses benef\u00edcios s\u00e3o percebidos, por exemplo, em locais de trabalho que valorizam ambientes de concentra\u00e7\u00e3o e em institui\u00e7\u00f5es de ensino que incentivam momentos de aten\u00e7\u00e3o plena.<\/p>\n","protected":false},"excerpt":{"rendered":"<p>O sil\u00eancio exerce um papel fundamental na atividade cerebral, promovendo condi\u00e7\u00f5es ideais para o processamento de informa\u00e7\u00f5es e o equil\u00edbrio das emo\u00e7\u00f5es. Em ambientes silenciosos, o c\u00e9rebro consegue reduzir a quantidade de est\u00edmulos externos, favorecendo a concentra\u00e7\u00e3o e a clareza mental. Esse estado facilita a reorganiza\u00e7\u00e3o dos pensamentos e contribui para a manuten\u00e7\u00e3o da sa\u00fade [&hellip;]<\/p>\n","protected":false},"author":13,"featured_media":61650,"comment_status":"open","ping_status":"open","sticky":false,"template":"","format":"standard","meta":{"jnews-multi-image_gallery":[],"jnews_single_post":{"format":"standard"},"jnews_primary_category":[],"jnews_social_meta":[],"jnews_override_counter":[],"footnotes":""},"categories":[8691],"tags":[4312,4946,410,4665],"class_list":["post-63897","post","type-post","status-publish","format-standard","has-post-thumbnail","hentry","category-bem-estar","tag-cerebro","tag-estresse","tag-saude-mental","tag-silencio"],"yoast_head":"<!-- This site is optimized with the Yoast SEO plugin v23.8 - https:\/\/yoast.com\/wordpress\/plugins\/seo\/ -->\n<title>O impacto que o sil\u00eancio pode ter no c\u00e9rebro e como ele ajuda a reduzir o estresse - Estado de Minas - Em foco<\/title>\n<meta name=\"description\" content=\"O sil\u00eancio pode renovar seu c\u00e9rebro, reduzir o estresse e aumentar a concentra\u00e7\u00e3o. Saiba como essa pr\u00e1tica pode transformar sua rotina.\" \/>\n<meta name=\"robots\" content=\"index, follow, max-snippet:-1, max-image-preview:large, max-video-preview:-1\" \/>\n<link rel=\"canonical\" href=\"https:\/\/www.em.com.br\/emfoco\/2025\/06\/22\/o-impacto-que-o-silencio-pode-ter-no-cerebro-e-como-ele-ajuda-a-reduzir-o-estresse\/\" \/>\n<meta property=\"og:locale\" content=\"pt_BR\" \/>\n<meta property=\"og:type\" content=\"article\" \/>\n<meta property=\"og:title\" content=\"O impacto que o sil\u00eancio pode ter no c\u00e9rebro e como ele ajuda a reduzir o estresse - Estado de Minas - Em foco\" \/>\n<meta property=\"og:description\" content=\"O sil\u00eancio pode renovar seu c\u00e9rebro, reduzir o estresse e aumentar a concentra\u00e7\u00e3o. Saiba como essa pr\u00e1tica pode transformar sua rotina.\" \/>\n<meta property=\"og:url\" content=\"https:\/\/www.em.com.br\/emfoco\/2025\/06\/22\/o-impacto-que-o-silencio-pode-ter-no-cerebro-e-como-ele-ajuda-a-reduzir-o-estresse\/\" \/>\n<meta property=\"og:site_name\" content=\"Estado de Minas - Em foco\" \/>\n<meta property=\"article:published_time\" content=\"2025-06-22T21:08:00+00:00\" \/>\n<meta property=\"article:modified_time\" content=\"2025-06-22T00:23:32+00:00\" \/>\n<meta property=\"og:image\" content=\"https:\/\/www.em.com.br\/emfoco\/wp-content\/uploads\/2025\/06\/silence_1750092313280.jpg\" \/>\n\t<meta property=\"og:image:width\" content=\"1280\" \/>\n\t<meta property=\"og:image:height\" content=\"720\" \/>\n\t<meta property=\"og:image:type\" content=\"image\/jpeg\" \/>\n<meta name=\"author\" content=\"Gabriel Martins\" \/>\n<meta name=\"twitter:card\" content=\"summary_large_image\" \/>\n<meta name=\"twitter:label1\" content=\"Escrito por\" \/>\n\t<meta name=\"twitter:data1\" content=\"Gabriel Martins\" \/>\n\t<meta name=\"twitter:label2\" content=\"Est. tempo de leitura\" \/>\n\t<meta name=\"twitter:data2\" content=\"5 minutos\" \/>\n<!-- \/ Yoast SEO plugin. -->","yoast_head_json":{"title":"O impacto que o sil\u00eancio pode ter no c\u00e9rebro e como ele ajuda a reduzir o estresse - Estado de Minas - Em foco","description":"O sil\u00eancio pode renovar seu c\u00e9rebro, reduzir o estresse e aumentar a concentra\u00e7\u00e3o. Saiba como essa pr\u00e1tica pode transformar sua rotina.","robots":{"index":"index","follow":"follow","max-snippet":"max-snippet:-1","max-image-preview":"max-image-preview:large","max-video-preview":"max-video-preview:-1"},"canonical":"https:\/\/www.em.com.br\/emfoco\/2025\/06\/22\/o-impacto-que-o-silencio-pode-ter-no-cerebro-e-como-ele-ajuda-a-reduzir-o-estresse\/","og_locale":"pt_BR","og_type":"article","og_title":"O impacto que o sil\u00eancio pode ter no c\u00e9rebro e como ele ajuda a reduzir o estresse - Estado de Minas - Em foco","og_description":"O sil\u00eancio pode renovar seu c\u00e9rebro, reduzir o estresse e aumentar a concentra\u00e7\u00e3o. Saiba como essa pr\u00e1tica pode transformar sua rotina.","og_url":"https:\/\/www.em.com.br\/emfoco\/2025\/06\/22\/o-impacto-que-o-silencio-pode-ter-no-cerebro-e-como-ele-ajuda-a-reduzir-o-estresse\/","og_site_name":"Estado de Minas - Em foco","article_published_time":"2025-06-22T21:08:00+00:00","article_modified_time":"2025-06-22T00:23:32+00:00","og_image":[{"width":1280,"height":720,"url":"https:\/\/www.em.com.br\/emfoco\/wp-content\/uploads\/2025\/06\/silence_1750092313280.jpg","type":"image\/jpeg"}],"author":"Gabriel Martins","twitter_card":"summary_large_image","twitter_misc":{"Escrito por":"Gabriel Martins","Est. tempo de leitura":"5 minutos"},"schema":{"@context":"https:\/\/schema.org","@graph":[{"@type":"WebPage","@id":"https:\/\/www.em.com.br\/emfoco\/2025\/06\/22\/o-impacto-que-o-silencio-pode-ter-no-cerebro-e-como-ele-ajuda-a-reduzir-o-estresse\/","url":"https:\/\/www.em.com.br\/emfoco\/2025\/06\/22\/o-impacto-que-o-silencio-pode-ter-no-cerebro-e-como-ele-ajuda-a-reduzir-o-estresse\/","name":"O impacto que o sil\u00eancio pode ter no c\u00e9rebro e como ele ajuda a reduzir o estresse - Estado de Minas - Em foco","isPartOf":{"@id":"https:\/\/www.em.com.br\/emfoco\/#website"},"primaryImageOfPage":{"@id":"https:\/\/www.em.com.br\/emfoco\/2025\/06\/22\/o-impacto-que-o-silencio-pode-ter-no-cerebro-e-como-ele-ajuda-a-reduzir-o-estresse\/#primaryimage"},"image":{"@id":"https:\/\/www.em.com.br\/emfoco\/2025\/06\/22\/o-impacto-que-o-silencio-pode-ter-no-cerebro-e-como-ele-ajuda-a-reduzir-o-estresse\/#primaryimage"},"thumbnailUrl":"https:\/\/www.em.com.br\/emfoco\/wp-content\/uploads\/2025\/06\/silence_1750092313280.jpg","datePublished":"2025-06-22T21:08:00+00:00","dateModified":"2025-06-22T00:23:32+00:00","author":{"@id":"https:\/\/www.em.com.br\/emfoco\/#\/schema\/person\/1c9ddeab18b98abeffef834667bcf08a"},"description":"O sil\u00eancio pode renovar seu c\u00e9rebro, reduzir o estresse e aumentar a concentra\u00e7\u00e3o. Saiba como essa pr\u00e1tica pode transformar sua rotina.","breadcrumb":{"@id":"https:\/\/www.em.com.br\/emfoco\/2025\/06\/22\/o-impacto-que-o-silencio-pode-ter-no-cerebro-e-como-ele-ajuda-a-reduzir-o-estresse\/#breadcrumb"},"inLanguage":"pt-BR","potentialAction":[{"@type":"ReadAction","target":["https:\/\/www.em.com.br\/emfoco\/2025\/06\/22\/o-impacto-que-o-silencio-pode-ter-no-cerebro-e-como-ele-ajuda-a-reduzir-o-estresse\/"]}]},{"@type":"ImageObject","inLanguage":"pt-BR","@id":"https:\/\/www.em.com.br\/emfoco\/2025\/06\/22\/o-impacto-que-o-silencio-pode-ter-no-cerebro-e-como-ele-ajuda-a-reduzir-o-estresse\/#primaryimage","url":"https:\/\/www.em.com.br\/emfoco\/wp-content\/uploads\/2025\/06\/silence_1750092313280.jpg","contentUrl":"https:\/\/www.em.com.br\/emfoco\/wp-content\/uploads\/2025\/06\/silence_1750092313280.jpg","width":1280,"height":720,"caption":"Homem fazendo sinal de sil\u00eancio - Cr\u00e9ditos: depositphotos.com \/ AndrewLozovyi"},{"@type":"BreadcrumbList","@id":"https:\/\/www.em.com.br\/emfoco\/2025\/06\/22\/o-impacto-que-o-silencio-pode-ter-no-cerebro-e-como-ele-ajuda-a-reduzir-o-estresse\/#breadcrumb","itemListElement":[{"@type":"ListItem","position":1,"name":"In\u00edcio","item":"https:\/\/www.em.com.br\/emfoco\/"},{"@type":"ListItem","position":2,"name":"O impacto que o sil\u00eancio pode ter no c\u00e9rebro e como ele ajuda a reduzir o estresse"}]},{"@type":"WebSite","@id":"https:\/\/www.em.com.br\/emfoco\/#website","url":"https:\/\/www.em.com.br\/emfoco\/","name":"Estado de Minas - Em foco","description":"Acompanhe as \u00faltimas not\u00edcias e fique bem informado sobre tudo o que acontece em Minas Gerais, Brasil e no mundo.","potentialAction":[{"@type":"SearchAction","target":{"@type":"EntryPoint","urlTemplate":"https:\/\/www.em.com.br\/emfoco\/?s={search_term_string}"},"query-input":{"@type":"PropertyValueSpecification","valueRequired":true,"valueName":"search_term_string"}}],"inLanguage":"pt-BR"},{"@type":"Person","@id":"https:\/\/www.em.com.br\/emfoco\/#\/schema\/person\/1c9ddeab18b98abeffef834667bcf08a","name":"Gabriel Martins","image":{"@type":"ImageObject","inLanguage":"pt-BR","@id":"https:\/\/www.em.com.br\/emfoco\/#\/schema\/person\/image\/","url":"https:\/\/secure.gravatar.com\/avatar\/f0f1e2efdfd88f1ad2cb08c5c2731e50?s=96&d=mm&r=g","contentUrl":"https:\/\/secure.gravatar.com\/avatar\/f0f1e2efdfd88f1ad2cb08c5c2731e50?s=96&d=mm&r=g","caption":"Gabriel Martins"},"sameAs":["https:\/\/www.em.com.br\/emfoco\/"],"url":"https:\/\/www.em.com.br\/emfoco\/author\/gabrielmartinsmyth\/"}]}},"_links":{"self":[{"href":"https:\/\/www.em.com.br\/emfoco\/wp-json\/wp\/v2\/posts\/63897","targetHints":{"allow":["GET"]}}],"collection":[{"href":"https:\/\/www.em.com.br\/emfoco\/wp-json\/wp\/v2\/posts"}],"about":[{"href":"https:\/\/www.em.com.br\/emfoco\/wp-json\/wp\/v2\/types\/post"}],"author":[{"embeddable":true,"href":"https:\/\/www.em.com.br\/emfoco\/wp-json\/wp\/v2\/users\/13"}],"replies":[{"embeddable":true,"href":"https:\/\/www.em.com.br\/emfoco\/wp-json\/wp\/v2\/comments?post=63897"}],"version-history":[{"count":2,"href":"https:\/\/www.em.com.br\/emfoco\/wp-json\/wp\/v2\/posts\/63897\/revisions"}],"predecessor-version":[{"id":63907,"href":"https:\/\/www.em.com.br\/emfoco\/wp-json\/wp\/v2\/posts\/63897\/revisions\/63907"}],"wp:featuredmedia":[{"embeddable":true,"href":"https:\/\/www.em.com.br\/emfoco\/wp-json\/wp\/v2\/media\/61650"}],"wp:attachment":[{"href":"https:\/\/www.em.com.br\/emfoco\/wp-json\/wp\/v2\/media?parent=63897"}],"wp:term":[{"taxonomy":"category","embeddable":true,"href":"https:\/\/www.em.com.br\/emfoco\/wp-json\/wp\/v2\/categories?post=63897"},{"taxonomy":"post_tag","embeddable":true,"href":"https:\/\/www.em.com.br\/emfoco\/wp-json\/wp\/v2\/tags?post=63897"}],"curies":[{"name":"wp","href":"https:\/\/api.w.org\/{rel}","templated":true}]}}