{"id":63823,"date":"2025-06-20T15:18:09","date_gmt":"2025-06-20T18:18:09","guid":{"rendered":"https:\/\/www.em.com.br\/emfoco\/?p=63823"},"modified":"2025-06-19T18:49:44","modified_gmt":"2025-06-19T21:49:44","slug":"ranking-2025-revela-as-melhores-cidades-para-viver-no-brasil","status":"publish","type":"post","link":"https:\/\/www.em.com.br\/emfoco\/2025\/06\/20\/ranking-2025-revela-as-melhores-cidades-para-viver-no-brasil\/","title":{"rendered":"Ranking 2025 revela as melhores cidades para viver no Brasil"},"content":{"rendered":"\n<p>Em <strong>2025<\/strong>, um novo levantamento nacional trouxe \u00e0 tona as <a href=\"https:\/\/g1.globo.com\/jornal-nacional\/noticia\/2025\/05\/29\/ranking-elege-as-cidades-brasileiras-com-melhor-qualidade-de-vida-confira.ghtml\" target=\"_blank\" rel=\"noreferrer noopener\">cidades <\/a>brasileiras que se destacam por oferecer as <a href=\"https:\/\/www.em.com.br\/emfoco\/2025\/01\/20\/conheca-as-cidades-brasileiras-que-oferecem-a-melhor-qualidade-de-vida\/\" target=\"_blank\" rel=\"noreferrer noopener\">melhores <\/a>condi\u00e7\u00f5es de vida \u00e0 popula\u00e7\u00e3o. O estudo, realizado por uma consultoria independente, avaliou fatores como sa\u00fade, educa\u00e7\u00e3o, seguran\u00e7a, infraestrutura urbana e sustentabilidade. Os resultados apontam mudan\u00e7as importantes no cen\u00e1rio urbano do pa\u00eds, com munic\u00edpios de diferentes regi\u00f5es conquistando posi\u00e7\u00f5es de destaque.<\/p>\n\n\n\n<p>O ranking, divulgado no in\u00edcio deste ano, utiliza indicadores atualizados e crit\u00e9rios que refletem as necessidades atuais dos moradores. Entre os pontos analisados est\u00e3o o acesso a servi\u00e7os p\u00fablicos de qualidade, preserva\u00e7\u00e3o ambiental, mobilidade eficiente e oportunidades de trabalho. Esses aspectos contribuem para uma avalia\u00e7\u00e3o mais completa sobre o bem-estar nas cidades brasileiras.<\/p>\n\n\n\n<h2 class=\"wp-block-heading\">Quais crit\u00e9rios definem a qualidade de vida nas cidades brasileiras?<\/h2>\n\n\n\n<p>Para determinar quais munic\u00edpios oferecem melhor qualidade de vida, o ranking considerou uma s\u00e9rie de indicadores objetivos. Entre eles, destacam-se a expectativa de vida, \u00edndices de criminalidade, acesso \u00e0 sa\u00fade, qualidade da educa\u00e7\u00e3o b\u00e1sica e m\u00e9dia, al\u00e9m da disponibilidade de \u00e1reas verdes e op\u00e7\u00f5es de lazer. A pesquisa tamb\u00e9m avaliou a efici\u00eancia dos transportes p\u00fablicos e a oferta de empregos formais.<\/p>\n\n\n\n<p>Al\u00e9m dos fatores tradicionais, foram inclu\u00eddos indicadores relacionados \u00e0 sustentabilidade, como pol\u00edticas de reciclagem, uso racional da \u00e1gua e energia, e projetos de urbanismo sustent\u00e1vel. A inclus\u00e3o desses crit\u00e9rios reflete uma preocupa\u00e7\u00e3o crescente com o futuro das cidades e o impacto das a\u00e7\u00f5es humanas no meio ambiente. Pela primeira vez, iniciativas de cidades inteligentes e uso de plataformas tecnol\u00f3gicas espec\u00edficas, como o <strong>Cidade Inteligente Brasil<\/strong>, tamb\u00e9m passaram a ser observadas no levantamento, mostrando uma evolu\u00e7\u00e3o dos par\u00e2metros.<\/p>\n\n\n\n<h2 class=\"wp-block-heading\">Quais cidades lideram o ranking de qualidade de vida em 2025?<\/h2>\n\n\n\n<p>De acordo com o levantamento, <strong>Florian\u00f3polis<\/strong> aparece novamente entre as primeiras posi\u00e7\u00f5es, destacando-se pelo equil\u00edbrio entre desenvolvimento urbano e preserva\u00e7\u00e3o ambiental. O munic\u00edpio investiu em transporte p\u00fablico eficiente e ampliou o acesso \u00e0 sa\u00fade e educa\u00e7\u00e3o, fatores que contribu\u00edram para sua posi\u00e7\u00e3o de destaque.<\/p>\n\n\n\n<p>Outras cidades que figuram no topo do ranking s\u00e3o <strong>Curitiba<\/strong>, reconhecida por sua infraestrutura e planejamento urbano, e <strong>Campinas<\/strong>, que se sobressaiu pela oferta de empregos qualificados e qualidade dos servi\u00e7os p\u00fablicos. Munic\u00edpios do interior paulista e do sul do pa\u00eds tamb\u00e9m apresentaram avan\u00e7os significativos, refletindo pol\u00edticas p\u00fablicas voltadas ao bem-estar da popula\u00e7\u00e3o. Pela primeira vez, cidades do Centro-Oeste, como <strong>Campo Grande<\/strong>, demonstraram crescimento relevante devido \u00e0 sua implementa\u00e7\u00e3o de solu\u00e7\u00f5es digitais para gest\u00e3o urbana.<\/p>\n\n\n\n<figure class=\"wp-block-image size-large\"><img loading=\"lazy\" decoding=\"async\" width=\"1024\" height=\"576\" src=\"https:\/\/www.em.com.br\/emfoco\/wp-content\/uploads\/2025\/06\/curitiba_1750332426055-1024x576.jpg\" alt=\"Ranking 2025 revela as melhores cidades para viver no Brasil\" class=\"wp-image-63826\" srcset=\"https:\/\/www.em.com.br\/emfoco\/wp-content\/uploads\/2025\/06\/curitiba_1750332426055-1024x576.jpg 1024w, https:\/\/www.em.com.br\/emfoco\/wp-content\/uploads\/2025\/06\/curitiba_1750332426055-300x169.jpg 300w, https:\/\/www.em.com.br\/emfoco\/wp-content\/uploads\/2025\/06\/curitiba_1750332426055-768x432.jpg 768w, https:\/\/www.em.com.br\/emfoco\/wp-content\/uploads\/2025\/06\/curitiba_1750332426055-750x422.jpg 750w, https:\/\/www.em.com.br\/emfoco\/wp-content\/uploads\/2025\/06\/curitiba_1750332426055-1140x641.jpg 1140w, https:\/\/www.em.com.br\/emfoco\/wp-content\/uploads\/2025\/06\/curitiba_1750332426055.jpg 1280w\" sizes=\"auto, (max-width: 1024px) 100vw, 1024px\" \/><figcaption class=\"wp-element-caption\">Jardim Bot\u00e2nico de Curitiba &#8211; Cr\u00e9ditos: depositphotos.com \/ mbastos<\/figcaption><\/figure>\n\n\n\n<h2 class=\"wp-block-heading\">Como a sustentabilidade influencia a qualidade de vida nas cidades?<\/h2>\n\n\n\n<p>A preocupa\u00e7\u00e3o com pr\u00e1ticas sustent\u00e1veis tem sido um diferencial importante para as cidades que lideram o ranking. Iniciativas como a amplia\u00e7\u00e3o de ciclovias, incentivo ao transporte coletivo e programas de coleta seletiva t\u00eam impacto direto na sa\u00fade e no conforto dos moradores. Al\u00e9m disso, projetos de arboriza\u00e7\u00e3o e preserva\u00e7\u00e3o de \u00e1reas naturais contribuem para a redu\u00e7\u00e3o da polui\u00e7\u00e3o e melhoria do clima urbano.<\/p>\n\n\n\n<p>O uso de tecnologias para monitoramento ambiental e gest\u00e3o inteligente dos recursos tamb\u00e9m foi considerado no estudo. Cidades que investem em solu\u00e7\u00f5es inovadoras para reduzir o consumo de energia e \u00e1gua, por exemplo, tendem a apresentar melhores resultados em qualidade de vida, beneficiando tanto a popula\u00e7\u00e3o quanto o meio ambiente. Em <strong>2025<\/strong>, houve destaque para munic\u00edpios que adotaram sistemas digitais, aplicativos e sensores urbanos para diminuir o desperd\u00edcio de recursos naturais.<\/p>\n\n\n\n<h2 class=\"wp-block-heading\">O que muda para os moradores das cidades mais bem avaliadas?<\/h2>\n\n\n\n<p>Residir em um munic\u00edpio com alta qualidade de vida significa ter acesso facilitado a servi\u00e7os essenciais, maior seguran\u00e7a e mais op\u00e7\u00f5es de lazer e cultura. A valoriza\u00e7\u00e3o do espa\u00e7o p\u00fablico e o incentivo \u00e0 participa\u00e7\u00e3o comunit\u00e1ria s\u00e3o caracter\u00edsticas comuns nessas cidades, que buscam integrar diferentes grupos sociais e promover o desenvolvimento sustent\u00e1vel.<\/p>\n\n\n\n<p>Al\u00e9m disso, cidades bem avaliadas costumam atrair novos investimentos e profissionais qualificados, fortalecendo a economia local. Isso resulta em mais oportunidades de emprego, melhor remunera\u00e7\u00e3o e maior satisfa\u00e7\u00e3o dos habitantes, criando um ciclo positivo de crescimento e bem-estar.<\/p>\n\n\n\n<h2 class=\"wp-block-heading\">Perguntas e respostas<\/h2>\n\n\n\n<ol class=\"wp-block-list\">\n<li><strong>Qual cidade do Nordeste ficou melhor posicionada no ranking?<\/strong> <br><strong>Salvador<\/strong> foi a cidade nordestina mais bem colocada, destacando-se em cultura e melhorias na mobilidade urbana.<\/li>\n\n\n\n<li><strong>O ranking considera apenas capitais?<\/strong> <br>N\u00e3o, munic\u00edpios de m\u00e9dio e grande porte tamb\u00e9m foram avaliados, incluindo cidades do interior.<\/li>\n\n\n\n<li><strong>Quais s\u00e3o os principais desafios para as cidades brasileiras?<\/strong> <br>Entre os desafios est\u00e3o a redu\u00e7\u00e3o da desigualdade social, amplia\u00e7\u00e3o do saneamento b\u00e1sico e combate \u00e0 viol\u00eancia urbana.<\/li>\n\n\n\n<li><strong>Como a pandemia impactou os crit\u00e9rios do ranking?<\/strong> <br>Houve maior peso para indicadores de sa\u00fade p\u00fablica e capacidade de resposta a emerg\u00eancias sanit\u00e1rias. Inclusive, o estudo se baseou em dados do <strong>Minist\u00e9rio da Sa\u00fade<\/strong> para avaliar essa resposta.<\/li>\n\n\n\n<li><strong>Existe previs\u00e3o de atualiza\u00e7\u00e3o do ranking?<\/strong> <br>Sim, a pesquisa \u00e9 revisada anualmente para refletir mudan\u00e7as nas cidades e atualizar os dados utilizados.<\/li>\n<\/ol>\n","protected":false},"excerpt":{"rendered":"<p>Em 2025, um novo levantamento nacional trouxe \u00e0 tona as cidades brasileiras que se destacam por oferecer as melhores condi\u00e7\u00f5es de vida \u00e0 popula\u00e7\u00e3o. O estudo, realizado por uma consultoria independente, avaliou fatores como sa\u00fade, educa\u00e7\u00e3o, seguran\u00e7a, infraestrutura urbana e sustentabilidade. Os resultados apontam mudan\u00e7as importantes no cen\u00e1rio urbano do pa\u00eds, com munic\u00edpios de diferentes [&hellip;]<\/p>\n","protected":false},"author":18,"featured_media":63825,"comment_status":"open","ping_status":"open","sticky":false,"template":"","format":"standard","meta":{"jnews-multi-image_gallery":[],"jnews_single_post":{"format":"standard"},"jnews_primary_category":[],"jnews_social_meta":[],"jnews_override_counter":[],"footnotes":""},"categories":[1],"tags":[158,183,6820,327],"class_list":["post-63823","post","type-post","status-publish","format-standard","has-post-thumbnail","hentry","category-noticias","tag-brasil","tag-cidades","tag-melhores-cidades","tag-qualidade-de-vida"],"yoast_head":"<!-- This site is optimized with the Yoast SEO plugin v23.8 - https:\/\/yoast.com\/wordpress\/plugins\/seo\/ -->\n<title>Ranking 2025 revela as melhores cidades para viver no Brasil - Estado de Minas - Em foco<\/title>\n<meta name=\"description\" content=\"Em 2025, cidades surpreendentes se destacam por sua qualidade de vida. Entenda o que mudou no ranking e o impacto dessas transforma\u00e7\u00f5es.\" \/>\n<meta name=\"robots\" content=\"index, follow, max-snippet:-1, max-image-preview:large, max-video-preview:-1\" \/>\n<link rel=\"canonical\" href=\"https:\/\/www.em.com.br\/emfoco\/2025\/06\/20\/ranking-2025-revela-as-melhores-cidades-para-viver-no-brasil\/\" \/>\n<meta property=\"og:locale\" content=\"pt_BR\" \/>\n<meta property=\"og:type\" content=\"article\" \/>\n<meta property=\"og:title\" content=\"Ranking 2025 revela as melhores cidades para viver no Brasil - Estado de Minas - Em foco\" \/>\n<meta property=\"og:description\" content=\"Em 2025, cidades surpreendentes se destacam por sua qualidade de vida. Entenda o que mudou no ranking e o impacto dessas transforma\u00e7\u00f5es.\" \/>\n<meta property=\"og:url\" content=\"https:\/\/www.em.com.br\/emfoco\/2025\/06\/20\/ranking-2025-revela-as-melhores-cidades-para-viver-no-brasil\/\" \/>\n<meta property=\"og:site_name\" content=\"Estado de Minas - Em foco\" \/>\n<meta property=\"article:published_time\" content=\"2025-06-20T18:18:09+00:00\" \/>\n<meta property=\"article:modified_time\" content=\"2025-06-19T21:49:44+00:00\" \/>\n<meta property=\"og:image\" content=\"https:\/\/www.em.com.br\/emfoco\/wp-content\/uploads\/2025\/06\/campinas_1750332356179.jpg\" \/>\n\t<meta property=\"og:image:width\" content=\"1280\" \/>\n\t<meta property=\"og:image:height\" content=\"720\" \/>\n\t<meta property=\"og:image:type\" content=\"image\/jpeg\" \/>\n<meta name=\"author\" content=\"Julio Cesar\" \/>\n<meta name=\"twitter:card\" content=\"summary_large_image\" \/>\n<meta name=\"twitter:label1\" content=\"Escrito por\" \/>\n\t<meta name=\"twitter:data1\" content=\"Julio Cesar\" \/>\n\t<meta name=\"twitter:label2\" content=\"Est. tempo de leitura\" \/>\n\t<meta name=\"twitter:data2\" content=\"5 minutos\" \/>\n<!-- \/ Yoast SEO plugin. -->","yoast_head_json":{"title":"Ranking 2025 revela as melhores cidades para viver no Brasil - Estado de Minas - Em foco","description":"Em 2025, cidades surpreendentes se destacam por sua qualidade de vida. Entenda o que mudou no ranking e o impacto dessas transforma\u00e7\u00f5es.","robots":{"index":"index","follow":"follow","max-snippet":"max-snippet:-1","max-image-preview":"max-image-preview:large","max-video-preview":"max-video-preview:-1"},"canonical":"https:\/\/www.em.com.br\/emfoco\/2025\/06\/20\/ranking-2025-revela-as-melhores-cidades-para-viver-no-brasil\/","og_locale":"pt_BR","og_type":"article","og_title":"Ranking 2025 revela as melhores cidades para viver no Brasil - Estado de Minas - Em foco","og_description":"Em 2025, cidades surpreendentes se destacam por sua qualidade de vida. Entenda o que mudou no ranking e o impacto dessas transforma\u00e7\u00f5es.","og_url":"https:\/\/www.em.com.br\/emfoco\/2025\/06\/20\/ranking-2025-revela-as-melhores-cidades-para-viver-no-brasil\/","og_site_name":"Estado de Minas - Em foco","article_published_time":"2025-06-20T18:18:09+00:00","article_modified_time":"2025-06-19T21:49:44+00:00","og_image":[{"width":1280,"height":720,"url":"https:\/\/www.em.com.br\/emfoco\/wp-content\/uploads\/2025\/06\/campinas_1750332356179.jpg","type":"image\/jpeg"}],"author":"Julio Cesar","twitter_card":"summary_large_image","twitter_misc":{"Escrito por":"Julio Cesar","Est. tempo de leitura":"5 minutos"},"schema":{"@context":"https:\/\/schema.org","@graph":[{"@type":"WebPage","@id":"https:\/\/www.em.com.br\/emfoco\/2025\/06\/20\/ranking-2025-revela-as-melhores-cidades-para-viver-no-brasil\/","url":"https:\/\/www.em.com.br\/emfoco\/2025\/06\/20\/ranking-2025-revela-as-melhores-cidades-para-viver-no-brasil\/","name":"Ranking 2025 revela as melhores cidades para viver no Brasil - Estado de Minas - Em foco","isPartOf":{"@id":"https:\/\/www.em.com.br\/emfoco\/#website"},"primaryImageOfPage":{"@id":"https:\/\/www.em.com.br\/emfoco\/2025\/06\/20\/ranking-2025-revela-as-melhores-cidades-para-viver-no-brasil\/#primaryimage"},"image":{"@id":"https:\/\/www.em.com.br\/emfoco\/2025\/06\/20\/ranking-2025-revela-as-melhores-cidades-para-viver-no-brasil\/#primaryimage"},"thumbnailUrl":"https:\/\/www.em.com.br\/emfoco\/wp-content\/uploads\/2025\/06\/campinas_1750332356179.jpg","datePublished":"2025-06-20T18:18:09+00:00","dateModified":"2025-06-19T21:49:44+00:00","author":{"@id":"https:\/\/www.em.com.br\/emfoco\/#\/schema\/person\/08c4a03e38018bbab9038d5f788321fc"},"description":"Em 2025, cidades surpreendentes se destacam por sua qualidade de vida. Entenda o que mudou no ranking e o impacto dessas transforma\u00e7\u00f5es.","breadcrumb":{"@id":"https:\/\/www.em.com.br\/emfoco\/2025\/06\/20\/ranking-2025-revela-as-melhores-cidades-para-viver-no-brasil\/#breadcrumb"},"inLanguage":"pt-BR","potentialAction":[{"@type":"ReadAction","target":["https:\/\/www.em.com.br\/emfoco\/2025\/06\/20\/ranking-2025-revela-as-melhores-cidades-para-viver-no-brasil\/"]}]},{"@type":"ImageObject","inLanguage":"pt-BR","@id":"https:\/\/www.em.com.br\/emfoco\/2025\/06\/20\/ranking-2025-revela-as-melhores-cidades-para-viver-no-brasil\/#primaryimage","url":"https:\/\/www.em.com.br\/emfoco\/wp-content\/uploads\/2025\/06\/campinas_1750332356179.jpg","contentUrl":"https:\/\/www.em.com.br\/emfoco\/wp-content\/uploads\/2025\/06\/campinas_1750332356179.jpg","width":1280,"height":720,"caption":"Cidade de Campinas - Cr\u00e9ditos: depositphotos.com \/ PedroTruffi"},{"@type":"BreadcrumbList","@id":"https:\/\/www.em.com.br\/emfoco\/2025\/06\/20\/ranking-2025-revela-as-melhores-cidades-para-viver-no-brasil\/#breadcrumb","itemListElement":[{"@type":"ListItem","position":1,"name":"In\u00edcio","item":"https:\/\/www.em.com.br\/emfoco\/"},{"@type":"ListItem","position":2,"name":"Ranking 2025 revela as melhores cidades para viver no Brasil"}]},{"@type":"WebSite","@id":"https:\/\/www.em.com.br\/emfoco\/#website","url":"https:\/\/www.em.com.br\/emfoco\/","name":"Estado de Minas - Em foco","description":"Acompanhe as \u00faltimas not\u00edcias e fique bem informado sobre tudo o que acontece em Minas Gerais, Brasil e no mundo.","potentialAction":[{"@type":"SearchAction","target":{"@type":"EntryPoint","urlTemplate":"https:\/\/www.em.com.br\/emfoco\/?s={search_term_string}"},"query-input":{"@type":"PropertyValueSpecification","valueRequired":true,"valueName":"search_term_string"}}],"inLanguage":"pt-BR"},{"@type":"Person","@id":"https:\/\/www.em.com.br\/emfoco\/#\/schema\/person\/08c4a03e38018bbab9038d5f788321fc","name":"Julio Cesar","image":{"@type":"ImageObject","inLanguage":"pt-BR","@id":"https:\/\/www.em.com.br\/emfoco\/#\/schema\/person\/image\/","url":"https:\/\/secure.gravatar.com\/avatar\/ab1ea64f0d4f4c1385f8ef10d5a6e758?s=96&d=mm&r=g","contentUrl":"https:\/\/secure.gravatar.com\/avatar\/ab1ea64f0d4f4c1385f8ef10d5a6e758?s=96&d=mm&r=g","caption":"Julio Cesar"},"url":"https:\/\/www.em.com.br\/emfoco\/author\/juliomyth\/"}]}},"_links":{"self":[{"href":"https:\/\/www.em.com.br\/emfoco\/wp-json\/wp\/v2\/posts\/63823","targetHints":{"allow":["GET"]}}],"collection":[{"href":"https:\/\/www.em.com.br\/emfoco\/wp-json\/wp\/v2\/posts"}],"about":[{"href":"https:\/\/www.em.com.br\/emfoco\/wp-json\/wp\/v2\/types\/post"}],"author":[{"embeddable":true,"href":"https:\/\/www.em.com.br\/emfoco\/wp-json\/wp\/v2\/users\/18"}],"replies":[{"embeddable":true,"href":"https:\/\/www.em.com.br\/emfoco\/wp-json\/wp\/v2\/comments?post=63823"}],"version-history":[{"count":2,"href":"https:\/\/www.em.com.br\/emfoco\/wp-json\/wp\/v2\/posts\/63823\/revisions"}],"predecessor-version":[{"id":63828,"href":"https:\/\/www.em.com.br\/emfoco\/wp-json\/wp\/v2\/posts\/63823\/revisions\/63828"}],"wp:featuredmedia":[{"embeddable":true,"href":"https:\/\/www.em.com.br\/emfoco\/wp-json\/wp\/v2\/media\/63825"}],"wp:attachment":[{"href":"https:\/\/www.em.com.br\/emfoco\/wp-json\/wp\/v2\/media?parent=63823"}],"wp:term":[{"taxonomy":"category","embeddable":true,"href":"https:\/\/www.em.com.br\/emfoco\/wp-json\/wp\/v2\/categories?post=63823"},{"taxonomy":"post_tag","embeddable":true,"href":"https:\/\/www.em.com.br\/emfoco\/wp-json\/wp\/v2\/tags?post=63823"}],"curies":[{"name":"wp","href":"https:\/\/api.w.org\/{rel}","templated":true}]}}