{"id":63803,"date":"2025-06-19T11:30:00","date_gmt":"2025-06-19T14:30:00","guid":{"rendered":"https:\/\/www.em.com.br\/emfoco\/?p=63803"},"modified":"2025-06-19T02:37:46","modified_gmt":"2025-06-19T05:37:46","slug":"dra-priscila-antunes-medica-vou-indicar-quatro-produtos-de-farmacia-para-voce","status":"publish","type":"post","link":"https:\/\/www.em.com.br\/emfoco\/2025\/06\/19\/dra-priscila-antunes-medica-vou-indicar-quatro-produtos-de-farmacia-para-voce\/","title":{"rendered":"Dra. Priscila Antunes, m\u00e9dica, \u201cVou indicar quatro produtos de farm\u00e1cia para voc\u00ea\u201d"},"content":{"rendered":"\n<p>A rotina de cuidados com a pele n\u00e3o precisa ser complexa nem cara. Segundo a m\u00e9dica Dra. Priscila Antunes (CRM 109981-7), \u00e9 poss\u00edvel cuidar da sa\u00fade da pele com itens simples e acess\u00edveis da farm\u00e1cia comum \u2014 desde que escolhidos com sabedoria. O objetivo n\u00e3o \u00e9 apenas limpar ou hidratar, mas tamb\u00e9m <strong>evitar processos inflamat\u00f3rios silenciosos<\/strong> que afetam tanto a est\u00e9tica quanto o bem-estar.<\/p>\n\n\n\n<p>A especialista destaca quatro produtos que ajudam a desinflamar o corpo, cuidar da pele e at\u00e9 beneficiar o f\u00edgado. A lista inclui desde o uso correto de sabonetes at\u00e9 a aplica\u00e7\u00e3o de vitamina C combinada com silimarina, um antioxidante potente que conecta o cuidado da pele com a sa\u00fade hep\u00e1tica. Entenda como esses produtos funcionam e como aplic\u00e1-los de forma eficaz.<\/p>\n\n\n\n<h2 class=\"wp-block-heading\">Por que a ordem da limpeza facial importa tanto?<\/h2>\n\n\n\n<p>Muita gente come\u00e7a a higieniza\u00e7\u00e3o da pele pelo sabonete, mas Dra. Priscila alerta que esse n\u00e3o \u00e9 o melhor caminho. O primeiro passo deve ser sempre o uso de um <strong>demaquilante<\/strong>, mesmo em dias sem maquiagem vis\u00edvel. Isso porque o ac\u00famulo de protetor solar, polui\u00e7\u00e3o e oleosidade impede que o sabonete atue corretamente. Sem essa remo\u00e7\u00e3o inicial, os res\u00edduos se acumulam e podem obstruir poros, gerando inflama\u00e7\u00f5es e acne.<\/p>\n\n\n\n<blockquote class=\"instagram-media\" data-instgrm-captioned data-instgrm-permalink=\"https:\/\/www.instagram.com\/reel\/DLCwXPtRlbY\/?utm_source=ig_embed&amp;utm_campaign=loading\" data-instgrm-version=\"14\" style=\" background:#FFF; border:0; border-radius:3px; box-shadow:0 0 1px 0 rgba(0,0,0,0.5),0 1px 10px 0 rgba(0,0,0,0.15); margin: 1px; max-width:540px; min-width:326px; padding:0; width:99.375%; width:-webkit-calc(100% - 2px); width:calc(100% - 2px);\"><div style=\"padding:16px;\"> <a href=\"https:\/\/www.instagram.com\/reel\/DLCwXPtRlbY\/?utm_source=ig_embed&amp;utm_campaign=loading\" style=\" background:#FFFFFF; line-height:0; padding:0 0; text-align:center; text-decoration:none; width:100%;\" target=\"_blank\"> <div style=\" display: flex; flex-direction: row; align-items: center;\"> <div style=\"background-color: #F4F4F4; border-radius: 50%; flex-grow: 0; height: 40px; margin-right: 14px; width: 40px;\"><\/div> <div style=\"display: flex; flex-direction: column; flex-grow: 1; justify-content: center;\"> <div style=\" background-color: #F4F4F4; border-radius: 4px; flex-grow: 0; height: 14px; margin-bottom: 6px; width: 100px;\"><\/div> <div style=\" background-color: #F4F4F4; border-radius: 4px; flex-grow: 0; height: 14px; width: 60px;\"><\/div><\/div><\/div><div style=\"padding: 19% 0;\"><\/div> <div style=\"display:block; height:50px; margin:0 auto 12px; width:50px;\"><svg width=\"50px\" height=\"50px\" viewBox=\"0 0 60 60\" version=\"1.1\" xmlns=\"https:\/\/www.w3.org\/2000\/svg\" xmlns:xlink=\"https:\/\/www.w3.org\/1999\/xlink\"><g stroke=\"none\" stroke-width=\"1\" fill=\"none\" fill-rule=\"evenodd\"><g transform=\"translate(-511.000000, -20.000000)\" fill=\"#000000\"><g><path d=\"M556.869,30.41 C554.814,30.41 553.148,32.076 553.148,34.131 C553.148,36.186 554.814,37.852 556.869,37.852 C558.924,37.852 560.59,36.186 560.59,34.131 C560.59,32.076 558.924,30.41 556.869,30.41 M541,60.657 C535.114,60.657 530.342,55.887 530.342,50 C530.342,44.114 535.114,39.342 541,39.342 C546.887,39.342 551.658,44.114 551.658,50 C551.658,55.887 546.887,60.657 541,60.657 M541,33.886 C532.1,33.886 524.886,41.1 524.886,50 C524.886,58.899 532.1,66.113 541,66.113 C549.9,66.113 557.115,58.899 557.115,50 C557.115,41.1 549.9,33.886 541,33.886 M565.378,62.101 C565.244,65.022 564.756,66.606 564.346,67.663 C563.803,69.06 563.154,70.057 562.106,71.106 C561.058,72.155 560.06,72.803 558.662,73.347 C557.607,73.757 556.021,74.244 553.102,74.378 C549.944,74.521 548.997,74.552 541,74.552 C533.003,74.552 532.056,74.521 528.898,74.378 C525.979,74.244 524.393,73.757 523.338,73.347 C521.94,72.803 520.942,72.155 519.894,71.106 C518.846,70.057 518.197,69.06 517.654,67.663 C517.244,66.606 516.755,65.022 516.623,62.101 C516.479,58.943 516.448,57.996 516.448,50 C516.448,42.003 516.479,41.056 516.623,37.899 C516.755,34.978 517.244,33.391 517.654,32.338 C518.197,30.938 518.846,29.942 519.894,28.894 C520.942,27.846 521.94,27.196 523.338,26.654 C524.393,26.244 525.979,25.756 528.898,25.623 C532.057,25.479 533.004,25.448 541,25.448 C548.997,25.448 549.943,25.479 553.102,25.623 C556.021,25.756 557.607,26.244 558.662,26.654 C560.06,27.196 561.058,27.846 562.106,28.894 C563.154,29.942 563.803,30.938 564.346,32.338 C564.756,33.391 565.244,34.978 565.378,37.899 C565.522,41.056 565.552,42.003 565.552,50 C565.552,57.996 565.522,58.943 565.378,62.101 M570.82,37.631 C570.674,34.438 570.167,32.258 569.425,30.349 C568.659,28.377 567.633,26.702 565.965,25.035 C564.297,23.368 562.623,22.342 560.652,21.575 C558.743,20.834 556.562,20.326 553.369,20.18 C550.169,20.033 549.148,20 541,20 C532.853,20 531.831,20.033 528.631,20.18 C525.438,20.326 523.257,20.834 521.349,21.575 C519.376,22.342 517.703,23.368 516.035,25.035 C514.368,26.702 513.342,28.377 512.574,30.349 C511.834,32.258 511.326,34.438 511.181,37.631 C511.035,40.831 511,41.851 511,50 C511,58.147 511.035,59.17 511.181,62.369 C511.326,65.562 511.834,67.743 512.574,69.651 C513.342,71.625 514.368,73.296 516.035,74.965 C517.703,76.634 519.376,77.658 521.349,78.425 C523.257,79.167 525.438,79.673 528.631,79.82 C531.831,79.965 532.853,80.001 541,80.001 C549.148,80.001 550.169,79.965 553.369,79.82 C556.562,79.673 558.743,79.167 560.652,78.425 C562.623,77.658 564.297,76.634 565.965,74.965 C567.633,73.296 568.659,71.625 569.425,69.651 C570.167,67.743 570.674,65.562 570.82,62.369 C570.966,59.17 571,58.147 571,50 C571,41.851 570.966,40.831 570.82,37.631\"><\/path><\/g><\/g><\/g><\/svg><\/div><div style=\"padding-top: 8px;\"> <div style=\" color:#3897f0; font-family:Arial,sans-serif; font-size:14px; font-style:normal; font-weight:550; line-height:18px;\">Ver essa foto no Instagram<\/div><\/div><div style=\"padding: 12.5% 0;\"><\/div> <div style=\"display: flex; flex-direction: row; margin-bottom: 14px; align-items: center;\"><div> <div style=\"background-color: #F4F4F4; border-radius: 50%; height: 12.5px; width: 12.5px; transform: translateX(0px) translateY(7px);\"><\/div> <div style=\"background-color: #F4F4F4; height: 12.5px; transform: rotate(-45deg) translateX(3px) translateY(1px); width: 12.5px; flex-grow: 0; margin-right: 14px; margin-left: 2px;\"><\/div> <div style=\"background-color: #F4F4F4; border-radius: 50%; height: 12.5px; width: 12.5px; transform: translateX(9px) translateY(-18px);\"><\/div><\/div><div style=\"margin-left: 8px;\"> <div style=\" background-color: #F4F4F4; border-radius: 50%; flex-grow: 0; height: 20px; width: 20px;\"><\/div> <div style=\" width: 0; height: 0; border-top: 2px solid transparent; border-left: 6px solid #f4f4f4; border-bottom: 2px solid transparent; transform: translateX(16px) translateY(-4px) rotate(30deg)\"><\/div><\/div><div style=\"margin-left: auto;\"> <div style=\" width: 0px; border-top: 8px solid #F4F4F4; border-right: 8px solid transparent; transform: translateY(16px);\"><\/div> <div style=\" background-color: #F4F4F4; flex-grow: 0; height: 12px; width: 16px; transform: translateY(-4px);\"><\/div> <div style=\" width: 0; height: 0; border-top: 8px solid #F4F4F4; border-left: 8px solid transparent; transform: translateY(-4px) translateX(8px);\"><\/div><\/div><\/div> <div style=\"display: flex; flex-direction: column; flex-grow: 1; justify-content: center; margin-bottom: 24px;\"> <div style=\" background-color: #F4F4F4; border-radius: 4px; flex-grow: 0; height: 14px; margin-bottom: 6px; width: 224px;\"><\/div> <div style=\" background-color: #F4F4F4; border-radius: 4px; flex-grow: 0; height: 14px; width: 144px;\"><\/div><\/div><\/a><p style=\" color:#c9c8cd; font-family:Arial,sans-serif; font-size:14px; line-height:17px; margin-bottom:0; margin-top:8px; overflow:hidden; padding:8px 0 7px; text-align:center; text-overflow:ellipsis; white-space:nowrap;\"><a href=\"https:\/\/www.instagram.com\/reel\/DLCwXPtRlbY\/?utm_source=ig_embed&amp;utm_campaign=loading\" style=\" color:#c9c8cd; font-family:Arial,sans-serif; font-size:14px; font-style:normal; font-weight:normal; line-height:17px; text-decoration:none;\" target=\"_blank\">Uma publica\u00e7\u00e3o compartilhada por Priscila Antunes CRM 109981-7 (@drapriantunes)<\/a><\/p><\/div><\/blockquote>\n<script async src=\"\/\/www.instagram.com\/embed.js\"><\/script>\n\n\n\n<p>Depois do demaquilante, entra o <strong>sabonete facial espec\u00edfico para seu tipo de pele<\/strong>. Ele complementa a limpeza, regula o pH da pele e prepara o rosto para receber os demais ativos da rotina, como a vitamina C. A sequ\u00eancia correta dos produtos potencializa os resultados e diminui a chance de rea\u00e7\u00f5es indesejadas.<\/p>\n\n\n\n<h2 class=\"wp-block-heading\">Sabonete em \u00f3leo \u00e9 aliado da pele seca ou sens\u00edvel?<\/h2>\n\n\n\n<p>Sim. Quando falamos de cuidados com o corpo, muitas pessoas negligenciam o sabonete. O problema est\u00e1 em sabonetes agressivos, que retiram a prote\u00e7\u00e3o natural da pele. Dra. Priscila explica que, para quem tem <strong>dermatite, pele seca ou sens\u00edvel<\/strong>, a melhor escolha s\u00e3o sabonetes em \u00f3leo. Eles limpam sem ressecar e ajudam a manter a barreira cut\u00e2nea \u00edntegra.<\/p>\n\n\n\n<p>Essa camada de gordura natural \u00e9 essencial para proteger contra alergias, microfissuras e processos inflamat\u00f3rios. Ao preservar a hidrata\u00e7\u00e3o natural da pele, os sabonetes em \u00f3leo reduzem a necessidade de cremes e previnem coceiras e desconforto, principalmente em regi\u00f5es como pernas e bra\u00e7os.<\/p>\n\n\n\n<h2 class=\"wp-block-heading\">Qual a rela\u00e7\u00e3o entre vitamina C, silimarina e o f\u00edgado?<\/h2>\n\n\n\n<p>O uso t\u00f3pico da <strong>vitamina C<\/strong> j\u00e1 \u00e9 conhecido por seus benef\u00edcios antioxidantes, clareadores e anti-idade. No entanto, Dra. Priscila chama aten\u00e7\u00e3o para uma vers\u00e3o enriquecida com <strong>silimarina<\/strong>, uma subst\u00e2ncia derivada do cardo-mariano, amplamente estudada por seus efeitos no f\u00edgado. Quando aplicada na pele, essa combina\u00e7\u00e3o potencializa a a\u00e7\u00e3o antioxidante e melhora a textura e uniformidade cut\u00e2nea.<\/p>\n\n\n<div class=\"wp-block-image\">\n<figure class=\"aligncenter size-large\"><img loading=\"lazy\" decoding=\"async\" width=\"1024\" height=\"576\" src=\"https:\/\/www.em.com.br\/emfoco\/wp-content\/uploads\/2025\/06\/farmacia-_1750310386669-1024x576.jpg\" alt=\"\" class=\"wp-image-63817\" srcset=\"https:\/\/www.em.com.br\/emfoco\/wp-content\/uploads\/2025\/06\/farmacia-_1750310386669-1024x576.jpg 1024w, https:\/\/www.em.com.br\/emfoco\/wp-content\/uploads\/2025\/06\/farmacia-_1750310386669-300x169.jpg 300w, https:\/\/www.em.com.br\/emfoco\/wp-content\/uploads\/2025\/06\/farmacia-_1750310386669-768x432.jpg 768w, https:\/\/www.em.com.br\/emfoco\/wp-content\/uploads\/2025\/06\/farmacia-_1750310386669-750x422.jpg 750w, https:\/\/www.em.com.br\/emfoco\/wp-content\/uploads\/2025\/06\/farmacia-_1750310386669-1140x641.jpg 1140w, https:\/\/www.em.com.br\/emfoco\/wp-content\/uploads\/2025\/06\/farmacia-_1750310386669.jpg 1280w\" sizes=\"auto, (max-width: 1024px) 100vw, 1024px\" \/><figcaption class=\"wp-element-caption\">Representa\u00e7\u00e3o de farmaceutico na farm\u00e1cia &#8211; Cr\u00e9ditos: depositphotos.com \/ BiancoBlue<\/figcaption><\/figure><\/div>\n\n\n<p>Mais do que um cosm\u00e9tico, a vitamina C com silimarina refor\u00e7a a conex\u00e3o entre a sa\u00fade da pele e a do f\u00edgado. Isso porque o f\u00edgado sobrecarregado pode influenciar negativamente a pele, provocando secre\u00e7\u00f5es com odor forte, excesso de oleosidade e acne. Assim, cuidar da pele tamb\u00e9m passa por <strong>promover a desintoxica\u00e7\u00e3o e reduzir a inflama\u00e7\u00e3o sist\u00eamica<\/strong>.<\/p>\n\n\n\n<h2 class=\"wp-block-heading\">O que evitar para manter a pele desinflamada?<\/h2>\n\n\n\n<p>Dormir com maquiagem, pular a limpeza noturna e usar produtos inadequados para seu tipo de pele s\u00e3o erros comuns. Dra. Priscila enfatiza que esses h\u00e1bitos aumentam o estresse oxidativo cut\u00e2neo, inflamam as camadas mais profundas da pele e aceleram o envelhecimento. A inflama\u00e7\u00e3o cr\u00f4nica e silenciosa, por sua vez, n\u00e3o afeta apenas a est\u00e9tica: ela tamb\u00e9m impacta a sa\u00fade imunol\u00f3gica, hormonal e digestiva.<\/p>\n\n\n\n<p>Outro ponto \u00e9 evitar produtos com excesso de fragr\u00e2ncia, corantes artificiais e \u00e1lcool em altas concentra\u00e7\u00f5es. Eles irritam a pele e, a longo prazo, aumentam a sensibilidade e o risco de alergias. A escolha de cosm\u00e9ticos mais neutros e funcionais reduz o risco inflamat\u00f3rio e favorece uma pele mais est\u00e1vel e luminosa.<\/p>\n\n\n\n<h2 class=\"wp-block-heading\">Como aplicar os quatro produtos corretamente?<\/h2>\n\n\n\n<ul class=\"wp-block-list\">\n<li><strong>Demaquilante<\/strong>: aplicar primeiro, com algod\u00e3o ou toalhinha, mesmo sem maquiagem aparente<\/li>\n\n\n\n<li><strong>Sabonete facial suave<\/strong>: usar de manh\u00e3 e \u00e0 noite ap\u00f3s o demaquilante<\/li>\n\n\n\n<li><strong>Sabonete corporal em \u00f3leo<\/strong>: ideal para o banho di\u00e1rio, principalmente em peles secas ou com dermatite<\/li>\n\n\n\n<li><strong>Vitamina C com silimarina<\/strong>: aplicar pela manh\u00e3, ap\u00f3s a limpeza e antes do protetor solar<\/li>\n<\/ul>\n\n\n\n<p>Essa rotina pode ser adaptada conforme o tipo de pele e esta\u00e7\u00e3o do ano, mas os princ\u00edpios de limpeza eficaz e desinflama\u00e7\u00e3o cut\u00e2nea s\u00e3o universais.<\/p>\n\n\n\n<h2 class=\"wp-block-heading\">Fontes cient\u00edficas utilizadas neste artigo<\/h2>\n\n\n\n<ul class=\"wp-block-list\">\n<li><em>NCBI \u2013 Silymarin and skin inflammation: therapeutic effects in dermatology<\/em><\/li>\n\n\n\n<li><em>Journal of Cosmetic Dermatology \u2013 Topical vitamin C and silibinin combination for skin rejuvenation<\/em><\/li>\n\n\n\n<li><em>Clinical, Cosmetic and Investigational Dermatology \u2013 Antioxidant synergy in skin protection<\/em><\/li>\n\n\n\n<li><em>Brazilian Journal of Medical and Biological Research \u2013 Liver-skin axis: evidence from inflammatory markers<\/em><\/li>\n<\/ul>\n\n\n\n<h2 class=\"wp-block-heading\">Perfil oficial da especialista<\/h2>\n\n\n\n<p>Instagram da Dra. Priscila Antunes<br><a href=\"https:\/\/www.instagram.com\/drapriantunes\" target=\"_blank\" rel=\"noreferrer noopener\">https:\/\/www.instagram.com\/drapriantunes<\/a><\/p>\n\n\n\n<p><\/p>\n","protected":false},"excerpt":{"rendered":"<p>A rotina de cuidados com a pele n\u00e3o precisa ser complexa nem cara. Segundo a m\u00e9dica Dra. Priscila Antunes (CRM 109981-7), \u00e9 poss\u00edvel cuidar da sa\u00fade da pele com itens simples e acess\u00edveis da farm\u00e1cia comum \u2014 desde que escolhidos com sabedoria. O objetivo n\u00e3o \u00e9 apenas limpar ou hidratar, mas tamb\u00e9m evitar processos inflamat\u00f3rios [&hellip;]<\/p>\n","protected":false},"author":17,"featured_media":63816,"comment_status":"open","ping_status":"open","sticky":false,"template":"","format":"standard","meta":{"jnews-multi-image_gallery":[],"jnews_single_post":{"format":"standard"},"jnews_primary_category":[],"jnews_social_meta":[],"jnews_override_counter":[],"footnotes":""},"categories":[9053],"tags":[9932,415,3446],"class_list":["post-63803","post","type-post","status-publish","format-standard","has-post-thumbnail","hentry","category-saude","tag-farmacia","tag-saude","tag-vitamina"],"yoast_head":"<!-- This site is optimized with the Yoast SEO plugin v23.8 - https:\/\/yoast.com\/wordpress\/plugins\/seo\/ -->\n<title>Dra. Priscila Antunes, m\u00e9dica, \u201cVou indicar quatro produtos de farm\u00e1cia para voc\u00ea\u201d - Estado de Minas - Em foco<\/title>\n<meta name=\"description\" content=\"Dra. Priscila Antunes revela o passo mais ignorado na rotina de skincare e o motivo pode te surpreender muito.\" \/>\n<meta name=\"robots\" content=\"index, follow, max-snippet:-1, max-image-preview:large, max-video-preview:-1\" \/>\n<link rel=\"canonical\" href=\"https:\/\/www.em.com.br\/emfoco\/2025\/06\/19\/dra-priscila-antunes-medica-vou-indicar-quatro-produtos-de-farmacia-para-voce\/\" \/>\n<meta property=\"og:locale\" content=\"pt_BR\" \/>\n<meta property=\"og:type\" content=\"article\" \/>\n<meta property=\"og:title\" content=\"Dra. Priscila Antunes, m\u00e9dica, \u201cVou indicar quatro produtos de farm\u00e1cia para voc\u00ea\u201d - Estado de Minas - Em foco\" \/>\n<meta property=\"og:description\" content=\"Dra. Priscila Antunes revela o passo mais ignorado na rotina de skincare e o motivo pode te surpreender muito.\" \/>\n<meta property=\"og:url\" content=\"https:\/\/www.em.com.br\/emfoco\/2025\/06\/19\/dra-priscila-antunes-medica-vou-indicar-quatro-produtos-de-farmacia-para-voce\/\" \/>\n<meta property=\"og:site_name\" content=\"Estado de Minas - Em foco\" \/>\n<meta property=\"article:published_time\" content=\"2025-06-19T14:30:00+00:00\" \/>\n<meta property=\"article:modified_time\" content=\"2025-06-19T05:37:46+00:00\" \/>\n<meta property=\"og:image\" content=\"https:\/\/www.em.com.br\/emfoco\/wp-content\/uploads\/2025\/06\/farmacia-_1750310325423.jpg\" \/>\n\t<meta property=\"og:image:width\" content=\"1280\" \/>\n\t<meta property=\"og:image:height\" content=\"720\" \/>\n\t<meta property=\"og:image:type\" content=\"image\/jpeg\" \/>\n<meta name=\"author\" content=\"Lucas Sampaio\" \/>\n<meta name=\"twitter:card\" content=\"summary_large_image\" \/>\n<meta name=\"twitter:label1\" content=\"Escrito por\" \/>\n\t<meta name=\"twitter:data1\" content=\"Lucas Sampaio\" \/>\n\t<meta name=\"twitter:label2\" content=\"Est. tempo de leitura\" \/>\n\t<meta name=\"twitter:data2\" content=\"5 minutos\" \/>\n<!-- \/ Yoast SEO plugin. -->","yoast_head_json":{"title":"Dra. Priscila Antunes, m\u00e9dica, \u201cVou indicar quatro produtos de farm\u00e1cia para voc\u00ea\u201d - Estado de Minas - Em foco","description":"Dra. Priscila Antunes revela o passo mais ignorado na rotina de skincare e o motivo pode te surpreender muito.","robots":{"index":"index","follow":"follow","max-snippet":"max-snippet:-1","max-image-preview":"max-image-preview:large","max-video-preview":"max-video-preview:-1"},"canonical":"https:\/\/www.em.com.br\/emfoco\/2025\/06\/19\/dra-priscila-antunes-medica-vou-indicar-quatro-produtos-de-farmacia-para-voce\/","og_locale":"pt_BR","og_type":"article","og_title":"Dra. Priscila Antunes, m\u00e9dica, \u201cVou indicar quatro produtos de farm\u00e1cia para voc\u00ea\u201d - Estado de Minas - Em foco","og_description":"Dra. Priscila Antunes revela o passo mais ignorado na rotina de skincare e o motivo pode te surpreender muito.","og_url":"https:\/\/www.em.com.br\/emfoco\/2025\/06\/19\/dra-priscila-antunes-medica-vou-indicar-quatro-produtos-de-farmacia-para-voce\/","og_site_name":"Estado de Minas - Em foco","article_published_time":"2025-06-19T14:30:00+00:00","article_modified_time":"2025-06-19T05:37:46+00:00","og_image":[{"width":1280,"height":720,"url":"https:\/\/www.em.com.br\/emfoco\/wp-content\/uploads\/2025\/06\/farmacia-_1750310325423.jpg","type":"image\/jpeg"}],"author":"Lucas Sampaio","twitter_card":"summary_large_image","twitter_misc":{"Escrito por":"Lucas Sampaio","Est. tempo de leitura":"5 minutos"},"schema":{"@context":"https:\/\/schema.org","@graph":[{"@type":"WebPage","@id":"https:\/\/www.em.com.br\/emfoco\/2025\/06\/19\/dra-priscila-antunes-medica-vou-indicar-quatro-produtos-de-farmacia-para-voce\/","url":"https:\/\/www.em.com.br\/emfoco\/2025\/06\/19\/dra-priscila-antunes-medica-vou-indicar-quatro-produtos-de-farmacia-para-voce\/","name":"Dra. Priscila Antunes, m\u00e9dica, \u201cVou indicar quatro produtos de farm\u00e1cia para voc\u00ea\u201d - Estado de Minas - Em foco","isPartOf":{"@id":"https:\/\/www.em.com.br\/emfoco\/#website"},"primaryImageOfPage":{"@id":"https:\/\/www.em.com.br\/emfoco\/2025\/06\/19\/dra-priscila-antunes-medica-vou-indicar-quatro-produtos-de-farmacia-para-voce\/#primaryimage"},"image":{"@id":"https:\/\/www.em.com.br\/emfoco\/2025\/06\/19\/dra-priscila-antunes-medica-vou-indicar-quatro-produtos-de-farmacia-para-voce\/#primaryimage"},"thumbnailUrl":"https:\/\/www.em.com.br\/emfoco\/wp-content\/uploads\/2025\/06\/farmacia-_1750310325423.jpg","datePublished":"2025-06-19T14:30:00+00:00","dateModified":"2025-06-19T05:37:46+00:00","author":{"@id":"https:\/\/www.em.com.br\/emfoco\/#\/schema\/person\/9ad4c536bd87f5bb8006420332b99aef"},"description":"Dra. Priscila Antunes revela o passo mais ignorado na rotina de skincare e o motivo pode te surpreender muito.","breadcrumb":{"@id":"https:\/\/www.em.com.br\/emfoco\/2025\/06\/19\/dra-priscila-antunes-medica-vou-indicar-quatro-produtos-de-farmacia-para-voce\/#breadcrumb"},"inLanguage":"pt-BR","potentialAction":[{"@type":"ReadAction","target":["https:\/\/www.em.com.br\/emfoco\/2025\/06\/19\/dra-priscila-antunes-medica-vou-indicar-quatro-produtos-de-farmacia-para-voce\/"]}]},{"@type":"ImageObject","inLanguage":"pt-BR","@id":"https:\/\/www.em.com.br\/emfoco\/2025\/06\/19\/dra-priscila-antunes-medica-vou-indicar-quatro-produtos-de-farmacia-para-voce\/#primaryimage","url":"https:\/\/www.em.com.br\/emfoco\/wp-content\/uploads\/2025\/06\/farmacia-_1750310325423.jpg","contentUrl":"https:\/\/www.em.com.br\/emfoco\/wp-content\/uploads\/2025\/06\/farmacia-_1750310325423.jpg","width":1280,"height":720,"caption":"Interior de farm\u00e1cia - Cr\u00e9ditos: depositphotos.com \/ SimpleFoto"},{"@type":"BreadcrumbList","@id":"https:\/\/www.em.com.br\/emfoco\/2025\/06\/19\/dra-priscila-antunes-medica-vou-indicar-quatro-produtos-de-farmacia-para-voce\/#breadcrumb","itemListElement":[{"@type":"ListItem","position":1,"name":"In\u00edcio","item":"https:\/\/www.em.com.br\/emfoco\/"},{"@type":"ListItem","position":2,"name":"Dra. Priscila Antunes, m\u00e9dica, \u201cVou indicar quatro produtos de farm\u00e1cia para voc\u00ea\u201d"}]},{"@type":"WebSite","@id":"https:\/\/www.em.com.br\/emfoco\/#website","url":"https:\/\/www.em.com.br\/emfoco\/","name":"Estado de Minas - Em foco","description":"Acompanhe as \u00faltimas not\u00edcias e fique bem informado sobre tudo o que acontece em Minas Gerais, Brasil e no mundo.","potentialAction":[{"@type":"SearchAction","target":{"@type":"EntryPoint","urlTemplate":"https:\/\/www.em.com.br\/emfoco\/?s={search_term_string}"},"query-input":{"@type":"PropertyValueSpecification","valueRequired":true,"valueName":"search_term_string"}}],"inLanguage":"pt-BR"},{"@type":"Person","@id":"https:\/\/www.em.com.br\/emfoco\/#\/schema\/person\/9ad4c536bd87f5bb8006420332b99aef","name":"Lucas Sampaio","image":{"@type":"ImageObject","inLanguage":"pt-BR","@id":"https:\/\/www.em.com.br\/emfoco\/#\/schema\/person\/image\/","url":"https:\/\/secure.gravatar.com\/avatar\/2696b9676ad143cd7135b717faf6f79f?s=96&d=mm&r=g","contentUrl":"https:\/\/secure.gravatar.com\/avatar\/2696b9676ad143cd7135b717faf6f79f?s=96&d=mm&r=g","caption":"Lucas Sampaio"},"sameAs":["https:\/\/www.em.com.br\/emfoco\/"],"url":"https:\/\/www.em.com.br\/emfoco\/author\/lucasmyth\/"}]}},"_links":{"self":[{"href":"https:\/\/www.em.com.br\/emfoco\/wp-json\/wp\/v2\/posts\/63803","targetHints":{"allow":["GET"]}}],"collection":[{"href":"https:\/\/www.em.com.br\/emfoco\/wp-json\/wp\/v2\/posts"}],"about":[{"href":"https:\/\/www.em.com.br\/emfoco\/wp-json\/wp\/v2\/types\/post"}],"author":[{"embeddable":true,"href":"https:\/\/www.em.com.br\/emfoco\/wp-json\/wp\/v2\/users\/17"}],"replies":[{"embeddable":true,"href":"https:\/\/www.em.com.br\/emfoco\/wp-json\/wp\/v2\/comments?post=63803"}],"version-history":[{"count":2,"href":"https:\/\/www.em.com.br\/emfoco\/wp-json\/wp\/v2\/posts\/63803\/revisions"}],"predecessor-version":[{"id":63818,"href":"https:\/\/www.em.com.br\/emfoco\/wp-json\/wp\/v2\/posts\/63803\/revisions\/63818"}],"wp:featuredmedia":[{"embeddable":true,"href":"https:\/\/www.em.com.br\/emfoco\/wp-json\/wp\/v2\/media\/63816"}],"wp:attachment":[{"href":"https:\/\/www.em.com.br\/emfoco\/wp-json\/wp\/v2\/media?parent=63803"}],"wp:term":[{"taxonomy":"category","embeddable":true,"href":"https:\/\/www.em.com.br\/emfoco\/wp-json\/wp\/v2\/categories?post=63803"},{"taxonomy":"post_tag","embeddable":true,"href":"https:\/\/www.em.com.br\/emfoco\/wp-json\/wp\/v2\/tags?post=63803"}],"curies":[{"name":"wp","href":"https:\/\/api.w.org\/{rel}","templated":true}]}}