{"id":63611,"date":"2025-06-24T10:38:08","date_gmt":"2025-06-24T13:38:08","guid":{"rendered":"https:\/\/www.em.com.br\/emfoco\/?p=63611"},"modified":"2025-06-23T18:06:52","modified_gmt":"2025-06-23T21:06:52","slug":"por-que-o-teste-do-biquini-gera-tanta-ansiedade","status":"publish","type":"post","link":"https:\/\/www.em.com.br\/emfoco\/2025\/06\/24\/por-que-o-teste-do-biquini-gera-tanta-ansiedade\/","title":{"rendered":"Por que o teste do biqu\u00edni gera tanta ansiedade"},"content":{"rendered":"\n<p>O teste do traje de banho \u00e9 um momento que provoca ansiedade em muitas pessoas, independentemente da idade ou do tipo f\u00edsico. Essa situa\u00e7\u00e3o, comum em academias, lojas ou at\u00e9 mesmo em provas esportivas, costuma gerar desconforto e inseguran\u00e7a, levando muitos a evitarem ou adiarem esse tipo de experi\u00eancia. Mas o que est\u00e1 por tr\u00e1s desse receio t\u00e3o frequente?<\/p>\n\n\n\n<p>Al\u00e9m das quest\u00f5es est\u00e9ticas, fatores emocionais e sociais desempenham um papel importante na forma como cada indiv\u00edduo lida com o teste do traje de banho. O medo de julgamentos, compara\u00e7\u00f5es e a exposi\u00e7\u00e3o do pr\u00f3prio corpo s\u00e3o apenas algumas das raz\u00f5es que contribuem para o aumento da tens\u00e3o nesse momento. Entender as origens desse medo pode ajudar a lidar melhor com ele.<\/p>\n\n\n\n<h2 class=\"wp-block-heading\">O que torna o teste do traje de banho t\u00e3o temido?<\/h2>\n\n\n\n<p>O teste do traje de banho envolve uma exposi\u00e7\u00e3o maior do corpo, o que pode acionar inseguran\u00e7as relacionadas \u00e0 autoimagem. Muitas pessoas sentem que suas imperfei\u00e7\u00f5es ficam mais evidentes, o que <a href=\"https:\/\/www.em.com.br\/emfoco\/2025\/05\/18\/conheca-os-7-cuidados-essenciais-com-a-pele-branca-para-o-verao\/\" target=\"_blank\" rel=\"noreferrer noopener\">aumenta <\/a>o receio de cr\u00edticas ou olhares alheios. Esse medo n\u00e3o se limita apenas a quem est\u00e1 fora dos padr\u00f5es considerados ideais pela sociedade, mas afeta indiv\u00edduos de diferentes perfis.<\/p>\n\n\n\n<p>Outro fator relevante \u00e9 a press\u00e3o social para atender a certos padr\u00f5es est\u00e9ticos. A m\u00eddia, redes sociais e at\u00e9 conversas informais refor\u00e7am expectativas sobre como um corpo deve ser, o que intensifica o desconforto durante o teste. Esse contexto contribui para que o momento seja visto como um desafio emocional, e n\u00e3o apenas uma simples prova de roupa.<\/p>\n\n\n<div class=\"wp-block-image\">\n<figure class=\"aligncenter size-large\"><img loading=\"lazy\" decoding=\"async\" width=\"1024\" height=\"576\" src=\"https:\/\/www.em.com.br\/emfoco\/wp-content\/uploads\/2025\/06\/medo-de-usar-biquini_1750289318612-1024x576.jpg\" alt=\"O medo do provador biqu\u00edni\" class=\"wp-image-63614\" srcset=\"https:\/\/www.em.com.br\/emfoco\/wp-content\/uploads\/2025\/06\/medo-de-usar-biquini_1750289318612-1024x576.jpg 1024w, https:\/\/www.em.com.br\/emfoco\/wp-content\/uploads\/2025\/06\/medo-de-usar-biquini_1750289318612-300x169.jpg 300w, https:\/\/www.em.com.br\/emfoco\/wp-content\/uploads\/2025\/06\/medo-de-usar-biquini_1750289318612-768x432.jpg 768w, https:\/\/www.em.com.br\/emfoco\/wp-content\/uploads\/2025\/06\/medo-de-usar-biquini_1750289318612-750x422.jpg 750w, https:\/\/www.em.com.br\/emfoco\/wp-content\/uploads\/2025\/06\/medo-de-usar-biquini_1750289318612-1140x641.jpg 1140w, https:\/\/www.em.com.br\/emfoco\/wp-content\/uploads\/2025\/06\/medo-de-usar-biquini_1750289318612.jpg 1280w\" sizes=\"auto, (max-width: 1024px) 100vw, 1024px\" \/><figcaption class=\"wp-element-caption\">O medo do provador biqu\u00edni &#8211; Cr\u00e9ditos: depositphotos.com \/ Krakenimages.com<\/figcaption><\/figure><\/div>\n\n\n<h2 class=\"wp-block-heading\">Como a cultura influencia o medo do teste do traje de banho?<\/h2>\n\n\n\n<p>A cultura em que se vive tem grande impacto na percep\u00e7\u00e3o do corpo e na forma como as pessoas encaram situa\u00e7\u00f5es de exposi\u00e7\u00e3o. Em pa\u00edses onde o culto ao corpo \u00e9 mais forte, como no Brasil, a cobran\u00e7a est\u00e9tica tende a ser ainda maior. Isso faz com que o teste do traje de banho seja encarado como um verdadeiro teste de autoestima.<\/p>\n\n\n\n<p>Al\u00e9m disso, eventos como o ver\u00e3o e festas em piscinas ou praias costumam aumentar a preocupa\u00e7\u00e3o com a apar\u00eancia. A necessidade de se encaixar em padr\u00f5es culturais pode levar ao desenvolvimento de comportamentos de evita\u00e7\u00e3o, como deixar de participar de atividades para n\u00e3o enfrentar o teste do traje de banho.<\/p>\n\n\n\n<h2 class=\"wp-block-heading\">Quais sentimentos est\u00e3o envolvidos nesse momento?<\/h2>\n\n\n\n<p>Durante o teste do traje de banho, sentimentos como vergonha, ansiedade e inseguran\u00e7a costumam ser comuns. O medo de n\u00e3o corresponder \u00e0s expectativas, tanto pr\u00f3prias quanto alheias, pode gerar <a href=\"https:\/\/hospitalsantamonica.com.br\/5-sinais-de-quem-possui-transtornos-mentais\/\" target=\"_blank\" rel=\"noreferrer noopener\">desconforto <\/a>intenso. Para algumas pessoas, esse momento pode at\u00e9 desencadear lembran\u00e7as negativas ou experi\u00eancias passadas de bullying.<\/p>\n\n\n\n<p>Al\u00e9m disso, a compara\u00e7\u00e3o com outras pessoas presentes no local pode acentuar o sentimento de inadequa\u00e7\u00e3o. A busca por aceita\u00e7\u00e3o e o desejo de evitar julgamentos acabam tornando o teste do traje de banho um desafio emocional, que vai al\u00e9m da simples escolha de uma pe\u00e7a de roupa.<\/p>\n\n\n\n<h2 class=\"wp-block-heading\">Por que evitamos falar sobre esse medo?<\/h2>\n\n\n\n<p>Muitas pessoas preferem n\u00e3o comentar sobre o medo do teste do traje de banho por receio de serem vistas como fr\u00e1geis ou vaidosas. Existe uma tend\u00eancia a minimizar ou esconder inseguran\u00e7as relacionadas ao corpo, o que dificulta o di\u00e1logo sobre o tema. Essa falta de comunica\u00e7\u00e3o pode refor\u00e7ar a sensa\u00e7\u00e3o de isolamento.<\/p>\n\n\n\n<p>Al\u00e9m disso, o tabu em torno da vulnerabilidade corporal faz com que o assunto seja tratado de forma superficial. O sil\u00eancio sobre o tema impede que estrat\u00e9gias de enfrentamento sejam compartilhadas, dificultando a supera\u00e7\u00e3o do medo e a constru\u00e7\u00e3o de uma rela\u00e7\u00e3o mais saud\u00e1vel com o pr\u00f3prio corpo.<\/p>\n\n\n\n<h2 class=\"wp-block-heading\">Como lidar com o medo do teste do traje de banho?<\/h2>\n\n\n\n<p>Buscar compreender as pr\u00f3prias inseguran\u00e7as \u00e9 um passo importante para enfrentar o medo do teste do traje de banho. Pr\u00e1ticas como o autoconhecimento e a aceita\u00e7\u00e3o corporal podem ajudar a reduzir a ansiedade associada a esse momento. Al\u00e9m disso, conversar com pessoas de confian\u00e7a pode aliviar a press\u00e3o e mostrar que esse sentimento \u00e9 mais comum do que se imagina.<\/p>\n\n\n\n<p>Outra estrat\u00e9gia \u00e9 focar no conforto e bem-estar ao escolher um traje de banho, priorizando pe\u00e7as que proporcionem seguran\u00e7a. Caso o desconforto persista, procurar apoio profissional, como psic\u00f3logos, pode ser \u00fatil para desenvolver uma rela\u00e7\u00e3o mais positiva com o pr\u00f3prio corpo e com situa\u00e7\u00f5es de exposi\u00e7\u00e3o.<\/p>\n","protected":false},"excerpt":{"rendered":"<p>O teste do traje de banho \u00e9 um momento que provoca ansiedade em muitas pessoas, independentemente da idade ou do tipo f\u00edsico. Essa situa\u00e7\u00e3o, comum em academias, lojas ou at\u00e9 mesmo em provas esportivas, costuma gerar desconforto e inseguran\u00e7a, levando muitos a evitarem ou adiarem esse tipo de experi\u00eancia. Mas o que est\u00e1 por tr\u00e1s [&hellip;]<\/p>\n","protected":false},"author":15,"featured_media":63613,"comment_status":"open","ping_status":"open","sticky":false,"template":"","format":"standard","meta":{"jnews-multi-image_gallery":[],"jnews_single_post":{"format":"standard"},"jnews_primary_category":[],"jnews_social_meta":[],"jnews_override_counter":[],"footnotes":""},"categories":[8819],"tags":[4947,5212,159,9512,9769,9622],"class_list":["post-63611","post","type-post","status-publish","format-standard","has-post-thumbnail","hentry","category-curiosidades","tag-ansiedade","tag-autoimagem","tag-cultura","tag-inseguranca","tag-padroes-esteticos","tag-sentimentos"],"yoast_head":"<!-- This site is optimized with the Yoast SEO plugin v23.8 - https:\/\/yoast.com\/wordpress\/plugins\/seo\/ -->\n<title>Por que o teste do biqu\u00edni gera tanta ansiedade - Estado de Minas - Em foco<\/title>\n<meta name=\"description\" content=\"O provador de trajes de banho revela inseguran\u00e7as profundas. Veja o que a psicologia diz sobre esse medo que poucos admitem.\" \/>\n<meta name=\"robots\" content=\"index, follow, max-snippet:-1, max-image-preview:large, max-video-preview:-1\" \/>\n<link rel=\"canonical\" href=\"https:\/\/www.em.com.br\/emfoco\/2025\/06\/24\/por-que-o-teste-do-biquini-gera-tanta-ansiedade\/\" \/>\n<meta property=\"og:locale\" content=\"pt_BR\" \/>\n<meta property=\"og:type\" content=\"article\" \/>\n<meta property=\"og:title\" content=\"Por que o teste do biqu\u00edni gera tanta ansiedade - Estado de Minas - Em foco\" \/>\n<meta property=\"og:description\" content=\"O provador de trajes de banho revela inseguran\u00e7as profundas. Veja o que a psicologia diz sobre esse medo que poucos admitem.\" \/>\n<meta property=\"og:url\" content=\"https:\/\/www.em.com.br\/emfoco\/2025\/06\/24\/por-que-o-teste-do-biquini-gera-tanta-ansiedade\/\" \/>\n<meta property=\"og:site_name\" content=\"Estado de Minas - Em foco\" \/>\n<meta property=\"article:published_time\" content=\"2025-06-24T13:38:08+00:00\" \/>\n<meta property=\"article:modified_time\" content=\"2025-06-23T21:06:52+00:00\" \/>\n<meta property=\"og:image\" content=\"https:\/\/www.em.com.br\/emfoco\/wp-content\/uploads\/2025\/06\/loja-de-biquini_1750289236366.jpg\" \/>\n\t<meta property=\"og:image:width\" content=\"1280\" \/>\n\t<meta property=\"og:image:height\" content=\"720\" \/>\n\t<meta property=\"og:image:type\" content=\"image\/jpeg\" \/>\n<meta name=\"author\" content=\"Douglas Myth\" \/>\n<meta name=\"twitter:card\" content=\"summary_large_image\" \/>\n<meta name=\"twitter:label1\" content=\"Escrito por\" \/>\n\t<meta name=\"twitter:data1\" content=\"Douglas Myth\" \/>\n\t<meta name=\"twitter:label2\" content=\"Est. tempo de leitura\" \/>\n\t<meta name=\"twitter:data2\" content=\"5 minutos\" \/>\n<!-- \/ Yoast SEO plugin. -->","yoast_head_json":{"title":"Por que o teste do biqu\u00edni gera tanta ansiedade - Estado de Minas - Em foco","description":"O provador de trajes de banho revela inseguran\u00e7as profundas. Veja o que a psicologia diz sobre esse medo que poucos admitem.","robots":{"index":"index","follow":"follow","max-snippet":"max-snippet:-1","max-image-preview":"max-image-preview:large","max-video-preview":"max-video-preview:-1"},"canonical":"https:\/\/www.em.com.br\/emfoco\/2025\/06\/24\/por-que-o-teste-do-biquini-gera-tanta-ansiedade\/","og_locale":"pt_BR","og_type":"article","og_title":"Por que o teste do biqu\u00edni gera tanta ansiedade - Estado de Minas - Em foco","og_description":"O provador de trajes de banho revela inseguran\u00e7as profundas. Veja o que a psicologia diz sobre esse medo que poucos admitem.","og_url":"https:\/\/www.em.com.br\/emfoco\/2025\/06\/24\/por-que-o-teste-do-biquini-gera-tanta-ansiedade\/","og_site_name":"Estado de Minas - Em foco","article_published_time":"2025-06-24T13:38:08+00:00","article_modified_time":"2025-06-23T21:06:52+00:00","og_image":[{"width":1280,"height":720,"url":"https:\/\/www.em.com.br\/emfoco\/wp-content\/uploads\/2025\/06\/loja-de-biquini_1750289236366.jpg","type":"image\/jpeg"}],"author":"Douglas Myth","twitter_card":"summary_large_image","twitter_misc":{"Escrito por":"Douglas Myth","Est. tempo de leitura":"5 minutos"},"schema":{"@context":"https:\/\/schema.org","@graph":[{"@type":"WebPage","@id":"https:\/\/www.em.com.br\/emfoco\/2025\/06\/24\/por-que-o-teste-do-biquini-gera-tanta-ansiedade\/","url":"https:\/\/www.em.com.br\/emfoco\/2025\/06\/24\/por-que-o-teste-do-biquini-gera-tanta-ansiedade\/","name":"Por que o teste do biqu\u00edni gera tanta ansiedade - Estado de Minas - Em foco","isPartOf":{"@id":"https:\/\/www.em.com.br\/emfoco\/#website"},"primaryImageOfPage":{"@id":"https:\/\/www.em.com.br\/emfoco\/2025\/06\/24\/por-que-o-teste-do-biquini-gera-tanta-ansiedade\/#primaryimage"},"image":{"@id":"https:\/\/www.em.com.br\/emfoco\/2025\/06\/24\/por-que-o-teste-do-biquini-gera-tanta-ansiedade\/#primaryimage"},"thumbnailUrl":"https:\/\/www.em.com.br\/emfoco\/wp-content\/uploads\/2025\/06\/loja-de-biquini_1750289236366.jpg","datePublished":"2025-06-24T13:38:08+00:00","dateModified":"2025-06-23T21:06:52+00:00","author":{"@id":"https:\/\/www.em.com.br\/emfoco\/#\/schema\/person\/bba594b7eebe9b9885fec3a5c7837089"},"description":"O provador de trajes de banho revela inseguran\u00e7as profundas. Veja o que a psicologia diz sobre esse medo que poucos admitem.","breadcrumb":{"@id":"https:\/\/www.em.com.br\/emfoco\/2025\/06\/24\/por-que-o-teste-do-biquini-gera-tanta-ansiedade\/#breadcrumb"},"inLanguage":"pt-BR","potentialAction":[{"@type":"ReadAction","target":["https:\/\/www.em.com.br\/emfoco\/2025\/06\/24\/por-que-o-teste-do-biquini-gera-tanta-ansiedade\/"]}]},{"@type":"ImageObject","inLanguage":"pt-BR","@id":"https:\/\/www.em.com.br\/emfoco\/2025\/06\/24\/por-que-o-teste-do-biquini-gera-tanta-ansiedade\/#primaryimage","url":"https:\/\/www.em.com.br\/emfoco\/wp-content\/uploads\/2025\/06\/loja-de-biquini_1750289236366.jpg","contentUrl":"https:\/\/www.em.com.br\/emfoco\/wp-content\/uploads\/2025\/06\/loja-de-biquini_1750289236366.jpg","width":1280,"height":720,"caption":"biqu\u00edni - Cr\u00e9ditos: depositphotos.com \/ margostock"},{"@type":"BreadcrumbList","@id":"https:\/\/www.em.com.br\/emfoco\/2025\/06\/24\/por-que-o-teste-do-biquini-gera-tanta-ansiedade\/#breadcrumb","itemListElement":[{"@type":"ListItem","position":1,"name":"In\u00edcio","item":"https:\/\/www.em.com.br\/emfoco\/"},{"@type":"ListItem","position":2,"name":"Por que o teste do biqu\u00edni gera tanta ansiedade"}]},{"@type":"WebSite","@id":"https:\/\/www.em.com.br\/emfoco\/#website","url":"https:\/\/www.em.com.br\/emfoco\/","name":"Estado de Minas - Em foco","description":"Acompanhe as \u00faltimas not\u00edcias e fique bem informado sobre tudo o que acontece em Minas Gerais, Brasil e no mundo.","potentialAction":[{"@type":"SearchAction","target":{"@type":"EntryPoint","urlTemplate":"https:\/\/www.em.com.br\/emfoco\/?s={search_term_string}"},"query-input":{"@type":"PropertyValueSpecification","valueRequired":true,"valueName":"search_term_string"}}],"inLanguage":"pt-BR"},{"@type":"Person","@id":"https:\/\/www.em.com.br\/emfoco\/#\/schema\/person\/bba594b7eebe9b9885fec3a5c7837089","name":"Douglas Myth","image":{"@type":"ImageObject","inLanguage":"pt-BR","@id":"https:\/\/www.em.com.br\/emfoco\/#\/schema\/person\/image\/","url":"https:\/\/secure.gravatar.com\/avatar\/1ac3cf50d0e68642c697dc0c960c802f?s=96&d=mm&r=g","contentUrl":"https:\/\/secure.gravatar.com\/avatar\/1ac3cf50d0e68642c697dc0c960c802f?s=96&d=mm&r=g","caption":"Douglas Myth"},"url":"https:\/\/www.em.com.br\/emfoco\/author\/douglasmyth\/"}]}},"_links":{"self":[{"href":"https:\/\/www.em.com.br\/emfoco\/wp-json\/wp\/v2\/posts\/63611","targetHints":{"allow":["GET"]}}],"collection":[{"href":"https:\/\/www.em.com.br\/emfoco\/wp-json\/wp\/v2\/posts"}],"about":[{"href":"https:\/\/www.em.com.br\/emfoco\/wp-json\/wp\/v2\/types\/post"}],"author":[{"embeddable":true,"href":"https:\/\/www.em.com.br\/emfoco\/wp-json\/wp\/v2\/users\/15"}],"replies":[{"embeddable":true,"href":"https:\/\/www.em.com.br\/emfoco\/wp-json\/wp\/v2\/comments?post=63611"}],"version-history":[{"count":2,"href":"https:\/\/www.em.com.br\/emfoco\/wp-json\/wp\/v2\/posts\/63611\/revisions"}],"predecessor-version":[{"id":63615,"href":"https:\/\/www.em.com.br\/emfoco\/wp-json\/wp\/v2\/posts\/63611\/revisions\/63615"}],"wp:featuredmedia":[{"embeddable":true,"href":"https:\/\/www.em.com.br\/emfoco\/wp-json\/wp\/v2\/media\/63613"}],"wp:attachment":[{"href":"https:\/\/www.em.com.br\/emfoco\/wp-json\/wp\/v2\/media?parent=63611"}],"wp:term":[{"taxonomy":"category","embeddable":true,"href":"https:\/\/www.em.com.br\/emfoco\/wp-json\/wp\/v2\/categories?post=63611"},{"taxonomy":"post_tag","embeddable":true,"href":"https:\/\/www.em.com.br\/emfoco\/wp-json\/wp\/v2\/tags?post=63611"}],"curies":[{"name":"wp","href":"https:\/\/api.w.org\/{rel}","templated":true}]}}