{"id":63470,"date":"2025-06-19T08:18:00","date_gmt":"2025-06-19T11:18:00","guid":{"rendered":"https:\/\/www.em.com.br\/emfoco\/?p=63470"},"modified":"2025-06-18T20:17:37","modified_gmt":"2025-06-18T23:17:37","slug":"bolsa-familia-de-2025-garante-ate-r-800-para-familias-de-baixa-renda","status":"publish","type":"post","link":"https:\/\/www.em.com.br\/emfoco\/2025\/06\/19\/bolsa-familia-de-2025-garante-ate-r-800-para-familias-de-baixa-renda\/","title":{"rendered":"Bolsa fam\u00edlia de 2025 garante at\u00e9 R$ 800 para fam\u00edlias de baixa renda"},"content":{"rendered":"\n<p>O <strong><a href=\"https:\/\/www.em.com.br\/emfoco\/2025\/06\/18\/governo-confirma-calendario-de-junho-e-pagamento-do-bolsa-familia-surpreende-beneficiarios\/\" target=\"_blank\" rel=\"noreferrer noopener\">Bolsa Fam\u00edlia<\/a><\/strong> \u00e9 um programa social do governo federal brasileiro voltado para fam\u00edlias em situa\u00e7\u00e3o de vulnerabilidade econ\u00f4mica. Criado para garantir uma renda m\u00ednima e promover o acesso a direitos b\u00e1sicos, o benef\u00edcio tem impacto direto na vida de milh\u00f5es de pessoas em todo o pa\u00eds. Em 2025, o programa segue com regras e calend\u00e1rio pr\u00f3prios, buscando atender de forma eficiente quem mais precisa.<\/p>\n\n\n\n<p>O acesso ao <strong>Bolsa Fam\u00edlia<\/strong> depende de crit\u00e9rios espec\u00edficos, principalmente relacionados \u00e0 renda mensal dos integrantes do n\u00facleo familiar. Al\u00e9m disso, o governo estabelece algumas obriga\u00e7\u00f5es para os benefici\u00e1rios, visando incentivar a perman\u00eancia de crian\u00e7as e adolescentes na escola e o acompanhamento da sa\u00fade de todos os membros da fam\u00edlia.<\/p>\n\n\n\n<h2 class=\"wp-block-heading\">Quem tem direito ao Bolsa Fam\u00edlia em 2025?<\/h2>\n\n\n<div class=\"wp-block-image\">\n<figure class=\"aligncenter size-large\"><img loading=\"lazy\" decoding=\"async\" width=\"1024\" height=\"576\" src=\"https:\/\/www.em.com.br\/emfoco\/wp-content\/uploads\/2025\/06\/bolsa-familia-brasil_1749152247546-1024x576.jpg\" alt=\"Bolsa Fam\u00edlia de junho traz al\u00edvio financeiro para milh\u00f5es de brasileiros\" class=\"wp-image-56500\" srcset=\"https:\/\/www.em.com.br\/emfoco\/wp-content\/uploads\/2025\/06\/bolsa-familia-brasil_1749152247546-1024x576.jpg 1024w, https:\/\/www.em.com.br\/emfoco\/wp-content\/uploads\/2025\/06\/bolsa-familia-brasil_1749152247546-300x169.jpg 300w, https:\/\/www.em.com.br\/emfoco\/wp-content\/uploads\/2025\/06\/bolsa-familia-brasil_1749152247546-768x432.jpg 768w, https:\/\/www.em.com.br\/emfoco\/wp-content\/uploads\/2025\/06\/bolsa-familia-brasil_1749152247546-750x422.jpg 750w, https:\/\/www.em.com.br\/emfoco\/wp-content\/uploads\/2025\/06\/bolsa-familia-brasil_1749152247546-1140x641.jpg 1140w, https:\/\/www.em.com.br\/emfoco\/wp-content\/uploads\/2025\/06\/bolsa-familia-brasil_1749152247546.jpg 1280w\" sizes=\"auto, (max-width: 1024px) 100vw, 1024px\" \/><figcaption class=\"wp-element-caption\">Cart\u00e3o do Bolsa fam\u00edlia &#8211; Cr\u00e9ditos: depositphotos.com \/ joasouza<\/figcaption><\/figure><\/div>\n\n\n<p>Para receber o <strong>Bolsa Fam\u00edlia<\/strong>, a principal exig\u00eancia \u00e9 que a renda mensal por pessoa da fam\u00edlia n\u00e3o ultrapasse R$ 218. O c\u00e1lculo \u00e9 feito somando todos os rendimentos dos moradores da casa e dividindo pelo n\u00famero de pessoas. Se o valor final estiver dentro do limite estabelecido, a fam\u00edlia pode ser considerada apta ao benef\u00edcio.<\/p>\n\n\n\n<p>Al\u00e9m do crit\u00e9rio de renda, existem outras condi\u00e7\u00f5es que precisam ser cumpridas. Entre elas, est\u00e3o:<\/p>\n\n\n\n<ul class=\"wp-block-list\">\n<li><strong>Manter crian\u00e7as e adolescentes frequentando a escola<\/strong> regularmente;<\/li>\n\n\n\n<li><strong>Gestantes devem realizar o acompanhamento pr\u00e9-natal<\/strong>;<\/li>\n\n\n\n<li><strong>Manter a vacina\u00e7\u00e3o em dia<\/strong> para todos os membros da fam\u00edlia.<\/li>\n<\/ul>\n\n\n\n<p>Essas exig\u00eancias t\u00eam como objetivo promover o desenvolvimento social e garantir que as fam\u00edlias beneficiadas tenham acesso a servi\u00e7os essenciais.<\/p>\n\n\n\n<h2 class=\"wp-block-heading\">Como se cadastrar no Bolsa Fam\u00edlia?<\/h2>\n\n\n\n<p>O primeiro passo para solicitar o benef\u00edcio \u00e9 realizar a inscri\u00e7\u00e3o no <strong>Cadastro \u00danico para Programas Sociais do Governo Federal<\/strong>, conhecido como <strong><a href=\"https:\/\/www.gov.br\/pt-br\/servicos\/consultar-dados-do-cadastro-unico-cadunico\" target=\"_blank\" rel=\"noreferrer noopener\">Cad\u00danico<\/a><\/strong>. Esse cadastro re\u00fane informa\u00e7\u00f5es sobre as fam\u00edlias de baixa renda e \u00e9 utilizado como base para a sele\u00e7\u00e3o dos benefici\u00e1rios do <strong>Bolsa Fam\u00edlia<\/strong> e de outros programas sociais.<\/p>\n\n\n\n<p>\u00c9 importante destacar que estar inscrito no <strong>Cad\u00danico <\/strong>n\u00e3o garante o recebimento autom\u00e1tico do benef\u00edcio. Ap\u00f3s o cadastro, o governo realiza uma an\u00e1lise para verificar se a fam\u00edlia atende a todos os requisitos. Caso seja aprovada, a fam\u00edlia passa a receber o valor mensal, de acordo com o calend\u00e1rio oficial.<\/p>\n\n\n\n<h2 class=\"wp-block-heading\">Qual o calend\u00e1rio de pagamentos do Bolsa Fam\u00edlia em junho de 2025?<\/h2>\n\n\n\n<p>O pagamento do <strong>Bolsa Fam\u00edlia<\/strong> \u00e9 feito de forma escalonada, conforme o n\u00famero final do <strong>NIS <\/strong>(N\u00famero de Identifica\u00e7\u00e3o Social) de cada benefici\u00e1rio. Em junho de 2025, as datas de libera\u00e7\u00e3o dos valores s\u00e3o as seguintes:<\/p>\n\n\n\n<ol class=\"wp-block-list\">\n<li>NIS final 1: 16\/06<\/li>\n\n\n\n<li>NIS final 2: 17\/06<\/li>\n\n\n\n<li>NIS final 3: 18\/06<\/li>\n\n\n\n<li>NIS final 4: 20\/06<\/li>\n\n\n\n<li>NIS final 5: 23\/06<\/li>\n\n\n\n<li>NIS final 6: 24\/06<\/li>\n\n\n\n<li>NIS final 7: 25\/06<\/li>\n\n\n\n<li>NIS final 8: 26\/06<\/li>\n\n\n\n<li>NIS final 9: 27\/06<\/li>\n\n\n\n<li>NIS final 0: 30\/06<\/li>\n<\/ol>\n\n\n\n<p>Em situa\u00e7\u00f5es excepcionais, como em munic\u00edpios afetados por desastres naturais, o pagamento pode ser unificado para todos os benefici\u00e1rios, independentemente do final do <strong>NIS<\/strong>. Em 2025, 30 cidades tiveram o benef\u00edcio antecipado devido a situa\u00e7\u00f5es de emerg\u00eancia reconhecidas pelo governo federal.<\/p>\n\n\n\n<h2 class=\"wp-block-heading\">Como sacar e movimentar o benef\u00edcio?<\/h2>\n\n\n\n<p>Os valores do <strong>Bolsa Fam\u00edlia<\/strong> podem ser acessados de diversas formas. O benefici\u00e1rio pode utilizar o aplicativo Caixa TEM ou o internet banking da <strong>Caixa Econ\u00f4mica Federal<\/strong> para consultar e movimentar o dinheiro. N\u00e3o \u00e9 obrigat\u00f3rio comparecer a uma ag\u00eancia banc\u00e1ria para realizar o saque.<\/p>\n\n\n\n<p>Al\u00e9m do aplicativo, o saque pode ser feito em terminais de autoatendimento, casas lot\u00e9ricas, correspondentes <strong>Caixa Aqui<\/strong> e nas pr\u00f3prias ag\u00eancias da <strong>Caixa<\/strong>. O cart\u00e3o do programa tamb\u00e9m permite realizar compras em estabelecimentos comerciais, utilizando a fun\u00e7\u00e3o d\u00e9bito.<\/p>\n\n\n\n<h2 class=\"wp-block-heading\">Quais s\u00e3o as obriga\u00e7\u00f5es das fam\u00edlias beneficiadas?<\/h2>\n\n\n\n<p>Para continuar recebendo o <strong>Bolsa Fam\u00edlia<\/strong>, as fam\u00edlias precisam cumprir algumas condi\u00e7\u00f5es estabelecidas pelo programa. Entre as principais obriga\u00e7\u00f5es est\u00e3o:<\/p>\n\n\n\n<ul class=\"wp-block-list\">\n<li>Garantir a frequ\u00eancia escolar m\u00ednima de crian\u00e7as e adolescentes;<\/li>\n\n\n\n<li>Realizar o acompanhamento da sa\u00fade, incluindo vacina\u00e7\u00e3o e pr\u00e9-natal para gestantes;<\/li>\n\n\n\n<li>Manter os dados atualizados no <strong>Cad\u00danico<\/strong>, informando qualquer altera\u00e7\u00e3o na composi\u00e7\u00e3o familiar ou na renda.<\/li>\n<\/ul>\n\n\n\n<p>O descumprimento dessas exig\u00eancias pode resultar na suspens\u00e3o ou at\u00e9 mesmo no cancelamento do benef\u00edcio, conforme as regras vigentes.<\/p>\n\n\n\n<h2 class=\"wp-block-heading\">O que fazer em caso de d\u00favidas sobre o Bolsa Fam\u00edlia?<\/h2>\n\n\n\n<p>Em caso de d\u00favidas sobre o programa, o benefici\u00e1rio pode buscar informa\u00e7\u00f5es nos <strong>Centros de Refer\u00eancia de Assist\u00eancia Social<\/strong> (CRAS) do munic\u00edpio, acessar o site oficial do <strong>Minist\u00e9rio do Desenvolvimento Social <\/strong>ou utilizar os canais de atendimento da <strong>Caixa Econ\u00f4mica Federal<\/strong>. Essas op\u00e7\u00f5es garantem acesso a informa\u00e7\u00f5es atualizadas e orienta\u00e7\u00f5es sobre o funcionamento do <strong>Bolsa Fam\u00edlia<\/strong>.<\/p>\n\n\n\n<p>O programa segue sendo uma ferramenta importante de combate \u00e0 pobreza e de promo\u00e7\u00e3o da inclus\u00e3o social no <strong>Brasil<\/strong>, beneficiando milh\u00f5es de fam\u00edlias em 2025 e contribuindo para a melhoria das condi\u00e7\u00f5es de vida da popula\u00e7\u00e3o em situa\u00e7\u00e3o de vulnerabilidade.<\/p>\n","protected":false},"excerpt":{"rendered":"<p>O Bolsa Fam\u00edlia \u00e9 um programa social do governo federal brasileiro voltado para fam\u00edlias em situa\u00e7\u00e3o de vulnerabilidade econ\u00f4mica. Criado para garantir uma renda m\u00ednima e promover o acesso a direitos b\u00e1sicos, o benef\u00edcio tem impacto direto na vida de milh\u00f5es de pessoas em todo o pa\u00eds. Em 2025, o programa segue com regras e [&hellip;]<\/p>\n","protected":false},"author":20,"featured_media":54998,"comment_status":"open","ping_status":"open","sticky":false,"template":"","format":"standard","meta":{"jnews-multi-image_gallery":[],"jnews_single_post":{"format":"standard"},"jnews_primary_category":[],"jnews_social_meta":[],"jnews_override_counter":[],"footnotes":""},"categories":[28,1],"tags":[209],"class_list":["post-63470","post","type-post","status-publish","format-standard","has-post-thumbnail","hentry","category-economia","category-noticias","tag-bolsa-familia"],"yoast_head":"<!-- This site is optimized with the Yoast SEO plugin v23.8 - https:\/\/yoast.com\/wordpress\/plugins\/seo\/ -->\n<title>Bolsa fam\u00edlia de 2025 garante at\u00e9 R$ 800 para fam\u00edlias de baixa renda - Estado de Minas - Em foco<\/title>\n<meta name=\"description\" content=\"O Bolsa Fam\u00edlia 2025 j\u00e1 est\u00e1 liberado. Saiba como funciona, quais s\u00e3o os crit\u00e9rios e como garantir seu benef\u00edcio.\" \/>\n<meta name=\"robots\" content=\"index, follow, max-snippet:-1, max-image-preview:large, max-video-preview:-1\" \/>\n<link rel=\"canonical\" href=\"https:\/\/www.em.com.br\/emfoco\/2025\/06\/19\/bolsa-familia-de-2025-garante-ate-r-800-para-familias-de-baixa-renda\/\" \/>\n<meta property=\"og:locale\" content=\"pt_BR\" \/>\n<meta property=\"og:type\" content=\"article\" \/>\n<meta property=\"og:title\" content=\"Bolsa fam\u00edlia de 2025 garante at\u00e9 R$ 800 para fam\u00edlias de baixa renda - Estado de Minas - Em foco\" \/>\n<meta property=\"og:description\" content=\"O Bolsa Fam\u00edlia 2025 j\u00e1 est\u00e1 liberado. Saiba como funciona, quais s\u00e3o os crit\u00e9rios e como garantir seu benef\u00edcio.\" \/>\n<meta property=\"og:url\" content=\"https:\/\/www.em.com.br\/emfoco\/2025\/06\/19\/bolsa-familia-de-2025-garante-ate-r-800-para-familias-de-baixa-renda\/\" \/>\n<meta property=\"og:site_name\" content=\"Estado de Minas - Em foco\" \/>\n<meta property=\"article:published_time\" content=\"2025-06-19T11:18:00+00:00\" \/>\n<meta property=\"article:modified_time\" content=\"2025-06-18T23:17:37+00:00\" \/>\n<meta property=\"og:image\" content=\"https:\/\/www.em.com.br\/emfoco\/wp-content\/uploads\/2025\/06\/bolsa-familia_1748976725057.jpg\" \/>\n\t<meta property=\"og:image:width\" content=\"1280\" \/>\n\t<meta property=\"og:image:height\" content=\"720\" \/>\n\t<meta property=\"og:image:type\" content=\"image\/jpeg\" \/>\n<meta name=\"author\" content=\"Ingrid Diniz\" \/>\n<meta name=\"twitter:card\" content=\"summary_large_image\" \/>\n<meta name=\"twitter:label1\" content=\"Escrito por\" \/>\n\t<meta name=\"twitter:data1\" content=\"Ingrid Diniz\" \/>\n\t<meta name=\"twitter:label2\" content=\"Est. tempo de leitura\" \/>\n\t<meta name=\"twitter:data2\" content=\"5 minutos\" \/>\n<!-- \/ Yoast SEO plugin. -->","yoast_head_json":{"title":"Bolsa fam\u00edlia de 2025 garante at\u00e9 R$ 800 para fam\u00edlias de baixa renda - Estado de Minas - Em foco","description":"O Bolsa Fam\u00edlia 2025 j\u00e1 est\u00e1 liberado. Saiba como funciona, quais s\u00e3o os crit\u00e9rios e como garantir seu benef\u00edcio.","robots":{"index":"index","follow":"follow","max-snippet":"max-snippet:-1","max-image-preview":"max-image-preview:large","max-video-preview":"max-video-preview:-1"},"canonical":"https:\/\/www.em.com.br\/emfoco\/2025\/06\/19\/bolsa-familia-de-2025-garante-ate-r-800-para-familias-de-baixa-renda\/","og_locale":"pt_BR","og_type":"article","og_title":"Bolsa fam\u00edlia de 2025 garante at\u00e9 R$ 800 para fam\u00edlias de baixa renda - Estado de Minas - Em foco","og_description":"O Bolsa Fam\u00edlia 2025 j\u00e1 est\u00e1 liberado. Saiba como funciona, quais s\u00e3o os crit\u00e9rios e como garantir seu benef\u00edcio.","og_url":"https:\/\/www.em.com.br\/emfoco\/2025\/06\/19\/bolsa-familia-de-2025-garante-ate-r-800-para-familias-de-baixa-renda\/","og_site_name":"Estado de Minas - Em foco","article_published_time":"2025-06-19T11:18:00+00:00","article_modified_time":"2025-06-18T23:17:37+00:00","og_image":[{"width":1280,"height":720,"url":"https:\/\/www.em.com.br\/emfoco\/wp-content\/uploads\/2025\/06\/bolsa-familia_1748976725057.jpg","type":"image\/jpeg"}],"author":"Ingrid Diniz","twitter_card":"summary_large_image","twitter_misc":{"Escrito por":"Ingrid Diniz","Est. tempo de leitura":"5 minutos"},"schema":{"@context":"https:\/\/schema.org","@graph":[{"@type":"WebPage","@id":"https:\/\/www.em.com.br\/emfoco\/2025\/06\/19\/bolsa-familia-de-2025-garante-ate-r-800-para-familias-de-baixa-renda\/","url":"https:\/\/www.em.com.br\/emfoco\/2025\/06\/19\/bolsa-familia-de-2025-garante-ate-r-800-para-familias-de-baixa-renda\/","name":"Bolsa fam\u00edlia de 2025 garante at\u00e9 R$ 800 para fam\u00edlias de baixa renda - Estado de Minas - Em foco","isPartOf":{"@id":"https:\/\/www.em.com.br\/emfoco\/#website"},"primaryImageOfPage":{"@id":"https:\/\/www.em.com.br\/emfoco\/2025\/06\/19\/bolsa-familia-de-2025-garante-ate-r-800-para-familias-de-baixa-renda\/#primaryimage"},"image":{"@id":"https:\/\/www.em.com.br\/emfoco\/2025\/06\/19\/bolsa-familia-de-2025-garante-ate-r-800-para-familias-de-baixa-renda\/#primaryimage"},"thumbnailUrl":"https:\/\/www.em.com.br\/emfoco\/wp-content\/uploads\/2025\/06\/bolsa-familia_1748976725057.jpg","datePublished":"2025-06-19T11:18:00+00:00","dateModified":"2025-06-18T23:17:37+00:00","author":{"@id":"https:\/\/www.em.com.br\/emfoco\/#\/schema\/person\/649e610b4eb8fff87ff394e54fe17b2b"},"description":"O Bolsa Fam\u00edlia 2025 j\u00e1 est\u00e1 liberado. Saiba como funciona, quais s\u00e3o os crit\u00e9rios e como garantir seu benef\u00edcio.","breadcrumb":{"@id":"https:\/\/www.em.com.br\/emfoco\/2025\/06\/19\/bolsa-familia-de-2025-garante-ate-r-800-para-familias-de-baixa-renda\/#breadcrumb"},"inLanguage":"pt-BR","potentialAction":[{"@type":"ReadAction","target":["https:\/\/www.em.com.br\/emfoco\/2025\/06\/19\/bolsa-familia-de-2025-garante-ate-r-800-para-familias-de-baixa-renda\/"]}]},{"@type":"ImageObject","inLanguage":"pt-BR","@id":"https:\/\/www.em.com.br\/emfoco\/2025\/06\/19\/bolsa-familia-de-2025-garante-ate-r-800-para-familias-de-baixa-renda\/#primaryimage","url":"https:\/\/www.em.com.br\/emfoco\/wp-content\/uploads\/2025\/06\/bolsa-familia_1748976725057.jpg","contentUrl":"https:\/\/www.em.com.br\/emfoco\/wp-content\/uploads\/2025\/06\/bolsa-familia_1748976725057.jpg","width":1280,"height":720,"caption":"Como confirmar a aprova\u00e7\u00e3o do Bolsa Fam\u00edlia ap\u00f3s atualizar o Cad\u00danico - Cr\u00e9ditos: depositphotos.com \/ serezniy"},{"@type":"BreadcrumbList","@id":"https:\/\/www.em.com.br\/emfoco\/2025\/06\/19\/bolsa-familia-de-2025-garante-ate-r-800-para-familias-de-baixa-renda\/#breadcrumb","itemListElement":[{"@type":"ListItem","position":1,"name":"In\u00edcio","item":"https:\/\/www.em.com.br\/emfoco\/"},{"@type":"ListItem","position":2,"name":"Bolsa fam\u00edlia de 2025 garante at\u00e9 R$ 800 para fam\u00edlias de baixa renda"}]},{"@type":"WebSite","@id":"https:\/\/www.em.com.br\/emfoco\/#website","url":"https:\/\/www.em.com.br\/emfoco\/","name":"Estado de Minas - Em foco","description":"Acompanhe as \u00faltimas not\u00edcias e fique bem informado sobre tudo o que acontece em Minas Gerais, Brasil e no mundo.","potentialAction":[{"@type":"SearchAction","target":{"@type":"EntryPoint","urlTemplate":"https:\/\/www.em.com.br\/emfoco\/?s={search_term_string}"},"query-input":{"@type":"PropertyValueSpecification","valueRequired":true,"valueName":"search_term_string"}}],"inLanguage":"pt-BR"},{"@type":"Person","@id":"https:\/\/www.em.com.br\/emfoco\/#\/schema\/person\/649e610b4eb8fff87ff394e54fe17b2b","name":"Ingrid Diniz","image":{"@type":"ImageObject","inLanguage":"pt-BR","@id":"https:\/\/www.em.com.br\/emfoco\/#\/schema\/person\/image\/","url":"https:\/\/secure.gravatar.com\/avatar\/a3baa1449ec5c39b4c42babc9d4f3951?s=96&d=mm&r=g","contentUrl":"https:\/\/secure.gravatar.com\/avatar\/a3baa1449ec5c39b4c42babc9d4f3951?s=96&d=mm&r=g","caption":"Ingrid Diniz"},"sameAs":["https:\/\/www.em.com.br\/"],"url":"https:\/\/www.em.com.br\/emfoco\/author\/ingridmyth\/"}]}},"_links":{"self":[{"href":"https:\/\/www.em.com.br\/emfoco\/wp-json\/wp\/v2\/posts\/63470","targetHints":{"allow":["GET"]}}],"collection":[{"href":"https:\/\/www.em.com.br\/emfoco\/wp-json\/wp\/v2\/posts"}],"about":[{"href":"https:\/\/www.em.com.br\/emfoco\/wp-json\/wp\/v2\/types\/post"}],"author":[{"embeddable":true,"href":"https:\/\/www.em.com.br\/emfoco\/wp-json\/wp\/v2\/users\/20"}],"replies":[{"embeddable":true,"href":"https:\/\/www.em.com.br\/emfoco\/wp-json\/wp\/v2\/comments?post=63470"}],"version-history":[{"count":1,"href":"https:\/\/www.em.com.br\/emfoco\/wp-json\/wp\/v2\/posts\/63470\/revisions"}],"predecessor-version":[{"id":63524,"href":"https:\/\/www.em.com.br\/emfoco\/wp-json\/wp\/v2\/posts\/63470\/revisions\/63524"}],"wp:featuredmedia":[{"embeddable":true,"href":"https:\/\/www.em.com.br\/emfoco\/wp-json\/wp\/v2\/media\/54998"}],"wp:attachment":[{"href":"https:\/\/www.em.com.br\/emfoco\/wp-json\/wp\/v2\/media?parent=63470"}],"wp:term":[{"taxonomy":"category","embeddable":true,"href":"https:\/\/www.em.com.br\/emfoco\/wp-json\/wp\/v2\/categories?post=63470"},{"taxonomy":"post_tag","embeddable":true,"href":"https:\/\/www.em.com.br\/emfoco\/wp-json\/wp\/v2\/tags?post=63470"}],"curies":[{"name":"wp","href":"https:\/\/api.w.org\/{rel}","templated":true}]}}