{"id":63190,"date":"2025-06-19T22:30:47","date_gmt":"2025-06-20T01:30:47","guid":{"rendered":"https:\/\/www.em.com.br\/emfoco\/?p=63190"},"modified":"2025-06-18T19:58:06","modified_gmt":"2025-06-18T22:58:06","slug":"seu-rosto-fica-vermelho-ao-treinar-veja-o-que-isso-revela","status":"publish","type":"post","link":"https:\/\/www.em.com.br\/emfoco\/2025\/06\/19\/seu-rosto-fica-vermelho-ao-treinar-veja-o-que-isso-revela\/","title":{"rendered":"Seu rosto fica vermelho ao treinar? Veja o que isso revela"},"content":{"rendered":"\n<p>Durante a pr\u00e1tica de atividades f\u00edsicas, \u00e9 comum notar que o rosto adquire um tom <a href=\"https:\/\/www.uol.com.br\/vivabem\/noticias\/redacao\/2017\/12\/04\/fica-vermelho-durante-os-exercicios-fisicos-descubra-o-porque.htm\">avermelhado<\/a>. Esse fen\u00f4meno, frequentemente observado ap\u00f3s corridas ou <a href=\"https:\/\/www.em.com.br\/emfoco\/2025\/06\/05\/o-exercicio-discreto-que-previne-quedas-e-recupera-musculos-apos-os-60\/\" target=\"_blank\" rel=\"noreferrer noopener\">treinos <\/a>intensos, desperta curiosidade sobre suas causas e poss\u00edveis implica\u00e7\u00f5es para a sa\u00fade. O rubor facial durante o exerc\u00edcio \u00e9 resultado de uma s\u00e9rie de processos fisiol\u00f3gicos que visam manter o equil\u00edbrio t\u00e9rmico do organismo.<\/p>\n\n\n\n<p>Quando o corpo \u00e9 submetido a esfor\u00e7o f\u00edsico, a temperatura interna tende a aumentar. Para evitar o superaquecimento, o organismo aciona mecanismos de resfriamento, sendo a vasodilata\u00e7\u00e3o um dos principais. Esse processo faz com que os vasos sangu\u00edneos pr\u00f3ximos \u00e0 superf\u00edcie da pele se expandam, permitindo maior circula\u00e7\u00e3o de sangue e facilitando a dissipa\u00e7\u00e3o do calor gerado pelos m\u00fasculos em atividade.<\/p>\n\n\n\n<h2 class=\"wp-block-heading\">Por que o rosto fica vermelho durante o exerc\u00edcio?<\/h2>\n\n\n\n<p>O <strong>enrijecimento facial<\/strong> ao praticar esportes est\u00e1 diretamente ligado \u00e0 necessidade do corpo de eliminar o excesso de calor. Ao dilatar os vasos sangu\u00edneos, especialmente na regi\u00e3o do rosto, o sangue flui mais pr\u00f3ximo \u00e0 superf\u00edcie da pele, promovendo a troca de calor com o ambiente. Esse mecanismo \u00e9 fundamental para evitar o aumento excessivo da temperatura corporal, que poderia comprometer o desempenho e at\u00e9 mesmo a sa\u00fade do praticante.<\/p>\n\n\n\n<p>Al\u00e9m disso, durante o exerc\u00edcio, c\u00e9lulas da pele liberam subst\u00e2ncias como as prostaglandinas, que intensificam o fluxo sangu\u00edneo local. Esse processo n\u00e3o s\u00f3 aumenta a colora\u00e7\u00e3o avermelhada, mas tamb\u00e9m contribui para a oxigena\u00e7\u00e3o dos tecidos. Pessoas com pele mais clara tendem a apresentar um rubor mais evidente, pois a hemoglobina do sangue reflete com maior intensidade atrav\u00e9s da epiderme. Em pa\u00edses frios, como <strong>Canad\u00e1<\/strong> e <strong>Noruega<\/strong>, atletas costumam notar diferen\u00e7a no rubor facial ao se exercitar ao ar livre, devido \u00e0 vasoconstri\u00e7\u00e3o pelo frio, seguida de vasodilata\u00e7\u00e3o ao entrar em ambientes aquecidos.<\/p>\n\n\n\n<h2 class=\"wp-block-heading\">O rubor ap\u00f3s o exerc\u00edcio pode indicar algum problema?<\/h2>\n\n\n\n<p>Na maioria dos casos, a <strong>vermelhid\u00e3o no rosto<\/strong> ap\u00f3s a atividade f\u00edsica \u00e9 considerado uma resposta normal e saud\u00e1vel do organismo. No entanto, \u00e9 importante estar atento a sinais que possam indicar dificuldades na regula\u00e7\u00e3o t\u00e9rmica. Se o rubor persistir por um longo per\u00edodo ap\u00f3s o t\u00e9rmino do exerc\u00edcio, ou vier acompanhado de sintomas como tontura, n\u00e1usea ou dor de cabe\u00e7a, pode ser um indicativo de que o corpo est\u00e1 tendo dificuldades para dissipar o calor.<\/p>\n\n\n\n<ul class=\"wp-block-list\">\n<li><strong>Persist\u00eancia do rubor:<\/strong> Se o rosto permanece vermelho por mais de 30 minutos ap\u00f3s o exerc\u00edcio, \u00e9 recomend\u00e1vel buscar um local fresco e hidratar-se adequadamente.<\/li>\n\n\n\n<li><strong>Sintomas associados:<\/strong> O aparecimento de mal-estar, desorienta\u00e7\u00e3o ou desconforto intenso pode sugerir um quadro de exaust\u00e3o pelo calor, exigindo aten\u00e7\u00e3o imediata.<\/li>\n<\/ul>\n\n\n\n<figure class=\"wp-block-image size-large\"><img loading=\"lazy\" decoding=\"async\" width=\"1024\" height=\"576\" src=\"https:\/\/www.em.com.br\/emfoco\/wp-content\/uploads\/2025\/06\/cansado-apos-exercicio_1750267388953-1024x576.jpg\" alt=\"Seu rosto fica vermelho ao treinar? Veja o que isso revela\" class=\"wp-image-63219\" srcset=\"https:\/\/www.em.com.br\/emfoco\/wp-content\/uploads\/2025\/06\/cansado-apos-exercicio_1750267388953-1024x576.jpg 1024w, https:\/\/www.em.com.br\/emfoco\/wp-content\/uploads\/2025\/06\/cansado-apos-exercicio_1750267388953-300x169.jpg 300w, https:\/\/www.em.com.br\/emfoco\/wp-content\/uploads\/2025\/06\/cansado-apos-exercicio_1750267388953-768x432.jpg 768w, https:\/\/www.em.com.br\/emfoco\/wp-content\/uploads\/2025\/06\/cansado-apos-exercicio_1750267388953-750x422.jpg 750w, https:\/\/www.em.com.br\/emfoco\/wp-content\/uploads\/2025\/06\/cansado-apos-exercicio_1750267388953-1140x641.jpg 1140w, https:\/\/www.em.com.br\/emfoco\/wp-content\/uploads\/2025\/06\/cansado-apos-exercicio_1750267388953.jpg 1280w\" sizes=\"auto, (max-width: 1024px) 100vw, 1024px\" \/><figcaption class=\"wp-element-caption\">Cansada ap\u00f3s exerc\u00edcio &#8211; Cr\u00e9ditos: depositphotos.com \/ VitalikRadko<\/figcaption><\/figure>\n\n\n\n<h2 class=\"wp-block-heading\">Como reduzir o enrijecimento facial durante o treino?<\/h2>\n\n\n\n<p>Existem algumas estrat\u00e9gias que podem ajudar a moderar o rubor durante e ap\u00f3s a pr\u00e1tica esportiva. Manter-se hidratado \u00e9 fundamental, pois a ingest\u00e3o de \u00e1gua fria auxilia no controle da temperatura corporal. Optar por ambientes ventilados ou treinar em hor\u00e1rios de menor calor tamb\u00e9m contribui para evitar o superaquecimento.<\/p>\n\n\n\n<ol class=\"wp-block-list\">\n<li><strong>Hidrata\u00e7\u00e3o constante:<\/strong> Beber \u00e1gua antes, durante e ap\u00f3s o exerc\u00edcio ajuda a manter o equil\u00edbrio t\u00e9rmico.<\/li>\n\n\n\n<li><strong>Ambientes frescos:<\/strong> Prefira locais com boa circula\u00e7\u00e3o de ar ou sombra para realizar as atividades.<\/li>\n\n\n\n<li><strong>Evitar subst\u00e2ncias vasodilatadoras:<\/strong> Reduzir o consumo de \u00e1lcool, cafe\u00edna e alimentos picantes antes do treino pode diminuir o rubor.<\/li>\n\n\n\n<li><strong>Cuidados p\u00f3s-exerc\u00edcio:<\/strong> Aplicar compressas frias ou usar sprays refrescantes na pele auxilia na recupera\u00e7\u00e3o.<\/li>\n<\/ol>\n\n\n\n<p>Pessoas com condi\u00e7\u00f5es como a ros\u00e1cea podem perceber um agravamento do enrijecimento facial durante o exerc\u00edcio. Para esses casos, recomenda-se evitar treinos em ambientes muito quentes, manter a hidrata\u00e7\u00e3o e evitar alimentos ou bebidas que possam potencializar a vasodilata\u00e7\u00e3o. Segundo o portal <strong>WebMD<\/strong>, indiv\u00edduos com ros\u00e1cea devem dar prefer\u00eancia a caminhadas leves em hor\u00e1rios frescos e utilizar protetor solar em cidades ensolaradas como <strong>Rio de Janeiro<\/strong> ou <strong>S\u00e3o Paulo<\/strong>.<\/p>\n\n\n\n<h2 class=\"wp-block-heading\">O rubor facial durante o exerc\u00edcio \u00e9 motivo de preocupa\u00e7\u00e3o?<\/h2>\n\n\n\n<p>De modo geral, o <strong>enrijecimento do rosto<\/strong> ao praticar atividades f\u00edsicas \u00e9 uma manifesta\u00e7\u00e3o natural do funcionamento do corpo. Esse sinal indica que os mecanismos de regula\u00e7\u00e3o t\u00e9rmica est\u00e3o ativos, promovendo a oxigena\u00e7\u00e3o muscular e o equil\u00edbrio da temperatura interna. Apenas em situa\u00e7\u00f5es em que o rubor se prolonga ou se associa a outros sintomas \u00e9 necess\u00e1rio adotar medidas adicionais e, se necess\u00e1rio, buscar orienta\u00e7\u00e3o m\u00e9dica.<\/p>\n\n\n\n<p>Assim, o rosto vermelho ap\u00f3s o exerc\u00edcio \u00e9, na maioria das vezes, um indicativo de que o organismo est\u00e1 respondendo adequadamente ao esfor\u00e7o. Com alguns cuidados simples, \u00e9 poss\u00edvel manter o bem-estar durante a pr\u00e1tica esportiva e aproveitar todos os benef\u00edcios que o exerc\u00edcio f\u00edsico proporciona.<\/p>\n","protected":false},"excerpt":{"rendered":"<p>Durante a pr\u00e1tica de atividades f\u00edsicas, \u00e9 comum notar que o rosto adquire um tom avermelhado. Esse fen\u00f4meno, frequentemente observado ap\u00f3s corridas ou treinos intensos, desperta curiosidade sobre suas causas e poss\u00edveis implica\u00e7\u00f5es para a sa\u00fade. O rubor facial durante o exerc\u00edcio \u00e9 resultado de uma s\u00e9rie de processos fisiol\u00f3gicos que visam manter o equil\u00edbrio [&hellip;]<\/p>\n","protected":false},"author":18,"featured_media":63218,"comment_status":"open","ping_status":"open","sticky":false,"template":"","format":"standard","meta":{"jnews-multi-image_gallery":[],"jnews_single_post":{"format":"standard"},"jnews_primary_category":[],"jnews_social_meta":[],"jnews_override_counter":[],"footnotes":""},"categories":[9053],"tags":[4955,10660,415],"class_list":["post-63190","post","type-post","status-publish","format-standard","has-post-thumbnail","hentry","category-saude","tag-exercicio-fisico","tag-rosto-vermelho","tag-saude"],"yoast_head":"<!-- This site is optimized with the Yoast SEO plugin v23.8 - https:\/\/yoast.com\/wordpress\/plugins\/seo\/ -->\n<title>Seu rosto fica vermelho ao treinar? Veja o que isso revela - Estado de Minas - Em foco<\/title>\n<meta name=\"description\" content=\"Seu rosto fica muito vermelho ao se exercitar? Entenda o que acontece no corpo e saiba quando esse sinal pode exigir aten\u00e7\u00e3o extra.\" \/>\n<meta name=\"robots\" content=\"index, follow, max-snippet:-1, max-image-preview:large, max-video-preview:-1\" \/>\n<link rel=\"canonical\" href=\"https:\/\/www.em.com.br\/emfoco\/2025\/06\/19\/seu-rosto-fica-vermelho-ao-treinar-veja-o-que-isso-revela\/\" \/>\n<meta property=\"og:locale\" content=\"pt_BR\" \/>\n<meta property=\"og:type\" content=\"article\" \/>\n<meta property=\"og:title\" content=\"Seu rosto fica vermelho ao treinar? Veja o que isso revela - Estado de Minas - Em foco\" \/>\n<meta property=\"og:description\" content=\"Seu rosto fica muito vermelho ao se exercitar? Entenda o que acontece no corpo e saiba quando esse sinal pode exigir aten\u00e7\u00e3o extra.\" \/>\n<meta property=\"og:url\" content=\"https:\/\/www.em.com.br\/emfoco\/2025\/06\/19\/seu-rosto-fica-vermelho-ao-treinar-veja-o-que-isso-revela\/\" \/>\n<meta property=\"og:site_name\" content=\"Estado de Minas - Em foco\" \/>\n<meta property=\"article:published_time\" content=\"2025-06-20T01:30:47+00:00\" \/>\n<meta property=\"article:modified_time\" content=\"2025-06-18T22:58:06+00:00\" \/>\n<meta property=\"og:image\" content=\"https:\/\/www.em.com.br\/emfoco\/wp-content\/uploads\/2025\/06\/cansado-apos-exercicio_1750267314177.jpg\" \/>\n\t<meta property=\"og:image:width\" content=\"1280\" \/>\n\t<meta property=\"og:image:height\" content=\"720\" \/>\n\t<meta property=\"og:image:type\" content=\"image\/jpeg\" \/>\n<meta name=\"author\" content=\"Julio Cesar\" \/>\n<meta name=\"twitter:card\" content=\"summary_large_image\" \/>\n<meta name=\"twitter:label1\" content=\"Escrito por\" \/>\n\t<meta name=\"twitter:data1\" content=\"Julio Cesar\" \/>\n\t<meta name=\"twitter:label2\" content=\"Est. tempo de leitura\" \/>\n\t<meta name=\"twitter:data2\" content=\"5 minutos\" \/>\n<!-- \/ Yoast SEO plugin. -->","yoast_head_json":{"title":"Seu rosto fica vermelho ao treinar? Veja o que isso revela - Estado de Minas - Em foco","description":"Seu rosto fica muito vermelho ao se exercitar? Entenda o que acontece no corpo e saiba quando esse sinal pode exigir aten\u00e7\u00e3o extra.","robots":{"index":"index","follow":"follow","max-snippet":"max-snippet:-1","max-image-preview":"max-image-preview:large","max-video-preview":"max-video-preview:-1"},"canonical":"https:\/\/www.em.com.br\/emfoco\/2025\/06\/19\/seu-rosto-fica-vermelho-ao-treinar-veja-o-que-isso-revela\/","og_locale":"pt_BR","og_type":"article","og_title":"Seu rosto fica vermelho ao treinar? Veja o que isso revela - Estado de Minas - Em foco","og_description":"Seu rosto fica muito vermelho ao se exercitar? Entenda o que acontece no corpo e saiba quando esse sinal pode exigir aten\u00e7\u00e3o extra.","og_url":"https:\/\/www.em.com.br\/emfoco\/2025\/06\/19\/seu-rosto-fica-vermelho-ao-treinar-veja-o-que-isso-revela\/","og_site_name":"Estado de Minas - Em foco","article_published_time":"2025-06-20T01:30:47+00:00","article_modified_time":"2025-06-18T22:58:06+00:00","og_image":[{"width":1280,"height":720,"url":"https:\/\/www.em.com.br\/emfoco\/wp-content\/uploads\/2025\/06\/cansado-apos-exercicio_1750267314177.jpg","type":"image\/jpeg"}],"author":"Julio Cesar","twitter_card":"summary_large_image","twitter_misc":{"Escrito por":"Julio Cesar","Est. tempo de leitura":"5 minutos"},"schema":{"@context":"https:\/\/schema.org","@graph":[{"@type":"WebPage","@id":"https:\/\/www.em.com.br\/emfoco\/2025\/06\/19\/seu-rosto-fica-vermelho-ao-treinar-veja-o-que-isso-revela\/","url":"https:\/\/www.em.com.br\/emfoco\/2025\/06\/19\/seu-rosto-fica-vermelho-ao-treinar-veja-o-que-isso-revela\/","name":"Seu rosto fica vermelho ao treinar? Veja o que isso revela - Estado de Minas - Em foco","isPartOf":{"@id":"https:\/\/www.em.com.br\/emfoco\/#website"},"primaryImageOfPage":{"@id":"https:\/\/www.em.com.br\/emfoco\/2025\/06\/19\/seu-rosto-fica-vermelho-ao-treinar-veja-o-que-isso-revela\/#primaryimage"},"image":{"@id":"https:\/\/www.em.com.br\/emfoco\/2025\/06\/19\/seu-rosto-fica-vermelho-ao-treinar-veja-o-que-isso-revela\/#primaryimage"},"thumbnailUrl":"https:\/\/www.em.com.br\/emfoco\/wp-content\/uploads\/2025\/06\/cansado-apos-exercicio_1750267314177.jpg","datePublished":"2025-06-20T01:30:47+00:00","dateModified":"2025-06-18T22:58:06+00:00","author":{"@id":"https:\/\/www.em.com.br\/emfoco\/#\/schema\/person\/08c4a03e38018bbab9038d5f788321fc"},"description":"Seu rosto fica muito vermelho ao se exercitar? Entenda o que acontece no corpo e saiba quando esse sinal pode exigir aten\u00e7\u00e3o extra.","breadcrumb":{"@id":"https:\/\/www.em.com.br\/emfoco\/2025\/06\/19\/seu-rosto-fica-vermelho-ao-treinar-veja-o-que-isso-revela\/#breadcrumb"},"inLanguage":"pt-BR","potentialAction":[{"@type":"ReadAction","target":["https:\/\/www.em.com.br\/emfoco\/2025\/06\/19\/seu-rosto-fica-vermelho-ao-treinar-veja-o-que-isso-revela\/"]}]},{"@type":"ImageObject","inLanguage":"pt-BR","@id":"https:\/\/www.em.com.br\/emfoco\/2025\/06\/19\/seu-rosto-fica-vermelho-ao-treinar-veja-o-que-isso-revela\/#primaryimage","url":"https:\/\/www.em.com.br\/emfoco\/wp-content\/uploads\/2025\/06\/cansado-apos-exercicio_1750267314177.jpg","contentUrl":"https:\/\/www.em.com.br\/emfoco\/wp-content\/uploads\/2025\/06\/cansado-apos-exercicio_1750267314177.jpg","width":1280,"height":720,"caption":"Cansada ap\u00f3s exerc\u00edcio - Cr\u00e9ditos: depositphotos.com \/ FS-Stock"},{"@type":"BreadcrumbList","@id":"https:\/\/www.em.com.br\/emfoco\/2025\/06\/19\/seu-rosto-fica-vermelho-ao-treinar-veja-o-que-isso-revela\/#breadcrumb","itemListElement":[{"@type":"ListItem","position":1,"name":"In\u00edcio","item":"https:\/\/www.em.com.br\/emfoco\/"},{"@type":"ListItem","position":2,"name":"Seu rosto fica vermelho ao treinar? Veja o que isso revela"}]},{"@type":"WebSite","@id":"https:\/\/www.em.com.br\/emfoco\/#website","url":"https:\/\/www.em.com.br\/emfoco\/","name":"Estado de Minas - Em foco","description":"Acompanhe as \u00faltimas not\u00edcias e fique bem informado sobre tudo o que acontece em Minas Gerais, Brasil e no mundo.","potentialAction":[{"@type":"SearchAction","target":{"@type":"EntryPoint","urlTemplate":"https:\/\/www.em.com.br\/emfoco\/?s={search_term_string}"},"query-input":{"@type":"PropertyValueSpecification","valueRequired":true,"valueName":"search_term_string"}}],"inLanguage":"pt-BR"},{"@type":"Person","@id":"https:\/\/www.em.com.br\/emfoco\/#\/schema\/person\/08c4a03e38018bbab9038d5f788321fc","name":"Julio Cesar","image":{"@type":"ImageObject","inLanguage":"pt-BR","@id":"https:\/\/www.em.com.br\/emfoco\/#\/schema\/person\/image\/","url":"https:\/\/secure.gravatar.com\/avatar\/ab1ea64f0d4f4c1385f8ef10d5a6e758?s=96&d=mm&r=g","contentUrl":"https:\/\/secure.gravatar.com\/avatar\/ab1ea64f0d4f4c1385f8ef10d5a6e758?s=96&d=mm&r=g","caption":"Julio Cesar"},"url":"https:\/\/www.em.com.br\/emfoco\/author\/juliomyth\/"}]}},"_links":{"self":[{"href":"https:\/\/www.em.com.br\/emfoco\/wp-json\/wp\/v2\/posts\/63190","targetHints":{"allow":["GET"]}}],"collection":[{"href":"https:\/\/www.em.com.br\/emfoco\/wp-json\/wp\/v2\/posts"}],"about":[{"href":"https:\/\/www.em.com.br\/emfoco\/wp-json\/wp\/v2\/types\/post"}],"author":[{"embeddable":true,"href":"https:\/\/www.em.com.br\/emfoco\/wp-json\/wp\/v2\/users\/18"}],"replies":[{"embeddable":true,"href":"https:\/\/www.em.com.br\/emfoco\/wp-json\/wp\/v2\/comments?post=63190"}],"version-history":[{"count":3,"href":"https:\/\/www.em.com.br\/emfoco\/wp-json\/wp\/v2\/posts\/63190\/revisions"}],"predecessor-version":[{"id":63575,"href":"https:\/\/www.em.com.br\/emfoco\/wp-json\/wp\/v2\/posts\/63190\/revisions\/63575"}],"wp:featuredmedia":[{"embeddable":true,"href":"https:\/\/www.em.com.br\/emfoco\/wp-json\/wp\/v2\/media\/63218"}],"wp:attachment":[{"href":"https:\/\/www.em.com.br\/emfoco\/wp-json\/wp\/v2\/media?parent=63190"}],"wp:term":[{"taxonomy":"category","embeddable":true,"href":"https:\/\/www.em.com.br\/emfoco\/wp-json\/wp\/v2\/categories?post=63190"},{"taxonomy":"post_tag","embeddable":true,"href":"https:\/\/www.em.com.br\/emfoco\/wp-json\/wp\/v2\/tags?post=63190"}],"curies":[{"name":"wp","href":"https:\/\/api.w.org\/{rel}","templated":true}]}}