{"id":6292,"date":"2024-12-23T20:20:00","date_gmt":"2024-12-23T23:20:00","guid":{"rendered":"https:\/\/www.em.com.br\/emfoco\/?p=6292"},"modified":"2024-12-22T22:58:07","modified_gmt":"2024-12-23T01:58:07","slug":"novas-regras-de-aposentadoria-no-brasil-para-2025","status":"publish","type":"post","link":"https:\/\/www.em.com.br\/emfoco\/2024\/12\/23\/novas-regras-de-aposentadoria-no-brasil-para-2025\/","title":{"rendered":"Novas Regras de Aposentadoria no Brasil para 2025"},"content":{"rendered":"\n<p>A aposentadoria no Brasil \u00e9 um tema que exige constante atualiza\u00e7\u00e3o, especialmente com as mudan\u00e7as implementadas pela reforma da <a href=\"https:\/\/www.em.com.br\/emfoco\/2024\/12\/08\/nunca-contribuiu-para-a-previdencia-voce-pode-ter-direito-a-um-beneficio-descubra-qual\/\" target=\"_blank\" rel=\"noreferrer noopener\">Previd\u00eancia <\/a>de 2019. Em 2025, as regras para aposentadoria estar\u00e3o mais r\u00edgidas, impactando a idade m\u00ednima e o tempo necess\u00e1rio de contribui\u00e7\u00e3o. Compreender essas altera\u00e7\u00f5es \u00e9 essencial para quem est\u00e1 planejando essa fase.<\/p>\n\n\n\n<p>Altera\u00e7\u00f5es significativas ocorrer\u00e3o, como o aumento da idade m\u00ednima necess\u00e1ria para aposentadoria tanto para homens quanto para mulheres. Al\u00e9m disso, haver\u00e1 a necessidade de contribuir por mais tempo com o <a href=\"https:\/\/www.gov.br\/inss\/pt-br\" target=\"_blank\" rel=\"noreferrer noopener\">INSS<\/a>. A regra de pontos, que envolve uma combina\u00e7\u00e3o de idade e tempo de contribui\u00e7\u00e3o, tamb\u00e9m continuar\u00e1 a ser uma parte crucial do processo para conquistar o benef\u00edcio.<\/p>\n\n\n\n<h2 class=\"wp-block-heading\">Quais s\u00e3o as Regras de Transi\u00e7\u00e3o para 2025?<\/h2>\n\n\n\n<p>As regras de transi\u00e7\u00e3o visam auxiliar os trabalhadores que j\u00e1 contribu\u00edam para o INSS antes das mudan\u00e7as na legisla\u00e7\u00e3o. Existem diferentes crit\u00e9rios que podem ser mais vantajosos para determinados casos, permitindo uma flexibiliza\u00e7\u00e3o no processo de aposentadoria. Vamos explorar as principais regras de transi\u00e7\u00e3o adotadas at\u00e9 2025.<\/p>\n\n\n\n<p><strong>Tempo de contribui\u00e7\u00e3o + idade m\u00ednima:<\/strong> Esta regra combina um tempo de contribui\u00e7\u00e3o com uma idade m\u00ednima, que ser\u00e1 ajustada gradualmente at\u00e9 atingir o novo patamar desejado pelo governo. Essa estrat\u00e9gia oferece uma transi\u00e7\u00e3o suave para os segurados.<\/p>\n\n\n<div class=\"wp-block-image\">\n<figure class=\"aligncenter size-large\"><img loading=\"lazy\" decoding=\"async\" width=\"1024\" height=\"576\" src=\"https:\/\/www.em.com.br\/emfoco\/wp-content\/uploads\/2024\/12\/Idosos_1733107233234-1024x576.jpg\" alt=\"\" class=\"wp-image-2689\" srcset=\"https:\/\/www.em.com.br\/emfoco\/wp-content\/uploads\/2024\/12\/Idosos_1733107233234-1024x576.jpg 1024w, https:\/\/www.em.com.br\/emfoco\/wp-content\/uploads\/2024\/12\/Idosos_1733107233234-300x169.jpg 300w, https:\/\/www.em.com.br\/emfoco\/wp-content\/uploads\/2024\/12\/Idosos_1733107233234-768x432.jpg 768w, https:\/\/www.em.com.br\/emfoco\/wp-content\/uploads\/2024\/12\/Idosos_1733107233234-750x422.jpg 750w, https:\/\/www.em.com.br\/emfoco\/wp-content\/uploads\/2024\/12\/Idosos_1733107233234-1140x641.jpg 1140w, https:\/\/www.em.com.br\/emfoco\/wp-content\/uploads\/2024\/12\/Idosos_1733107233234.jpg 1280w\" sizes=\"auto, (max-width: 1024px) 100vw, 1024px\" \/><figcaption class=\"wp-element-caption\">Idosos &#8211; Cr\u00e9ditos: depositphotos.com \/ AndrewLozovyi<\/figcaption><\/figure><\/div>\n\n\n<p><strong>Por idade:<\/strong> Este crit\u00e9rio exige que o contribuinte atinja uma idade m\u00ednima estabelecida, al\u00e9m de cumprir um tempo de contribui\u00e7\u00e3o m\u00ednimo previamente fixado.<\/p>\n\n\n\n<h2 class=\"wp-block-heading\">Como Funciona o Sistema de Ped\u00e1gio?<\/h2>\n\n\n\n<p>O sistema de ped\u00e1gio acrescenta um novo elemento ao planejamento da aposentadoria. Existem duas modalidades principais que diferem no tempo adicional de contribui\u00e7\u00e3o exigido:<\/p>\n\n\n\n<ul class=\"wp-block-list\">\n<li><strong>Ped\u00e1gio de 50%:<\/strong> O trabalhador precisa completar 50% do tempo de contribui\u00e7\u00e3o que faltava na \u00e9poca das mudan\u00e7as na legisla\u00e7\u00e3o.<\/li>\n\n\n\n<li><strong>Ped\u00e1gio de 100%:<\/strong> Exige que o segurado complete integralmente o tempo que faltava, dobrando o per\u00edodo necess\u00e1rio para se aposentar no antigo regulamento.<\/li>\n<\/ul>\n\n\n\n<p>Ambas as op\u00e7\u00f5es de ped\u00e1gio t\u00eam suas particularidades e podem ser escolhidas conforme o planejamento e a situa\u00e7\u00e3o individual do trabalhador.<\/p>\n\n\n\n<h2 class=\"wp-block-heading\">Calculando sua Aposentadoria: O Uso das Ferramentas Dispon\u00edveis<\/h2>\n\n\n\n<p>Para quem deseja calcular a melhor regra de transi\u00e7\u00e3o e verificar quando poder\u00e1 se aposentar, h\u00e1 ferramentas dispon\u00edveis online que facilitam este processo. A calculadora do FDR, por exemplo, oferece uma simula\u00e7\u00e3o detalhada baseada nas regras atuais e na situa\u00e7\u00e3o espec\u00edfica do trabalhador. Essa tecnologia auxilia na visualiza\u00e7\u00e3o clara das op\u00e7\u00f5es e das condi\u00e7\u00f5es necess\u00e1rias para a aquisi\u00e7\u00e3o da aposentadoria desejada.<\/p>\n\n\n\n<p>Ao utilizar tais recursos, o trabalhador pode se informar melhor e planejar de forma eficiente, ajustando suas expectativas e contribuindo estrategicamente dentro das novas normas previdenci\u00e1rias.<\/p>\n\n\n\n<h2 class=\"wp-block-heading\">Aposentadoria Antecipada por Doen\u00e7as: Possibilidades em 2025<\/h2>\n\n\n\n<p>Em circunst\u00e2ncias especiais, certos quadros de sa\u00fade permitem a aposentadoria antecipada. A especialista Jamille Novaes destaca que doen\u00e7as espec\u00edficas podem justificar uma aposentadoria antes do tempo previsto nas regras gerais. Este benef\u00edcio \u00e9 vital para segurados que enfrentam dificuldades de sa\u00fade significativas, alinhando-se com a necessidade de prote\u00e7\u00e3o social adequada.<\/p>\n\n\n\n<p>Portanto, estar informado sobre essas condi\u00e7\u00f5es e os procedimentos para solicitar a aposentadoria antecipada \u00e9 fundamental para aqueles que se encontram nessas situa\u00e7\u00f5es.<\/p>\n","protected":false},"excerpt":{"rendered":"<p>A aposentadoria no Brasil \u00e9 um tema que exige constante atualiza\u00e7\u00e3o, especialmente com as mudan\u00e7as implementadas pela reforma da Previd\u00eancia de 2019. Em 2025, as regras para aposentadoria estar\u00e3o mais r\u00edgidas, impactando a idade m\u00ednima e o tempo necess\u00e1rio de contribui\u00e7\u00e3o. Compreender essas altera\u00e7\u00f5es \u00e9 essencial para quem est\u00e1 planejando essa fase. Altera\u00e7\u00f5es significativas ocorrer\u00e3o, [&hellip;]<\/p>\n","protected":false},"author":7,"featured_media":2600,"comment_status":"open","ping_status":"open","sticky":false,"template":"","format":"standard","meta":{"jnews-multi-image_gallery":[],"jnews_single_post":{"format":"standard"},"jnews_primary_category":[],"jnews_social_meta":[],"jnews_override_counter":[],"footnotes":""},"categories":[28],"tags":[782,172,158,2341],"class_list":["post-6292","post","type-post","status-publish","format-standard","has-post-thumbnail","hentry","category-economia","tag-782","tag-aposentadoria","tag-brasil","tag-reforma-previdencia"],"yoast_head":"<!-- This site is optimized with the Yoast SEO plugin v23.8 - https:\/\/yoast.com\/wordpress\/plugins\/seo\/ -->\n<title>Novas Regras de Aposentadoria no Brasil para 2025 - Estado de Minas - Em foco<\/title>\n<meta name=\"description\" content=\"Entenda as novas exig\u00eancias para se aposentar no Brasil a partir de 2025, incluindo regras de transi\u00e7\u00e3o, sistema de ped\u00e1gio e aposentadoria antecipada.\" \/>\n<meta name=\"robots\" content=\"index, follow, max-snippet:-1, max-image-preview:large, max-video-preview:-1\" \/>\n<link rel=\"canonical\" href=\"https:\/\/www.em.com.br\/emfoco\/2024\/12\/23\/novas-regras-de-aposentadoria-no-brasil-para-2025\/\" \/>\n<meta property=\"og:locale\" content=\"pt_BR\" \/>\n<meta property=\"og:type\" content=\"article\" \/>\n<meta property=\"og:title\" content=\"Novas Regras de Aposentadoria no Brasil para 2025 - Estado de Minas - Em foco\" \/>\n<meta property=\"og:description\" content=\"Entenda as novas exig\u00eancias para se aposentar no Brasil a partir de 2025, incluindo regras de transi\u00e7\u00e3o, sistema de ped\u00e1gio e aposentadoria antecipada.\" \/>\n<meta property=\"og:url\" content=\"https:\/\/www.em.com.br\/emfoco\/2024\/12\/23\/novas-regras-de-aposentadoria-no-brasil-para-2025\/\" \/>\n<meta property=\"og:site_name\" content=\"Estado de Minas - Em foco\" \/>\n<meta property=\"article:published_time\" content=\"2024-12-23T23:20:00+00:00\" \/>\n<meta property=\"article:modified_time\" content=\"2024-12-23T01:58:07+00:00\" \/>\n<meta property=\"og:image\" content=\"https:\/\/www.em.com.br\/emfoco\/wp-content\/uploads\/2024\/12\/Idosos_1733067661178.jpg\" \/>\n\t<meta property=\"og:image:width\" content=\"1280\" \/>\n\t<meta property=\"og:image:height\" content=\"720\" \/>\n\t<meta property=\"og:image:type\" content=\"image\/jpeg\" \/>\n<meta name=\"author\" content=\"Kelvin\" \/>\n<meta name=\"twitter:card\" content=\"summary_large_image\" \/>\n<meta name=\"twitter:label1\" content=\"Escrito por\" \/>\n\t<meta name=\"twitter:data1\" content=\"Kelvin\" \/>\n\t<meta name=\"twitter:label2\" content=\"Est. tempo de leitura\" \/>\n\t<meta name=\"twitter:data2\" content=\"4 minutos\" \/>\n<!-- \/ Yoast SEO plugin. -->","yoast_head_json":{"title":"Novas Regras de Aposentadoria no Brasil para 2025 - Estado de Minas - Em foco","description":"Entenda as novas exig\u00eancias para se aposentar no Brasil a partir de 2025, incluindo regras de transi\u00e7\u00e3o, sistema de ped\u00e1gio e aposentadoria antecipada.","robots":{"index":"index","follow":"follow","max-snippet":"max-snippet:-1","max-image-preview":"max-image-preview:large","max-video-preview":"max-video-preview:-1"},"canonical":"https:\/\/www.em.com.br\/emfoco\/2024\/12\/23\/novas-regras-de-aposentadoria-no-brasil-para-2025\/","og_locale":"pt_BR","og_type":"article","og_title":"Novas Regras de Aposentadoria no Brasil para 2025 - Estado de Minas - Em foco","og_description":"Entenda as novas exig\u00eancias para se aposentar no Brasil a partir de 2025, incluindo regras de transi\u00e7\u00e3o, sistema de ped\u00e1gio e aposentadoria antecipada.","og_url":"https:\/\/www.em.com.br\/emfoco\/2024\/12\/23\/novas-regras-de-aposentadoria-no-brasil-para-2025\/","og_site_name":"Estado de Minas - Em foco","article_published_time":"2024-12-23T23:20:00+00:00","article_modified_time":"2024-12-23T01:58:07+00:00","og_image":[{"width":1280,"height":720,"url":"https:\/\/www.em.com.br\/emfoco\/wp-content\/uploads\/2024\/12\/Idosos_1733067661178.jpg","type":"image\/jpeg"}],"author":"Kelvin","twitter_card":"summary_large_image","twitter_misc":{"Escrito por":"Kelvin","Est. tempo de leitura":"4 minutos"},"schema":{"@context":"https:\/\/schema.org","@graph":[{"@type":"WebPage","@id":"https:\/\/www.em.com.br\/emfoco\/2024\/12\/23\/novas-regras-de-aposentadoria-no-brasil-para-2025\/","url":"https:\/\/www.em.com.br\/emfoco\/2024\/12\/23\/novas-regras-de-aposentadoria-no-brasil-para-2025\/","name":"Novas Regras de Aposentadoria no Brasil para 2025 - Estado de Minas - Em foco","isPartOf":{"@id":"https:\/\/www.em.com.br\/emfoco\/#website"},"primaryImageOfPage":{"@id":"https:\/\/www.em.com.br\/emfoco\/2024\/12\/23\/novas-regras-de-aposentadoria-no-brasil-para-2025\/#primaryimage"},"image":{"@id":"https:\/\/www.em.com.br\/emfoco\/2024\/12\/23\/novas-regras-de-aposentadoria-no-brasil-para-2025\/#primaryimage"},"thumbnailUrl":"https:\/\/www.em.com.br\/emfoco\/wp-content\/uploads\/2024\/12\/Idosos_1733067661178.jpg","datePublished":"2024-12-23T23:20:00+00:00","dateModified":"2024-12-23T01:58:07+00:00","author":{"@id":"https:\/\/www.em.com.br\/emfoco\/#\/schema\/person\/fb0a7f48c6fbb94b83f413a80f61917d"},"description":"Entenda as novas exig\u00eancias para se aposentar no Brasil a partir de 2025, incluindo regras de transi\u00e7\u00e3o, sistema de ped\u00e1gio e aposentadoria antecipada.","breadcrumb":{"@id":"https:\/\/www.em.com.br\/emfoco\/2024\/12\/23\/novas-regras-de-aposentadoria-no-brasil-para-2025\/#breadcrumb"},"inLanguage":"pt-BR","potentialAction":[{"@type":"ReadAction","target":["https:\/\/www.em.com.br\/emfoco\/2024\/12\/23\/novas-regras-de-aposentadoria-no-brasil-para-2025\/"]}]},{"@type":"ImageObject","inLanguage":"pt-BR","@id":"https:\/\/www.em.com.br\/emfoco\/2024\/12\/23\/novas-regras-de-aposentadoria-no-brasil-para-2025\/#primaryimage","url":"https:\/\/www.em.com.br\/emfoco\/wp-content\/uploads\/2024\/12\/Idosos_1733067661178.jpg","contentUrl":"https:\/\/www.em.com.br\/emfoco\/wp-content\/uploads\/2024\/12\/Idosos_1733067661178.jpg","width":1280,"height":720,"caption":"Idosos s\u00e3o alvos faceis de Golpes - Cr\u00e9ditos: depositphotos.com \/ zanuckcalilus"},{"@type":"BreadcrumbList","@id":"https:\/\/www.em.com.br\/emfoco\/2024\/12\/23\/novas-regras-de-aposentadoria-no-brasil-para-2025\/#breadcrumb","itemListElement":[{"@type":"ListItem","position":1,"name":"In\u00edcio","item":"https:\/\/www.em.com.br\/emfoco\/"},{"@type":"ListItem","position":2,"name":"Novas Regras de Aposentadoria no Brasil para 2025"}]},{"@type":"WebSite","@id":"https:\/\/www.em.com.br\/emfoco\/#website","url":"https:\/\/www.em.com.br\/emfoco\/","name":"Estado de Minas - Em foco","description":"Acompanhe as \u00faltimas not\u00edcias e fique bem informado sobre tudo o que acontece em Minas Gerais, Brasil e no mundo.","potentialAction":[{"@type":"SearchAction","target":{"@type":"EntryPoint","urlTemplate":"https:\/\/www.em.com.br\/emfoco\/?s={search_term_string}"},"query-input":{"@type":"PropertyValueSpecification","valueRequired":true,"valueName":"search_term_string"}}],"inLanguage":"pt-BR"},{"@type":"Person","@id":"https:\/\/www.em.com.br\/emfoco\/#\/schema\/person\/fb0a7f48c6fbb94b83f413a80f61917d","name":"Kelvin","image":{"@type":"ImageObject","inLanguage":"pt-BR","@id":"https:\/\/www.em.com.br\/emfoco\/#\/schema\/person\/image\/","url":"https:\/\/secure.gravatar.com\/avatar\/e74f84337e6bf6c4c5e88fbdffa05270?s=96&d=mm&r=g","contentUrl":"https:\/\/secure.gravatar.com\/avatar\/e74f84337e6bf6c4c5e88fbdffa05270?s=96&d=mm&r=g","caption":"Kelvin"},"sameAs":["https:\/\/www.em.com.br\/emfoco"],"url":"https:\/\/www.em.com.br\/emfoco\/author\/kelvinmyth\/"}]}},"_links":{"self":[{"href":"https:\/\/www.em.com.br\/emfoco\/wp-json\/wp\/v2\/posts\/6292","targetHints":{"allow":["GET"]}}],"collection":[{"href":"https:\/\/www.em.com.br\/emfoco\/wp-json\/wp\/v2\/posts"}],"about":[{"href":"https:\/\/www.em.com.br\/emfoco\/wp-json\/wp\/v2\/types\/post"}],"author":[{"embeddable":true,"href":"https:\/\/www.em.com.br\/emfoco\/wp-json\/wp\/v2\/users\/7"}],"replies":[{"embeddable":true,"href":"https:\/\/www.em.com.br\/emfoco\/wp-json\/wp\/v2\/comments?post=6292"}],"version-history":[{"count":2,"href":"https:\/\/www.em.com.br\/emfoco\/wp-json\/wp\/v2\/posts\/6292\/revisions"}],"predecessor-version":[{"id":6295,"href":"https:\/\/www.em.com.br\/emfoco\/wp-json\/wp\/v2\/posts\/6292\/revisions\/6295"}],"wp:featuredmedia":[{"embeddable":true,"href":"https:\/\/www.em.com.br\/emfoco\/wp-json\/wp\/v2\/media\/2600"}],"wp:attachment":[{"href":"https:\/\/www.em.com.br\/emfoco\/wp-json\/wp\/v2\/media?parent=6292"}],"wp:term":[{"taxonomy":"category","embeddable":true,"href":"https:\/\/www.em.com.br\/emfoco\/wp-json\/wp\/v2\/categories?post=6292"},{"taxonomy":"post_tag","embeddable":true,"href":"https:\/\/www.em.com.br\/emfoco\/wp-json\/wp\/v2\/tags?post=6292"}],"curies":[{"name":"wp","href":"https:\/\/api.w.org\/{rel}","templated":true}]}}