{"id":62842,"date":"2025-06-20T19:00:00","date_gmt":"2025-06-20T22:00:00","guid":{"rendered":"https:\/\/www.em.com.br\/emfoco\/?p=62842"},"modified":"2025-06-19T19:17:50","modified_gmt":"2025-06-19T22:17:50","slug":"o-que-acontece-com-o-corpo-humano-no-espaco-sem-traje-a-resposta-e-assustadora","status":"publish","type":"post","link":"https:\/\/www.em.com.br\/emfoco\/2025\/06\/20\/o-que-acontece-com-o-corpo-humano-no-espaco-sem-traje-a-resposta-e-assustadora\/","title":{"rendered":"O que acontece com o corpo humano no espa\u00e7o sem traje? A resposta \u00e9 assustadora"},"content":{"rendered":"\n<p><strong>Quando um ser humano \u00e9 exposto diretamente ao v\u00e1cuo do espa\u00e7o, sem a prote\u00e7\u00e3o de um traje espacial, o corpo enfrenta condi\u00e7\u00f5es extremas que diferem completamente das encontradas na <a href=\"https:\/\/www.em.com.br\/emfoco\/2025\/06\/17\/o-jeito-certo-de-plantar-cebola-e-evitar-que-ela-apodreca-na-terra\/\" target=\"_blank\" rel=\"noreferrer noopener\">Terra<\/a>.<\/strong> A aus\u00eancia de press\u00e3o atmosf\u00e9rica faz com que l\u00edquidos presentes nos tecidos e no sangue comecem a vaporizar rapidamente, um fen\u00f4meno conhecido como ebuli\u00e7\u00e3o. Isso pode causar incha\u00e7o significativo em poucos segundos, j\u00e1 que os gases e l\u00edquidos internos se expandem sem o impedimento da press\u00e3o externa.<\/p>\n\n\n\n<p>Al\u00e9m disso, <strong>a falta de oxig\u00eanio leva \u00e0 perda de consci\u00eancia em cerca de 15 segundos, pois o c\u00e9rebro deixa de receber o suprimento necess\u00e1rio para funcionar.<\/strong> Apesar do que muitos imaginam, o corpo n\u00e3o explode instantaneamente, mas os danos s\u00e3o severos e ocorrem em um curto espa\u00e7o de tempo. A exposi\u00e7\u00e3o prolongada ao v\u00e1cuo resulta em danos irrevers\u00edveis aos \u00f3rg\u00e3os e tecidos.<\/p>\n\n\n\n<h2 class=\"wp-block-heading\">Como a aus\u00eancia de press\u00e3o afeta os fluidos corporais?<\/h2>\n\n\n\n<p><strong>No espa\u00e7o, a press\u00e3o atmosf\u00e9rica \u00e9 praticamente nula, o que provoca mudan\u00e7as dr\u00e1sticas nos fluidos corporais.<\/strong> O sangue, por exemplo, pode come\u00e7ar a formar bolhas devido \u00e0 redu\u00e7\u00e3o da press\u00e3o, um processo chamado descompress\u00e3o. Isso compromete o transporte de oxig\u00eanio e nutrientes para as c\u00e9lulas, agravando ainda mais a situa\u00e7\u00e3o do organismo.<\/p>\n\n\n\n<p><strong>Os olhos e a saliva tamb\u00e9m sofrem com a falta de press\u00e3o.<\/strong> A umidade presente nessas regi\u00f5es evapora rapidamente, causando ressecamento e desconforto intenso. A pele, apesar de el\u00e1stica, n\u00e3o \u00e9 suficiente para conter totalmente a expans\u00e3o dos gases internos, o que pode levar a les\u00f5es e rupturas microsc\u00f3picas.<\/p>\n\n\n\n<figure class=\"wp-block-image size-large\"><img loading=\"lazy\" decoding=\"async\" width=\"1024\" height=\"576\" src=\"https:\/\/www.em.com.br\/emfoco\/wp-content\/uploads\/2025\/04\/Moon-and-earth_1745591678483-1024x576.jpg\" alt=\"O que aconteceria com a vida se a Lua desaparecesse?\" class=\"wp-image-41645\" srcset=\"https:\/\/www.em.com.br\/emfoco\/wp-content\/uploads\/2025\/04\/Moon-and-earth_1745591678483-1024x576.jpg 1024w, https:\/\/www.em.com.br\/emfoco\/wp-content\/uploads\/2025\/04\/Moon-and-earth_1745591678483-300x169.jpg 300w, https:\/\/www.em.com.br\/emfoco\/wp-content\/uploads\/2025\/04\/Moon-and-earth_1745591678483-768x432.jpg 768w, https:\/\/www.em.com.br\/emfoco\/wp-content\/uploads\/2025\/04\/Moon-and-earth_1745591678483-750x422.jpg 750w, https:\/\/www.em.com.br\/emfoco\/wp-content\/uploads\/2025\/04\/Moon-and-earth_1745591678483-1140x641.jpg 1140w, https:\/\/www.em.com.br\/emfoco\/wp-content\/uploads\/2025\/04\/Moon-and-earth_1745591678483.jpg 1280w\" sizes=\"auto, (max-width: 1024px) 100vw, 1024px\" \/><figcaption class=\"wp-element-caption\">Terra e Lua &#8211; Cr\u00e9ditos: depositphotos.com \/ rfphoto<\/figcaption><\/figure>\n\n\n\n<h2 class=\"wp-block-heading\">Quais s\u00e3o os efeitos da radia\u00e7\u00e3o espacial no corpo humano sem traje?<\/h2>\n\n\n\n<p><strong>Sem a prote\u00e7\u00e3o de um traje espacial, o corpo humano fica vulner\u00e1vel \u00e0 radia\u00e7\u00e3o c\u00f3smica e aos raios ultravioleta emitidos pelo Sol.<\/strong> Essa exposi\u00e7\u00e3o intensa pode causar queimaduras graves na pele em quest\u00e3o de segundos, al\u00e9m de danificar o DNA das c\u00e9lulas. O risco de muta\u00e7\u00f5es e desenvolvimento de doen\u00e7as aumenta consideravelmente nessas condi\u00e7\u00f5es.<\/p>\n\n\n\n<p><strong>Al\u00e9m das queimaduras, a radia\u00e7\u00e3o pode afetar \u00f3rg\u00e3os internos, especialmente aqueles mais sens\u00edveis, como olhos e pulm\u00f5es.<\/strong> A exposi\u00e7\u00e3o prolongada \u00e0 radia\u00e7\u00e3o c\u00f3smica pode resultar em efeitos cr\u00f4nicos, como c\u00e2ncer, mas em situa\u00e7\u00f5es de exposi\u00e7\u00e3o aguda, o impacto imediato \u00e9 o maior perigo.<\/p>\n\n\n\n<h2 class=\"wp-block-heading\">O que acontece com a respira\u00e7\u00e3o e o sistema circulat\u00f3rio no espa\u00e7o?<\/h2>\n\n\n\n<p><strong>Ao ser exposto ao v\u00e1cuo, o ar presente nos pulm\u00f5es se expande rapidamente.<\/strong> Se a pessoa tentar prender a respira\u00e7\u00e3o, os alv\u00e9olos pulmonares podem se romper, causando les\u00f5es graves. <strong>A r\u00e1pida perda de oxig\u00eanio leva \u00e0 <a href=\"https:\/\/www.tuasaude.com\/hipoxia\/\" target=\"_blank\" rel=\"noreferrer noopener\">hip\u00f3xia<\/a>, um estado em que o corpo n\u00e3o recebe oxig\u00eanio suficiente para manter as fun\u00e7\u00f5es vitais.<\/strong><\/p>\n\n\n\n<p><strong>O sistema circulat\u00f3rio tamb\u00e9m \u00e9 afetado pela aus\u00eancia de press\u00e3o.<\/strong> O sangue pode come\u00e7ar a ferver a temperaturas normais do corpo, devido \u00e0 baixa press\u00e3o, comprometendo a circula\u00e7\u00e3o e levando rapidamente \u00e0 fal\u00eancia dos \u00f3rg\u00e3os. Esses efeitos tornam a sobreviv\u00eancia sem traje espacial praticamente imposs\u00edvel.<\/p>\n\n\n\n<h2 class=\"wp-block-heading\">Existe alguma chance de sobreviv\u00eancia ap\u00f3s exposi\u00e7\u00e3o ao espa\u00e7o sem traje?<\/h2>\n\n\n\n<p><strong>Apesar dos riscos extremos, estudos indicam que uma exposi\u00e7\u00e3o muito breve ao v\u00e1cuo do espa\u00e7o, de at\u00e9 30 segundos, pode ser revers\u00edvel se houver resgate imediato.<\/strong> Nesses casos, \u00e9 poss\u00edvel evitar danos permanentes, desde que a pessoa seja rapidamente reoxigenada e tratada para os efeitos da descompress\u00e3o. Curiosamente, testes com animais realizados no passado mostraram que a r\u00e1pida recompress\u00e3o e oferta de oxig\u00eanio permitiram a recupera\u00e7\u00e3o sem sequelas graves.<\/p>\n\n\n\n<p><strong>No entanto, per\u00edodos mais longos resultam em danos irrepar\u00e1veis ao c\u00e9rebro, pulm\u00f5es e outros \u00f3rg\u00e3os vitais.<\/strong> A recupera\u00e7\u00e3o torna-se improv\u00e1vel, mesmo com atendimento m\u00e9dico avan\u00e7ado. Por isso, o uso de trajes espaciais \u00e9 considerado indispens\u00e1vel para qualquer atividade fora de uma nave ou esta\u00e7\u00e3o espacial.<\/p>\n","protected":false},"excerpt":{"rendered":"<p>Quando um ser humano \u00e9 exposto diretamente ao v\u00e1cuo do espa\u00e7o, sem a prote\u00e7\u00e3o de um traje espacial, o corpo enfrenta condi\u00e7\u00f5es extremas que diferem completamente das encontradas na Terra. A aus\u00eancia de press\u00e3o atmosf\u00e9rica faz com que l\u00edquidos presentes nos tecidos e no sangue comecem a vaporizar rapidamente, um fen\u00f4meno conhecido como ebuli\u00e7\u00e3o. Isso [&hellip;]<\/p>\n","protected":false},"author":13,"featured_media":62849,"comment_status":"open","ping_status":"open","sticky":false,"template":"","format":"standard","meta":{"jnews-multi-image_gallery":[],"jnews_single_post":{"format":"standard"},"jnews_primary_category":[],"jnews_social_meta":[],"jnews_override_counter":[],"footnotes":""},"categories":[8819],"tags":[9668,1706,415,10615],"class_list":["post-62842","post","type-post","status-publish","format-standard","has-post-thumbnail","hentry","category-curiosidades","tag-corpo-humano","tag-espaco","tag-saude","tag-vacuo"],"yoast_head":"<!-- This site is optimized with the Yoast SEO plugin v23.8 - https:\/\/yoast.com\/wordpress\/plugins\/seo\/ -->\n<title>O que acontece com o corpo humano no espa\u00e7o sem traje? A resposta \u00e9 assustadora - Estado de Minas - Em foco<\/title>\n<meta name=\"description\" content=\"Desidrata\u00e7\u00e3o extrema, radia\u00e7\u00e3o e colapso pulmonar. Veja os efeitos do v\u00e1cuo espacial sobre o corpo humano sem traje.\" \/>\n<meta name=\"robots\" content=\"index, follow, max-snippet:-1, max-image-preview:large, max-video-preview:-1\" \/>\n<link rel=\"canonical\" href=\"https:\/\/www.em.com.br\/emfoco\/2025\/06\/20\/o-que-acontece-com-o-corpo-humano-no-espaco-sem-traje-a-resposta-e-assustadora\/\" \/>\n<meta property=\"og:locale\" content=\"pt_BR\" \/>\n<meta property=\"og:type\" content=\"article\" \/>\n<meta property=\"og:title\" content=\"O que acontece com o corpo humano no espa\u00e7o sem traje? A resposta \u00e9 assustadora - Estado de Minas - Em foco\" \/>\n<meta property=\"og:description\" content=\"Desidrata\u00e7\u00e3o extrema, radia\u00e7\u00e3o e colapso pulmonar. Veja os efeitos do v\u00e1cuo espacial sobre o corpo humano sem traje.\" \/>\n<meta property=\"og:url\" content=\"https:\/\/www.em.com.br\/emfoco\/2025\/06\/20\/o-que-acontece-com-o-corpo-humano-no-espaco-sem-traje-a-resposta-e-assustadora\/\" \/>\n<meta property=\"og:site_name\" content=\"Estado de Minas - Em foco\" \/>\n<meta property=\"article:published_time\" content=\"2025-06-20T22:00:00+00:00\" \/>\n<meta property=\"article:modified_time\" content=\"2025-06-19T22:17:50+00:00\" \/>\n<meta property=\"og:image\" content=\"https:\/\/www.em.com.br\/emfoco\/wp-content\/uploads\/2025\/06\/traje-espacial_1750251137246.jpg\" \/>\n\t<meta property=\"og:image:width\" content=\"1280\" \/>\n\t<meta property=\"og:image:height\" content=\"720\" \/>\n\t<meta property=\"og:image:type\" content=\"image\/jpeg\" \/>\n<meta name=\"author\" content=\"Gabriel Martins\" \/>\n<meta name=\"twitter:card\" content=\"summary_large_image\" \/>\n<meta name=\"twitter:label1\" content=\"Escrito por\" \/>\n\t<meta name=\"twitter:data1\" content=\"Gabriel Martins\" \/>\n\t<meta name=\"twitter:label2\" content=\"Est. tempo de leitura\" \/>\n\t<meta name=\"twitter:data2\" content=\"4 minutos\" \/>\n<!-- \/ Yoast SEO plugin. -->","yoast_head_json":{"title":"O que acontece com o corpo humano no espa\u00e7o sem traje? A resposta \u00e9 assustadora - Estado de Minas - Em foco","description":"Desidrata\u00e7\u00e3o extrema, radia\u00e7\u00e3o e colapso pulmonar. Veja os efeitos do v\u00e1cuo espacial sobre o corpo humano sem traje.","robots":{"index":"index","follow":"follow","max-snippet":"max-snippet:-1","max-image-preview":"max-image-preview:large","max-video-preview":"max-video-preview:-1"},"canonical":"https:\/\/www.em.com.br\/emfoco\/2025\/06\/20\/o-que-acontece-com-o-corpo-humano-no-espaco-sem-traje-a-resposta-e-assustadora\/","og_locale":"pt_BR","og_type":"article","og_title":"O que acontece com o corpo humano no espa\u00e7o sem traje? A resposta \u00e9 assustadora - Estado de Minas - Em foco","og_description":"Desidrata\u00e7\u00e3o extrema, radia\u00e7\u00e3o e colapso pulmonar. Veja os efeitos do v\u00e1cuo espacial sobre o corpo humano sem traje.","og_url":"https:\/\/www.em.com.br\/emfoco\/2025\/06\/20\/o-que-acontece-com-o-corpo-humano-no-espaco-sem-traje-a-resposta-e-assustadora\/","og_site_name":"Estado de Minas - Em foco","article_published_time":"2025-06-20T22:00:00+00:00","article_modified_time":"2025-06-19T22:17:50+00:00","og_image":[{"width":1280,"height":720,"url":"https:\/\/www.em.com.br\/emfoco\/wp-content\/uploads\/2025\/06\/traje-espacial_1750251137246.jpg","type":"image\/jpeg"}],"author":"Gabriel Martins","twitter_card":"summary_large_image","twitter_misc":{"Escrito por":"Gabriel Martins","Est. tempo de leitura":"4 minutos"},"schema":{"@context":"https:\/\/schema.org","@graph":[{"@type":"WebPage","@id":"https:\/\/www.em.com.br\/emfoco\/2025\/06\/20\/o-que-acontece-com-o-corpo-humano-no-espaco-sem-traje-a-resposta-e-assustadora\/","url":"https:\/\/www.em.com.br\/emfoco\/2025\/06\/20\/o-que-acontece-com-o-corpo-humano-no-espaco-sem-traje-a-resposta-e-assustadora\/","name":"O que acontece com o corpo humano no espa\u00e7o sem traje? A resposta \u00e9 assustadora - Estado de Minas - Em foco","isPartOf":{"@id":"https:\/\/www.em.com.br\/emfoco\/#website"},"primaryImageOfPage":{"@id":"https:\/\/www.em.com.br\/emfoco\/2025\/06\/20\/o-que-acontece-com-o-corpo-humano-no-espaco-sem-traje-a-resposta-e-assustadora\/#primaryimage"},"image":{"@id":"https:\/\/www.em.com.br\/emfoco\/2025\/06\/20\/o-que-acontece-com-o-corpo-humano-no-espaco-sem-traje-a-resposta-e-assustadora\/#primaryimage"},"thumbnailUrl":"https:\/\/www.em.com.br\/emfoco\/wp-content\/uploads\/2025\/06\/traje-espacial_1750251137246.jpg","datePublished":"2025-06-20T22:00:00+00:00","dateModified":"2025-06-19T22:17:50+00:00","author":{"@id":"https:\/\/www.em.com.br\/emfoco\/#\/schema\/person\/1c9ddeab18b98abeffef834667bcf08a"},"description":"Desidrata\u00e7\u00e3o extrema, radia\u00e7\u00e3o e colapso pulmonar. Veja os efeitos do v\u00e1cuo espacial sobre o corpo humano sem traje.","breadcrumb":{"@id":"https:\/\/www.em.com.br\/emfoco\/2025\/06\/20\/o-que-acontece-com-o-corpo-humano-no-espaco-sem-traje-a-resposta-e-assustadora\/#breadcrumb"},"inLanguage":"pt-BR","potentialAction":[{"@type":"ReadAction","target":["https:\/\/www.em.com.br\/emfoco\/2025\/06\/20\/o-que-acontece-com-o-corpo-humano-no-espaco-sem-traje-a-resposta-e-assustadora\/"]}]},{"@type":"ImageObject","inLanguage":"pt-BR","@id":"https:\/\/www.em.com.br\/emfoco\/2025\/06\/20\/o-que-acontece-com-o-corpo-humano-no-espaco-sem-traje-a-resposta-e-assustadora\/#primaryimage","url":"https:\/\/www.em.com.br\/emfoco\/wp-content\/uploads\/2025\/06\/traje-espacial_1750251137246.jpg","contentUrl":"https:\/\/www.em.com.br\/emfoco\/wp-content\/uploads\/2025\/06\/traje-espacial_1750251137246.jpg","width":1280,"height":720,"caption":"Imagem ilustrativa de traje espacial - Cr\u00e9ditos: depositphotos.com \/ kvart777@ukr.net"},{"@type":"BreadcrumbList","@id":"https:\/\/www.em.com.br\/emfoco\/2025\/06\/20\/o-que-acontece-com-o-corpo-humano-no-espaco-sem-traje-a-resposta-e-assustadora\/#breadcrumb","itemListElement":[{"@type":"ListItem","position":1,"name":"In\u00edcio","item":"https:\/\/www.em.com.br\/emfoco\/"},{"@type":"ListItem","position":2,"name":"O que acontece com o corpo humano no espa\u00e7o sem traje? A resposta \u00e9 assustadora"}]},{"@type":"WebSite","@id":"https:\/\/www.em.com.br\/emfoco\/#website","url":"https:\/\/www.em.com.br\/emfoco\/","name":"Estado de Minas - Em foco","description":"Acompanhe as \u00faltimas not\u00edcias e fique bem informado sobre tudo o que acontece em Minas Gerais, Brasil e no mundo.","potentialAction":[{"@type":"SearchAction","target":{"@type":"EntryPoint","urlTemplate":"https:\/\/www.em.com.br\/emfoco\/?s={search_term_string}"},"query-input":{"@type":"PropertyValueSpecification","valueRequired":true,"valueName":"search_term_string"}}],"inLanguage":"pt-BR"},{"@type":"Person","@id":"https:\/\/www.em.com.br\/emfoco\/#\/schema\/person\/1c9ddeab18b98abeffef834667bcf08a","name":"Gabriel Martins","image":{"@type":"ImageObject","inLanguage":"pt-BR","@id":"https:\/\/www.em.com.br\/emfoco\/#\/schema\/person\/image\/","url":"https:\/\/secure.gravatar.com\/avatar\/f0f1e2efdfd88f1ad2cb08c5c2731e50?s=96&d=mm&r=g","contentUrl":"https:\/\/secure.gravatar.com\/avatar\/f0f1e2efdfd88f1ad2cb08c5c2731e50?s=96&d=mm&r=g","caption":"Gabriel Martins"},"sameAs":["https:\/\/www.em.com.br\/emfoco\/"],"url":"https:\/\/www.em.com.br\/emfoco\/author\/gabrielmartinsmyth\/"}]}},"_links":{"self":[{"href":"https:\/\/www.em.com.br\/emfoco\/wp-json\/wp\/v2\/posts\/62842","targetHints":{"allow":["GET"]}}],"collection":[{"href":"https:\/\/www.em.com.br\/emfoco\/wp-json\/wp\/v2\/posts"}],"about":[{"href":"https:\/\/www.em.com.br\/emfoco\/wp-json\/wp\/v2\/types\/post"}],"author":[{"embeddable":true,"href":"https:\/\/www.em.com.br\/emfoco\/wp-json\/wp\/v2\/users\/13"}],"replies":[{"embeddable":true,"href":"https:\/\/www.em.com.br\/emfoco\/wp-json\/wp\/v2\/comments?post=62842"}],"version-history":[{"count":2,"href":"https:\/\/www.em.com.br\/emfoco\/wp-json\/wp\/v2\/posts\/62842\/revisions"}],"predecessor-version":[{"id":62850,"href":"https:\/\/www.em.com.br\/emfoco\/wp-json\/wp\/v2\/posts\/62842\/revisions\/62850"}],"wp:featuredmedia":[{"embeddable":true,"href":"https:\/\/www.em.com.br\/emfoco\/wp-json\/wp\/v2\/media\/62849"}],"wp:attachment":[{"href":"https:\/\/www.em.com.br\/emfoco\/wp-json\/wp\/v2\/media?parent=62842"}],"wp:term":[{"taxonomy":"category","embeddable":true,"href":"https:\/\/www.em.com.br\/emfoco\/wp-json\/wp\/v2\/categories?post=62842"},{"taxonomy":"post_tag","embeddable":true,"href":"https:\/\/www.em.com.br\/emfoco\/wp-json\/wp\/v2\/tags?post=62842"}],"curies":[{"name":"wp","href":"https:\/\/api.w.org\/{rel}","templated":true}]}}