{"id":62750,"date":"2025-06-18T18:50:00","date_gmt":"2025-06-18T21:50:00","guid":{"rendered":"https:\/\/www.em.com.br\/emfoco\/?p=62750"},"modified":"2025-06-18T08:50:39","modified_gmt":"2025-06-18T11:50:39","slug":"o-guia-mais-completo-sobre-contrato-de-trabalho-e-direitos-garantidos-na-clt","status":"publish","type":"post","link":"https:\/\/www.em.com.br\/emfoco\/2025\/06\/18\/o-guia-mais-completo-sobre-contrato-de-trabalho-e-direitos-garantidos-na-clt\/","title":{"rendered":"O guia mais completo sobre contrato de trabalho e direitos garantidos na CLT"},"content":{"rendered":"\n<p>O contrato de trabalho \u00e9 um acordo formal ou informal entre empregador e empregado, estabelecendo as condi\u00e7\u00f5es para a presta\u00e7\u00e3o de servi\u00e7os mediante remunera\u00e7\u00e3o. Esse documento define direitos, deveres e obriga\u00e7\u00f5es de ambas as partes, sendo fundamental para garantir seguran\u00e7a jur\u00eddica na rela\u00e7\u00e3o trabalhista. No <strong>Brasil<\/strong>, a Consolida\u00e7\u00e3o das <strong>Leis do Trabalho <\/strong>(<a href=\"https:\/\/www.planalto.gov.br\/ccivil_03\/decreto-lei\/del5452.htm\" target=\"_blank\" rel=\"noreferrer noopener\">CLT<\/a>) serve como base para regulamentar essas rela\u00e7\u00f5es, protegendo tanto o trabalhador quanto o empregador.<\/p>\n\n\n\n<p>A import\u00e2ncia do contrato de trabalho reside na clareza que proporciona sobre as expectativas e responsabilidades de cada envolvido. Al\u00e9m disso, ele \u00e9 essencial para evitar conflitos futuros, j\u00e1 que detalha informa\u00e7\u00f5es como jornada, sal\u00e1rio, fun\u00e7\u00e3o e benef\u00edcios. A formaliza\u00e7\u00e3o desse acordo contribui para o cumprimento das normas legais e assegura o acesso a direitos trabalhistas, como f\u00e9rias, d\u00e9cimo terceiro sal\u00e1rio e <strong>FGTS<\/strong>.<\/p>\n\n\n\n<h2 class=\"wp-block-heading\">Quais s\u00e3o os principais tipos de contrato de trabalho existentes?<\/h2>\n\n\n<div class=\"wp-block-image\">\n<figure class=\"aligncenter size-large\"><img loading=\"lazy\" decoding=\"async\" width=\"1024\" height=\"576\" src=\"https:\/\/www.em.com.br\/emfoco\/wp-content\/uploads\/2025\/06\/carteira-de-trabalh_1748978867226-1024x576.jpg\" alt=\"Horas extras na CLT exigem aten\u00e7\u00e3o m\u00e1xima do RH\" class=\"wp-image-55049\" srcset=\"https:\/\/www.em.com.br\/emfoco\/wp-content\/uploads\/2025\/06\/carteira-de-trabalh_1748978867226-1024x576.jpg 1024w, https:\/\/www.em.com.br\/emfoco\/wp-content\/uploads\/2025\/06\/carteira-de-trabalh_1748978867226-300x169.jpg 300w, https:\/\/www.em.com.br\/emfoco\/wp-content\/uploads\/2025\/06\/carteira-de-trabalh_1748978867226-768x432.jpg 768w, https:\/\/www.em.com.br\/emfoco\/wp-content\/uploads\/2025\/06\/carteira-de-trabalh_1748978867226-750x422.jpg 750w, https:\/\/www.em.com.br\/emfoco\/wp-content\/uploads\/2025\/06\/carteira-de-trabalh_1748978867226-1140x641.jpg 1140w, https:\/\/www.em.com.br\/emfoco\/wp-content\/uploads\/2025\/06\/carteira-de-trabalh_1748978867226.jpg 1280w\" sizes=\"auto, (max-width: 1024px) 100vw, 1024px\" \/><figcaption class=\"wp-element-caption\">CLT &#8211; Cr\u00e9ditos: depositphotos.com \/ rmcarvalhobsb<\/figcaption><\/figure><\/div>\n\n\n<p>No cen\u00e1rio brasileiro, existem diferentes modalidades de contrato de trabalho, cada uma adequada a necessidades espec\u00edficas de empregadores e empregados. Entre as mais comuns est\u00e3o o contrato por tempo indeterminado, por tempo determinado e o contrato de experi\u00eancia. Cada tipo possui regras pr\u00f3prias quanto \u00e0 dura\u00e7\u00e3o, renova\u00e7\u00e3o e rescis\u00e3o, sendo importante compreender suas particularidades antes de firmar qualquer acordo.<\/p>\n\n\n\n<p>O contrato por tempo indeterminado \u00e9 o mais tradicional, n\u00e3o estabelecendo prazo para o t\u00e9rmino da rela\u00e7\u00e3o. J\u00e1 o contrato por tempo determinado possui uma data de in\u00edcio e fim previamente acordadas, sendo utilizado em situa\u00e7\u00f5es espec\u00edficas, como projetos tempor\u00e1rios. O contrato de experi\u00eancia, por sua vez, permite que ambas as partes avaliem a adapta\u00e7\u00e3o ao cargo, com dura\u00e7\u00e3o m\u00e1xima de <strong>90 dias<\/strong>.<\/p>\n\n\n\n<h2 class=\"wp-block-heading\">Quais direitos s\u00e3o garantidos ao empregado em um contrato de trabalho?<\/h2>\n\n\n\n<p>O trabalhador que firma um contrato de trabalho formal tem acesso a uma s\u00e9rie de direitos previstos na legisla\u00e7\u00e3o. Entre eles est\u00e3o o recebimento de sal\u00e1rio compat\u00edvel com a fun\u00e7\u00e3o, registro em carteira, f\u00e9rias remuneradas, d\u00e9cimo terceiro sal\u00e1rio, <strong>Fundo de Garantia do Tempo de Servi\u00e7o<\/strong> (<a href=\"https:\/\/www.caixa.gov.br\/beneficios-trabalhador\/fgts\/Paginas\/default.aspx\" target=\"_blank\" rel=\"noreferrer noopener\">FGTS<\/a>) e recolhimento do <strong>Instituto Nacional do Seguro Social<\/strong> (<a href=\"https:\/\/www.em.com.br\/emfoco\/2025\/06\/13\/calendario-de-junho-do-bolsa-familia-tem-novidade-que-surpreende\/\" target=\"_blank\" rel=\"noreferrer noopener\">INSS<\/a>). Esses benef\u00edcios s\u00e3o fundamentais para assegurar prote\u00e7\u00e3o social e estabilidade financeira ao empregado.<\/p>\n\n\n\n<p>Al\u00e9m dos direitos mencionados, o empregado tamb\u00e9m tem direito a receber horas extras, adicional noturno, licen\u00e7a-maternidade ou paternidade, e aviso pr\u00e9vio em caso de rescis\u00e3o contratual. A legisla\u00e7\u00e3o ainda prev\u00ea a obrigatoriedade do pagamento de verbas rescis\u00f3rias e a possibilidade de acesso ao seguro-desemprego, dependendo das circunst\u00e2ncias do desligamento.<\/p>\n\n\n\n<h2 class=\"wp-block-heading\">Quais s\u00e3o os deveres do empregador em rela\u00e7\u00e3o ao contrato de trabalho?<\/h2>\n\n\n\n<p>O empregador possui uma s\u00e9rie de obriga\u00e7\u00f5es legais ao firmar um contrato de trabalho. Entre as principais responsabilidades est\u00e3o o pagamento pontual dos sal\u00e1rios, o registro do empregado na carteira de trabalho, o recolhimento de encargos sociais e o respeito \u00e0s normas de sa\u00fade e seguran\u00e7a no ambiente laboral. O descumprimento dessas obriga\u00e7\u00f5es pode gerar san\u00e7\u00f5es administrativas e judiciais.<\/p>\n\n\n\n<p>Al\u00e9m disso, o empregador deve garantir condi\u00e7\u00f5es adequadas para o desempenho das atividades, fornecer equipamentos de prote\u00e7\u00e3o quando necess\u00e1rio e <strong>respeitar a jornada de trabalho estabelecida em lei<\/strong>. A transpar\u00eancia na comunica\u00e7\u00e3o e o cumprimento das cl\u00e1usulas contratuais s\u00e3o essenciais para manter uma rela\u00e7\u00e3o de confian\u00e7a e evitar lit\u00edgios trabalhistas.<\/p>\n\n\n\n<h2 class=\"wp-block-heading\">Quais obriga\u00e7\u00f5es o empregado deve cumprir durante o contrato de trabalho?<\/h2>\n\n\n\n<p>O empregado, ao aceitar um contrato de trabalho, assume o compromisso de cumprir suas fun\u00e7\u00f5es com dilig\u00eancia, respeitar as normas internas da empresa e <strong>zelar pelo patrim\u00f4nio do empregador<\/strong>. A pontualidade, assiduidade e o cumprimento da jornada de trabalho s\u00e3o deveres b\u00e1sicos, assim como a obedi\u00eancia \u00e0s orienta\u00e7\u00f5es superiores e o sigilo sobre informa\u00e7\u00f5es confidenciais.<\/p>\n\n\n\n<p>Outros deveres incluem a utiliza\u00e7\u00e3o adequada dos equipamentos fornecidos, o respeito aos colegas e superiores e a observ\u00e2ncia das regras de seguran\u00e7a. O descumprimento dessas obriga\u00e7\u00f5es pode resultar em advert\u00eancias, suspens\u00f5es ou at\u00e9 mesmo demiss\u00e3o por justa causa, conforme <strong>previsto na legisla\u00e7\u00e3o trabalhista<\/strong>.<\/p>\n\n\n\n<h2 class=\"wp-block-heading\">Como ocorre a rescis\u00e3o do contrato de trabalho e quais s\u00e3o seus impactos?<\/h2>\n\n\n\n<p>A rescis\u00e3o do contrato de trabalho pode ocorrer por iniciativa do empregador, do empregado ou de forma consensual. Entre as principais formas de encerramento est\u00e3o a demiss\u00e3o sem justa causa, a demiss\u00e3o por justa causa, o pedido de demiss\u00e3o e o t\u00e9rmino do contrato por prazo determinado. Cada modalidade possui regras espec\u00edficas quanto ao pagamento de verbas rescis\u00f3rias e ao cumprimento de aviso pr\u00e9vio.<\/p>\n\n\n\n<p>Os impactos da rescis\u00e3o variam conforme o motivo do desligamento. Em casos de demiss\u00e3o sem justa causa, o trabalhador tem direito a receber saldo de sal\u00e1rio, f\u00e9rias proporcionais, d\u00e9cimo terceiro proporcional, saque do <strong>FGTS <\/strong>e acesso ao <strong>seguro-desemprego<\/strong>. J\u00e1 na demiss\u00e3o por justa causa, alguns desses direitos podem ser suprimidos. A formaliza\u00e7\u00e3o adequada do encerramento do contrato \u00e9 fundamental para evitar disputas judiciais e garantir o cumprimento das obriga\u00e7\u00f5es legais.<\/p>\n","protected":false},"excerpt":{"rendered":"<p>O contrato de trabalho \u00e9 um acordo formal ou informal entre empregador e empregado, estabelecendo as condi\u00e7\u00f5es para a presta\u00e7\u00e3o de servi\u00e7os mediante remunera\u00e7\u00e3o. Esse documento define direitos, deveres e obriga\u00e7\u00f5es de ambas as partes, sendo fundamental para garantir seguran\u00e7a jur\u00eddica na rela\u00e7\u00e3o trabalhista. No Brasil, a Consolida\u00e7\u00e3o das Leis do Trabalho (CLT) serve como [&hellip;]<\/p>\n","protected":false},"author":20,"featured_media":56497,"comment_status":"open","ping_status":"open","sticky":false,"template":"","format":"standard","meta":{"jnews-multi-image_gallery":[],"jnews_single_post":{"format":"standard"},"jnews_primary_category":[],"jnews_social_meta":[],"jnews_override_counter":[],"footnotes":""},"categories":[28,1],"tags":[1052],"class_list":["post-62750","post","type-post","status-publish","format-standard","has-post-thumbnail","hentry","category-economia","category-noticias","tag-clt"],"yoast_head":"<!-- This site is optimized with the Yoast SEO plugin v23.8 - https:\/\/yoast.com\/wordpress\/plugins\/seo\/ -->\n<title>O guia mais completo sobre contrato de trabalho e direitos garantidos na CLT - Estado de Minas - Em foco<\/title>\n<meta name=\"description\" content=\"Se voc\u00ea tem contrato de trabalho, veja quais s\u00e3o seus direitos na CLT. Descubra os tipos de contrato e os benef\u00edcios que voc\u00ea pode ter.\" \/>\n<meta name=\"robots\" content=\"index, follow, max-snippet:-1, max-image-preview:large, max-video-preview:-1\" \/>\n<link rel=\"canonical\" href=\"https:\/\/www.em.com.br\/emfoco\/2025\/06\/18\/o-guia-mais-completo-sobre-contrato-de-trabalho-e-direitos-garantidos-na-clt\/\" \/>\n<meta property=\"og:locale\" content=\"pt_BR\" \/>\n<meta property=\"og:type\" content=\"article\" \/>\n<meta property=\"og:title\" content=\"O guia mais completo sobre contrato de trabalho e direitos garantidos na CLT - Estado de Minas - Em foco\" \/>\n<meta property=\"og:description\" content=\"Se voc\u00ea tem contrato de trabalho, veja quais s\u00e3o seus direitos na CLT. Descubra os tipos de contrato e os benef\u00edcios que voc\u00ea pode ter.\" \/>\n<meta property=\"og:url\" content=\"https:\/\/www.em.com.br\/emfoco\/2025\/06\/18\/o-guia-mais-completo-sobre-contrato-de-trabalho-e-direitos-garantidos-na-clt\/\" \/>\n<meta property=\"og:site_name\" content=\"Estado de Minas - Em foco\" \/>\n<meta property=\"article:published_time\" content=\"2025-06-18T21:50:00+00:00\" \/>\n<meta property=\"article:modified_time\" content=\"2025-06-18T11:50:39+00:00\" \/>\n<meta property=\"og:image\" content=\"https:\/\/www.em.com.br\/emfoco\/wp-content\/uploads\/2025\/06\/FGTS_1749151248851.jpg\" \/>\n\t<meta property=\"og:image:width\" content=\"1280\" \/>\n\t<meta property=\"og:image:height\" content=\"720\" \/>\n\t<meta property=\"og:image:type\" content=\"image\/jpeg\" \/>\n<meta name=\"author\" content=\"Ingrid Diniz\" \/>\n<meta name=\"twitter:card\" content=\"summary_large_image\" \/>\n<meta name=\"twitter:label1\" content=\"Escrito por\" \/>\n\t<meta name=\"twitter:data1\" content=\"Ingrid Diniz\" \/>\n\t<meta name=\"twitter:label2\" content=\"Est. tempo de leitura\" \/>\n\t<meta name=\"twitter:data2\" content=\"5 minutos\" \/>\n<!-- \/ Yoast SEO plugin. -->","yoast_head_json":{"title":"O guia mais completo sobre contrato de trabalho e direitos garantidos na CLT - Estado de Minas - Em foco","description":"Se voc\u00ea tem contrato de trabalho, veja quais s\u00e3o seus direitos na CLT. Descubra os tipos de contrato e os benef\u00edcios que voc\u00ea pode ter.","robots":{"index":"index","follow":"follow","max-snippet":"max-snippet:-1","max-image-preview":"max-image-preview:large","max-video-preview":"max-video-preview:-1"},"canonical":"https:\/\/www.em.com.br\/emfoco\/2025\/06\/18\/o-guia-mais-completo-sobre-contrato-de-trabalho-e-direitos-garantidos-na-clt\/","og_locale":"pt_BR","og_type":"article","og_title":"O guia mais completo sobre contrato de trabalho e direitos garantidos na CLT - Estado de Minas - Em foco","og_description":"Se voc\u00ea tem contrato de trabalho, veja quais s\u00e3o seus direitos na CLT. Descubra os tipos de contrato e os benef\u00edcios que voc\u00ea pode ter.","og_url":"https:\/\/www.em.com.br\/emfoco\/2025\/06\/18\/o-guia-mais-completo-sobre-contrato-de-trabalho-e-direitos-garantidos-na-clt\/","og_site_name":"Estado de Minas - Em foco","article_published_time":"2025-06-18T21:50:00+00:00","article_modified_time":"2025-06-18T11:50:39+00:00","og_image":[{"width":1280,"height":720,"url":"https:\/\/www.em.com.br\/emfoco\/wp-content\/uploads\/2025\/06\/FGTS_1749151248851.jpg","type":"image\/jpeg"}],"author":"Ingrid Diniz","twitter_card":"summary_large_image","twitter_misc":{"Escrito por":"Ingrid Diniz","Est. tempo de leitura":"5 minutos"},"schema":{"@context":"https:\/\/schema.org","@graph":[{"@type":"WebPage","@id":"https:\/\/www.em.com.br\/emfoco\/2025\/06\/18\/o-guia-mais-completo-sobre-contrato-de-trabalho-e-direitos-garantidos-na-clt\/","url":"https:\/\/www.em.com.br\/emfoco\/2025\/06\/18\/o-guia-mais-completo-sobre-contrato-de-trabalho-e-direitos-garantidos-na-clt\/","name":"O guia mais completo sobre contrato de trabalho e direitos garantidos na CLT - Estado de Minas - Em foco","isPartOf":{"@id":"https:\/\/www.em.com.br\/emfoco\/#website"},"primaryImageOfPage":{"@id":"https:\/\/www.em.com.br\/emfoco\/2025\/06\/18\/o-guia-mais-completo-sobre-contrato-de-trabalho-e-direitos-garantidos-na-clt\/#primaryimage"},"image":{"@id":"https:\/\/www.em.com.br\/emfoco\/2025\/06\/18\/o-guia-mais-completo-sobre-contrato-de-trabalho-e-direitos-garantidos-na-clt\/#primaryimage"},"thumbnailUrl":"https:\/\/www.em.com.br\/emfoco\/wp-content\/uploads\/2025\/06\/FGTS_1749151248851.jpg","datePublished":"2025-06-18T21:50:00+00:00","dateModified":"2025-06-18T11:50:39+00:00","author":{"@id":"https:\/\/www.em.com.br\/emfoco\/#\/schema\/person\/649e610b4eb8fff87ff394e54fe17b2b"},"description":"Se voc\u00ea tem contrato de trabalho, veja quais s\u00e3o seus direitos na CLT. Descubra os tipos de contrato e os benef\u00edcios que voc\u00ea pode ter.","breadcrumb":{"@id":"https:\/\/www.em.com.br\/emfoco\/2025\/06\/18\/o-guia-mais-completo-sobre-contrato-de-trabalho-e-direitos-garantidos-na-clt\/#breadcrumb"},"inLanguage":"pt-BR","potentialAction":[{"@type":"ReadAction","target":["https:\/\/www.em.com.br\/emfoco\/2025\/06\/18\/o-guia-mais-completo-sobre-contrato-de-trabalho-e-direitos-garantidos-na-clt\/"]}]},{"@type":"ImageObject","inLanguage":"pt-BR","@id":"https:\/\/www.em.com.br\/emfoco\/2025\/06\/18\/o-guia-mais-completo-sobre-contrato-de-trabalho-e-direitos-garantidos-na-clt\/#primaryimage","url":"https:\/\/www.em.com.br\/emfoco\/wp-content\/uploads\/2025\/06\/FGTS_1749151248851.jpg","contentUrl":"https:\/\/www.em.com.br\/emfoco\/wp-content\/uploads\/2025\/06\/FGTS_1749151248851.jpg","width":1280,"height":720,"caption":"Seguro-desemprego oferece apoio financeiro \u00e0 fam\u00edlia - Cr\u00e9ditos: depositphotos.com \/ moviafilmes"},{"@type":"BreadcrumbList","@id":"https:\/\/www.em.com.br\/emfoco\/2025\/06\/18\/o-guia-mais-completo-sobre-contrato-de-trabalho-e-direitos-garantidos-na-clt\/#breadcrumb","itemListElement":[{"@type":"ListItem","position":1,"name":"In\u00edcio","item":"https:\/\/www.em.com.br\/emfoco\/"},{"@type":"ListItem","position":2,"name":"O guia mais completo sobre contrato de trabalho e direitos garantidos na CLT"}]},{"@type":"WebSite","@id":"https:\/\/www.em.com.br\/emfoco\/#website","url":"https:\/\/www.em.com.br\/emfoco\/","name":"Estado de Minas - Em foco","description":"Acompanhe as \u00faltimas not\u00edcias e fique bem informado sobre tudo o que acontece em Minas Gerais, Brasil e no mundo.","potentialAction":[{"@type":"SearchAction","target":{"@type":"EntryPoint","urlTemplate":"https:\/\/www.em.com.br\/emfoco\/?s={search_term_string}"},"query-input":{"@type":"PropertyValueSpecification","valueRequired":true,"valueName":"search_term_string"}}],"inLanguage":"pt-BR"},{"@type":"Person","@id":"https:\/\/www.em.com.br\/emfoco\/#\/schema\/person\/649e610b4eb8fff87ff394e54fe17b2b","name":"Ingrid Diniz","image":{"@type":"ImageObject","inLanguage":"pt-BR","@id":"https:\/\/www.em.com.br\/emfoco\/#\/schema\/person\/image\/","url":"https:\/\/secure.gravatar.com\/avatar\/a3baa1449ec5c39b4c42babc9d4f3951?s=96&d=mm&r=g","contentUrl":"https:\/\/secure.gravatar.com\/avatar\/a3baa1449ec5c39b4c42babc9d4f3951?s=96&d=mm&r=g","caption":"Ingrid Diniz"},"sameAs":["https:\/\/www.em.com.br\/"],"url":"https:\/\/www.em.com.br\/emfoco\/author\/ingridmyth\/"}]}},"_links":{"self":[{"href":"https:\/\/www.em.com.br\/emfoco\/wp-json\/wp\/v2\/posts\/62750","targetHints":{"allow":["GET"]}}],"collection":[{"href":"https:\/\/www.em.com.br\/emfoco\/wp-json\/wp\/v2\/posts"}],"about":[{"href":"https:\/\/www.em.com.br\/emfoco\/wp-json\/wp\/v2\/types\/post"}],"author":[{"embeddable":true,"href":"https:\/\/www.em.com.br\/emfoco\/wp-json\/wp\/v2\/users\/20"}],"replies":[{"embeddable":true,"href":"https:\/\/www.em.com.br\/emfoco\/wp-json\/wp\/v2\/comments?post=62750"}],"version-history":[{"count":2,"href":"https:\/\/www.em.com.br\/emfoco\/wp-json\/wp\/v2\/posts\/62750\/revisions"}],"predecessor-version":[{"id":62763,"href":"https:\/\/www.em.com.br\/emfoco\/wp-json\/wp\/v2\/posts\/62750\/revisions\/62763"}],"wp:featuredmedia":[{"embeddable":true,"href":"https:\/\/www.em.com.br\/emfoco\/wp-json\/wp\/v2\/media\/56497"}],"wp:attachment":[{"href":"https:\/\/www.em.com.br\/emfoco\/wp-json\/wp\/v2\/media?parent=62750"}],"wp:term":[{"taxonomy":"category","embeddable":true,"href":"https:\/\/www.em.com.br\/emfoco\/wp-json\/wp\/v2\/categories?post=62750"},{"taxonomy":"post_tag","embeddable":true,"href":"https:\/\/www.em.com.br\/emfoco\/wp-json\/wp\/v2\/tags?post=62750"}],"curies":[{"name":"wp","href":"https:\/\/api.w.org\/{rel}","templated":true}]}}