{"id":6243,"date":"2024-12-23T11:20:00","date_gmt":"2024-12-23T14:20:00","guid":{"rendered":"https:\/\/www.em.com.br\/emfoco\/?p=6243"},"modified":"2024-12-22T21:47:19","modified_gmt":"2024-12-23T00:47:19","slug":"o-que-esperar-do-seguro-desemprego-em-2025","status":"publish","type":"post","link":"https:\/\/www.em.com.br\/emfoco\/2024\/12\/23\/o-que-esperar-do-seguro-desemprego-em-2025\/","title":{"rendered":"O que esperar do seguro-desemprego em 2025?"},"content":{"rendered":"\n<p>O seguro-desemprego \u00e9 um aux\u00edlio financeiro concedido pelo <a href=\"https:\/\/www.gov.br\/pt-br\" target=\"_blank\" rel=\"noreferrer noopener\">Governo Federal do Brasil<\/a> para trabalhadores que perderam o emprego em um v\u00ednculo formal. Esse benef\u00edcio \u00e9 crucial para garantir uma sustenta\u00e7\u00e3o econ\u00f4mica enquanto o indiv\u00edduo busca uma nova coloca\u00e7\u00e3o no mercado de trabalho. A quantia recebida varia conforme o tempo de servi\u00e7o e o sal\u00e1rio anterior, atualmente indo de R$ 1.412 a R$ 2.313,74.<\/p>\n\n\n\n<p>No entanto, h\u00e1 uma discuss\u00e3o em curso sobre poss\u00edveis mudan\u00e7as nas regras do seguro-desemprego, previstas para 2025. Essas mudan\u00e7as podem ser parte de uma iniciativa maior de corte de gastos pelo governo, visando adequar as finan\u00e7as p\u00fablicas. \u00c9 importante para os benefici\u00e1rios entender o que pode mudar e como isso pode impactar a <a href=\"https:\/\/www.em.com.br\/emfoco\/2024\/12\/21\/obras-de-asfaltamento-trazem-mais-conforto-e-seguranca-para-motoristas\/\" target=\"_blank\" rel=\"noreferrer noopener\">seguran\u00e7a <\/a>financeira em tempos de desemprego.<\/p>\n\n\n\n<h2 class=\"wp-block-heading\">Como Funciona o Seguro-Desemprego?<\/h2>\n\n\n\n<p>O seguro-desemprego \u00e9 oferecido a trabalhadores que cumpram certos requisitos, como ter recebido sal\u00e1rios de uma pessoa jur\u00eddica ou f\u00edsica equiparada \u00e0 jur\u00eddica. A elegibilidade varia conforme a situa\u00e7\u00e3o do trabalhador:<\/p>\n\n\n\n<ul class=\"wp-block-list\">\n<li>Na primeira solicita\u00e7\u00e3o, \u00e9 necess\u00e1rio ter trabalhado pelo menos 12 meses nos \u00faltimos 18 meses.<\/li>\n\n\n\n<li>Na segunda solicita\u00e7\u00e3o, o crit\u00e9rio \u00e9 ter trabalhado pelo menos 9 meses nos \u00faltimos 12 meses.<\/li>\n\n\n\n<li>Para solicita\u00e7\u00f5es posteriores, o trabalhador deve ter trabalhado por 6 meses antes da dispensa.<\/li>\n<\/ul>\n\n\n<div class=\"wp-block-image\">\n<figure class=\"aligncenter size-large\"><img loading=\"lazy\" decoding=\"async\" width=\"1024\" height=\"576\" src=\"https:\/\/www.em.com.br\/emfoco\/wp-content\/uploads\/2024\/12\/Moeda-Brasileira-_1733628311538-1024x576.jpg\" alt=\"\" class=\"wp-image-3778\" srcset=\"https:\/\/www.em.com.br\/emfoco\/wp-content\/uploads\/2024\/12\/Moeda-Brasileira-_1733628311538-1024x576.jpg 1024w, https:\/\/www.em.com.br\/emfoco\/wp-content\/uploads\/2024\/12\/Moeda-Brasileira-_1733628311538-300x169.jpg 300w, https:\/\/www.em.com.br\/emfoco\/wp-content\/uploads\/2024\/12\/Moeda-Brasileira-_1733628311538-768x432.jpg 768w, https:\/\/www.em.com.br\/emfoco\/wp-content\/uploads\/2024\/12\/Moeda-Brasileira-_1733628311538-750x422.jpg 750w, https:\/\/www.em.com.br\/emfoco\/wp-content\/uploads\/2024\/12\/Moeda-Brasileira-_1733628311538-1140x641.jpg 1140w, https:\/\/www.em.com.br\/emfoco\/wp-content\/uploads\/2024\/12\/Moeda-Brasileira-_1733628311538.jpg 1280w\" sizes=\"auto, (max-width: 1024px) 100vw, 1024px\" \/><figcaption class=\"wp-element-caption\">Dinheiro Brasileiro &#8211; Cr\u00e9ditos: depositphotos.com \/ rafapress<\/figcaption><\/figure><\/div>\n\n\n<p>O benef\u00edcio \u00e9 pago em at\u00e9 cinco parcelas, dependendo do tempo de servi\u00e7o. Al\u00e9m disso, o c\u00e1lculo do valor considera a m\u00e9dia dos tr\u00eas \u00faltimos sal\u00e1rios do empregado.<\/p>\n\n\n\n<h2 class=\"wp-block-heading\">Quais Altera\u00e7\u00f5es Podem Ocorrer no Seguro-Desemprego?<\/h2>\n\n\n\n<p>De acordo com informa\u00e7\u00f5es preliminares, o governo pode tornar as regras para obten\u00e7\u00e3o do seguro-desemprego mais restritivas. Uma das poss\u00edveis mudan\u00e7as seria fornecer o benef\u00edcio apenas para aqueles que recebem at\u00e9 dois sal\u00e1rios m\u00ednimos mensais. Isso representaria um ajuste significativo em rela\u00e7\u00e3o \u00e0s regras atuais, onde o foco principal \u00e9 o hist\u00f3rico de contribui\u00e7\u00e3o ao inv\u00e9s da remunera\u00e7\u00e3o atual.<\/p>\n\n\n\n<p>Essa altera\u00e7\u00e3o visa controlar os gastos governamentais, por\u00e9m, poder\u00e1 impactar diretamente trabalhadores que t\u00eam remunera\u00e7\u00f5es ligeiramente superiores e que atualmente seriam eleg\u00edveis para o aux\u00edlio. At\u00e9 o momento, os detalhes finais dessas mudan\u00e7as n\u00e3o foram formalmente apresentados.<\/p>\n\n\n\n<h2 class=\"wp-block-heading\">Como o Trabalhador Deve se Preparar?<\/h2>\n\n\n\n<p>Os trabalhadores precisam ficar atentos \u00e0s comunica\u00e7\u00f5es oficiais do governo para entender como essas potenciais mudan\u00e7as ser\u00e3o implementadas. \u00c9 altamente recomendado que os benefici\u00e1rios sigam not\u00edcias atualizadas sobre o tema e consultem fontes oficiais para evitar surpresas e entender os seus direitos e obriga\u00e7\u00f5es.<\/p>\n\n\n\n<p>Al\u00e9m disso, dado o cen\u00e1rio de poss\u00edveis ajustes fiscais, procurar estrat\u00e9gias de recoloca\u00e7\u00e3o no mercado de trabalho pode ser uma decis\u00e3o prudente. O planejamento financeiro pessoal tamb\u00e9m pode ajudar a mitigar os impactos de uma mudan\u00e7a inesperada nas regras do seguro-desemprego.<\/p>\n","protected":false},"excerpt":{"rendered":"<p>O seguro-desemprego \u00e9 um aux\u00edlio financeiro concedido pelo Governo Federal do Brasil para trabalhadores que perderam o emprego em um v\u00ednculo formal. Esse benef\u00edcio \u00e9 crucial para garantir uma sustenta\u00e7\u00e3o econ\u00f4mica enquanto o indiv\u00edduo busca uma nova coloca\u00e7\u00e3o no mercado de trabalho. A quantia recebida varia conforme o tempo de servi\u00e7o e o sal\u00e1rio anterior, [&hellip;]<\/p>\n","protected":false},"author":7,"featured_media":6111,"comment_status":"open","ping_status":"open","sticky":false,"template":"","format":"standard","meta":{"jnews-multi-image_gallery":[],"jnews_single_post":{"format":"standard"},"jnews_primary_category":[],"jnews_social_meta":[],"jnews_override_counter":[],"footnotes":""},"categories":[28],"tags":[2318,1833,2320,1832,2319],"class_list":["post-6243","post","type-post","status-publish","format-standard","has-post-thumbnail","hentry","category-economia","tag-beneficio-governo","tag-desemprego","tag-direitos-trabalhistas","tag-seguro-desemprego","tag-trabalhadores-brasileiros"],"yoast_head":"<!-- This site is optimized with the Yoast SEO plugin v23.8 - https:\/\/yoast.com\/wordpress\/plugins\/seo\/ -->\n<title>O que esperar do seguro-desemprego em 2025? - Estado de Minas - Em foco<\/title>\n<meta name=\"description\" content=\"Entenda como funciona o seguro desemprego no Brasil, quem tem direito, e quais s\u00e3o as poss\u00edveis mudan\u00e7as nas regras para obten\u00e7\u00e3o desse benef\u00edcio.\" \/>\n<meta name=\"robots\" content=\"index, follow, max-snippet:-1, max-image-preview:large, max-video-preview:-1\" \/>\n<link rel=\"canonical\" href=\"https:\/\/www.em.com.br\/emfoco\/2024\/12\/23\/o-que-esperar-do-seguro-desemprego-em-2025\/\" \/>\n<meta property=\"og:locale\" content=\"pt_BR\" \/>\n<meta property=\"og:type\" content=\"article\" \/>\n<meta property=\"og:title\" content=\"O que esperar do seguro-desemprego em 2025? - Estado de Minas - Em foco\" \/>\n<meta property=\"og:description\" content=\"Entenda como funciona o seguro desemprego no Brasil, quem tem direito, e quais s\u00e3o as poss\u00edveis mudan\u00e7as nas regras para obten\u00e7\u00e3o desse benef\u00edcio.\" \/>\n<meta property=\"og:url\" content=\"https:\/\/www.em.com.br\/emfoco\/2024\/12\/23\/o-que-esperar-do-seguro-desemprego-em-2025\/\" \/>\n<meta property=\"og:site_name\" content=\"Estado de Minas - Em foco\" \/>\n<meta property=\"article:published_time\" content=\"2024-12-23T14:20:00+00:00\" \/>\n<meta property=\"article:modified_time\" content=\"2024-12-23T00:47:19+00:00\" \/>\n<meta property=\"og:image\" content=\"https:\/\/www.em.com.br\/emfoco\/wp-content\/uploads\/2024\/12\/CLT_1734802341009.jpg\" \/>\n\t<meta property=\"og:image:width\" content=\"1280\" \/>\n\t<meta property=\"og:image:height\" content=\"720\" \/>\n\t<meta property=\"og:image:type\" content=\"image\/jpeg\" \/>\n<meta name=\"author\" content=\"Kelvin\" \/>\n<meta name=\"twitter:card\" content=\"summary_large_image\" \/>\n<meta name=\"twitter:label1\" content=\"Escrito por\" \/>\n\t<meta name=\"twitter:data1\" content=\"Kelvin\" \/>\n\t<meta name=\"twitter:label2\" content=\"Est. tempo de leitura\" \/>\n\t<meta name=\"twitter:data2\" content=\"3 minutos\" \/>\n<!-- \/ Yoast SEO plugin. -->","yoast_head_json":{"title":"O que esperar do seguro-desemprego em 2025? - Estado de Minas - Em foco","description":"Entenda como funciona o seguro desemprego no Brasil, quem tem direito, e quais s\u00e3o as poss\u00edveis mudan\u00e7as nas regras para obten\u00e7\u00e3o desse benef\u00edcio.","robots":{"index":"index","follow":"follow","max-snippet":"max-snippet:-1","max-image-preview":"max-image-preview:large","max-video-preview":"max-video-preview:-1"},"canonical":"https:\/\/www.em.com.br\/emfoco\/2024\/12\/23\/o-que-esperar-do-seguro-desemprego-em-2025\/","og_locale":"pt_BR","og_type":"article","og_title":"O que esperar do seguro-desemprego em 2025? - Estado de Minas - Em foco","og_description":"Entenda como funciona o seguro desemprego no Brasil, quem tem direito, e quais s\u00e3o as poss\u00edveis mudan\u00e7as nas regras para obten\u00e7\u00e3o desse benef\u00edcio.","og_url":"https:\/\/www.em.com.br\/emfoco\/2024\/12\/23\/o-que-esperar-do-seguro-desemprego-em-2025\/","og_site_name":"Estado de Minas - Em foco","article_published_time":"2024-12-23T14:20:00+00:00","article_modified_time":"2024-12-23T00:47:19+00:00","og_image":[{"width":1280,"height":720,"url":"https:\/\/www.em.com.br\/emfoco\/wp-content\/uploads\/2024\/12\/CLT_1734802341009.jpg","type":"image\/jpeg"}],"author":"Kelvin","twitter_card":"summary_large_image","twitter_misc":{"Escrito por":"Kelvin","Est. tempo de leitura":"3 minutos"},"schema":{"@context":"https:\/\/schema.org","@graph":[{"@type":"WebPage","@id":"https:\/\/www.em.com.br\/emfoco\/2024\/12\/23\/o-que-esperar-do-seguro-desemprego-em-2025\/","url":"https:\/\/www.em.com.br\/emfoco\/2024\/12\/23\/o-que-esperar-do-seguro-desemprego-em-2025\/","name":"O que esperar do seguro-desemprego em 2025? - Estado de Minas - Em foco","isPartOf":{"@id":"https:\/\/www.em.com.br\/emfoco\/#website"},"primaryImageOfPage":{"@id":"https:\/\/www.em.com.br\/emfoco\/2024\/12\/23\/o-que-esperar-do-seguro-desemprego-em-2025\/#primaryimage"},"image":{"@id":"https:\/\/www.em.com.br\/emfoco\/2024\/12\/23\/o-que-esperar-do-seguro-desemprego-em-2025\/#primaryimage"},"thumbnailUrl":"https:\/\/www.em.com.br\/emfoco\/wp-content\/uploads\/2024\/12\/CLT_1734802341009.jpg","datePublished":"2024-12-23T14:20:00+00:00","dateModified":"2024-12-23T00:47:19+00:00","author":{"@id":"https:\/\/www.em.com.br\/emfoco\/#\/schema\/person\/fb0a7f48c6fbb94b83f413a80f61917d"},"description":"Entenda como funciona o seguro desemprego no Brasil, quem tem direito, e quais s\u00e3o as poss\u00edveis mudan\u00e7as nas regras para obten\u00e7\u00e3o desse benef\u00edcio.","breadcrumb":{"@id":"https:\/\/www.em.com.br\/emfoco\/2024\/12\/23\/o-que-esperar-do-seguro-desemprego-em-2025\/#breadcrumb"},"inLanguage":"pt-BR","potentialAction":[{"@type":"ReadAction","target":["https:\/\/www.em.com.br\/emfoco\/2024\/12\/23\/o-que-esperar-do-seguro-desemprego-em-2025\/"]}]},{"@type":"ImageObject","inLanguage":"pt-BR","@id":"https:\/\/www.em.com.br\/emfoco\/2024\/12\/23\/o-que-esperar-do-seguro-desemprego-em-2025\/#primaryimage","url":"https:\/\/www.em.com.br\/emfoco\/wp-content\/uploads\/2024\/12\/CLT_1734802341009.jpg","contentUrl":"https:\/\/www.em.com.br\/emfoco\/wp-content\/uploads\/2024\/12\/CLT_1734802341009.jpg","width":1280,"height":720,"caption":"CLT - Cr\u00e9ditos: depositphotos.com \/ rafapress"},{"@type":"BreadcrumbList","@id":"https:\/\/www.em.com.br\/emfoco\/2024\/12\/23\/o-que-esperar-do-seguro-desemprego-em-2025\/#breadcrumb","itemListElement":[{"@type":"ListItem","position":1,"name":"In\u00edcio","item":"https:\/\/www.em.com.br\/emfoco\/"},{"@type":"ListItem","position":2,"name":"O que esperar do seguro-desemprego em 2025?"}]},{"@type":"WebSite","@id":"https:\/\/www.em.com.br\/emfoco\/#website","url":"https:\/\/www.em.com.br\/emfoco\/","name":"Estado de Minas - Em foco","description":"Acompanhe as \u00faltimas not\u00edcias e fique bem informado sobre tudo o que acontece em Minas Gerais, Brasil e no mundo.","potentialAction":[{"@type":"SearchAction","target":{"@type":"EntryPoint","urlTemplate":"https:\/\/www.em.com.br\/emfoco\/?s={search_term_string}"},"query-input":{"@type":"PropertyValueSpecification","valueRequired":true,"valueName":"search_term_string"}}],"inLanguage":"pt-BR"},{"@type":"Person","@id":"https:\/\/www.em.com.br\/emfoco\/#\/schema\/person\/fb0a7f48c6fbb94b83f413a80f61917d","name":"Kelvin","image":{"@type":"ImageObject","inLanguage":"pt-BR","@id":"https:\/\/www.em.com.br\/emfoco\/#\/schema\/person\/image\/","url":"https:\/\/secure.gravatar.com\/avatar\/e74f84337e6bf6c4c5e88fbdffa05270?s=96&d=mm&r=g","contentUrl":"https:\/\/secure.gravatar.com\/avatar\/e74f84337e6bf6c4c5e88fbdffa05270?s=96&d=mm&r=g","caption":"Kelvin"},"sameAs":["https:\/\/www.em.com.br\/emfoco"],"url":"https:\/\/www.em.com.br\/emfoco\/author\/kelvinmyth\/"}]}},"_links":{"self":[{"href":"https:\/\/www.em.com.br\/emfoco\/wp-json\/wp\/v2\/posts\/6243","targetHints":{"allow":["GET"]}}],"collection":[{"href":"https:\/\/www.em.com.br\/emfoco\/wp-json\/wp\/v2\/posts"}],"about":[{"href":"https:\/\/www.em.com.br\/emfoco\/wp-json\/wp\/v2\/types\/post"}],"author":[{"embeddable":true,"href":"https:\/\/www.em.com.br\/emfoco\/wp-json\/wp\/v2\/users\/7"}],"replies":[{"embeddable":true,"href":"https:\/\/www.em.com.br\/emfoco\/wp-json\/wp\/v2\/comments?post=6243"}],"version-history":[{"count":2,"href":"https:\/\/www.em.com.br\/emfoco\/wp-json\/wp\/v2\/posts\/6243\/revisions"}],"predecessor-version":[{"id":6246,"href":"https:\/\/www.em.com.br\/emfoco\/wp-json\/wp\/v2\/posts\/6243\/revisions\/6246"}],"wp:featuredmedia":[{"embeddable":true,"href":"https:\/\/www.em.com.br\/emfoco\/wp-json\/wp\/v2\/media\/6111"}],"wp:attachment":[{"href":"https:\/\/www.em.com.br\/emfoco\/wp-json\/wp\/v2\/media?parent=6243"}],"wp:term":[{"taxonomy":"category","embeddable":true,"href":"https:\/\/www.em.com.br\/emfoco\/wp-json\/wp\/v2\/categories?post=6243"},{"taxonomy":"post_tag","embeddable":true,"href":"https:\/\/www.em.com.br\/emfoco\/wp-json\/wp\/v2\/tags?post=6243"}],"curies":[{"name":"wp","href":"https:\/\/api.w.org\/{rel}","templated":true}]}}