{"id":62350,"date":"2025-06-18T08:00:00","date_gmt":"2025-06-18T11:00:00","guid":{"rendered":"https:\/\/www.em.com.br\/emfoco\/?p=62350"},"modified":"2025-06-18T08:55:58","modified_gmt":"2025-06-18T11:55:58","slug":"o-fenomeno-que-ameaca-internet-energia-e-ate-avioes-no-mundo-todo","status":"publish","type":"post","link":"https:\/\/www.em.com.br\/emfoco\/2025\/06\/18\/o-fenomeno-que-ameaca-internet-energia-e-ate-avioes-no-mundo-todo\/","title":{"rendered":"O fen\u00f4meno que amea\u00e7a internet, energia e at\u00e9 avi\u00f5es no mundo todo"},"content":{"rendered":"\n<p>A tecnologia da Terra est\u00e1 cada vez mais integrada ao cotidiano das pessoas, desde sistemas de comunica\u00e7\u00e3o at\u00e9 infraestrutura cr\u00edtica. No entanto, existe uma preocupa\u00e7\u00e3o crescente em rela\u00e7\u00e3o a amea\u00e7as vindas do espa\u00e7o, conhecidas como amea\u00e7as c\u00f3smicas. Essas amea\u00e7as podem incluir eventos como<a href=\"https:\/\/www.nationalgeographicbrasil.com\/espaco\/2024\/05\/o-que-sao-tempestades-solares\" target=\"_blank\" rel=\"noreferrer noopener\">\u00a0<strong>tempestades solares<\/strong><\/a>,\u00a0<strong>explos\u00f5es de raios gama<\/strong>\u00a0e at\u00e9 mesmo a aproxima\u00e7\u00e3o de\u00a0<strong>asteroides<\/strong>. Cada um desses fen\u00f4menos pode impactar diretamente sat\u00e9lites, redes el\u00e9tricas e sistemas de navega\u00e7\u00e3o, trazendo riscos consider\u00e1veis para a sociedade moderna.<\/p>\n\n\n\n<p>O avan\u00e7o tecnol\u00f3gico trouxe in\u00fameros benef\u00edcios, mas tamb\u00e9m aumentou a depend\u00eancia de sistemas eletr\u00f4nicos e digitais. Isso torna a humanidade mais vulner\u00e1vel a dist\u00farbios causados por fen\u00f4menos espaciais. Entender o que caracteriza uma amea\u00e7a c\u00f3smica \u00e9 fundamental para desenvolver estrat\u00e9gias de prote\u00e7\u00e3o e garantir a continuidade dos servi\u00e7os essenciais. Recentemente, pesquisas em colabora\u00e7\u00e3o com\u00a0<strong>Universidade de S\u00e3o Paulo<\/strong>\u00a0e\u00a0<a href=\"https:\/\/www.em.com.br\/emfoco\/2025\/06\/16\/nasa-testa-motor-que-pode-chegar-a-marte-em-apenas-45-dias-usando-propulsao-de-plasma\/\" target=\"_blank\" rel=\"noreferrer noopener\"><strong>NASA<\/strong>\u00a0<\/a>t\u00eam buscado prever com mais precis\u00e3o o surgimento dessas amea\u00e7as, refor\u00e7ando a import\u00e2ncia do investimento em pesquisa cient\u00edfica voltada \u00e0 prote\u00e7\u00e3o tecnol\u00f3gica.<\/p>\n\n\n\n<h2 class=\"wp-block-heading\">Como tempestades solares podem afetar a infraestrutura tecnol\u00f3gica?<\/h2>\n\n\n\n<p><strong>Tempestades solares<\/strong>, tamb\u00e9m conhecidas como erup\u00e7\u00f5es solares ou eje\u00e7\u00f5es de massa coronal, s\u00e3o eventos em que o&nbsp;<strong>Sol<\/strong>&nbsp;libera grandes quantidades de part\u00edculas carregadas e radia\u00e7\u00e3o. Quando essas part\u00edculas atingem a Terra, podem causar dist\u00farbios no campo magn\u00e9tico do planeta, afetando diretamente sistemas tecnol\u00f3gicos. Sat\u00e9lites de comunica\u00e7\u00e3o,&nbsp;<strong>GPS<\/strong>&nbsp;e redes de energia el\u00e9trica est\u00e3o entre os mais suscet\u00edveis a esses impactos.<\/p>\n\n\n\n<p>Em casos extremos, tempestades solares podem provocar apag\u00f5es em larga escala, danificar transformadores e interromper servi\u00e7os de telecomunica\u00e7\u00e3o. O evento mais conhecido ocorreu em&nbsp;<strong>1859<\/strong>, chamado de&nbsp;<strong>Evento Carrington<\/strong>, quando uma forte tempestade solar causou falhas em sistemas telegr\u00e1ficos. Atualmente, com a depend\u00eancia de tecnologias digitais, os efeitos de uma tempestade semelhante seriam ainda mais amplos. Al\u00e9m disso, relatos recentes apontam que tempestades moderadas j\u00e1 causaram interrup\u00e7\u00f5es tempor\u00e1rias em voos internacionais e em redes el\u00e9tricas na regi\u00e3o do&nbsp;<strong>Canad\u00e1<\/strong>.<\/p>\n\n\n\n<h2 class=\"wp-block-heading\">Quais tecnologias terrestres s\u00e3o mais vulner\u00e1veis a amea\u00e7as c\u00f3smicas?<\/h2>\n\n\n\n<p>A palavra-chave &#8220;tecnologia da Terra&#8221; abrange uma variedade de sistemas que dependem de eletricidade, comunica\u00e7\u00e3o e precis\u00e3o. Entre as tecnologias mais vulner\u00e1veis est\u00e3o:<\/p>\n\n\n\n<ul class=\"wp-block-list\">\n<li><strong>Sat\u00e9lites<\/strong>: Utilizados para comunica\u00e7\u00e3o, meteorologia, navega\u00e7\u00e3o e monitoramento ambiental, podem ser danificados por radia\u00e7\u00e3o c\u00f3smica e part\u00edculas solares.<\/li>\n\n\n\n<li><strong>Redes el\u00e9tricas<\/strong>: Sistemas de transmiss\u00e3o de energia podem sofrer sobrecargas e falhas devido a correntes induzidas por tempestades geomagn\u00e9ticas.<\/li>\n\n\n\n<li><strong>Equipamentos de avia\u00e7\u00e3o<\/strong>: Aeronaves que voam em altas altitudes podem ter seus sistemas de navega\u00e7\u00e3o e comunica\u00e7\u00e3o afetados.<\/li>\n\n\n\n<li>Infraestrutura de telecomunica\u00e7\u00f5es: Cabos submarinos e esta\u00e7\u00f5es terrestres podem ser impactados por descargas eletromagn\u00e9ticas.<\/li>\n<\/ul>\n\n\n\n<figure class=\"wp-block-image\"><img decoding=\"async\" src=\"https:\/\/www.em.com.br\/emfoco\/wp-content\/uploads\/2025\/05\/tempestade-solar_1747494281610-1024x576.jpg\" alt=\"\"\/><figcaption class=\"wp-element-caption\">Tempestade solar &#8211; Cr\u00e9ditos: depositphotos.com \/ Skorzewiak<\/figcaption><\/figure>\n\n\n\n<p>Al\u00e9m disso, sistemas de monitoramento clim\u00e1tico e sensores cient\u00edficos tamb\u00e9m est\u00e3o expostos a riscos provenientes do espa\u00e7o, o que pode comprometer a coleta de dados essenciais para a pesquisa e a tomada de decis\u00f5es. Empresas como&nbsp;<strong>SpaceX<\/strong>&nbsp;e&nbsp;<strong>Amazon<\/strong>, respons\u00e1veis por grandes constela\u00e7\u00f5es de sat\u00e9lites, tamb\u00e9m v\u00eam desenvolvendo tecnologias espec\u00edficas para aumentar a resili\u00eancia desses dispositivos em situa\u00e7\u00f5es cr\u00edticas.<\/p>\n\n\n\n<h2 class=\"wp-block-heading\">Quais s\u00e3o as principais estrat\u00e9gias para proteger a tecnologia da Terra de amea\u00e7as c\u00f3smicas?<\/h2>\n\n\n\n<p>A prote\u00e7\u00e3o da tecnologia terrestre contra amea\u00e7as c\u00f3smicas envolve uma combina\u00e7\u00e3o de monitoramento, preven\u00e7\u00e3o e resposta r\u00e1pida. Entre as principais estrat\u00e9gias adotadas est\u00e3o:<\/p>\n\n\n\n<ol class=\"wp-block-list\">\n<li><strong>Monitoramento espacial<\/strong>: Ag\u00eancias como a\u00a0<strong>NASA<\/strong>\u00a0e a\u00a0<strong>ESA<\/strong>\u00a0mant\u00eam observat\u00f3rios para detectar tempestades solares e outros fen\u00f4menos c\u00f3smicos em tempo real.<\/li>\n\n\n\n<li>Desenvolvimento de sistemas de alerta: Alertas antecipados permitem que operadores de redes el\u00e9tricas e sat\u00e9lites tomem medidas preventivas, como desligar equipamentos sens\u00edveis.<\/li>\n\n\n\n<li>Blindagem de equipamentos: Sat\u00e9lites e sistemas cr\u00edticos podem ser protegidos com materiais que reduzem o impacto da radia\u00e7\u00e3o c\u00f3smica.<\/li>\n\n\n\n<li>Redund\u00e2ncia de sistemas: A cria\u00e7\u00e3o de redes alternativas e backups garante a continuidade dos servi\u00e7os em caso de falhas.<\/li>\n<\/ol>\n\n\n\n<p>Essas a\u00e7\u00f5es, quando implementadas de forma coordenada, ajudam a minimizar os danos e a garantir a resili\u00eancia das infraestruturas tecnol\u00f3gicas diante de eventos espaciais.&nbsp;<strong>China<\/strong>&nbsp;e&nbsp;<strong>Uni\u00e3o Europeia<\/strong>&nbsp;tamb\u00e9m t\u00eam investido em sistemas regionais de observa\u00e7\u00e3o e protocolos pr\u00f3prios para responder rapidamente aos alertas emitidos por seus centros de monitoramento.<\/p>\n\n\n\n<h2 class=\"wp-block-heading\">Como a pesquisa cient\u00edfica ajuda a mitigar riscos c\u00f3smicos?<\/h2>\n\n\n\n<p>A pesquisa cient\u00edfica desempenha um papel fundamental na compreens\u00e3o dos riscos associados a amea\u00e7as c\u00f3smicas. Por meio de estudos sobre o comportamento do&nbsp;<strong>Sol<\/strong>, o monitoramento de&nbsp;<strong>asteroides<\/strong>&nbsp;e a an\u00e1lise de part\u00edculas c\u00f3smicas, cientistas conseguem prever eventos potencialmente perigosos com maior precis\u00e3o. Essa antecipa\u00e7\u00e3o \u00e9 essencial para o desenvolvimento de tecnologias de prote\u00e7\u00e3o e para a elabora\u00e7\u00e3o de protocolos de resposta.<\/p>\n\n\n\n<p>Al\u00e9m disso, a colabora\u00e7\u00e3o internacional entre centros de pesquisa, universidades e ag\u00eancias espaciais permite o compartilhamento de informa\u00e7\u00f5es e o aprimoramento das estrat\u00e9gias de defesa. Investimentos em inova\u00e7\u00e3o tecnol\u00f3gica tamb\u00e9m resultam em sistemas mais robustos e menos suscet\u00edveis a falhas causadas por fen\u00f4menos do espa\u00e7o. Projetos com participa\u00e7\u00e3o ativa de institui\u00e7\u00f5es como&nbsp;<strong>Instituto Nacional de Pesquisas Espaciais<\/strong>,&nbsp;<strong>Universidade de Oxford<\/strong>&nbsp;e&nbsp;<strong>Ag\u00eancia Espacial Europeia<\/strong>&nbsp;exemplificam como o conhecimento coletivo pode fortalecer a preven\u00e7\u00e3o e o enfrentamento dos riscos c\u00f3smicos.<\/p>\n\n\n\n<h2 class=\"wp-block-heading\">Quais s\u00e3o os desafios futuros para proteger a tecnologia da Terra de amea\u00e7as c\u00f3smicas?<\/h2>\n\n\n\n<p>Com o crescimento da depend\u00eancia de sistemas digitais e a expans\u00e3o da&nbsp;<strong>internet das coisas<\/strong>, os desafios para proteger a tecnologia da Terra tendem a aumentar nos pr\u00f3ximos anos. O aumento do n\u00famero de sat\u00e9lites em \u00f3rbita, a interconex\u00e3o global de redes el\u00e9tricas e a automa\u00e7\u00e3o de processos industriais ampliam a superf\u00edcie de exposi\u00e7\u00e3o a riscos c\u00f3smicos.<\/p>\n\n\n\n<p>Entre os principais desafios est\u00e3o a necessidade de atualiza\u00e7\u00e3o constante dos sistemas de monitoramento, o desenvolvimento de materiais mais resistentes \u00e0 radia\u00e7\u00e3o e a cria\u00e7\u00e3o de protocolos internacionais de resposta r\u00e1pida. A educa\u00e7\u00e3o e a conscientiza\u00e7\u00e3o sobre os riscos espaciais tamb\u00e9m s\u00e3o aspectos importantes para garantir que governos, empresas e a sociedade estejam preparados para lidar com poss\u00edveis eventos. Dados recentes da&nbsp;<strong>Ag\u00eancia Espacial Brasileira<\/strong>&nbsp;destacam ainda a import\u00e2ncia de envolver o setor privado nessas a\u00e7\u00f5es para ampliar o alcance das estrat\u00e9gias de prote\u00e7\u00e3o.<\/p>\n\n\n\n<p>Diante desse cen\u00e1rio, a busca por solu\u00e7\u00f5es inovadoras e a coopera\u00e7\u00e3o global permanecem essenciais para preservar a seguran\u00e7a e a funcionalidade das tecnologias que sustentam a vida moderna na Terra.<\/p>\n","protected":false},"excerpt":{"rendered":"<p>A tecnologia da Terra est\u00e1 cada vez mais integrada ao cotidiano das pessoas, desde sistemas de comunica\u00e7\u00e3o at\u00e9 infraestrutura cr\u00edtica. No entanto, existe uma preocupa\u00e7\u00e3o crescente em rela\u00e7\u00e3o a amea\u00e7as vindas do espa\u00e7o, conhecidas como amea\u00e7as c\u00f3smicas. Essas amea\u00e7as podem incluir eventos como\u00a0tempestades solares,\u00a0explos\u00f5es de raios gama\u00a0e at\u00e9 mesmo a aproxima\u00e7\u00e3o de\u00a0asteroides. Cada um desses [&hellip;]<\/p>\n","protected":false},"author":11,"featured_media":57419,"comment_status":"open","ping_status":"open","sticky":false,"template":"","format":"standard","meta":{"jnews-multi-image_gallery":[],"jnews_single_post":{"format":"standard"},"jnews_primary_category":[],"jnews_social_meta":[],"jnews_override_counter":[],"footnotes":""},"categories":[8819,1],"tags":[10607,868,952],"class_list":["post-62350","post","type-post","status-publish","format-standard","has-post-thumbnail","hentry","category-curiosidades","category-noticias","tag-avioes","tag-energia","tag-internet"],"yoast_head":"<!-- This site is optimized with the Yoast SEO plugin v23.8 - https:\/\/yoast.com\/wordpress\/plugins\/seo\/ -->\n<title>O fen\u00f4meno que amea\u00e7a internet, energia e at\u00e9 avi\u00f5es no mundo todo - Estado de Minas - Em foco<\/title>\n<meta name=\"description\" content=\"O maior risco espacial dos \u00faltimos anos amea\u00e7a a tecnologia do planeta. Entenda o que est\u00e1 acontecendo e como isso te afeta.\" \/>\n<meta name=\"robots\" content=\"index, follow, max-snippet:-1, max-image-preview:large, max-video-preview:-1\" \/>\n<link rel=\"canonical\" href=\"https:\/\/www.em.com.br\/emfoco\/2025\/06\/18\/o-fenomeno-que-ameaca-internet-energia-e-ate-avioes-no-mundo-todo\/\" \/>\n<meta property=\"og:locale\" content=\"pt_BR\" \/>\n<meta property=\"og:type\" content=\"article\" \/>\n<meta property=\"og:title\" content=\"O fen\u00f4meno que amea\u00e7a internet, energia e at\u00e9 avi\u00f5es no mundo todo - Estado de Minas - Em foco\" \/>\n<meta property=\"og:description\" content=\"O maior risco espacial dos \u00faltimos anos amea\u00e7a a tecnologia do planeta. Entenda o que est\u00e1 acontecendo e como isso te afeta.\" \/>\n<meta property=\"og:url\" content=\"https:\/\/www.em.com.br\/emfoco\/2025\/06\/18\/o-fenomeno-que-ameaca-internet-energia-e-ate-avioes-no-mundo-todo\/\" \/>\n<meta property=\"og:site_name\" content=\"Estado de Minas - Em foco\" \/>\n<meta property=\"article:published_time\" content=\"2025-06-18T11:00:00+00:00\" \/>\n<meta property=\"article:modified_time\" content=\"2025-06-18T11:55:58+00:00\" \/>\n<meta property=\"og:image\" content=\"https:\/\/www.em.com.br\/emfoco\/wp-content\/uploads\/2025\/06\/rede-Wi-Fi_1749333524927.jpg\" \/>\n\t<meta property=\"og:image:width\" content=\"1280\" \/>\n\t<meta property=\"og:image:height\" content=\"720\" \/>\n\t<meta property=\"og:image:type\" content=\"image\/jpeg\" \/>\n<meta name=\"author\" content=\"Andre\u0301 Rangel\u00a0\" \/>\n<meta name=\"twitter:card\" content=\"summary_large_image\" \/>\n<meta name=\"twitter:label1\" content=\"Escrito por\" \/>\n\t<meta name=\"twitter:data1\" content=\"Andre\u0301 Rangel\u00a0\" \/>\n\t<meta name=\"twitter:label2\" content=\"Est. tempo de leitura\" \/>\n\t<meta name=\"twitter:data2\" content=\"6 minutos\" \/>\n<!-- \/ Yoast SEO plugin. -->","yoast_head_json":{"title":"O fen\u00f4meno que amea\u00e7a internet, energia e at\u00e9 avi\u00f5es no mundo todo - Estado de Minas - Em foco","description":"O maior risco espacial dos \u00faltimos anos amea\u00e7a a tecnologia do planeta. Entenda o que est\u00e1 acontecendo e como isso te afeta.","robots":{"index":"index","follow":"follow","max-snippet":"max-snippet:-1","max-image-preview":"max-image-preview:large","max-video-preview":"max-video-preview:-1"},"canonical":"https:\/\/www.em.com.br\/emfoco\/2025\/06\/18\/o-fenomeno-que-ameaca-internet-energia-e-ate-avioes-no-mundo-todo\/","og_locale":"pt_BR","og_type":"article","og_title":"O fen\u00f4meno que amea\u00e7a internet, energia e at\u00e9 avi\u00f5es no mundo todo - Estado de Minas - Em foco","og_description":"O maior risco espacial dos \u00faltimos anos amea\u00e7a a tecnologia do planeta. Entenda o que est\u00e1 acontecendo e como isso te afeta.","og_url":"https:\/\/www.em.com.br\/emfoco\/2025\/06\/18\/o-fenomeno-que-ameaca-internet-energia-e-ate-avioes-no-mundo-todo\/","og_site_name":"Estado de Minas - Em foco","article_published_time":"2025-06-18T11:00:00+00:00","article_modified_time":"2025-06-18T11:55:58+00:00","og_image":[{"width":1280,"height":720,"url":"https:\/\/www.em.com.br\/emfoco\/wp-content\/uploads\/2025\/06\/rede-Wi-Fi_1749333524927.jpg","type":"image\/jpeg"}],"author":"Andre\u0301 Rangel\u00a0","twitter_card":"summary_large_image","twitter_misc":{"Escrito por":"Andre\u0301 Rangel\u00a0","Est. tempo de leitura":"6 minutos"},"schema":{"@context":"https:\/\/schema.org","@graph":[{"@type":"WebPage","@id":"https:\/\/www.em.com.br\/emfoco\/2025\/06\/18\/o-fenomeno-que-ameaca-internet-energia-e-ate-avioes-no-mundo-todo\/","url":"https:\/\/www.em.com.br\/emfoco\/2025\/06\/18\/o-fenomeno-que-ameaca-internet-energia-e-ate-avioes-no-mundo-todo\/","name":"O fen\u00f4meno que amea\u00e7a internet, energia e at\u00e9 avi\u00f5es no mundo todo - Estado de Minas - Em foco","isPartOf":{"@id":"https:\/\/www.em.com.br\/emfoco\/#website"},"primaryImageOfPage":{"@id":"https:\/\/www.em.com.br\/emfoco\/2025\/06\/18\/o-fenomeno-que-ameaca-internet-energia-e-ate-avioes-no-mundo-todo\/#primaryimage"},"image":{"@id":"https:\/\/www.em.com.br\/emfoco\/2025\/06\/18\/o-fenomeno-que-ameaca-internet-energia-e-ate-avioes-no-mundo-todo\/#primaryimage"},"thumbnailUrl":"https:\/\/www.em.com.br\/emfoco\/wp-content\/uploads\/2025\/06\/rede-Wi-Fi_1749333524927.jpg","datePublished":"2025-06-18T11:00:00+00:00","dateModified":"2025-06-18T11:55:58+00:00","author":{"@id":"https:\/\/www.em.com.br\/emfoco\/#\/schema\/person\/60eda09c1fedf0d6891f4cef4b60b8b8"},"description":"O maior risco espacial dos \u00faltimos anos amea\u00e7a a tecnologia do planeta. Entenda o que est\u00e1 acontecendo e como isso te afeta.","breadcrumb":{"@id":"https:\/\/www.em.com.br\/emfoco\/2025\/06\/18\/o-fenomeno-que-ameaca-internet-energia-e-ate-avioes-no-mundo-todo\/#breadcrumb"},"inLanguage":"pt-BR","potentialAction":[{"@type":"ReadAction","target":["https:\/\/www.em.com.br\/emfoco\/2025\/06\/18\/o-fenomeno-que-ameaca-internet-energia-e-ate-avioes-no-mundo-todo\/"]}]},{"@type":"ImageObject","inLanguage":"pt-BR","@id":"https:\/\/www.em.com.br\/emfoco\/2025\/06\/18\/o-fenomeno-que-ameaca-internet-energia-e-ate-avioes-no-mundo-todo\/#primaryimage","url":"https:\/\/www.em.com.br\/emfoco\/wp-content\/uploads\/2025\/06\/rede-Wi-Fi_1749333524927.jpg","contentUrl":"https:\/\/www.em.com.br\/emfoco\/wp-content\/uploads\/2025\/06\/rede-Wi-Fi_1749333524927.jpg","width":1280,"height":720,"caption":"Melhor forma de turbinar o WiFi em casa sem gastar - Cr\u00e9ditos: depositphotos.com \/ IgorVetushko"},{"@type":"BreadcrumbList","@id":"https:\/\/www.em.com.br\/emfoco\/2025\/06\/18\/o-fenomeno-que-ameaca-internet-energia-e-ate-avioes-no-mundo-todo\/#breadcrumb","itemListElement":[{"@type":"ListItem","position":1,"name":"In\u00edcio","item":"https:\/\/www.em.com.br\/emfoco\/"},{"@type":"ListItem","position":2,"name":"O fen\u00f4meno que amea\u00e7a internet, energia e at\u00e9 avi\u00f5es no mundo todo"}]},{"@type":"WebSite","@id":"https:\/\/www.em.com.br\/emfoco\/#website","url":"https:\/\/www.em.com.br\/emfoco\/","name":"Estado de Minas - Em foco","description":"Acompanhe as \u00faltimas not\u00edcias e fique bem informado sobre tudo o que acontece em Minas Gerais, Brasil e no mundo.","potentialAction":[{"@type":"SearchAction","target":{"@type":"EntryPoint","urlTemplate":"https:\/\/www.em.com.br\/emfoco\/?s={search_term_string}"},"query-input":{"@type":"PropertyValueSpecification","valueRequired":true,"valueName":"search_term_string"}}],"inLanguage":"pt-BR"},{"@type":"Person","@id":"https:\/\/www.em.com.br\/emfoco\/#\/schema\/person\/60eda09c1fedf0d6891f4cef4b60b8b8","name":"Andre\u0301 Rangel\u00a0","image":{"@type":"ImageObject","inLanguage":"pt-BR","@id":"https:\/\/www.em.com.br\/emfoco\/#\/schema\/person\/image\/","url":"https:\/\/secure.gravatar.com\/avatar\/6234dc814c77c8ef6d8bba622c787efc?s=96&d=mm&r=g","contentUrl":"https:\/\/secure.gravatar.com\/avatar\/6234dc814c77c8ef6d8bba622c787efc?s=96&d=mm&r=g","caption":"Andre\u0301 Rangel\u00a0"},"url":"https:\/\/www.em.com.br\/emfoco\/author\/luizmyth\/"}]}},"_links":{"self":[{"href":"https:\/\/www.em.com.br\/emfoco\/wp-json\/wp\/v2\/posts\/62350","targetHints":{"allow":["GET"]}}],"collection":[{"href":"https:\/\/www.em.com.br\/emfoco\/wp-json\/wp\/v2\/posts"}],"about":[{"href":"https:\/\/www.em.com.br\/emfoco\/wp-json\/wp\/v2\/types\/post"}],"author":[{"embeddable":true,"href":"https:\/\/www.em.com.br\/emfoco\/wp-json\/wp\/v2\/users\/11"}],"replies":[{"embeddable":true,"href":"https:\/\/www.em.com.br\/emfoco\/wp-json\/wp\/v2\/comments?post=62350"}],"version-history":[{"count":3,"href":"https:\/\/www.em.com.br\/emfoco\/wp-json\/wp\/v2\/posts\/62350\/revisions"}],"predecessor-version":[{"id":62495,"href":"https:\/\/www.em.com.br\/emfoco\/wp-json\/wp\/v2\/posts\/62350\/revisions\/62495"}],"wp:featuredmedia":[{"embeddable":true,"href":"https:\/\/www.em.com.br\/emfoco\/wp-json\/wp\/v2\/media\/57419"}],"wp:attachment":[{"href":"https:\/\/www.em.com.br\/emfoco\/wp-json\/wp\/v2\/media?parent=62350"}],"wp:term":[{"taxonomy":"category","embeddable":true,"href":"https:\/\/www.em.com.br\/emfoco\/wp-json\/wp\/v2\/categories?post=62350"},{"taxonomy":"post_tag","embeddable":true,"href":"https:\/\/www.em.com.br\/emfoco\/wp-json\/wp\/v2\/tags?post=62350"}],"curies":[{"name":"wp","href":"https:\/\/api.w.org\/{rel}","templated":true}]}}