{"id":6230,"date":"2024-12-23T09:20:00","date_gmt":"2024-12-23T12:20:00","guid":{"rendered":"https:\/\/www.em.com.br\/emfoco\/?p=6230"},"modified":"2024-12-22T21:34:08","modified_gmt":"2024-12-23T00:34:08","slug":"seguro-desemprego-em-2025-o-que-muda-no-seu-bolso","status":"publish","type":"post","link":"https:\/\/www.em.com.br\/emfoco\/2024\/12\/23\/seguro-desemprego-em-2025-o-que-muda-no-seu-bolso\/","title":{"rendered":"Seguro-desemprego em 2025: o que muda no seu bolso?"},"content":{"rendered":"\n<p>O seguro-desemprego \u00e9 um benef\u00edcio garantido pelo <a href=\"https:\/\/www.gov.br\/pt-br\" target=\"_blank\" rel=\"noreferrer noopener\">Governo Federal brasileiro<\/a> aos trabalhadores formais que perderam o emprego sem justa causa. Com valores de at\u00e9 R$ 2.313,74, o programa busca oferecer suporte financeiro tempor\u00e1rio a esses cidad\u00e3os, possibilitando que tenham uma seguran\u00e7a financeira enquanto buscam novas oportunidades de trabalho.<\/p>\n\n\n\n<p>Entretanto, mudan\u00e7as significativas podem ocorrer a partir de 2025. O <a href=\"https:\/\/www.em.com.br\/emfoco\/2024\/12\/18\/promessa-cumprida-o-governo-garante-aumento-do-salario-minimo-confira\/\" target=\"_blank\" rel=\"noreferrer noopener\">Governo <\/a>Federal, em meio a pol\u00edticas de ajustes fiscais e cortes de gastos, est\u00e1 analisando altera\u00e7\u00f5es que podem impactar o acesso e o montante do benef\u00edcio. As propostas de mudan\u00e7a j\u00e1 est\u00e3o sendo discutidas e dever\u00e3o ser detalhadas em breve.<\/p>\n\n\n\n<h2 class=\"wp-block-heading\">Regras Vigentes do Seguro-Desemprego<\/h2>\n\n\n\n<p>Atualmente, para receber o seguro-desemprego, \u00e9 necess\u00e1rio atender a uma s\u00e9rie de crit\u00e9rios. O trabalhador deve ter sido dispensado sem justa causa e deve ter trabalhado por um per\u00edodo m\u00ednimo que varia conforme o n\u00famero de solicita\u00e7\u00f5es j\u00e1 realizadas, isto \u00e9, pelo menos 12 meses nos \u00faltimos 18 para a primeira solicita\u00e7\u00e3o, 9 meses nos \u00faltimos 12 para a segunda, ou 6 meses para as solicita\u00e7\u00f5es subsequentes.<\/p>\n\n\n\n<p>O valor do benef\u00edcio varia de R$ 1.412 a R$ 2.313,74 e \u00e9 pago em at\u00e9 cinco parcelas, dependendo do tempo de servi\u00e7o do trabalhador. Este aux\u00edlio \u00e9 fundamental para os trabalhadores que, ap\u00f3s perderem o emprego, necessitam de um suporte financeiro at\u00e9 conseguirem uma nova coloca\u00e7\u00e3o no mercado de trabalho.<\/p>\n\n\n\n<h2 class=\"wp-block-heading\">Quais Mudan\u00e7as Podem Ser Esperadas em 2025?<\/h2>\n\n\n\n<p>De acordo com an\u00e1lises e declara\u00e7\u00f5es de especialistas, como Lila Cunha, mudan\u00e7as nas regras do seguro-desemprego s\u00e3o esperadas. Entre as poss\u00edveis altera\u00e7\u00f5es est\u00e1 a restri\u00e7\u00e3o do benef\u00edcio para aqueles que recebiam uma remunera\u00e7\u00e3o mensal de at\u00e9 dois sal\u00e1rios m\u00ednimos, o que poderia limitar ainda mais o acesso ao benef\u00edcio para alguns trabalhadores.<\/p>\n\n\n<div class=\"wp-block-image\">\n<figure class=\"aligncenter size-large\"><img loading=\"lazy\" decoding=\"async\" width=\"1024\" height=\"576\" src=\"https:\/\/www.em.com.br\/emfoco\/wp-content\/uploads\/2024\/11\/Carteira-de-trabalho_1732808400368-1024x576.jpg\" alt=\"\" class=\"wp-image-1929\" srcset=\"https:\/\/www.em.com.br\/emfoco\/wp-content\/uploads\/2024\/11\/Carteira-de-trabalho_1732808400368-1024x576.jpg 1024w, https:\/\/www.em.com.br\/emfoco\/wp-content\/uploads\/2024\/11\/Carteira-de-trabalho_1732808400368-300x169.jpg 300w, https:\/\/www.em.com.br\/emfoco\/wp-content\/uploads\/2024\/11\/Carteira-de-trabalho_1732808400368-768x432.jpg 768w, https:\/\/www.em.com.br\/emfoco\/wp-content\/uploads\/2024\/11\/Carteira-de-trabalho_1732808400368-750x422.jpg 750w, https:\/\/www.em.com.br\/emfoco\/wp-content\/uploads\/2024\/11\/Carteira-de-trabalho_1732808400368-1140x641.jpg 1140w, https:\/\/www.em.com.br\/emfoco\/wp-content\/uploads\/2024\/11\/Carteira-de-trabalho_1732808400368.jpg 1280w\" sizes=\"auto, (max-width: 1024px) 100vw, 1024px\" \/><figcaption class=\"wp-element-caption\">Carteira de Trabalho &#8211; Cr\u00e9ditos: depositphotos.com \/ rafapress<\/figcaption><\/figure><\/div>\n\n\n<p>Tais decis\u00f5es estariam alinhadas a um poss\u00edvel pacote de corte de gastos, que visa equilibrar as contas p\u00fablicas. As altera\u00e7\u00f5es exatas ainda est\u00e3o em fase de estudos, mas devem ser divulgadas nas pr\u00f3ximas semanas, trazendo um novo cen\u00e1rio para o benef\u00edcio a partir de 2025.<\/p>\n\n\n\n<h2 class=\"wp-block-heading\">Impacto das Mudan\u00e7as para os Trabalhadores<\/h2>\n\n\n\n<p>As poss\u00edveis restri\u00e7\u00f5es no seguro-desemprego poder\u00e3o impactar diretamente os trabalhadores brasileiros, especialmente os que possuem sal\u00e1rios um pouco acima do piso estabelecido para elegibilidade ao benef\u00edcio. Isso poder\u00e1 aumentar a vulnerabilidade financeira em per\u00edodos de desemprego, for\u00e7ando esses trabalhadores a buscarem fontes alternativas de renda.<\/p>\n\n\n\n<p>A proposta de mudan\u00e7a no seguro-desemprego deve levar em considera\u00e7\u00e3o n\u00e3o apenas a necessidade de corte de gastos, mas tamb\u00e9m o impacto social e econ\u00f4mico dessas altera\u00e7\u00f5es. A expectativa \u00e9 que o governo avalie cuidadosamente todas as repercuss\u00f5es antes de implementar novas regras.<\/p>\n\n\n\n<h2 class=\"wp-block-heading\">Agendas Futuros e Considera\u00e7\u00f5es<\/h2>\n\n\n\n<p>O contexto atual e futuro do seguro-desemprego no Brasil requer aten\u00e7\u00e3o dos empregadores e trabalhadores. Estar informado sobre as mudan\u00e7as e novos crit\u00e9rios pode ajudar na prepara\u00e7\u00e3o financeira. Al\u00e9m disso, a sociedade aguarda que o governo comunique de maneira clara e transparente todas as poss\u00edveis altera\u00e7\u00f5es.<\/p>\n\n\n\n<p>Com o an\u00fancio oficial das modifica\u00e7\u00f5es previsto para as pr\u00f3ximas semanas, \u00e9 essencial que os trabalhadores acompanhem de perto as not\u00edcias para entenderem como essas mudan\u00e7as poder\u00e3o afetar sua realidade. A comunica\u00e7\u00e3o clara e aberta ser\u00e1 crucial para implementar ajustes necess\u00e1rios e ainda assim, atender \u00e0s necessidades dos cidad\u00e3os.<\/p>\n","protected":false},"excerpt":{"rendered":"<p>O seguro-desemprego \u00e9 um benef\u00edcio garantido pelo Governo Federal brasileiro aos trabalhadores formais que perderam o emprego sem justa causa. Com valores de at\u00e9 R$ 2.313,74, o programa busca oferecer suporte financeiro tempor\u00e1rio a esses cidad\u00e3os, possibilitando que tenham uma seguran\u00e7a financeira enquanto buscam novas oportunidades de trabalho. Entretanto, mudan\u00e7as significativas podem ocorrer a partir [&hellip;]<\/p>\n","protected":false},"author":7,"featured_media":2995,"comment_status":"open","ping_status":"open","sticky":false,"template":"","format":"standard","meta":{"jnews-multi-image_gallery":[],"jnews_single_post":{"format":"standard"},"jnews_primary_category":[],"jnews_social_meta":[],"jnews_override_counter":[],"footnotes":""},"categories":[28],"tags":[259,1833,165,2313,1832],"class_list":["post-6230","post","type-post","status-publish","format-standard","has-post-thumbnail","hentry","category-economia","tag-beneficio","tag-desemprego","tag-governo-brasileiro","tag-politicas-fiscais","tag-seguro-desemprego"],"yoast_head":"<!-- This site is optimized with the Yoast SEO plugin v23.8 - https:\/\/yoast.com\/wordpress\/plugins\/seo\/ -->\n<title>Seguro-desemprego em 2025: o que muda no seu bolso? - Estado de Minas - Em foco<\/title>\n<meta name=\"description\" content=\"O seguro-desemprego \u00e9 um benef\u00edcio garantido pelo Governo Federal brasileiro que pode sofrer altera\u00e7\u00f5es significativas em 2025 devido a cortes or\u00e7amentais. Conhe\u00e7a as regras atuais e as mudan\u00e7as esperadas.\" \/>\n<meta name=\"robots\" content=\"index, follow, max-snippet:-1, max-image-preview:large, max-video-preview:-1\" \/>\n<link rel=\"canonical\" href=\"https:\/\/www.em.com.br\/emfoco\/2024\/12\/23\/seguro-desemprego-em-2025-o-que-muda-no-seu-bolso\/\" \/>\n<meta property=\"og:locale\" content=\"pt_BR\" \/>\n<meta property=\"og:type\" content=\"article\" \/>\n<meta property=\"og:title\" content=\"Seguro-desemprego em 2025: o que muda no seu bolso? - Estado de Minas - Em foco\" \/>\n<meta property=\"og:description\" content=\"O seguro-desemprego \u00e9 um benef\u00edcio garantido pelo Governo Federal brasileiro que pode sofrer altera\u00e7\u00f5es significativas em 2025 devido a cortes or\u00e7amentais. Conhe\u00e7a as regras atuais e as mudan\u00e7as esperadas.\" \/>\n<meta property=\"og:url\" content=\"https:\/\/www.em.com.br\/emfoco\/2024\/12\/23\/seguro-desemprego-em-2025-o-que-muda-no-seu-bolso\/\" \/>\n<meta property=\"og:site_name\" content=\"Estado de Minas - Em foco\" \/>\n<meta property=\"article:published_time\" content=\"2024-12-23T12:20:00+00:00\" \/>\n<meta property=\"article:modified_time\" content=\"2024-12-23T00:34:08+00:00\" \/>\n<meta property=\"og:image\" content=\"https:\/\/www.em.com.br\/emfoco\/wp-content\/uploads\/2024\/12\/proteger-dinheiro_1733244772310.jpg\" \/>\n\t<meta property=\"og:image:width\" content=\"1280\" \/>\n\t<meta property=\"og:image:height\" content=\"720\" \/>\n\t<meta property=\"og:image:type\" content=\"image\/jpeg\" \/>\n<meta name=\"author\" content=\"Kelvin\" \/>\n<meta name=\"twitter:card\" content=\"summary_large_image\" \/>\n<meta name=\"twitter:label1\" content=\"Escrito por\" \/>\n\t<meta name=\"twitter:data1\" content=\"Kelvin\" \/>\n\t<meta name=\"twitter:label2\" content=\"Est. tempo de leitura\" \/>\n\t<meta name=\"twitter:data2\" content=\"4 minutos\" \/>\n<!-- \/ Yoast SEO plugin. -->","yoast_head_json":{"title":"Seguro-desemprego em 2025: o que muda no seu bolso? - Estado de Minas - Em foco","description":"O seguro-desemprego \u00e9 um benef\u00edcio garantido pelo Governo Federal brasileiro que pode sofrer altera\u00e7\u00f5es significativas em 2025 devido a cortes or\u00e7amentais. Conhe\u00e7a as regras atuais e as mudan\u00e7as esperadas.","robots":{"index":"index","follow":"follow","max-snippet":"max-snippet:-1","max-image-preview":"max-image-preview:large","max-video-preview":"max-video-preview:-1"},"canonical":"https:\/\/www.em.com.br\/emfoco\/2024\/12\/23\/seguro-desemprego-em-2025-o-que-muda-no-seu-bolso\/","og_locale":"pt_BR","og_type":"article","og_title":"Seguro-desemprego em 2025: o que muda no seu bolso? - Estado de Minas - Em foco","og_description":"O seguro-desemprego \u00e9 um benef\u00edcio garantido pelo Governo Federal brasileiro que pode sofrer altera\u00e7\u00f5es significativas em 2025 devido a cortes or\u00e7amentais. Conhe\u00e7a as regras atuais e as mudan\u00e7as esperadas.","og_url":"https:\/\/www.em.com.br\/emfoco\/2024\/12\/23\/seguro-desemprego-em-2025-o-que-muda-no-seu-bolso\/","og_site_name":"Estado de Minas - Em foco","article_published_time":"2024-12-23T12:20:00+00:00","article_modified_time":"2024-12-23T00:34:08+00:00","og_image":[{"width":1280,"height":720,"url":"https:\/\/www.em.com.br\/emfoco\/wp-content\/uploads\/2024\/12\/proteger-dinheiro_1733244772310.jpg","type":"image\/jpeg"}],"author":"Kelvin","twitter_card":"summary_large_image","twitter_misc":{"Escrito por":"Kelvin","Est. tempo de leitura":"4 minutos"},"schema":{"@context":"https:\/\/schema.org","@graph":[{"@type":"WebPage","@id":"https:\/\/www.em.com.br\/emfoco\/2024\/12\/23\/seguro-desemprego-em-2025-o-que-muda-no-seu-bolso\/","url":"https:\/\/www.em.com.br\/emfoco\/2024\/12\/23\/seguro-desemprego-em-2025-o-que-muda-no-seu-bolso\/","name":"Seguro-desemprego em 2025: o que muda no seu bolso? - Estado de Minas - Em foco","isPartOf":{"@id":"https:\/\/www.em.com.br\/emfoco\/#website"},"primaryImageOfPage":{"@id":"https:\/\/www.em.com.br\/emfoco\/2024\/12\/23\/seguro-desemprego-em-2025-o-que-muda-no-seu-bolso\/#primaryimage"},"image":{"@id":"https:\/\/www.em.com.br\/emfoco\/2024\/12\/23\/seguro-desemprego-em-2025-o-que-muda-no-seu-bolso\/#primaryimage"},"thumbnailUrl":"https:\/\/www.em.com.br\/emfoco\/wp-content\/uploads\/2024\/12\/proteger-dinheiro_1733244772310.jpg","datePublished":"2024-12-23T12:20:00+00:00","dateModified":"2024-12-23T00:34:08+00:00","author":{"@id":"https:\/\/www.em.com.br\/emfoco\/#\/schema\/person\/fb0a7f48c6fbb94b83f413a80f61917d"},"description":"O seguro-desemprego \u00e9 um benef\u00edcio garantido pelo Governo Federal brasileiro que pode sofrer altera\u00e7\u00f5es significativas em 2025 devido a cortes or\u00e7amentais. Conhe\u00e7a as regras atuais e as mudan\u00e7as esperadas.","breadcrumb":{"@id":"https:\/\/www.em.com.br\/emfoco\/2024\/12\/23\/seguro-desemprego-em-2025-o-que-muda-no-seu-bolso\/#breadcrumb"},"inLanguage":"pt-BR","potentialAction":[{"@type":"ReadAction","target":["https:\/\/www.em.com.br\/emfoco\/2024\/12\/23\/seguro-desemprego-em-2025-o-que-muda-no-seu-bolso\/"]}]},{"@type":"ImageObject","inLanguage":"pt-BR","@id":"https:\/\/www.em.com.br\/emfoco\/2024\/12\/23\/seguro-desemprego-em-2025-o-que-muda-no-seu-bolso\/#primaryimage","url":"https:\/\/www.em.com.br\/emfoco\/wp-content\/uploads\/2024\/12\/proteger-dinheiro_1733244772310.jpg","contentUrl":"https:\/\/www.em.com.br\/emfoco\/wp-content\/uploads\/2024\/12\/proteger-dinheiro_1733244772310.jpg","width":1280,"height":720,"caption":"proteger dinheiro - Cr\u00e9ditos: depositphotos.com \/ Rangizzz"},{"@type":"BreadcrumbList","@id":"https:\/\/www.em.com.br\/emfoco\/2024\/12\/23\/seguro-desemprego-em-2025-o-que-muda-no-seu-bolso\/#breadcrumb","itemListElement":[{"@type":"ListItem","position":1,"name":"In\u00edcio","item":"https:\/\/www.em.com.br\/emfoco\/"},{"@type":"ListItem","position":2,"name":"Seguro-desemprego em 2025: o que muda no seu bolso?"}]},{"@type":"WebSite","@id":"https:\/\/www.em.com.br\/emfoco\/#website","url":"https:\/\/www.em.com.br\/emfoco\/","name":"Estado de Minas - Em foco","description":"Acompanhe as \u00faltimas not\u00edcias e fique bem informado sobre tudo o que acontece em Minas Gerais, Brasil e no mundo.","potentialAction":[{"@type":"SearchAction","target":{"@type":"EntryPoint","urlTemplate":"https:\/\/www.em.com.br\/emfoco\/?s={search_term_string}"},"query-input":{"@type":"PropertyValueSpecification","valueRequired":true,"valueName":"search_term_string"}}],"inLanguage":"pt-BR"},{"@type":"Person","@id":"https:\/\/www.em.com.br\/emfoco\/#\/schema\/person\/fb0a7f48c6fbb94b83f413a80f61917d","name":"Kelvin","image":{"@type":"ImageObject","inLanguage":"pt-BR","@id":"https:\/\/www.em.com.br\/emfoco\/#\/schema\/person\/image\/","url":"https:\/\/secure.gravatar.com\/avatar\/e74f84337e6bf6c4c5e88fbdffa05270?s=96&d=mm&r=g","contentUrl":"https:\/\/secure.gravatar.com\/avatar\/e74f84337e6bf6c4c5e88fbdffa05270?s=96&d=mm&r=g","caption":"Kelvin"},"sameAs":["https:\/\/www.em.com.br\/emfoco"],"url":"https:\/\/www.em.com.br\/emfoco\/author\/kelvinmyth\/"}]}},"_links":{"self":[{"href":"https:\/\/www.em.com.br\/emfoco\/wp-json\/wp\/v2\/posts\/6230","targetHints":{"allow":["GET"]}}],"collection":[{"href":"https:\/\/www.em.com.br\/emfoco\/wp-json\/wp\/v2\/posts"}],"about":[{"href":"https:\/\/www.em.com.br\/emfoco\/wp-json\/wp\/v2\/types\/post"}],"author":[{"embeddable":true,"href":"https:\/\/www.em.com.br\/emfoco\/wp-json\/wp\/v2\/users\/7"}],"replies":[{"embeddable":true,"href":"https:\/\/www.em.com.br\/emfoco\/wp-json\/wp\/v2\/comments?post=6230"}],"version-history":[{"count":2,"href":"https:\/\/www.em.com.br\/emfoco\/wp-json\/wp\/v2\/posts\/6230\/revisions"}],"predecessor-version":[{"id":6233,"href":"https:\/\/www.em.com.br\/emfoco\/wp-json\/wp\/v2\/posts\/6230\/revisions\/6233"}],"wp:featuredmedia":[{"embeddable":true,"href":"https:\/\/www.em.com.br\/emfoco\/wp-json\/wp\/v2\/media\/2995"}],"wp:attachment":[{"href":"https:\/\/www.em.com.br\/emfoco\/wp-json\/wp\/v2\/media?parent=6230"}],"wp:term":[{"taxonomy":"category","embeddable":true,"href":"https:\/\/www.em.com.br\/emfoco\/wp-json\/wp\/v2\/categories?post=6230"},{"taxonomy":"post_tag","embeddable":true,"href":"https:\/\/www.em.com.br\/emfoco\/wp-json\/wp\/v2\/tags?post=6230"}],"curies":[{"name":"wp","href":"https:\/\/api.w.org\/{rel}","templated":true}]}}