{"id":61961,"date":"2025-06-17T09:03:00","date_gmt":"2025-06-17T12:03:00","guid":{"rendered":"https:\/\/www.em.com.br\/emfoco\/?p=61961"},"modified":"2025-06-17T08:32:32","modified_gmt":"2025-06-17T11:32:32","slug":"voce-toma-cafe-todo-dia-o-que-ele-faz-no-corpo-feminino-vai-te-surpreender","status":"publish","type":"post","link":"https:\/\/www.em.com.br\/emfoco\/2025\/06\/17\/voce-toma-cafe-todo-dia-o-que-ele-faz-no-corpo-feminino-vai-te-surpreender\/","title":{"rendered":"Voc\u00ea toma caf\u00e9 todo dia? O que ele faz no corpo feminino vai te surpreender"},"content":{"rendered":"\n<p>O consumo de caf\u00e9 faz parte do cotidiano de milh\u00f5es de pessoas ao redor do mundo, sendo especialmente popular no <a href=\"https:\/\/www.em.com.br\/emfoco\/2025\/06\/11\/brasileiros-comemoram-nova-chance-de-sacar-o-fgts-ainda-este-ano\/\" target=\"_blank\" rel=\"noreferrer noopener\">Brasil<\/a>. Nos \u00faltimos anos, diversas pesquisas t\u00eam buscado entender os efeitos dessa bebida sobre a sa\u00fade, com destaque para estudos que analisam seu impacto no envelhecimento, especialmente entre as mulheres. A rela\u00e7\u00e3o entre o caf\u00e9 e o bem-estar tem despertado interesse tanto da comunidade cient\u00edfica quanto do p\u00fablico em geral.<\/p>\n\n\n\n<p>Em 2025, novos dados apontam para poss\u00edveis benef\u00edcios do caf\u00e9 no processo de envelhecimento saud\u00e1vel. O interesse por h\u00e1bitos que promovam longevidade e qualidade de vida cresce a cada ano, e a bebida, rica em compostos bioativos, aparece frequentemente no centro dessas discuss\u00f5es. Mas, afinal, tomar caf\u00e9 faz bem para a sa\u00fade? E quais seriam os segredos revelados por estudos recentes?<\/p>\n\n\n\n<h2 class=\"wp-block-heading\">O que dizem as pesquisas sobre o caf\u00e9 e a sa\u00fade?<\/h2>\n\n\n\n<p>Estudos realizados ao longo da \u00faltima d\u00e9cada sugerem que o consumo moderado de caf\u00e9 pode estar associado a uma s\u00e9rie de efeitos positivos para o organismo. Entre os principais componentes do caf\u00e9 est\u00e3o a cafe\u00edna, antioxidantes e polifen\u00f3is, subst\u00e2ncias que desempenham pap\u00e9is importantes na prote\u00e7\u00e3o celular e no combate aos radicais livres. Pesquisas indicam que essas propriedades podem contribuir para a redu\u00e7\u00e3o do risco de doen\u00e7as cr\u00f4nicas, como diabetes tipo 2, doen\u00e7as cardiovasculares e alguns tipos de c\u00e2ncer.<\/p>\n\n\n\n<p>Entre os trabalhos de destaque, um artigo publicado no<a href=\"https:\/\/www.nejm.org\/doi\/full\/10.1056\/NEJMoa1112010\" target=\"_blank\" rel=\"noreferrer noopener\">\u00a0<em>New England Journal of Medicine<\/em>\u00a0em 2012 (\u201cAssociation of Coffee Drinking with Total and Cause-Specific Mortality\u201d \u2013 Freedman et al.) <\/a>demonstrou associa\u00e7\u00e3o entre o consumo de caf\u00e9 e redu\u00e7\u00e3o do risco de mortalidade por diversas causas. Outro exemplo \u00e9 um estudo de revis\u00e3o sistem\u00e1tica publicado em 2017 no\u00a0<em>British Medical Journal<\/em>\u00a0(\u201cCoffee consumption and health: umbrella review of meta-analyses of multiple health outcomes\u201d \u2013 Poole et al.), que analisou diversas metan\u00e1lises e concluiu que o consumo moderado de caf\u00e9 \u00e9 mais ben\u00e9fico do que prejudicial para a maioria da popula\u00e7\u00e3o.<\/p>\n\n\n\n<p>Al\u00e9m disso, o caf\u00e9 pode influenciar positivamente o metabolismo, melhorar a disposi\u00e7\u00e3o e at\u00e9 favorecer a fun\u00e7\u00e3o cognitiva. No entanto, especialistas ressaltam que os benef\u00edcios est\u00e3o ligados ao consumo equilibrado, geralmente de duas a quatro x\u00edcaras por dia, e que exageros podem trazer efeitos adversos, como ins\u00f4nia ou aumento da press\u00e3o arterial.<\/p>\n\n\n\n<figure class=\"wp-block-image size-large\"><img loading=\"lazy\" decoding=\"async\" width=\"1024\" height=\"576\" src=\"https:\/\/www.em.com.br\/emfoco\/wp-content\/uploads\/2025\/06\/cafe_1750158998754-1024x576.jpg\" alt=\"\" class=\"wp-image-61968\" srcset=\"https:\/\/www.em.com.br\/emfoco\/wp-content\/uploads\/2025\/06\/cafe_1750158998754-1024x576.jpg 1024w, https:\/\/www.em.com.br\/emfoco\/wp-content\/uploads\/2025\/06\/cafe_1750158998754-300x169.jpg 300w, https:\/\/www.em.com.br\/emfoco\/wp-content\/uploads\/2025\/06\/cafe_1750158998754-768x432.jpg 768w, https:\/\/www.em.com.br\/emfoco\/wp-content\/uploads\/2025\/06\/cafe_1750158998754-750x422.jpg 750w, https:\/\/www.em.com.br\/emfoco\/wp-content\/uploads\/2025\/06\/cafe_1750158998754-1140x641.jpg 1140w, https:\/\/www.em.com.br\/emfoco\/wp-content\/uploads\/2025\/06\/cafe_1750158998754.jpg 1280w\" sizes=\"auto, (max-width: 1024px) 100vw, 1024px\" \/><figcaption class=\"wp-element-caption\">Caf\u00e9 (Cr\u00e9ditos: depositphotos.com \/ Pattertock)<\/figcaption><\/figure>\n\n\n\n<h2 class=\"wp-block-heading\">Tomar caf\u00e9 faz bem para o envelhecimento saud\u00e1vel em mulheres?<\/h2>\n\n\n\n<p>Uma das perguntas mais frequentes \u00e9 se o caf\u00e9 realmente contribui para um envelhecimento mais saud\u00e1vel, especialmente entre as mulheres. Pesquisas recentes, publicadas em 2024, analisaram grupos de mulheres acima de 50 anos e observaram que aquelas que consumiam caf\u00e9 regularmente apresentavam melhor desempenho em testes de mem\u00f3ria, al\u00e9m de menor incid\u00eancia de doen\u00e7as neurodegenerativas.<\/p>\n\n\n\n<ul class=\"wp-block-list\">\n<li><strong>Redu\u00e7\u00e3o do risco de doen\u00e7as:<\/strong>\u00a0O caf\u00e9 mostrou-se associado \u00e0 diminui\u00e7\u00e3o de casos de Alzheimer e Parkinson em mulheres. Um estudo not\u00e1vel nesse campo foi publicado em 2021 no peri\u00f3dico\u00a0<em>Journal of the American Medical Association (JAMA) Network Open<\/em>\u00a0(\u201cProspective Association of Coffee and Tea Intake With Risk of Dementia and Stroke\u201d \u2013 Yuan Zhang et al.), que apontou menor risco de desenvolvimento dessas doen\u00e7as em consumidores regulares de caf\u00e9.<\/li>\n\n\n\n<li><strong>Melhora da sa\u00fade cardiovascular:<\/strong>\u00a0O consumo moderado foi relacionado a menores taxas de hipertens\u00e3o e doen\u00e7as do cora\u00e7\u00e3o. Uma meta-an\u00e1lise publicada no\u00a0<em>Circulation<\/em>\u00a0em 2017 (\u201cCoffee Consumption and Risk of Cardiovascular Diseases and All-Cause Mortality: Dose-Response Meta-Analysis of Prospective Cohort Studies\u201d \u2013 Kim et al.) refor\u00e7ou essa associa\u00e7\u00e3o.<\/li>\n\n\n\n<li><strong>Impacto positivo no metabolismo:<\/strong>\u00a0Mulheres que bebem caf\u00e9 tendem a apresentar menor risco de diabetes tipo 2, conforme indicado por estudo publicado no\u00a0<em>JAMA Internal Medicine<\/em>\u00a0em 2014 (\u201cChanges in Coffee Intake and Subsequent Risk of Type 2 Diabetes: Three Large Cohorts of US Men and Women\u201d \u2013 Pan et al.).<\/li>\n<\/ul>\n\n\n\n<p>Esses resultados sugerem que a bebida pode ser uma aliada no processo de envelhecimento, desde que inserida em um estilo de vida equilibrado, com alimenta\u00e7\u00e3o saud\u00e1vel e pr\u00e1tica regular de atividades f\u00edsicas.<\/p>\n\n\n\n<h2 class=\"wp-block-heading\">Quais cuidados devem ser considerados ao consumir caf\u00e9?<\/h2>\n\n\n\n<p>Apesar dos potenciais benef\u00edcios, \u00e9 importante considerar alguns cuidados ao incluir o caf\u00e9 na rotina. O excesso de cafe\u00edna pode provocar efeitos indesejados, como ansiedade, ins\u00f4nia e palpita\u00e7\u00f5es. Mulheres gr\u00e1vidas, lactantes ou pessoas com condi\u00e7\u00f5es de sa\u00fade espec\u00edficas devem consultar um profissional antes de aumentar o consumo.<\/p>\n\n\n\n<p><strong>Aten\u00e7\u00e3o especial para gestantes:<\/strong>&nbsp;Mulheres gr\u00e1vidas devem limitar o consumo de caf\u00e9 a menos de 200 mg de cafe\u00edna por dia, pois altas doses de cafe\u00edna durante a gravidez podem aumentar o risco de aborto espont\u00e2neo e baixo peso ao nascer. Caso haja d\u00favidas ou necessidades espec\u00edficas, converse com um profissional de sa\u00fade. Essa orienta\u00e7\u00e3o \u00e9 destacada em publica\u00e7\u00f5es da Organiza\u00e7\u00e3o Mundial da Sa\u00fade e em estudos como o do&nbsp;<em>American Journal of Obstetrics &amp; Gynecology<\/em>&nbsp;(&#8220;Caffeine consumption during pregnancy and risk of low birth weight: a dose\u2013response meta-analysis of observational studies&#8221; \u2013 Chen et al., 2014).<\/p>\n\n\n\n<ol class=\"wp-block-list\">\n<li>Evitar ado\u00e7ar excessivamente o caf\u00e9, pois o a\u00e7\u00facar pode anular parte dos benef\u00edcios.<\/li>\n\n\n\n<li>Dar prefer\u00eancia ao caf\u00e9 filtrado, que ret\u00e9m algumas subst\u00e2ncias que podem elevar o colesterol.<\/li>\n\n\n\n<li>Observar a toler\u00e2ncia individual, j\u00e1 que a sensibilidade \u00e0 cafe\u00edna varia de pessoa para pessoa.<\/li>\n<\/ol>\n\n\n\n<p>Al\u00e9m disso, \u00e9 fundamental lembrar que o caf\u00e9 n\u00e3o substitui h\u00e1bitos saud\u00e1veis, como alimenta\u00e7\u00e3o balanceada, sono adequado e pr\u00e1tica de exerc\u00edcios. O consumo consciente e moderado \u00e9 a chave para aproveitar os poss\u00edveis efeitos positivos da bebida.<\/p>\n\n\n\n<h2 class=\"wp-block-heading\">Como incluir o caf\u00e9 de forma saud\u00e1vel no dia a dia?<\/h2>\n\n\n\n<p>Para quem deseja incorporar o caf\u00e9 \u00e0 rotina de maneira ben\u00e9fica, algumas estrat\u00e9gias podem ser \u00fateis. Optar por vers\u00f5es sem a\u00e7\u00facar, evitar misturas com cremes industrializados e consumir a bebida em hor\u00e1rios que n\u00e3o prejudiquem o sono s\u00e3o atitudes recomendadas. O caf\u00e9 pode ser apreciado puro, acompanhado de frutas ou como parte de um caf\u00e9 da manh\u00e3 equilibrado.<\/p>\n\n\n\n<p>O caf\u00e9, quando consumido com modera\u00e7\u00e3o, pode integrar um estilo de vida saud\u00e1vel e contribuir para o bem-estar ao longo dos anos. Novas pesquisas continuam a explorar os mecanismos por tr\u00e1s desses efeitos, mas j\u00e1 se sabe que a bebida, apreciada h\u00e1 s\u00e9culos, pode ter um papel relevante na promo\u00e7\u00e3o da sa\u00fade, especialmente entre as mulheres que buscam envelhecer com qualidade.<\/p>\n","protected":false},"excerpt":{"rendered":"<p>O consumo de caf\u00e9 faz parte do cotidiano de milh\u00f5es de pessoas ao redor do mundo, sendo especialmente popular no Brasil. Nos \u00faltimos anos, diversas pesquisas t\u00eam buscado entender os efeitos dessa bebida sobre a sa\u00fade, com destaque para estudos que analisam seu impacto no envelhecimento, especialmente entre as mulheres. A rela\u00e7\u00e3o entre o caf\u00e9 [&hellip;]<\/p>\n","protected":false},"author":19,"featured_media":61966,"comment_status":"open","ping_status":"open","sticky":false,"template":"","format":"standard","meta":{"jnews-multi-image_gallery":[],"jnews_single_post":{"format":"standard"},"jnews_primary_category":[],"jnews_social_meta":[],"jnews_override_counter":[],"footnotes":""},"categories":[9053],"tags":[1579,10525,9710,2597,415],"class_list":["post-61961","post","type-post","status-publish","format-standard","has-post-thumbnail","hentry","category-saude","tag-cafe","tag-envelhecimento-feminino","tag-estudos","tag-longevidade","tag-saude"],"yoast_head":"<!-- This site is optimized with the Yoast SEO plugin v23.8 - https:\/\/yoast.com\/wordpress\/plugins\/seo\/ -->\n<title>Voc\u00ea toma caf\u00e9 todo dia? O que ele faz no corpo feminino vai te surpreender - Estado de Minas - Em foco<\/title>\n<meta name=\"description\" content=\"Estudos revelam que o caf\u00e9 pode ajudar mulheres a envelhecerem com mais sa\u00fade. Veja os efeitos no metabolismo, c\u00e9rebro e cora\u00e7\u00e3o.\" \/>\n<meta name=\"robots\" content=\"index, follow, max-snippet:-1, max-image-preview:large, max-video-preview:-1\" \/>\n<link rel=\"canonical\" href=\"https:\/\/www.em.com.br\/emfoco\/2025\/06\/17\/voce-toma-cafe-todo-dia-o-que-ele-faz-no-corpo-feminino-vai-te-surpreender\/\" \/>\n<meta property=\"og:locale\" content=\"pt_BR\" \/>\n<meta property=\"og:type\" content=\"article\" \/>\n<meta property=\"og:title\" content=\"Voc\u00ea toma caf\u00e9 todo dia? O que ele faz no corpo feminino vai te surpreender - Estado de Minas - Em foco\" \/>\n<meta property=\"og:description\" content=\"Estudos revelam que o caf\u00e9 pode ajudar mulheres a envelhecerem com mais sa\u00fade. Veja os efeitos no metabolismo, c\u00e9rebro e cora\u00e7\u00e3o.\" \/>\n<meta property=\"og:url\" content=\"https:\/\/www.em.com.br\/emfoco\/2025\/06\/17\/voce-toma-cafe-todo-dia-o-que-ele-faz-no-corpo-feminino-vai-te-surpreender\/\" \/>\n<meta property=\"og:site_name\" content=\"Estado de Minas - Em foco\" \/>\n<meta property=\"article:published_time\" content=\"2025-06-17T12:03:00+00:00\" \/>\n<meta property=\"article:modified_time\" content=\"2025-06-17T11:32:32+00:00\" \/>\n<meta property=\"og:image\" content=\"https:\/\/www.em.com.br\/emfoco\/wp-content\/uploads\/2025\/06\/cafe_1750158924349.jpg\" \/>\n\t<meta property=\"og:image:width\" content=\"1280\" \/>\n\t<meta property=\"og:image:height\" content=\"720\" \/>\n\t<meta property=\"og:image:type\" content=\"image\/jpeg\" \/>\n<meta name=\"author\" content=\"Vanessa Tavares\" \/>\n<meta name=\"twitter:card\" content=\"summary_large_image\" \/>\n<meta name=\"twitter:label1\" content=\"Escrito por\" \/>\n\t<meta name=\"twitter:data1\" content=\"Vanessa Tavares\" \/>\n\t<meta name=\"twitter:label2\" content=\"Est. tempo de leitura\" \/>\n\t<meta name=\"twitter:data2\" content=\"6 minutos\" \/>\n<!-- \/ Yoast SEO plugin. -->","yoast_head_json":{"title":"Voc\u00ea toma caf\u00e9 todo dia? O que ele faz no corpo feminino vai te surpreender - Estado de Minas - Em foco","description":"Estudos revelam que o caf\u00e9 pode ajudar mulheres a envelhecerem com mais sa\u00fade. Veja os efeitos no metabolismo, c\u00e9rebro e cora\u00e7\u00e3o.","robots":{"index":"index","follow":"follow","max-snippet":"max-snippet:-1","max-image-preview":"max-image-preview:large","max-video-preview":"max-video-preview:-1"},"canonical":"https:\/\/www.em.com.br\/emfoco\/2025\/06\/17\/voce-toma-cafe-todo-dia-o-que-ele-faz-no-corpo-feminino-vai-te-surpreender\/","og_locale":"pt_BR","og_type":"article","og_title":"Voc\u00ea toma caf\u00e9 todo dia? O que ele faz no corpo feminino vai te surpreender - Estado de Minas - Em foco","og_description":"Estudos revelam que o caf\u00e9 pode ajudar mulheres a envelhecerem com mais sa\u00fade. Veja os efeitos no metabolismo, c\u00e9rebro e cora\u00e7\u00e3o.","og_url":"https:\/\/www.em.com.br\/emfoco\/2025\/06\/17\/voce-toma-cafe-todo-dia-o-que-ele-faz-no-corpo-feminino-vai-te-surpreender\/","og_site_name":"Estado de Minas - Em foco","article_published_time":"2025-06-17T12:03:00+00:00","article_modified_time":"2025-06-17T11:32:32+00:00","og_image":[{"width":1280,"height":720,"url":"https:\/\/www.em.com.br\/emfoco\/wp-content\/uploads\/2025\/06\/cafe_1750158924349.jpg","type":"image\/jpeg"}],"author":"Vanessa Tavares","twitter_card":"summary_large_image","twitter_misc":{"Escrito por":"Vanessa Tavares","Est. tempo de leitura":"6 minutos"},"schema":{"@context":"https:\/\/schema.org","@graph":[{"@type":"WebPage","@id":"https:\/\/www.em.com.br\/emfoco\/2025\/06\/17\/voce-toma-cafe-todo-dia-o-que-ele-faz-no-corpo-feminino-vai-te-surpreender\/","url":"https:\/\/www.em.com.br\/emfoco\/2025\/06\/17\/voce-toma-cafe-todo-dia-o-que-ele-faz-no-corpo-feminino-vai-te-surpreender\/","name":"Voc\u00ea toma caf\u00e9 todo dia? O que ele faz no corpo feminino vai te surpreender - Estado de Minas - Em foco","isPartOf":{"@id":"https:\/\/www.em.com.br\/emfoco\/#website"},"primaryImageOfPage":{"@id":"https:\/\/www.em.com.br\/emfoco\/2025\/06\/17\/voce-toma-cafe-todo-dia-o-que-ele-faz-no-corpo-feminino-vai-te-surpreender\/#primaryimage"},"image":{"@id":"https:\/\/www.em.com.br\/emfoco\/2025\/06\/17\/voce-toma-cafe-todo-dia-o-que-ele-faz-no-corpo-feminino-vai-te-surpreender\/#primaryimage"},"thumbnailUrl":"https:\/\/www.em.com.br\/emfoco\/wp-content\/uploads\/2025\/06\/cafe_1750158924349.jpg","datePublished":"2025-06-17T12:03:00+00:00","dateModified":"2025-06-17T11:32:32+00:00","author":{"@id":"https:\/\/www.em.com.br\/emfoco\/#\/schema\/person\/4a7a157aac450b98edc86f15a7434f0b"},"description":"Estudos revelam que o caf\u00e9 pode ajudar mulheres a envelhecerem com mais sa\u00fade. Veja os efeitos no metabolismo, c\u00e9rebro e cora\u00e7\u00e3o.","breadcrumb":{"@id":"https:\/\/www.em.com.br\/emfoco\/2025\/06\/17\/voce-toma-cafe-todo-dia-o-que-ele-faz-no-corpo-feminino-vai-te-surpreender\/#breadcrumb"},"inLanguage":"pt-BR","potentialAction":[{"@type":"ReadAction","target":["https:\/\/www.em.com.br\/emfoco\/2025\/06\/17\/voce-toma-cafe-todo-dia-o-que-ele-faz-no-corpo-feminino-vai-te-surpreender\/"]}]},{"@type":"ImageObject","inLanguage":"pt-BR","@id":"https:\/\/www.em.com.br\/emfoco\/2025\/06\/17\/voce-toma-cafe-todo-dia-o-que-ele-faz-no-corpo-feminino-vai-te-surpreender\/#primaryimage","url":"https:\/\/www.em.com.br\/emfoco\/wp-content\/uploads\/2025\/06\/cafe_1750158924349.jpg","contentUrl":"https:\/\/www.em.com.br\/emfoco\/wp-content\/uploads\/2025\/06\/cafe_1750158924349.jpg","width":1280,"height":720,"caption":"Muher tomando caf\u00e9 (Cr\u00e9ditos: depositphotos.com \/ IgorVetushko)"},{"@type":"BreadcrumbList","@id":"https:\/\/www.em.com.br\/emfoco\/2025\/06\/17\/voce-toma-cafe-todo-dia-o-que-ele-faz-no-corpo-feminino-vai-te-surpreender\/#breadcrumb","itemListElement":[{"@type":"ListItem","position":1,"name":"In\u00edcio","item":"https:\/\/www.em.com.br\/emfoco\/"},{"@type":"ListItem","position":2,"name":"Voc\u00ea toma caf\u00e9 todo dia? O que ele faz no corpo feminino vai te surpreender"}]},{"@type":"WebSite","@id":"https:\/\/www.em.com.br\/emfoco\/#website","url":"https:\/\/www.em.com.br\/emfoco\/","name":"Estado de Minas - Em foco","description":"Acompanhe as \u00faltimas not\u00edcias e fique bem informado sobre tudo o que acontece em Minas Gerais, Brasil e no mundo.","potentialAction":[{"@type":"SearchAction","target":{"@type":"EntryPoint","urlTemplate":"https:\/\/www.em.com.br\/emfoco\/?s={search_term_string}"},"query-input":{"@type":"PropertyValueSpecification","valueRequired":true,"valueName":"search_term_string"}}],"inLanguage":"pt-BR"},{"@type":"Person","@id":"https:\/\/www.em.com.br\/emfoco\/#\/schema\/person\/4a7a157aac450b98edc86f15a7434f0b","name":"Vanessa Tavares","image":{"@type":"ImageObject","inLanguage":"pt-BR","@id":"https:\/\/www.em.com.br\/emfoco\/#\/schema\/person\/image\/","url":"https:\/\/secure.gravatar.com\/avatar\/088c9372da58da00f00f8e508f13d635?s=96&d=mm&r=g","contentUrl":"https:\/\/secure.gravatar.com\/avatar\/088c9372da58da00f00f8e508f13d635?s=96&d=mm&r=g","caption":"Vanessa Tavares"},"sameAs":["https:\/\/www.em.com.br\/emfoco"],"url":"https:\/\/www.em.com.br\/emfoco\/author\/vanessamyth\/"}]}},"_links":{"self":[{"href":"https:\/\/www.em.com.br\/emfoco\/wp-json\/wp\/v2\/posts\/61961","targetHints":{"allow":["GET"]}}],"collection":[{"href":"https:\/\/www.em.com.br\/emfoco\/wp-json\/wp\/v2\/posts"}],"about":[{"href":"https:\/\/www.em.com.br\/emfoco\/wp-json\/wp\/v2\/types\/post"}],"author":[{"embeddable":true,"href":"https:\/\/www.em.com.br\/emfoco\/wp-json\/wp\/v2\/users\/19"}],"replies":[{"embeddable":true,"href":"https:\/\/www.em.com.br\/emfoco\/wp-json\/wp\/v2\/comments?post=61961"}],"version-history":[{"count":3,"href":"https:\/\/www.em.com.br\/emfoco\/wp-json\/wp\/v2\/posts\/61961\/revisions"}],"predecessor-version":[{"id":61977,"href":"https:\/\/www.em.com.br\/emfoco\/wp-json\/wp\/v2\/posts\/61961\/revisions\/61977"}],"wp:featuredmedia":[{"embeddable":true,"href":"https:\/\/www.em.com.br\/emfoco\/wp-json\/wp\/v2\/media\/61966"}],"wp:attachment":[{"href":"https:\/\/www.em.com.br\/emfoco\/wp-json\/wp\/v2\/media?parent=61961"}],"wp:term":[{"taxonomy":"category","embeddable":true,"href":"https:\/\/www.em.com.br\/emfoco\/wp-json\/wp\/v2\/categories?post=61961"},{"taxonomy":"post_tag","embeddable":true,"href":"https:\/\/www.em.com.br\/emfoco\/wp-json\/wp\/v2\/tags?post=61961"}],"curies":[{"name":"wp","href":"https:\/\/api.w.org\/{rel}","templated":true}]}}