{"id":61959,"date":"2025-06-17T08:36:00","date_gmt":"2025-06-17T11:36:00","guid":{"rendered":"https:\/\/www.em.com.br\/emfoco\/?p=61959"},"modified":"2025-06-17T08:30:41","modified_gmt":"2025-06-17T11:30:41","slug":"vai-fazer-o-enem-atencao-as-mudancas-que-pegam-muitos-de-surpresa","status":"publish","type":"post","link":"https:\/\/www.em.com.br\/emfoco\/2025\/06\/17\/vai-fazer-o-enem-atencao-as-mudancas-que-pegam-muitos-de-surpresa\/","title":{"rendered":"Vai fazer o Enem? Aten\u00e7\u00e3o \u00e0s mudan\u00e7as que pegam muitos de surpresa"},"content":{"rendered":"\n<p>O Exame Nacional do Ensino M\u00e9dio, conhecido como Enem, \u00e9 um dos principais instrumentos de acesso ao ensino superior no Brasil. Em 2025, o Minist\u00e9rio da Educa\u00e7\u00e3o anunciou mudan\u00e7as relevantes no cronograma e nas formas de pagamento da taxa de inscri\u00e7\u00e3o, buscando facilitar a participa\u00e7\u00e3o de milh\u00f5es de estudantes em todo o pa\u00eds. O valor da taxa permanece em R$ 85, e o prazo para quita\u00e7\u00e3o foi estendido, oferecendo mais tempo para os candidatos se organizarem financeiramente.<\/p>\n\n\n\n<p>Com a <strong>prorroga\u00e7\u00e3o<\/strong>, os interessados em realizar o Enem 2025 t\u00eam at\u00e9 o dia <strong>27 de junho<\/strong> para efetuar o pagamento. O procedimento pode ser realizado por diferentes meios, como boleto banc\u00e1rio, Pix, cart\u00e3o de cr\u00e9dito ou d\u00e9bito, de acordo com a disponibilidade da institui\u00e7\u00e3o financeira escolhida. Essa variedade de op\u00e7\u00f5es busca tornar o processo mais acess\u00edvel e pr\u00e1tico para todos os perfis de participantes.<\/p>\n\n\n\n<h2 class=\"wp-block-heading\">Como funciona o pagamento da taxa de inscri\u00e7\u00e3o do Enem 2025?<\/h2>\n\n\n\n<p>O pagamento da taxa de inscri\u00e7\u00e3o \u00e9 uma etapa fundamental para garantir a participa\u00e7\u00e3o no Enem. Ap\u00f3s preencher o cadastro na P\u00e1gina do Participante, o sistema gera um boleto banc\u00e1rio, que pode ser quitado em qualquer banco, casa lot\u00e9rica ou aplicativo de pagamento. Para quem prefere m\u00e9todos digitais, o boleto apresenta um QR Code, permitindo a quita\u00e7\u00e3o via Pix de maneira r\u00e1pida e segura. Al\u00e9m disso, h\u00e1 a possibilidade de pagar utilizando cart\u00e3o de cr\u00e9dito ou d\u00e9bito, dependendo das condi\u00e7\u00f5es oferecidas pela institui\u00e7\u00e3o banc\u00e1ria.<\/p>\n\n\n\n<p>\u00c9 importante destacar que a inscri\u00e7\u00e3o s\u00f3 ser\u00e1 confirmada ap\u00f3s a compensa\u00e7\u00e3o do pagamento, processo que pode levar at\u00e9 tr\u00eas dias \u00fateis. Por isso, recomenda-se que o candidato n\u00e3o deixe para a \u00faltima hora, evitando imprevistos que possam comprometer sua participa\u00e7\u00e3o no exame.<\/p>\n\n\n\n<h2 class=\"wp-block-heading\">Quem tem direito \u00e0 isen\u00e7\u00e3o da taxa de inscri\u00e7\u00e3o?<\/h2>\n\n\n\n<p>Nem todos os candidatos precisam pagar a taxa de inscri\u00e7\u00e3o do Enem 2025. Estudantes da rede p\u00fablica que est\u00e3o concluindo o ensino m\u00e9dio neste ano t\u00eam direito \u00e0 isen\u00e7\u00e3o autom\u00e1tica, ou seja, n\u00e3o recebem o boleto para pagamento. Outros perfis de participantes, como pessoas em situa\u00e7\u00e3o de vulnerabilidade socioecon\u00f4mica, tamb\u00e9m podem solicitar a gratuidade, desde que atendam aos crit\u00e9rios estabelecidos pelo edital do exame.<\/p>\n\n\n\n<ul class=\"wp-block-list\">\n<li><strong>Estudantes da rede p\u00fablica<\/strong>\u00a0em conclus\u00e3o do ensino m\u00e9dio em 2025<\/li>\n\n\n\n<li>Pessoas de baixa renda cadastradas em programas sociais<\/li>\n\n\n\n<li>Participantes que solicitaram e tiveram a isen\u00e7\u00e3o aprovada no per\u00edodo determinado<\/li>\n<\/ul>\n\n\n\n<p>O acompanhamento do status da inscri\u00e7\u00e3o e da isen\u00e7\u00e3o pode ser feito diretamente na P\u00e1gina do Participante, onde todas as informa\u00e7\u00f5es oficiais s\u00e3o disponibilizadas pelo Inep, \u00f3rg\u00e3o respons\u00e1vel pela organiza\u00e7\u00e3o do Enem.<\/p>\n\n\n\n<h2 class=\"wp-block-heading\">Quais s\u00e3o as datas e novidades do Enem 2025?<\/h2>\n\n\n\n<p>As provas do Enem 2025 est\u00e3o marcadas para os dias 9 e 16 de novembro em todo o territ\u00f3rio nacional, com exce\u00e7\u00e3o de tr\u00eas cidades do Par\u00e1: Bel\u00e9m, Ananindeua e Marituba. Nessas localidades, o exame ser\u00e1 aplicado nos dias 30 de novembro e 7 de dezembro, devido \u00e0 realiza\u00e7\u00e3o da COP 30, confer\u00eancia internacional sobre mudan\u00e7as clim\u00e1ticas que ocorrer\u00e1 na regi\u00e3o.<\/p>\n\n\n\n<p>Outra novidade desta edi\u00e7\u00e3o \u00e9 o retorno da certifica\u00e7\u00e3o do ensino m\u00e9dio por meio do Enem. Participantes com 18 anos ou mais podem solicitar o certificado durante a inscri\u00e7\u00e3o. Para obter o documento, \u00e9 necess\u00e1rio alcan\u00e7ar pelo menos 450 pontos em cada \u00e1rea do conhecimento e 500 pontos na reda\u00e7\u00e3o. Essa possibilidade amplia as oportunidades para jovens e adultos que buscam concluir a educa\u00e7\u00e3o b\u00e1sica e avan\u00e7ar na trajet\u00f3ria acad\u00eamica.<\/p>\n\n\n\n<figure class=\"wp-block-image size-large\"><img loading=\"lazy\" decoding=\"async\" width=\"1024\" height=\"576\" src=\"https:\/\/www.em.com.br\/emfoco\/wp-content\/uploads\/2025\/06\/enem_1750159658589-1024x576.jpg\" alt=\"\" class=\"wp-image-61980\" srcset=\"https:\/\/www.em.com.br\/emfoco\/wp-content\/uploads\/2025\/06\/enem_1750159658589-1024x576.jpg 1024w, https:\/\/www.em.com.br\/emfoco\/wp-content\/uploads\/2025\/06\/enem_1750159658589-300x169.jpg 300w, https:\/\/www.em.com.br\/emfoco\/wp-content\/uploads\/2025\/06\/enem_1750159658589-768x432.jpg 768w, https:\/\/www.em.com.br\/emfoco\/wp-content\/uploads\/2025\/06\/enem_1750159658589-750x422.jpg 750w, https:\/\/www.em.com.br\/emfoco\/wp-content\/uploads\/2025\/06\/enem_1750159658589-1140x641.jpg 1140w, https:\/\/www.em.com.br\/emfoco\/wp-content\/uploads\/2025\/06\/enem_1750159658589.jpg 1280w\" sizes=\"auto, (max-width: 1024px) 100vw, 1024px\" \/><figcaption class=\"wp-element-caption\">Candidatos a caminho da prova (Cr\u00e9ditos: depositphotos.com \/ joasouza)<\/figcaption><\/figure>\n\n\n\n<h2 class=\"wp-block-heading\">Como se preparar para o Enem 2025?<\/h2>\n\n\n\n<p>A prepara\u00e7\u00e3o para o Enem exige organiza\u00e7\u00e3o e disciplina. Muitos estudantes montam planos de estudo personalizados, focando nas \u00e1reas de maior dificuldade e revisando conte\u00fados recorrentes nas provas. Al\u00e9m disso, \u00e9 fundamental acompanhar o cronograma oficial, garantir o pagamento da taxa dentro do prazo e ficar atento \u00e0s orienta\u00e7\u00f5es divulgadas pelo Inep.<\/p>\n\n\n\n<ol class=\"wp-block-list\">\n<li>Verificar as datas importantes e prazos de inscri\u00e7\u00e3o<\/li>\n\n\n\n<li>Organizar o material de estudo e revisar conte\u00fados principais<\/li>\n\n\n\n<li>Realizar simulados e provas anteriores para identificar pontos de melhoria<\/li>\n\n\n\n<li>Manter-se informado sobre poss\u00edveis atualiza\u00e7\u00f5es no edital<\/li>\n<\/ol>\n\n\n\n<p>O Enem 2025 representa uma oportunidade significativa para quem deseja ingressar no ensino superior ou obter a certifica\u00e7\u00e3o do ensino m\u00e9dio. Cumprir todas as etapas do processo, desde a inscri\u00e7\u00e3o at\u00e9 o pagamento da taxa, \u00e9 essencial para garantir a participa\u00e7\u00e3o no exame e ampliar as possibilidades acad\u00eamicas e profissionais.<\/p>\n","protected":false},"excerpt":{"rendered":"<p>O Exame Nacional do Ensino M\u00e9dio, conhecido como Enem, \u00e9 um dos principais instrumentos de acesso ao ensino superior no Brasil. Em 2025, o Minist\u00e9rio da Educa\u00e7\u00e3o anunciou mudan\u00e7as relevantes no cronograma e nas formas de pagamento da taxa de inscri\u00e7\u00e3o, buscando facilitar a participa\u00e7\u00e3o de milh\u00f5es de estudantes em todo o pa\u00eds. O valor [&hellip;]<\/p>\n","protected":false},"author":19,"featured_media":61978,"comment_status":"open","ping_status":"open","sticky":false,"template":"","format":"standard","meta":{"jnews-multi-image_gallery":[],"jnews_single_post":{"format":"standard"},"jnews_primary_category":[],"jnews_social_meta":[],"jnews_override_counter":[],"footnotes":""},"categories":[1],"tags":[500,3575,5632,1414,10527],"class_list":["post-61959","post","type-post","status-publish","format-standard","has-post-thumbnail","hentry","category-noticias","tag-educacao","tag-enem","tag-ensino-medio","tag-inscricoes","tag-taxa-de-inscricao"],"yoast_head":"<!-- This site is optimized with the Yoast SEO plugin v23.8 - https:\/\/yoast.com\/wordpress\/plugins\/seo\/ -->\n<title>Vai fazer o Enem? Aten\u00e7\u00e3o \u00e0s mudan\u00e7as que pegam muitos de surpresa - Estado de Minas - Em foco<\/title>\n<meta name=\"description\" content=\"Enem 2025 traz novidades no cronograma e formas de pagamento. Veja at\u00e9 quando pagar, quem tem isen\u00e7\u00e3o e como se preparar para as provas.\" \/>\n<meta name=\"robots\" content=\"index, follow, max-snippet:-1, max-image-preview:large, max-video-preview:-1\" \/>\n<link rel=\"canonical\" href=\"https:\/\/www.em.com.br\/emfoco\/2025\/06\/17\/vai-fazer-o-enem-atencao-as-mudancas-que-pegam-muitos-de-surpresa\/\" \/>\n<meta property=\"og:locale\" content=\"pt_BR\" \/>\n<meta property=\"og:type\" content=\"article\" \/>\n<meta property=\"og:title\" content=\"Vai fazer o Enem? Aten\u00e7\u00e3o \u00e0s mudan\u00e7as que pegam muitos de surpresa - Estado de Minas - Em foco\" \/>\n<meta property=\"og:description\" content=\"Enem 2025 traz novidades no cronograma e formas de pagamento. Veja at\u00e9 quando pagar, quem tem isen\u00e7\u00e3o e como se preparar para as provas.\" \/>\n<meta property=\"og:url\" content=\"https:\/\/www.em.com.br\/emfoco\/2025\/06\/17\/vai-fazer-o-enem-atencao-as-mudancas-que-pegam-muitos-de-surpresa\/\" \/>\n<meta property=\"og:site_name\" content=\"Estado de Minas - Em foco\" \/>\n<meta property=\"article:published_time\" content=\"2025-06-17T11:36:00+00:00\" \/>\n<meta property=\"article:modified_time\" content=\"2025-06-17T11:30:41+00:00\" \/>\n<meta property=\"og:image\" content=\"https:\/\/www.em.com.br\/emfoco\/wp-content\/uploads\/2025\/06\/enem_1750159631564.jpg\" \/>\n\t<meta property=\"og:image:width\" content=\"1280\" \/>\n\t<meta property=\"og:image:height\" content=\"720\" \/>\n\t<meta property=\"og:image:type\" content=\"image\/jpeg\" \/>\n<meta name=\"author\" content=\"Vanessa Tavares\" \/>\n<meta name=\"twitter:card\" content=\"summary_large_image\" \/>\n<meta name=\"twitter:label1\" content=\"Escrito por\" \/>\n\t<meta name=\"twitter:data1\" content=\"Vanessa Tavares\" \/>\n\t<meta name=\"twitter:label2\" content=\"Est. tempo de leitura\" \/>\n\t<meta name=\"twitter:data2\" content=\"5 minutos\" \/>\n<!-- \/ Yoast SEO plugin. -->","yoast_head_json":{"title":"Vai fazer o Enem? Aten\u00e7\u00e3o \u00e0s mudan\u00e7as que pegam muitos de surpresa - Estado de Minas - Em foco","description":"Enem 2025 traz novidades no cronograma e formas de pagamento. Veja at\u00e9 quando pagar, quem tem isen\u00e7\u00e3o e como se preparar para as provas.","robots":{"index":"index","follow":"follow","max-snippet":"max-snippet:-1","max-image-preview":"max-image-preview:large","max-video-preview":"max-video-preview:-1"},"canonical":"https:\/\/www.em.com.br\/emfoco\/2025\/06\/17\/vai-fazer-o-enem-atencao-as-mudancas-que-pegam-muitos-de-surpresa\/","og_locale":"pt_BR","og_type":"article","og_title":"Vai fazer o Enem? Aten\u00e7\u00e3o \u00e0s mudan\u00e7as que pegam muitos de surpresa - Estado de Minas - Em foco","og_description":"Enem 2025 traz novidades no cronograma e formas de pagamento. Veja at\u00e9 quando pagar, quem tem isen\u00e7\u00e3o e como se preparar para as provas.","og_url":"https:\/\/www.em.com.br\/emfoco\/2025\/06\/17\/vai-fazer-o-enem-atencao-as-mudancas-que-pegam-muitos-de-surpresa\/","og_site_name":"Estado de Minas - Em foco","article_published_time":"2025-06-17T11:36:00+00:00","article_modified_time":"2025-06-17T11:30:41+00:00","og_image":[{"width":1280,"height":720,"url":"https:\/\/www.em.com.br\/emfoco\/wp-content\/uploads\/2025\/06\/enem_1750159631564.jpg","type":"image\/jpeg"}],"author":"Vanessa Tavares","twitter_card":"summary_large_image","twitter_misc":{"Escrito por":"Vanessa Tavares","Est. tempo de leitura":"5 minutos"},"schema":{"@context":"https:\/\/schema.org","@graph":[{"@type":"WebPage","@id":"https:\/\/www.em.com.br\/emfoco\/2025\/06\/17\/vai-fazer-o-enem-atencao-as-mudancas-que-pegam-muitos-de-surpresa\/","url":"https:\/\/www.em.com.br\/emfoco\/2025\/06\/17\/vai-fazer-o-enem-atencao-as-mudancas-que-pegam-muitos-de-surpresa\/","name":"Vai fazer o Enem? Aten\u00e7\u00e3o \u00e0s mudan\u00e7as que pegam muitos de surpresa - Estado de Minas - Em foco","isPartOf":{"@id":"https:\/\/www.em.com.br\/emfoco\/#website"},"primaryImageOfPage":{"@id":"https:\/\/www.em.com.br\/emfoco\/2025\/06\/17\/vai-fazer-o-enem-atencao-as-mudancas-que-pegam-muitos-de-surpresa\/#primaryimage"},"image":{"@id":"https:\/\/www.em.com.br\/emfoco\/2025\/06\/17\/vai-fazer-o-enem-atencao-as-mudancas-que-pegam-muitos-de-surpresa\/#primaryimage"},"thumbnailUrl":"https:\/\/www.em.com.br\/emfoco\/wp-content\/uploads\/2025\/06\/enem_1750159631564.jpg","datePublished":"2025-06-17T11:36:00+00:00","dateModified":"2025-06-17T11:30:41+00:00","author":{"@id":"https:\/\/www.em.com.br\/emfoco\/#\/schema\/person\/4a7a157aac450b98edc86f15a7434f0b"},"description":"Enem 2025 traz novidades no cronograma e formas de pagamento. Veja at\u00e9 quando pagar, quem tem isen\u00e7\u00e3o e como se preparar para as provas.","breadcrumb":{"@id":"https:\/\/www.em.com.br\/emfoco\/2025\/06\/17\/vai-fazer-o-enem-atencao-as-mudancas-que-pegam-muitos-de-surpresa\/#breadcrumb"},"inLanguage":"pt-BR","potentialAction":[{"@type":"ReadAction","target":["https:\/\/www.em.com.br\/emfoco\/2025\/06\/17\/vai-fazer-o-enem-atencao-as-mudancas-que-pegam-muitos-de-surpresa\/"]}]},{"@type":"ImageObject","inLanguage":"pt-BR","@id":"https:\/\/www.em.com.br\/emfoco\/2025\/06\/17\/vai-fazer-o-enem-atencao-as-mudancas-que-pegam-muitos-de-surpresa\/#primaryimage","url":"https:\/\/www.em.com.br\/emfoco\/wp-content\/uploads\/2025\/06\/enem_1750159631564.jpg","contentUrl":"https:\/\/www.em.com.br\/emfoco\/wp-content\/uploads\/2025\/06\/enem_1750159631564.jpg","width":1280,"height":720,"caption":"ENEM 2025 (Cr\u00e9ditos: depositphotos.com \/ gustavofrazao)"},{"@type":"BreadcrumbList","@id":"https:\/\/www.em.com.br\/emfoco\/2025\/06\/17\/vai-fazer-o-enem-atencao-as-mudancas-que-pegam-muitos-de-surpresa\/#breadcrumb","itemListElement":[{"@type":"ListItem","position":1,"name":"In\u00edcio","item":"https:\/\/www.em.com.br\/emfoco\/"},{"@type":"ListItem","position":2,"name":"Vai fazer o Enem? Aten\u00e7\u00e3o \u00e0s mudan\u00e7as que pegam muitos de surpresa"}]},{"@type":"WebSite","@id":"https:\/\/www.em.com.br\/emfoco\/#website","url":"https:\/\/www.em.com.br\/emfoco\/","name":"Estado de Minas - Em foco","description":"Acompanhe as \u00faltimas not\u00edcias e fique bem informado sobre tudo o que acontece em Minas Gerais, Brasil e no mundo.","potentialAction":[{"@type":"SearchAction","target":{"@type":"EntryPoint","urlTemplate":"https:\/\/www.em.com.br\/emfoco\/?s={search_term_string}"},"query-input":{"@type":"PropertyValueSpecification","valueRequired":true,"valueName":"search_term_string"}}],"inLanguage":"pt-BR"},{"@type":"Person","@id":"https:\/\/www.em.com.br\/emfoco\/#\/schema\/person\/4a7a157aac450b98edc86f15a7434f0b","name":"Vanessa Tavares","image":{"@type":"ImageObject","inLanguage":"pt-BR","@id":"https:\/\/www.em.com.br\/emfoco\/#\/schema\/person\/image\/","url":"https:\/\/secure.gravatar.com\/avatar\/088c9372da58da00f00f8e508f13d635?s=96&d=mm&r=g","contentUrl":"https:\/\/secure.gravatar.com\/avatar\/088c9372da58da00f00f8e508f13d635?s=96&d=mm&r=g","caption":"Vanessa Tavares"},"sameAs":["https:\/\/www.em.com.br\/emfoco"],"url":"https:\/\/www.em.com.br\/emfoco\/author\/vanessamyth\/"}]}},"_links":{"self":[{"href":"https:\/\/www.em.com.br\/emfoco\/wp-json\/wp\/v2\/posts\/61959","targetHints":{"allow":["GET"]}}],"collection":[{"href":"https:\/\/www.em.com.br\/emfoco\/wp-json\/wp\/v2\/posts"}],"about":[{"href":"https:\/\/www.em.com.br\/emfoco\/wp-json\/wp\/v2\/types\/post"}],"author":[{"embeddable":true,"href":"https:\/\/www.em.com.br\/emfoco\/wp-json\/wp\/v2\/users\/19"}],"replies":[{"embeddable":true,"href":"https:\/\/www.em.com.br\/emfoco\/wp-json\/wp\/v2\/comments?post=61959"}],"version-history":[{"count":1,"href":"https:\/\/www.em.com.br\/emfoco\/wp-json\/wp\/v2\/posts\/61959\/revisions"}],"predecessor-version":[{"id":61982,"href":"https:\/\/www.em.com.br\/emfoco\/wp-json\/wp\/v2\/posts\/61959\/revisions\/61982"}],"wp:featuredmedia":[{"embeddable":true,"href":"https:\/\/www.em.com.br\/emfoco\/wp-json\/wp\/v2\/media\/61978"}],"wp:attachment":[{"href":"https:\/\/www.em.com.br\/emfoco\/wp-json\/wp\/v2\/media?parent=61959"}],"wp:term":[{"taxonomy":"category","embeddable":true,"href":"https:\/\/www.em.com.br\/emfoco\/wp-json\/wp\/v2\/categories?post=61959"},{"taxonomy":"post_tag","embeddable":true,"href":"https:\/\/www.em.com.br\/emfoco\/wp-json\/wp\/v2\/tags?post=61959"}],"curies":[{"name":"wp","href":"https:\/\/api.w.org\/{rel}","templated":true}]}}