{"id":61907,"date":"2025-06-17T20:30:00","date_gmt":"2025-06-17T23:30:00","guid":{"rendered":"https:\/\/www.em.com.br\/emfoco\/?p=61907"},"modified":"2025-06-17T08:48:31","modified_gmt":"2025-06-17T11:48:31","slug":"a-isencao-de-impostos-na-compra-de-veiculos-esta-liberada-em-2025","status":"publish","type":"post","link":"https:\/\/www.em.com.br\/emfoco\/2025\/06\/17\/a-isencao-de-impostos-na-compra-de-veiculos-esta-liberada-em-2025\/","title":{"rendered":"A isen\u00e7\u00e3o de impostos na compra de ve\u00edculos est\u00e1 liberada em 2025!"},"content":{"rendered":"\n<p>A isen\u00e7\u00e3o de impostos \u00e9 um benef\u00edcio concedido por lei que permite a determinados grupos ou situa\u00e7\u00f5es n\u00e3o pagar tributos espec\u00edficos, como <strong><a href=\"https:\/\/www.em.com.br\/emfoco\/2025\/06\/13\/nova-isencao-de-ipva-surpreende-contribuintes-em-todo-o-pais\/\" target=\"_blank\" rel=\"noreferrer noopener\">IPVA<\/a>, IPI<\/strong> e outros. Essa medida tem como objetivo promover justi\u00e7a fiscal, garantir direitos sociais e facilitar o acesso a bens ou servi\u00e7os essenciais para quem se enquadra nos crit\u00e9rios estabelecidos.<\/p>\n\n\n\n<p>O governo utiliza a isen\u00e7\u00e3o tribut\u00e1ria como instrumento para corrigir desigualdades, estimular setores econ\u00f4micos ou atender necessidades especiais de cidad\u00e3os. Assim, a legisla\u00e7\u00e3o define quem pode usufruir desse direito, quais impostos podem ser dispensados e em que condi\u00e7\u00f5es a isen\u00e7\u00e3o \u00e9 aplicada.<\/p>\n\n\n\n<h2 class=\"wp-block-heading\">Quem pode solicitar isen\u00e7\u00e3o do IPVA atualmente?<\/h2>\n\n\n<div class=\"wp-block-image\">\n<figure class=\"aligncenter size-large\"><img loading=\"lazy\" decoding=\"async\" width=\"1024\" height=\"576\" src=\"https:\/\/www.em.com.br\/emfoco\/wp-content\/uploads\/2025\/06\/ipva_1749659750386-1024x576.jpg\" alt=\"\" class=\"wp-image-59056\" srcset=\"https:\/\/www.em.com.br\/emfoco\/wp-content\/uploads\/2025\/06\/ipva_1749659750386-1024x576.jpg 1024w, https:\/\/www.em.com.br\/emfoco\/wp-content\/uploads\/2025\/06\/ipva_1749659750386-300x169.jpg 300w, https:\/\/www.em.com.br\/emfoco\/wp-content\/uploads\/2025\/06\/ipva_1749659750386-768x432.jpg 768w, https:\/\/www.em.com.br\/emfoco\/wp-content\/uploads\/2025\/06\/ipva_1749659750386-750x422.jpg 750w, https:\/\/www.em.com.br\/emfoco\/wp-content\/uploads\/2025\/06\/ipva_1749659750386-1140x641.jpg 1140w, https:\/\/www.em.com.br\/emfoco\/wp-content\/uploads\/2025\/06\/ipva_1749659750386.jpg 1280w\" sizes=\"auto, (max-width: 1024px) 100vw, 1024px\" \/><figcaption class=\"wp-element-caption\">Chave de carro e blocos dizendo IPVA &#8211; Cr\u00e9ditos: depositphotos.com \/ rmcarvalhobsb<\/figcaption><\/figure><\/div>\n\n\n<p>O <strong>IPVA<\/strong>, <strong>Imposto sobre a Propriedade de Ve\u00edculos Automotores<\/strong>, pode ser isento para pessoas com defici\u00eancia f\u00edsica, visual, mental severa ou autistas, conforme as regras de cada estado brasileiro. Al\u00e9m disso, em algumas unidades federativas, ve\u00edculos antigos, geralmente com mais de 20 anos de fabrica\u00e7\u00e3o, tamb\u00e9m podem ser dispensados do pagamento.<\/p>\n\n\n\n<p>Outros casos contemplam taxistas, ve\u00edculos de entidades filantr\u00f3picas e, em situa\u00e7\u00f5es espec\u00edficas, autom\u00f3veis adaptados para transporte escolar. \u00c9 importante verificar a legisla\u00e7\u00e3o local, pois as regras variam de acordo com o estado e podem sofrer altera\u00e7\u00f5es anuais.<\/p>\n\n\n\n<h2 class=\"wp-block-heading\">Quais s\u00e3o os requisitos para obter isen\u00e7\u00e3o do IPI?<\/h2>\n\n\n\n<p>O <strong>IPI<\/strong>, Imposto sobre <strong>Produtos Industrializados<\/strong>, pode ser isento na compra de ve\u00edculos novos por pessoas com defici\u00eancia, autistas e taxistas. Para ter direito ao benef\u00edcio, \u00e9 necess\u00e1rio apresentar laudos m\u00e9dicos, documentos que comprovem a condi\u00e7\u00e3o e seguir os procedimentos definidos pela <strong><a href=\"https:\/\/www.gov.br\/receitafederal\/pt-br\" target=\"_blank\" rel=\"noreferrer noopener\">Receita Federal<\/a><\/strong>.<\/p>\n\n\n\n<p>Al\u00e9m disso, o ve\u00edculo adquirido com isen\u00e7\u00e3o do <strong>IPI <\/strong>deve ser destinado ao uso do benefici\u00e1rio e n\u00e3o pode ser vendido antes de um prazo determinado, geralmente dois anos. O descumprimento dessas regras pode acarretar a cobran\u00e7a do imposto retroativamente.<\/p>\n\n\n\n<h2 class=\"wp-block-heading\">Como funciona a isen\u00e7\u00e3o de impostos para pessoas com defici\u00eancia?<\/h2>\n\n\n\n<p>Pessoas com defici\u00eancia f\u00edsica, visual, mental severa ou autistas t\u00eam direito a solicitar isen\u00e7\u00e3o de impostos como <strong>IPVA, IPI, IOF e ICMS<\/strong> na aquisi\u00e7\u00e3o de ve\u00edculos. Para isso, \u00e9 necess\u00e1rio apresentar documenta\u00e7\u00e3o m\u00e9dica detalhada, al\u00e9m de cumprir os requisitos legais estabelecidos por cada \u00f3rg\u00e3o respons\u00e1vel.<\/p>\n\n\n\n<p>O processo pode envolver etapas como avalia\u00e7\u00e3o m\u00e9dica, an\u00e1lise de documentos e, em alguns casos, per\u00edcia do ve\u00edculo. O objetivo \u00e9 garantir que o benef\u00edcio seja concedido apenas a quem realmente necessita, promovendo inclus\u00e3o e acessibilidade.<\/p>\n\n\n\n<h2 class=\"wp-block-heading\">Quais documentos s\u00e3o necess\u00e1rios para pedir isen\u00e7\u00e3o de tributos?<\/h2>\n\n\n\n<p>Para solicitar a isen\u00e7\u00e3o de impostos, o interessado deve reunir documentos pessoais, comprovante de resid\u00eancia, laudo m\u00e9dico (quando aplic\u00e1vel), al\u00e9m de documentos do ve\u00edculo e do condutor. Em casos de isen\u00e7\u00e3o para pessoas com defici\u00eancia, o laudo deve ser emitido por profissional credenciado e detalhar a condi\u00e7\u00e3o do solicitante.<\/p>\n\n\n\n<p>Tamb\u00e9m \u00e9 comum a exig\u00eancia de formul\u00e1rios espec\u00edficos, dispon\u00edveis nos sites dos \u00f3rg\u00e3os estaduais ou federais, e eventuais autoriza\u00e7\u00f5es do <strong>Detran <\/strong>ou da <strong>Receita Federal<\/strong>. O processo pode variar conforme o imposto e o estado, por isso \u00e9 recomend\u00e1vel consultar as orienta\u00e7\u00f5es atualizadas de cada \u00f3rg\u00e3o.<\/p>\n\n\n\n<h2 class=\"wp-block-heading\">Existe limite para a quantidade de isen\u00e7\u00f5es que uma pessoa pode obter?<\/h2>\n\n\n\n<p>Sim, a legisla\u00e7\u00e3o estabelece limites para evitar abusos e garantir que o benef\u00edcio seja direcionado a quem realmente precisa. Por exemplo, na aquisi\u00e7\u00e3o de ve\u00edculos com isen\u00e7\u00e3o de <strong>IPI <\/strong>ou <strong>ICMS<\/strong>, a pessoa s\u00f3 pode comprar um autom\u00f3vel com esse benef\u00edcio a cada dois anos, salvo em casos de roubo, furto ou perda total.<\/p>\n\n\n\n<p>Al\u00e9m disso, as isen\u00e7\u00f5es n\u00e3o s\u00e3o cumulativas para o mesmo ve\u00edculo, ou seja, n\u00e3o \u00e9 poss\u00edvel obter o benef\u00edcio para mais de um autom\u00f3vel simultaneamente, salvo exce\u00e7\u00f5es previstas em lei. O controle desses limites \u00e9 feito pelos \u00f3rg\u00e3os respons\u00e1veis, que monitoram o uso das isen\u00e7\u00f5es e aplicam san\u00e7\u00f5es em caso de irregularidades.<\/p>\n","protected":false},"excerpt":{"rendered":"<p>A isen\u00e7\u00e3o de impostos \u00e9 um benef\u00edcio concedido por lei que permite a determinados grupos ou situa\u00e7\u00f5es n\u00e3o pagar tributos espec\u00edficos, como IPVA, IPI e outros. Essa medida tem como objetivo promover justi\u00e7a fiscal, garantir direitos sociais e facilitar o acesso a bens ou servi\u00e7os essenciais para quem se enquadra nos crit\u00e9rios estabelecidos. O governo [&hellip;]<\/p>\n","protected":false},"author":20,"featured_media":59057,"comment_status":"open","ping_status":"open","sticky":false,"template":"","format":"standard","meta":{"jnews-multi-image_gallery":[],"jnews_single_post":{"format":"standard"},"jnews_primary_category":[],"jnews_social_meta":[],"jnews_override_counter":[],"footnotes":""},"categories":[28,1],"tags":[762,2311],"class_list":["post-61907","post","type-post","status-publish","format-standard","has-post-thumbnail","hentry","category-economia","category-noticias","tag-ipva","tag-isencao-de-impostos"],"yoast_head":"<!-- This site is optimized with the Yoast SEO plugin v23.8 - https:\/\/yoast.com\/wordpress\/plugins\/seo\/ -->\n<title>A isen\u00e7\u00e3o de impostos na compra de ve\u00edculos est\u00e1 liberada em 2025! - Estado de Minas - Em foco<\/title>\n<meta name=\"description\" content=\"Isen\u00e7\u00e3o de IPVA, IPI, ICMS e IOF em 2025 est\u00e1 garantida para PCDs. Veja quem tem direito aos documentos necess\u00e1rios e como solicita-los.\" \/>\n<meta name=\"robots\" content=\"index, follow, max-snippet:-1, max-image-preview:large, max-video-preview:-1\" \/>\n<link rel=\"canonical\" href=\"https:\/\/www.em.com.br\/emfoco\/2025\/06\/17\/a-isencao-de-impostos-na-compra-de-veiculos-esta-liberada-em-2025\/\" \/>\n<meta property=\"og:locale\" content=\"pt_BR\" \/>\n<meta property=\"og:type\" content=\"article\" \/>\n<meta property=\"og:title\" content=\"A isen\u00e7\u00e3o de impostos na compra de ve\u00edculos est\u00e1 liberada em 2025! - Estado de Minas - Em foco\" \/>\n<meta property=\"og:description\" content=\"Isen\u00e7\u00e3o de IPVA, IPI, ICMS e IOF em 2025 est\u00e1 garantida para PCDs. Veja quem tem direito aos documentos necess\u00e1rios e como solicita-los.\" \/>\n<meta property=\"og:url\" content=\"https:\/\/www.em.com.br\/emfoco\/2025\/06\/17\/a-isencao-de-impostos-na-compra-de-veiculos-esta-liberada-em-2025\/\" \/>\n<meta property=\"og:site_name\" content=\"Estado de Minas - Em foco\" \/>\n<meta property=\"article:published_time\" content=\"2025-06-17T23:30:00+00:00\" \/>\n<meta property=\"article:modified_time\" content=\"2025-06-17T11:48:31+00:00\" \/>\n<meta property=\"og:image\" content=\"https:\/\/www.em.com.br\/emfoco\/wp-content\/uploads\/2025\/06\/ipva_1749659764049.jpg\" \/>\n\t<meta property=\"og:image:width\" content=\"1280\" \/>\n\t<meta property=\"og:image:height\" content=\"720\" \/>\n\t<meta property=\"og:image:type\" content=\"image\/jpeg\" \/>\n<meta name=\"author\" content=\"Ingrid Diniz\" \/>\n<meta name=\"twitter:card\" content=\"summary_large_image\" \/>\n<meta name=\"twitter:label1\" content=\"Escrito por\" \/>\n\t<meta name=\"twitter:data1\" content=\"Ingrid Diniz\" \/>\n\t<meta name=\"twitter:label2\" content=\"Est. tempo de leitura\" \/>\n\t<meta name=\"twitter:data2\" content=\"4 minutos\" \/>\n<!-- \/ Yoast SEO plugin. -->","yoast_head_json":{"title":"A isen\u00e7\u00e3o de impostos na compra de ve\u00edculos est\u00e1 liberada em 2025! - Estado de Minas - Em foco","description":"Isen\u00e7\u00e3o de IPVA, IPI, ICMS e IOF em 2025 est\u00e1 garantida para PCDs. Veja quem tem direito aos documentos necess\u00e1rios e como solicita-los.","robots":{"index":"index","follow":"follow","max-snippet":"max-snippet:-1","max-image-preview":"max-image-preview:large","max-video-preview":"max-video-preview:-1"},"canonical":"https:\/\/www.em.com.br\/emfoco\/2025\/06\/17\/a-isencao-de-impostos-na-compra-de-veiculos-esta-liberada-em-2025\/","og_locale":"pt_BR","og_type":"article","og_title":"A isen\u00e7\u00e3o de impostos na compra de ve\u00edculos est\u00e1 liberada em 2025! - Estado de Minas - Em foco","og_description":"Isen\u00e7\u00e3o de IPVA, IPI, ICMS e IOF em 2025 est\u00e1 garantida para PCDs. Veja quem tem direito aos documentos necess\u00e1rios e como solicita-los.","og_url":"https:\/\/www.em.com.br\/emfoco\/2025\/06\/17\/a-isencao-de-impostos-na-compra-de-veiculos-esta-liberada-em-2025\/","og_site_name":"Estado de Minas - Em foco","article_published_time":"2025-06-17T23:30:00+00:00","article_modified_time":"2025-06-17T11:48:31+00:00","og_image":[{"width":1280,"height":720,"url":"https:\/\/www.em.com.br\/emfoco\/wp-content\/uploads\/2025\/06\/ipva_1749659764049.jpg","type":"image\/jpeg"}],"author":"Ingrid Diniz","twitter_card":"summary_large_image","twitter_misc":{"Escrito por":"Ingrid Diniz","Est. tempo de leitura":"4 minutos"},"schema":{"@context":"https:\/\/schema.org","@graph":[{"@type":"WebPage","@id":"https:\/\/www.em.com.br\/emfoco\/2025\/06\/17\/a-isencao-de-impostos-na-compra-de-veiculos-esta-liberada-em-2025\/","url":"https:\/\/www.em.com.br\/emfoco\/2025\/06\/17\/a-isencao-de-impostos-na-compra-de-veiculos-esta-liberada-em-2025\/","name":"A isen\u00e7\u00e3o de impostos na compra de ve\u00edculos est\u00e1 liberada em 2025! - Estado de Minas - Em foco","isPartOf":{"@id":"https:\/\/www.em.com.br\/emfoco\/#website"},"primaryImageOfPage":{"@id":"https:\/\/www.em.com.br\/emfoco\/2025\/06\/17\/a-isencao-de-impostos-na-compra-de-veiculos-esta-liberada-em-2025\/#primaryimage"},"image":{"@id":"https:\/\/www.em.com.br\/emfoco\/2025\/06\/17\/a-isencao-de-impostos-na-compra-de-veiculos-esta-liberada-em-2025\/#primaryimage"},"thumbnailUrl":"https:\/\/www.em.com.br\/emfoco\/wp-content\/uploads\/2025\/06\/ipva_1749659764049.jpg","datePublished":"2025-06-17T23:30:00+00:00","dateModified":"2025-06-17T11:48:31+00:00","author":{"@id":"https:\/\/www.em.com.br\/emfoco\/#\/schema\/person\/649e610b4eb8fff87ff394e54fe17b2b"},"description":"Isen\u00e7\u00e3o de IPVA, IPI, ICMS e IOF em 2025 est\u00e1 garantida para PCDs. Veja quem tem direito aos documentos necess\u00e1rios e como solicita-los.","breadcrumb":{"@id":"https:\/\/www.em.com.br\/emfoco\/2025\/06\/17\/a-isencao-de-impostos-na-compra-de-veiculos-esta-liberada-em-2025\/#breadcrumb"},"inLanguage":"pt-BR","potentialAction":[{"@type":"ReadAction","target":["https:\/\/www.em.com.br\/emfoco\/2025\/06\/17\/a-isencao-de-impostos-na-compra-de-veiculos-esta-liberada-em-2025\/"]}]},{"@type":"ImageObject","inLanguage":"pt-BR","@id":"https:\/\/www.em.com.br\/emfoco\/2025\/06\/17\/a-isencao-de-impostos-na-compra-de-veiculos-esta-liberada-em-2025\/#primaryimage","url":"https:\/\/www.em.com.br\/emfoco\/wp-content\/uploads\/2025\/06\/ipva_1749659764049.jpg","contentUrl":"https:\/\/www.em.com.br\/emfoco\/wp-content\/uploads\/2025\/06\/ipva_1749659764049.jpg","width":1280,"height":720,"caption":"IPVA zerado para ve\u00edculos com mais de 20 anos - Cr\u00e9ditos: depositphotos.com \/ rmcarvalhobsb"},{"@type":"BreadcrumbList","@id":"https:\/\/www.em.com.br\/emfoco\/2025\/06\/17\/a-isencao-de-impostos-na-compra-de-veiculos-esta-liberada-em-2025\/#breadcrumb","itemListElement":[{"@type":"ListItem","position":1,"name":"In\u00edcio","item":"https:\/\/www.em.com.br\/emfoco\/"},{"@type":"ListItem","position":2,"name":"A isen\u00e7\u00e3o de impostos na compra de ve\u00edculos est\u00e1 liberada em 2025!"}]},{"@type":"WebSite","@id":"https:\/\/www.em.com.br\/emfoco\/#website","url":"https:\/\/www.em.com.br\/emfoco\/","name":"Estado de Minas - Em foco","description":"Acompanhe as \u00faltimas not\u00edcias e fique bem informado sobre tudo o que acontece em Minas Gerais, Brasil e no mundo.","potentialAction":[{"@type":"SearchAction","target":{"@type":"EntryPoint","urlTemplate":"https:\/\/www.em.com.br\/emfoco\/?s={search_term_string}"},"query-input":{"@type":"PropertyValueSpecification","valueRequired":true,"valueName":"search_term_string"}}],"inLanguage":"pt-BR"},{"@type":"Person","@id":"https:\/\/www.em.com.br\/emfoco\/#\/schema\/person\/649e610b4eb8fff87ff394e54fe17b2b","name":"Ingrid Diniz","image":{"@type":"ImageObject","inLanguage":"pt-BR","@id":"https:\/\/www.em.com.br\/emfoco\/#\/schema\/person\/image\/","url":"https:\/\/secure.gravatar.com\/avatar\/a3baa1449ec5c39b4c42babc9d4f3951?s=96&d=mm&r=g","contentUrl":"https:\/\/secure.gravatar.com\/avatar\/a3baa1449ec5c39b4c42babc9d4f3951?s=96&d=mm&r=g","caption":"Ingrid Diniz"},"sameAs":["https:\/\/www.em.com.br\/"],"url":"https:\/\/www.em.com.br\/emfoco\/author\/ingridmyth\/"}]}},"_links":{"self":[{"href":"https:\/\/www.em.com.br\/emfoco\/wp-json\/wp\/v2\/posts\/61907","targetHints":{"allow":["GET"]}}],"collection":[{"href":"https:\/\/www.em.com.br\/emfoco\/wp-json\/wp\/v2\/posts"}],"about":[{"href":"https:\/\/www.em.com.br\/emfoco\/wp-json\/wp\/v2\/types\/post"}],"author":[{"embeddable":true,"href":"https:\/\/www.em.com.br\/emfoco\/wp-json\/wp\/v2\/users\/20"}],"replies":[{"embeddable":true,"href":"https:\/\/www.em.com.br\/emfoco\/wp-json\/wp\/v2\/comments?post=61907"}],"version-history":[{"count":1,"href":"https:\/\/www.em.com.br\/emfoco\/wp-json\/wp\/v2\/posts\/61907\/revisions"}],"predecessor-version":[{"id":61918,"href":"https:\/\/www.em.com.br\/emfoco\/wp-json\/wp\/v2\/posts\/61907\/revisions\/61918"}],"wp:featuredmedia":[{"embeddable":true,"href":"https:\/\/www.em.com.br\/emfoco\/wp-json\/wp\/v2\/media\/59057"}],"wp:attachment":[{"href":"https:\/\/www.em.com.br\/emfoco\/wp-json\/wp\/v2\/media?parent=61907"}],"wp:term":[{"taxonomy":"category","embeddable":true,"href":"https:\/\/www.em.com.br\/emfoco\/wp-json\/wp\/v2\/categories?post=61907"},{"taxonomy":"post_tag","embeddable":true,"href":"https:\/\/www.em.com.br\/emfoco\/wp-json\/wp\/v2\/tags?post=61907"}],"curies":[{"name":"wp","href":"https:\/\/api.w.org\/{rel}","templated":true}]}}