{"id":61613,"date":"2025-06-17T10:40:18","date_gmt":"2025-06-17T13:40:18","guid":{"rendered":"https:\/\/www.em.com.br\/emfoco\/?p=61613"},"modified":"2025-06-16T21:02:26","modified_gmt":"2025-06-17T00:02:26","slug":"entenda-a-diferenca-entre-serum-creme-e-gel-e-veja-o-ideal-para-sua-pele","status":"publish","type":"post","link":"https:\/\/www.em.com.br\/emfoco\/2025\/06\/17\/entenda-a-diferenca-entre-serum-creme-e-gel-e-veja-o-ideal-para-sua-pele\/","title":{"rendered":"Entenda a diferen\u00e7a entre s\u00e9rum, creme e gel e veja o ideal para sua pele"},"content":{"rendered":"\n<p>Ao buscar o melhor produto para cuidar da pele, muitas pessoas se deparam com uma variedade de op\u00e7\u00f5es, como s\u00e9rum, creme e gel. Cada uma dessas f\u00f3rmulas possui caracter\u00edsticas pr\u00f3prias e pode atender a diferentes necessidades, tipos de pele e objetivos de tratamento. Por isso, entender as diferen\u00e7as entre elas \u00e9 fundamental para tomar uma decis\u00e3o informada e obter os melhores resultados poss\u00edveis.<\/p>\n\n\n\n<p>Nos \u00faltimos anos, o mercado de cosm\u00e9ticos evoluiu e trouxe inova\u00e7\u00f5es que ampliaram as possibilidades de escolha. Produtos como s\u00e9runs, cremes e g\u00e9is ganharam destaque por oferecerem benef\u00edcios espec\u00edficos, desde <strong>hidrata\u00e7\u00e3o<\/strong> <strong>intensa<\/strong> at\u00e9 controle da oleosidade. Para selecionar o item mais adequado, \u00e9 importante conhecer as propriedades de cada textura e como elas se comportam em diferentes tipos de pele.<\/p>\n\n\n\n<h2 class=\"wp-block-heading\">O que diferencia s\u00e9rum, creme e gel?<\/h2>\n\n\n\n<p>A principal diferen\u00e7a entre s\u00e9rum, creme e gel est\u00e1 na composi\u00e7\u00e3o e na textura. O <strong>s\u00e9rum<\/strong> \u00e9 conhecido por sua alta concentra\u00e7\u00e3o de ativos e textura leve, o que facilita a absor\u00e7\u00e3o r\u00e1pida pela pele. J\u00e1 o <strong>creme<\/strong> possui uma base mais densa e hidratante, sendo indicado para peles secas ou que necessitam de maior nutri\u00e7\u00e3o. O <strong>gel<\/strong>, por sua vez, tem uma textura aquosa e refrescante, ideal para peles oleosas ou mistas, pois n\u00e3o pesa e proporciona sensa\u00e7\u00e3o de frescor.<\/p>\n\n\n\n<p>Al\u00e9m da textura, a escolha entre esses produtos tamb\u00e9m depende do objetivo do tratamento. Por exemplo, s\u00e9runs s\u00e3o frequentemente utilizados para tratar sinais de envelhecimento, manchas ou linhas finas, enquanto cremes costumam ser escolhidos para hidrata\u00e7\u00e3o profunda. Os g\u00e9is, em geral, s\u00e3o preferidos por quem busca controle da oleosidade e preven\u00e7\u00e3o de acne.<\/p>\n\n\n\n<h2 class=\"wp-block-heading\">Como identificar o produto ideal para cada tipo de pele?<\/h2>\n\n\n\n<p>Para selecionar entre s\u00e9rum, creme e gel, \u00e9 fundamental analisar o tipo de pele. Peles secas tendem a se beneficiar mais de cremes, que oferecem maior hidrata\u00e7\u00e3o e ajudam a restaurar a barreira cut\u00e2nea. J\u00e1 peles oleosas ou <strong>acneicas<\/strong> costumam responder melhor a g\u00e9is, que controlam o brilho sem obstruir os poros.<\/p>\n\n\n\n<p>O s\u00e9rum \u00e9 uma op\u00e7\u00e3o vers\u00e1til, pois pode ser utilizado em todos os tipos de pele, dependendo da formula\u00e7\u00e3o. Em peles maduras, por exemplo, s\u00e9runs com antioxidantes ou \u00e1cido hialur\u00f4nico podem potencializar os cuidados antienvelhecimento. Em peles sens\u00edveis, f\u00f3rmulas calmantes e livres de fragr\u00e2ncias s\u00e3o recomendadas.<\/p>\n\n\n\n<h2 class=\"wp-block-heading\">Quando optar por s\u00e9rum, creme ou gel?<\/h2>\n\n\n\n<p>A escolha entre essas texturas depende do momento do cuidado e das necessidades espec\u00edficas. Pela manh\u00e3, muitas pessoas preferem produtos leves, como s\u00e9runs ou g\u00e9is, que n\u00e3o deixam a pele pesada e facilitam a aplica\u00e7\u00e3o do protetor solar. \u00c0 noite, cremes mais densos podem ser usados para promover hidrata\u00e7\u00e3o durante o sono.<\/p>\n\n\n\n<p>Al\u00e9m disso, a combina\u00e7\u00e3o de diferentes produtos pode ser ben\u00e9fica. \u00c9 comum aplicar um s\u00e9rum antes do creme, potencializando a a\u00e7\u00e3o dos ativos. O importante \u00e9 respeitar a ordem de aplica\u00e7\u00e3o: do mais leve para o mais denso, garantindo que todos os ingredientes sejam absorvidos corretamente.<\/p>\n\n\n<div class=\"wp-block-image\">\n<figure class=\"aligncenter size-large\"><img loading=\"lazy\" decoding=\"async\" width=\"1024\" height=\"576\" src=\"https:\/\/www.em.com.br\/emfoco\/wp-content\/uploads\/2025\/06\/creme-de-rosto_1750091806468-1024x576.jpg\" alt=\"\" class=\"wp-image-61626\" srcset=\"https:\/\/www.em.com.br\/emfoco\/wp-content\/uploads\/2025\/06\/creme-de-rosto_1750091806468-1024x576.jpg 1024w, https:\/\/www.em.com.br\/emfoco\/wp-content\/uploads\/2025\/06\/creme-de-rosto_1750091806468-300x169.jpg 300w, https:\/\/www.em.com.br\/emfoco\/wp-content\/uploads\/2025\/06\/creme-de-rosto_1750091806468-768x432.jpg 768w, https:\/\/www.em.com.br\/emfoco\/wp-content\/uploads\/2025\/06\/creme-de-rosto_1750091806468-750x422.jpg 750w, https:\/\/www.em.com.br\/emfoco\/wp-content\/uploads\/2025\/06\/creme-de-rosto_1750091806468-1140x641.jpg 1140w, https:\/\/www.em.com.br\/emfoco\/wp-content\/uploads\/2025\/06\/creme-de-rosto_1750091806468.jpg 1280w\" sizes=\"auto, (max-width: 1024px) 100vw, 1024px\" \/><figcaption class=\"wp-element-caption\">Creme de rosto &#8211; Cr\u00e9ditos: depositphotos.com \/ HayDmitriy<\/figcaption><\/figure><\/div>\n\n\n<h2 class=\"wp-block-heading\">Quais s\u00e3o os principais ativos encontrados em cada f\u00f3rmula?<\/h2>\n\n\n\n<p>Cada tipo de produto costuma trazer ativos espec\u00edficos para atender \u00e0s necessidades da pele. Nos s\u00e9runs, \u00e9 comum encontrar ingredientes como vitamina C, <a href=\"https:\/\/drauziovarella.uol.com.br\/dermatologia\/acido-hialuronico-saiba-para-que-serve-indicacoes-riscos-e-cuidados\/\" target=\"_blank\" rel=\"noopener\">\u00e1cido hialur\u00f4nico<\/a>, niacinamida e pept\u00eddeos, que agem de forma concentrada e direcionada. Os cremes, por sua vez, geralmente incluem manteigas vegetais, ceramidas e \u00f3leos nutritivos.<\/p>\n\n\n\n<p>Os g\u00e9is, devido \u00e0 sua textura leve, costumam ser formulados com ingredientes como<a href=\"https:\/\/www.em.com.br\/emfoco\/2025\/06\/12\/conheca-os-beneficios-da-babosa-e-como-cultivar-essa-planta-poderosa-em-casa\/\" target=\"_blank\" rel=\"noopener\"> aloe vera<\/a>, \u00e1cido salic\u00edlico e extratos bot\u00e2nicos, que ajudam a acalmar e equilibrar a pele. A escolha do ativo deve considerar o objetivo do tratamento, seja ele hidrata\u00e7\u00e3o, clareamento, controle da oleosidade ou preven\u00e7\u00e3o de sinais de idade.<\/p>\n\n\n\n<h2 class=\"wp-block-heading\">Como montar uma rotina de cuidados eficaz com s\u00e9rum, creme e gel?<\/h2>\n\n\n\n<p>Uma rotina de cuidados eficiente pode incluir todos esses produtos, desde que sejam escolhidos de acordo com as necessidades da pele. O passo inicial \u00e9 a limpeza, seguida pela aplica\u00e7\u00e3o do s\u00e9rum, que entrega ativos concentrados. Em seguida, pode-se aplicar o creme ou gel, conforme o tipo de pele e o hor\u00e1rio do dia.<\/p>\n\n\n\n<p>Para facilitar, veja um exemplo de rotina b\u00e1sica:<\/p>\n\n\n\n<ul class=\"wp-block-list\">\n<li><strong>Limpeza:<\/strong> Remover impurezas com um sabonete adequado.<\/li>\n\n\n\n<li><strong>S\u00e9rum:<\/strong> Aplicar algumas gotas e espalhar suavemente.<\/li>\n\n\n\n<li><strong>Cuidado espec\u00edfico:<\/strong> Utilizar creme ou gel conforme a necessidade.<\/li>\n\n\n\n<li><strong>Prote\u00e7\u00e3o solar:<\/strong> Finalizar com filtro solar pela manh\u00e3.<\/li>\n<\/ul>\n\n\n\n<p>Com essas informa\u00e7\u00f5es, fica mais simples escolher entre s\u00e9rum, creme e gel, personalizando o cuidado com a pele e aproveitando ao m\u00e1ximo os benef\u00edcios de cada produto.<\/p>\n","protected":false},"excerpt":{"rendered":"<p>Ao buscar o melhor produto para cuidar da pele, muitas pessoas se deparam com uma variedade de op\u00e7\u00f5es, como s\u00e9rum, creme e gel. Cada uma dessas f\u00f3rmulas possui caracter\u00edsticas pr\u00f3prias e pode atender a diferentes necessidades, tipos de pele e objetivos de tratamento. Por isso, entender as diferen\u00e7as entre elas \u00e9 fundamental para tomar uma [&hellip;]<\/p>\n","protected":false},"author":9,"featured_media":61616,"comment_status":"open","ping_status":"open","sticky":false,"template":"","format":"standard","meta":{"jnews-multi-image_gallery":[],"jnews_single_post":{"format":"standard"},"jnews_primary_category":[],"jnews_social_meta":[],"jnews_override_counter":[],"footnotes":""},"categories":[29,1],"tags":[2616,2259,4939,415],"class_list":["post-61613","post","type-post","status-publish","format-standard","has-post-thumbnail","hentry","category-entretenimento","category-noticias","tag-beleza","tag-cosmeticos","tag-cuidados-com-a-pele","tag-saude"],"yoast_head":"<!-- This site is optimized with the Yoast SEO plugin v23.8 - https:\/\/yoast.com\/wordpress\/plugins\/seo\/ -->\n<title>Entenda a diferen\u00e7a entre s\u00e9rum, creme e gel e veja o ideal para sua pele<\/title>\n<meta name=\"description\" content=\"Aprenda a diferen\u00e7a entre s\u00e9rum, creme e gel e descubra qual produto usar na sua rotina para cuidar melhor da pele.\" \/>\n<meta name=\"robots\" content=\"index, follow, max-snippet:-1, max-image-preview:large, max-video-preview:-1\" \/>\n<link rel=\"canonical\" href=\"https:\/\/www.em.com.br\/emfoco\/2025\/06\/17\/entenda-a-diferenca-entre-serum-creme-e-gel-e-veja-o-ideal-para-sua-pele\/\" \/>\n<meta property=\"og:locale\" content=\"pt_BR\" \/>\n<meta property=\"og:type\" content=\"article\" \/>\n<meta property=\"og:title\" content=\"Entenda a diferen\u00e7a entre s\u00e9rum, creme e gel e veja o ideal para sua pele\" \/>\n<meta property=\"og:description\" content=\"Aprenda a diferen\u00e7a entre s\u00e9rum, creme e gel e descubra qual produto usar na sua rotina para cuidar melhor da pele.\" \/>\n<meta property=\"og:url\" content=\"https:\/\/www.em.com.br\/emfoco\/2025\/06\/17\/entenda-a-diferenca-entre-serum-creme-e-gel-e-veja-o-ideal-para-sua-pele\/\" \/>\n<meta property=\"og:site_name\" content=\"Estado de Minas - Em foco\" \/>\n<meta property=\"article:published_time\" content=\"2025-06-17T13:40:18+00:00\" \/>\n<meta property=\"article:modified_time\" content=\"2025-06-17T00:02:26+00:00\" \/>\n<meta property=\"og:image\" content=\"https:\/\/www.em.com.br\/emfoco\/wp-content\/uploads\/2025\/06\/creme-de-rosto_1750091426504.jpg\" \/>\n\t<meta property=\"og:image:width\" content=\"1280\" \/>\n\t<meta property=\"og:image:height\" content=\"720\" \/>\n\t<meta property=\"og:image:type\" content=\"image\/jpeg\" \/>\n<meta name=\"author\" content=\"Daniely Cardoso\" \/>\n<meta name=\"twitter:card\" content=\"summary_large_image\" \/>\n<meta name=\"twitter:label1\" content=\"Escrito por\" \/>\n\t<meta name=\"twitter:data1\" content=\"Daniely Cardoso\" \/>\n\t<meta name=\"twitter:label2\" content=\"Est. tempo de leitura\" \/>\n\t<meta name=\"twitter:data2\" content=\"5 minutos\" \/>\n<!-- \/ Yoast SEO plugin. -->","yoast_head_json":{"title":"Entenda a diferen\u00e7a entre s\u00e9rum, creme e gel e veja o ideal para sua pele","description":"Aprenda a diferen\u00e7a entre s\u00e9rum, creme e gel e descubra qual produto usar na sua rotina para cuidar melhor da pele.","robots":{"index":"index","follow":"follow","max-snippet":"max-snippet:-1","max-image-preview":"max-image-preview:large","max-video-preview":"max-video-preview:-1"},"canonical":"https:\/\/www.em.com.br\/emfoco\/2025\/06\/17\/entenda-a-diferenca-entre-serum-creme-e-gel-e-veja-o-ideal-para-sua-pele\/","og_locale":"pt_BR","og_type":"article","og_title":"Entenda a diferen\u00e7a entre s\u00e9rum, creme e gel e veja o ideal para sua pele","og_description":"Aprenda a diferen\u00e7a entre s\u00e9rum, creme e gel e descubra qual produto usar na sua rotina para cuidar melhor da pele.","og_url":"https:\/\/www.em.com.br\/emfoco\/2025\/06\/17\/entenda-a-diferenca-entre-serum-creme-e-gel-e-veja-o-ideal-para-sua-pele\/","og_site_name":"Estado de Minas - Em foco","article_published_time":"2025-06-17T13:40:18+00:00","article_modified_time":"2025-06-17T00:02:26+00:00","og_image":[{"width":1280,"height":720,"url":"https:\/\/www.em.com.br\/emfoco\/wp-content\/uploads\/2025\/06\/creme-de-rosto_1750091426504.jpg","type":"image\/jpeg"}],"author":"Daniely Cardoso","twitter_card":"summary_large_image","twitter_misc":{"Escrito por":"Daniely Cardoso","Est. tempo de leitura":"5 minutos"},"schema":{"@context":"https:\/\/schema.org","@graph":[{"@type":"WebPage","@id":"https:\/\/www.em.com.br\/emfoco\/2025\/06\/17\/entenda-a-diferenca-entre-serum-creme-e-gel-e-veja-o-ideal-para-sua-pele\/","url":"https:\/\/www.em.com.br\/emfoco\/2025\/06\/17\/entenda-a-diferenca-entre-serum-creme-e-gel-e-veja-o-ideal-para-sua-pele\/","name":"Entenda a diferen\u00e7a entre s\u00e9rum, creme e gel e veja o ideal para sua pele","isPartOf":{"@id":"https:\/\/www.em.com.br\/emfoco\/#website"},"primaryImageOfPage":{"@id":"https:\/\/www.em.com.br\/emfoco\/2025\/06\/17\/entenda-a-diferenca-entre-serum-creme-e-gel-e-veja-o-ideal-para-sua-pele\/#primaryimage"},"image":{"@id":"https:\/\/www.em.com.br\/emfoco\/2025\/06\/17\/entenda-a-diferenca-entre-serum-creme-e-gel-e-veja-o-ideal-para-sua-pele\/#primaryimage"},"thumbnailUrl":"https:\/\/www.em.com.br\/emfoco\/wp-content\/uploads\/2025\/06\/creme-de-rosto_1750091426504.jpg","datePublished":"2025-06-17T13:40:18+00:00","dateModified":"2025-06-17T00:02:26+00:00","author":{"@id":"https:\/\/www.em.com.br\/emfoco\/#\/schema\/person\/0a8186d72f2c3a5c6276d90b41f271a0"},"description":"Aprenda a diferen\u00e7a entre s\u00e9rum, creme e gel e descubra qual produto usar na sua rotina para cuidar melhor da pele.","breadcrumb":{"@id":"https:\/\/www.em.com.br\/emfoco\/2025\/06\/17\/entenda-a-diferenca-entre-serum-creme-e-gel-e-veja-o-ideal-para-sua-pele\/#breadcrumb"},"inLanguage":"pt-BR","potentialAction":[{"@type":"ReadAction","target":["https:\/\/www.em.com.br\/emfoco\/2025\/06\/17\/entenda-a-diferenca-entre-serum-creme-e-gel-e-veja-o-ideal-para-sua-pele\/"]}]},{"@type":"ImageObject","inLanguage":"pt-BR","@id":"https:\/\/www.em.com.br\/emfoco\/2025\/06\/17\/entenda-a-diferenca-entre-serum-creme-e-gel-e-veja-o-ideal-para-sua-pele\/#primaryimage","url":"https:\/\/www.em.com.br\/emfoco\/wp-content\/uploads\/2025\/06\/creme-de-rosto_1750091426504.jpg","contentUrl":"https:\/\/www.em.com.br\/emfoco\/wp-content\/uploads\/2025\/06\/creme-de-rosto_1750091426504.jpg","width":1280,"height":720,"caption":"Creme de rosto - Cr\u00e9ditos: depositphotos.com \/ AllaSerebrina"},{"@type":"BreadcrumbList","@id":"https:\/\/www.em.com.br\/emfoco\/2025\/06\/17\/entenda-a-diferenca-entre-serum-creme-e-gel-e-veja-o-ideal-para-sua-pele\/#breadcrumb","itemListElement":[{"@type":"ListItem","position":1,"name":"In\u00edcio","item":"https:\/\/www.em.com.br\/emfoco\/"},{"@type":"ListItem","position":2,"name":"Entenda a diferen\u00e7a entre s\u00e9rum, creme e gel e veja o ideal para sua pele"}]},{"@type":"WebSite","@id":"https:\/\/www.em.com.br\/emfoco\/#website","url":"https:\/\/www.em.com.br\/emfoco\/","name":"Estado de Minas - Em foco","description":"Acompanhe as \u00faltimas not\u00edcias e fique bem informado sobre tudo o que acontece em Minas Gerais, Brasil e no mundo.","potentialAction":[{"@type":"SearchAction","target":{"@type":"EntryPoint","urlTemplate":"https:\/\/www.em.com.br\/emfoco\/?s={search_term_string}"},"query-input":{"@type":"PropertyValueSpecification","valueRequired":true,"valueName":"search_term_string"}}],"inLanguage":"pt-BR"},{"@type":"Person","@id":"https:\/\/www.em.com.br\/emfoco\/#\/schema\/person\/0a8186d72f2c3a5c6276d90b41f271a0","name":"Daniely Cardoso","image":{"@type":"ImageObject","inLanguage":"pt-BR","@id":"https:\/\/www.em.com.br\/emfoco\/#\/schema\/person\/image\/","url":"https:\/\/secure.gravatar.com\/avatar\/4b80ddbd124d1f071b626d52d62e5dff?s=96&d=mm&r=g","contentUrl":"https:\/\/secure.gravatar.com\/avatar\/4b80ddbd124d1f071b626d52d62e5dff?s=96&d=mm&r=g","caption":"Daniely Cardoso"},"url":"https:\/\/www.em.com.br\/emfoco\/author\/danielymyth\/"}]}},"_links":{"self":[{"href":"https:\/\/www.em.com.br\/emfoco\/wp-json\/wp\/v2\/posts\/61613","targetHints":{"allow":["GET"]}}],"collection":[{"href":"https:\/\/www.em.com.br\/emfoco\/wp-json\/wp\/v2\/posts"}],"about":[{"href":"https:\/\/www.em.com.br\/emfoco\/wp-json\/wp\/v2\/types\/post"}],"author":[{"embeddable":true,"href":"https:\/\/www.em.com.br\/emfoco\/wp-json\/wp\/v2\/users\/9"}],"replies":[{"embeddable":true,"href":"https:\/\/www.em.com.br\/emfoco\/wp-json\/wp\/v2\/comments?post=61613"}],"version-history":[{"count":2,"href":"https:\/\/www.em.com.br\/emfoco\/wp-json\/wp\/v2\/posts\/61613\/revisions"}],"predecessor-version":[{"id":61630,"href":"https:\/\/www.em.com.br\/emfoco\/wp-json\/wp\/v2\/posts\/61613\/revisions\/61630"}],"wp:featuredmedia":[{"embeddable":true,"href":"https:\/\/www.em.com.br\/emfoco\/wp-json\/wp\/v2\/media\/61616"}],"wp:attachment":[{"href":"https:\/\/www.em.com.br\/emfoco\/wp-json\/wp\/v2\/media?parent=61613"}],"wp:term":[{"taxonomy":"category","embeddable":true,"href":"https:\/\/www.em.com.br\/emfoco\/wp-json\/wp\/v2\/categories?post=61613"},{"taxonomy":"post_tag","embeddable":true,"href":"https:\/\/www.em.com.br\/emfoco\/wp-json\/wp\/v2\/tags?post=61613"}],"curies":[{"name":"wp","href":"https:\/\/api.w.org\/{rel}","templated":true}]}}