{"id":61486,"date":"2025-06-17T21:20:00","date_gmt":"2025-06-18T00:20:00","guid":{"rendered":"https:\/\/www.em.com.br\/emfoco\/?p=61486"},"modified":"2025-06-16T21:17:44","modified_gmt":"2025-06-17T00:17:44","slug":"as-3-cidades-brasileiras-com-melhor-saneamento-basico-e-menor-desigualdade","status":"publish","type":"post","link":"https:\/\/www.em.com.br\/emfoco\/2025\/06\/17\/as-3-cidades-brasileiras-com-melhor-saneamento-basico-e-menor-desigualdade\/","title":{"rendered":"As 3 cidades brasileiras com melhor saneamento b\u00e1sico e menor desigualdade"},"content":{"rendered":"\n<p>O cen\u00e1rio do saneamento b\u00e1sico no Brasil apresenta avan\u00e7os significativos em algumas cidades, que se destacam por oferecer servi\u00e7os de qualidade \u00e0 popula\u00e7\u00e3o. <strong>Em 2025, tr\u00eas munic\u00edpios aparecem como refer\u00eancia nacional, combinando altos \u00edndices de acesso \u00e0 \u00e1gua tratada, coleta e tratamento de esgoto, al\u00e9m de pol\u00edticas p\u00fablicas que promovem a redu\u00e7\u00e3o da desigualdade social.<\/strong><\/p>\n\n\n\n<p>Essas cidades investem continuamente em infraestrutura, educa\u00e7\u00e3o ambiental e inclus\u00e3o social, proporcionando melhor qualidade de vida aos moradores. Os resultados positivos s\u00e3o reflexo de uma gest\u00e3o eficiente e de parcerias entre o setor p\u00fablico e privado, que buscam solu\u00e7\u00f5es inovadoras para os desafios urbanos. Cidades como <strong>Florian\u00f3polis<\/strong>, <strong>Santos <\/strong>e <strong>Maring\u00e1<\/strong> tamb\u00e9m recebem reconhecimento nacional em rankings do <strong>Instituto Trata Brasil<\/strong> e do <strong><a href=\"https:\/\/www.gov.br\/cidades\/pt-br\/acesso-a-informacao\/acoes-e-programas\/saneamento\/snis\" target=\"_blank\" rel=\"noreferrer noopener\">Sistema Nacional de Informa\u00e7\u00f5es sobre Saneamento <\/a><\/strong>(SNIS), comprovando a excel\u00eancia dos servi\u00e7os ofertados.<\/p>\n\n\n\n<h2 class=\"wp-block-heading\">Como Florian\u00f3polis se tornou um exemplo em saneamento e igualdade?<\/h2>\n\n\n\n<p><strong>Florian\u00f3polis, capital de Santa Catarina, consolidou-se como uma das cidades com melhor saneamento b\u00e1sico do pa\u00eds.<\/strong> O munic\u00edpio alcan\u00e7ou \u00edndices elevados de abastecimento de \u00e1gua pot\u00e1vel e tratamento de esgoto, atendendo praticamente toda a popula\u00e7\u00e3o urbana. O investimento em tecnologias sustent\u00e1veis e a preocupa\u00e7\u00e3o com a preserva\u00e7\u00e3o ambiental s\u00e3o pontos fortes da gest\u00e3o local.<\/p>\n\n\n\n<p><strong>Al\u00e9m dos avan\u00e7os em infraestrutura, Florian\u00f3polis implementou pol\u00edticas de inclus\u00e3o social, reduzindo disparidades entre diferentes regi\u00f5es da cidade.<\/strong> Projetos de regulariza\u00e7\u00e3o fundi\u00e1ria e acesso a servi\u00e7os essenciais contribu\u00edram para diminuir a desigualdade, tornando a capital catarinense um modelo a ser seguido em outras partes do Brasil. Recentemente, a cidade tamb\u00e9m ampliou iniciativas de reciclagem e reuso de \u00e1gua, contribuindo ainda mais para a sustentabilidade urbana.<\/p>\n\n\n\n<figure class=\"wp-block-image size-large\"><img loading=\"lazy\" decoding=\"async\" width=\"1024\" height=\"576\" src=\"https:\/\/www.em.com.br\/emfoco\/wp-content\/uploads\/2025\/04\/Florianopolis_1744469732519-1024x576.jpg\" alt=\"O para\u00edso brasileiro que virou desejo de quem busca viver melhor\" class=\"wp-image-37848\" srcset=\"https:\/\/www.em.com.br\/emfoco\/wp-content\/uploads\/2025\/04\/Florianopolis_1744469732519-1024x576.jpg 1024w, https:\/\/www.em.com.br\/emfoco\/wp-content\/uploads\/2025\/04\/Florianopolis_1744469732519-300x169.jpg 300w, https:\/\/www.em.com.br\/emfoco\/wp-content\/uploads\/2025\/04\/Florianopolis_1744469732519-768x432.jpg 768w, https:\/\/www.em.com.br\/emfoco\/wp-content\/uploads\/2025\/04\/Florianopolis_1744469732519-750x422.jpg 750w, https:\/\/www.em.com.br\/emfoco\/wp-content\/uploads\/2025\/04\/Florianopolis_1744469732519-1140x641.jpg 1140w, https:\/\/www.em.com.br\/emfoco\/wp-content\/uploads\/2025\/04\/Florianopolis_1744469732519.jpg 1280w\" sizes=\"auto, (max-width: 1024px) 100vw, 1024px\" \/><figcaption class=\"wp-element-caption\">Florian\u00f3polis, Santa Catarina &#8211; Cr\u00e9ditos: depositphotos.com \/ Keola<\/figcaption><\/figure>\n\n\n\n<h2 class=\"wp-block-heading\">Por que Santos \u00e9 refer\u00eancia nacional em saneamento b\u00e1sico?<\/h2>\n\n\n\n<p><strong>Santos, localizada no litoral paulista, \u00e9 reconhecida por sua efici\u00eancia na gest\u00e3o do saneamento b\u00e1sico.<\/strong> A cidade mant\u00e9m \u00edndices pr\u00f3ximos a 100% de cobertura de \u00e1gua tratada e coleta de esgoto, al\u00e9m de investir em sistemas modernos de tratamento. O compromisso com a sa\u00fade p\u00fablica e o meio ambiente \u00e9 evidente nas a\u00e7\u00f5es desenvolvidas ao longo dos anos.<\/p>\n\n\n\n<p><strong>O munic\u00edpio tamb\u00e9m se destaca por pol\u00edticas que visam a inclus\u00e3o social e a redu\u00e7\u00e3o das desigualdades.<\/strong> Programas de habita\u00e7\u00e3o, acesso \u00e0 educa\u00e7\u00e3o e iniciativas de gera\u00e7\u00e3o de renda s\u00e3o exemplos de medidas que promovem maior equidade entre os habitantes, consolidando Santos como uma das cidades mais equilibradas do pa\u00eds em 2025. Adicionalmente, Santos investe em transpar\u00eancia das informa\u00e7\u00f5es sobre saneamento, promovendo a participa\u00e7\u00e3o da sociedade civil na fiscaliza\u00e7\u00e3o e planejamento das pol\u00edticas p\u00fablicas.<\/p>\n\n\n\n<figure class=\"wp-block-image size-large\"><img loading=\"lazy\" decoding=\"async\" width=\"1024\" height=\"576\" src=\"https:\/\/www.em.com.br\/emfoco\/wp-content\/uploads\/2025\/04\/Santos-Sao-Paulo_1746017545309-1024x576.jpg\" alt=\"Essa cidade de S\u00e3o Paulo encanta com suas praias e infraestrutura exemplar\" class=\"wp-image-42926\" srcset=\"https:\/\/www.em.com.br\/emfoco\/wp-content\/uploads\/2025\/04\/Santos-Sao-Paulo_1746017545309-1024x576.jpg 1024w, https:\/\/www.em.com.br\/emfoco\/wp-content\/uploads\/2025\/04\/Santos-Sao-Paulo_1746017545309-300x169.jpg 300w, https:\/\/www.em.com.br\/emfoco\/wp-content\/uploads\/2025\/04\/Santos-Sao-Paulo_1746017545309-768x432.jpg 768w, https:\/\/www.em.com.br\/emfoco\/wp-content\/uploads\/2025\/04\/Santos-Sao-Paulo_1746017545309-750x422.jpg 750w, https:\/\/www.em.com.br\/emfoco\/wp-content\/uploads\/2025\/04\/Santos-Sao-Paulo_1746017545309-1140x641.jpg 1140w, https:\/\/www.em.com.br\/emfoco\/wp-content\/uploads\/2025\/04\/Santos-Sao-Paulo_1746017545309.jpg 1280w\" sizes=\"auto, (max-width: 1024px) 100vw, 1024px\" \/><figcaption class=\"wp-element-caption\">Santos, S\u00e3o Paulo &#8211; Cr\u00e9ditos: depositphotos.com \/ vbacarin<\/figcaption><\/figure>\n\n\n\n<h2 class=\"wp-block-heading\">O que faz Maring\u00e1 se destacar entre as cidades mais igualit\u00e1rias do Brasil?<\/h2>\n\n\n\n<p><strong>Maring\u00e1, no interior do Paran\u00e1, figura entre os munic\u00edpios com melhor desempenho em saneamento b\u00e1sico e menor desigualdade social.<\/strong> A cidade investiu em redes de distribui\u00e7\u00e3o de \u00e1gua e coleta de esgoto, garantindo que praticamente todos os moradores tenham acesso a esses servi\u00e7os essenciais. A preocupa\u00e7\u00e3o com a sustentabilidade tamb\u00e9m est\u00e1 presente em projetos de reuso de \u00e1gua e prote\u00e7\u00e3o de mananciais.<\/p>\n\n\n\n<p><strong>No campo social, Maring\u00e1 adota pol\u00edticas p\u00fablicas que buscam integrar diferentes segmentos da popula\u00e7\u00e3o.<\/strong> A oferta de servi\u00e7os de sa\u00fade, educa\u00e7\u00e3o e lazer em todas as regi\u00f5es do munic\u00edpio contribui para a redu\u00e7\u00e3o das diferen\u00e7as socioecon\u00f4micas, tornando Maring\u00e1 um exemplo de desenvolvimento urbano equilibrado. Em 2025, <strong><a href=\"https:\/\/www.em.com.br\/emfoco\/2025\/06\/11\/poucas-pessoas-conhecem-mas-e-uma-das-cidades-planejadas-com-maior-qualidade-de-vida-do-brasil\/\" target=\"_blank\" rel=\"noreferrer noopener\">Maring\u00e1 <\/a><\/strong>tamb\u00e9m avan\u00e7ou em campanhas educativas para o uso consciente da \u00e1gua, refor\u00e7ando o exemplo nacional de responsabilidade social e ambiental.<\/p>\n\n\n\n<figure class=\"wp-block-image size-large\"><img loading=\"lazy\" decoding=\"async\" width=\"1024\" height=\"576\" src=\"https:\/\/www.em.com.br\/emfoco\/wp-content\/uploads\/2025\/04\/Maringa-Parana_1745327477286-1024x576.jpg\" alt=\"Essa cidade mostra como o planejamento urbano pode transformar vidas\" class=\"wp-image-40382\" srcset=\"https:\/\/www.em.com.br\/emfoco\/wp-content\/uploads\/2025\/04\/Maringa-Parana_1745327477286-1024x576.jpg 1024w, https:\/\/www.em.com.br\/emfoco\/wp-content\/uploads\/2025\/04\/Maringa-Parana_1745327477286-300x169.jpg 300w, https:\/\/www.em.com.br\/emfoco\/wp-content\/uploads\/2025\/04\/Maringa-Parana_1745327477286-768x432.jpg 768w, https:\/\/www.em.com.br\/emfoco\/wp-content\/uploads\/2025\/04\/Maringa-Parana_1745327477286-750x422.jpg 750w, https:\/\/www.em.com.br\/emfoco\/wp-content\/uploads\/2025\/04\/Maringa-Parana_1745327477286-1140x641.jpg 1140w, https:\/\/www.em.com.br\/emfoco\/wp-content\/uploads\/2025\/04\/Maringa-Parana_1745327477286.jpg 1280w\" sizes=\"auto, (max-width: 1024px) 100vw, 1024px\" \/><figcaption class=\"wp-element-caption\">Maring\u00e1, Paran\u00e1 &#8211; Cr\u00e9ditos: depositphotos.com \/ Rdziura<\/figcaption><\/figure>\n\n\n\n<h2 class=\"wp-block-heading\">Quais fatores impulsionam o sucesso dessas cidades no saneamento e na redu\u00e7\u00e3o da desigualdade?<\/h2>\n\n\n\n<p><strong>O \u00eaxito de Florian\u00f3polis, Santos e Maring\u00e1 est\u00e1 diretamente ligado \u00e0 combina\u00e7\u00e3o de gest\u00e3o eficiente, investimentos cont\u00ednuos e participa\u00e7\u00e3o da sociedade civil.<\/strong> A implementa\u00e7\u00e3o de tecnologias modernas, o monitoramento constante dos servi\u00e7os e a transpar\u00eancia nas a\u00e7\u00f5es p\u00fablicas s\u00e3o elementos fundamentais para alcan\u00e7ar resultados expressivos.<\/p>\n\n\n\n<p><strong>Al\u00e9m disso, o envolvimento da popula\u00e7\u00e3o em projetos de educa\u00e7\u00e3o ambiental e cidadania fortalece o compromisso coletivo com a qualidade de vida.<\/strong> Essas cidades demonstram que \u00e9 poss\u00edvel avan\u00e7ar no saneamento b\u00e1sico e promover a igualdade social, servindo de inspira\u00e7\u00e3o para outros munic\u00edpios brasileiros que buscam transformar a realidade local.<\/p>\n","protected":false},"excerpt":{"rendered":"<p>O cen\u00e1rio do saneamento b\u00e1sico no Brasil apresenta avan\u00e7os significativos em algumas cidades, que se destacam por oferecer servi\u00e7os de qualidade \u00e0 popula\u00e7\u00e3o. Em 2025, tr\u00eas munic\u00edpios aparecem como refer\u00eancia nacional, combinando altos \u00edndices de acesso \u00e0 \u00e1gua tratada, coleta e tratamento de esgoto, al\u00e9m de pol\u00edticas p\u00fablicas que promovem a redu\u00e7\u00e3o da desigualdade social. [&hellip;]<\/p>\n","protected":false},"author":13,"featured_media":61524,"comment_status":"open","ping_status":"open","sticky":false,"template":"","format":"standard","meta":{"jnews-multi-image_gallery":[],"jnews_single_post":{"format":"standard"},"jnews_primary_category":[],"jnews_social_meta":[],"jnews_override_counter":[],"footnotes":""},"categories":[26],"tags":[1613,10481,10480,845],"class_list":["post-61486","post","type-post","status-publish","format-standard","has-post-thumbnail","hentry","category-cidades","tag-floripa","tag-igualdade-social","tag-saneamento-basico","tag-santos"],"yoast_head":"<!-- This site is optimized with the Yoast SEO plugin v23.8 - https:\/\/yoast.com\/wordpress\/plugins\/seo\/ -->\n<title>As 3 cidades brasileiras com melhor saneamento b\u00e1sico e menor desigualdade - Estado de Minas - Em foco<\/title>\n<meta name=\"description\" content=\"Gest\u00e3o p\u00fablica de qualidade e cidadania ativa colocaram essas 3 cidades no topo da lista de saneamento e justi\u00e7a social.\" \/>\n<meta name=\"robots\" content=\"index, follow, max-snippet:-1, max-image-preview:large, max-video-preview:-1\" \/>\n<link rel=\"canonical\" href=\"https:\/\/www.em.com.br\/emfoco\/2025\/06\/17\/as-3-cidades-brasileiras-com-melhor-saneamento-basico-e-menor-desigualdade\/\" \/>\n<meta property=\"og:locale\" content=\"pt_BR\" \/>\n<meta property=\"og:type\" content=\"article\" \/>\n<meta property=\"og:title\" content=\"As 3 cidades brasileiras com melhor saneamento b\u00e1sico e menor desigualdade - Estado de Minas - Em foco\" \/>\n<meta property=\"og:description\" content=\"Gest\u00e3o p\u00fablica de qualidade e cidadania ativa colocaram essas 3 cidades no topo da lista de saneamento e justi\u00e7a social.\" \/>\n<meta property=\"og:url\" content=\"https:\/\/www.em.com.br\/emfoco\/2025\/06\/17\/as-3-cidades-brasileiras-com-melhor-saneamento-basico-e-menor-desigualdade\/\" \/>\n<meta property=\"og:site_name\" content=\"Estado de Minas - Em foco\" \/>\n<meta property=\"article:published_time\" content=\"2025-06-18T00:20:00+00:00\" \/>\n<meta property=\"article:modified_time\" content=\"2025-06-17T00:17:44+00:00\" \/>\n<meta property=\"og:image\" content=\"https:\/\/www.em.com.br\/emfoco\/wp-content\/uploads\/2025\/06\/saneamento_1750085098031.jpg\" \/>\n\t<meta property=\"og:image:width\" content=\"1280\" \/>\n\t<meta property=\"og:image:height\" content=\"720\" \/>\n\t<meta property=\"og:image:type\" content=\"image\/jpeg\" \/>\n<meta name=\"author\" content=\"Gabriel Martins\" \/>\n<meta name=\"twitter:card\" content=\"summary_large_image\" \/>\n<meta name=\"twitter:label1\" content=\"Escrito por\" \/>\n\t<meta name=\"twitter:data1\" content=\"Gabriel Martins\" \/>\n\t<meta name=\"twitter:label2\" content=\"Est. tempo de leitura\" \/>\n\t<meta name=\"twitter:data2\" content=\"5 minutos\" \/>\n<!-- \/ Yoast SEO plugin. -->","yoast_head_json":{"title":"As 3 cidades brasileiras com melhor saneamento b\u00e1sico e menor desigualdade - Estado de Minas - Em foco","description":"Gest\u00e3o p\u00fablica de qualidade e cidadania ativa colocaram essas 3 cidades no topo da lista de saneamento e justi\u00e7a social.","robots":{"index":"index","follow":"follow","max-snippet":"max-snippet:-1","max-image-preview":"max-image-preview:large","max-video-preview":"max-video-preview:-1"},"canonical":"https:\/\/www.em.com.br\/emfoco\/2025\/06\/17\/as-3-cidades-brasileiras-com-melhor-saneamento-basico-e-menor-desigualdade\/","og_locale":"pt_BR","og_type":"article","og_title":"As 3 cidades brasileiras com melhor saneamento b\u00e1sico e menor desigualdade - Estado de Minas - Em foco","og_description":"Gest\u00e3o p\u00fablica de qualidade e cidadania ativa colocaram essas 3 cidades no topo da lista de saneamento e justi\u00e7a social.","og_url":"https:\/\/www.em.com.br\/emfoco\/2025\/06\/17\/as-3-cidades-brasileiras-com-melhor-saneamento-basico-e-menor-desigualdade\/","og_site_name":"Estado de Minas - Em foco","article_published_time":"2025-06-18T00:20:00+00:00","article_modified_time":"2025-06-17T00:17:44+00:00","og_image":[{"width":1280,"height":720,"url":"https:\/\/www.em.com.br\/emfoco\/wp-content\/uploads\/2025\/06\/saneamento_1750085098031.jpg","type":"image\/jpeg"}],"author":"Gabriel Martins","twitter_card":"summary_large_image","twitter_misc":{"Escrito por":"Gabriel Martins","Est. tempo de leitura":"5 minutos"},"schema":{"@context":"https:\/\/schema.org","@graph":[{"@type":"WebPage","@id":"https:\/\/www.em.com.br\/emfoco\/2025\/06\/17\/as-3-cidades-brasileiras-com-melhor-saneamento-basico-e-menor-desigualdade\/","url":"https:\/\/www.em.com.br\/emfoco\/2025\/06\/17\/as-3-cidades-brasileiras-com-melhor-saneamento-basico-e-menor-desigualdade\/","name":"As 3 cidades brasileiras com melhor saneamento b\u00e1sico e menor desigualdade - Estado de Minas - Em foco","isPartOf":{"@id":"https:\/\/www.em.com.br\/emfoco\/#website"},"primaryImageOfPage":{"@id":"https:\/\/www.em.com.br\/emfoco\/2025\/06\/17\/as-3-cidades-brasileiras-com-melhor-saneamento-basico-e-menor-desigualdade\/#primaryimage"},"image":{"@id":"https:\/\/www.em.com.br\/emfoco\/2025\/06\/17\/as-3-cidades-brasileiras-com-melhor-saneamento-basico-e-menor-desigualdade\/#primaryimage"},"thumbnailUrl":"https:\/\/www.em.com.br\/emfoco\/wp-content\/uploads\/2025\/06\/saneamento_1750085098031.jpg","datePublished":"2025-06-18T00:20:00+00:00","dateModified":"2025-06-17T00:17:44+00:00","author":{"@id":"https:\/\/www.em.com.br\/emfoco\/#\/schema\/person\/1c9ddeab18b98abeffef834667bcf08a"},"description":"Gest\u00e3o p\u00fablica de qualidade e cidadania ativa colocaram essas 3 cidades no topo da lista de saneamento e justi\u00e7a social.","breadcrumb":{"@id":"https:\/\/www.em.com.br\/emfoco\/2025\/06\/17\/as-3-cidades-brasileiras-com-melhor-saneamento-basico-e-menor-desigualdade\/#breadcrumb"},"inLanguage":"pt-BR","potentialAction":[{"@type":"ReadAction","target":["https:\/\/www.em.com.br\/emfoco\/2025\/06\/17\/as-3-cidades-brasileiras-com-melhor-saneamento-basico-e-menor-desigualdade\/"]}]},{"@type":"ImageObject","inLanguage":"pt-BR","@id":"https:\/\/www.em.com.br\/emfoco\/2025\/06\/17\/as-3-cidades-brasileiras-com-melhor-saneamento-basico-e-menor-desigualdade\/#primaryimage","url":"https:\/\/www.em.com.br\/emfoco\/wp-content\/uploads\/2025\/06\/saneamento_1750085098031.jpg","contentUrl":"https:\/\/www.em.com.br\/emfoco\/wp-content\/uploads\/2025\/06\/saneamento_1750085098031.jpg","width":1280,"height":720,"caption":"Imagem ilustrativa de saneamento - Cr\u00e9ditos: depositphotos.com \/ gyn9037"},{"@type":"BreadcrumbList","@id":"https:\/\/www.em.com.br\/emfoco\/2025\/06\/17\/as-3-cidades-brasileiras-com-melhor-saneamento-basico-e-menor-desigualdade\/#breadcrumb","itemListElement":[{"@type":"ListItem","position":1,"name":"In\u00edcio","item":"https:\/\/www.em.com.br\/emfoco\/"},{"@type":"ListItem","position":2,"name":"As 3 cidades brasileiras com melhor saneamento b\u00e1sico e menor desigualdade"}]},{"@type":"WebSite","@id":"https:\/\/www.em.com.br\/emfoco\/#website","url":"https:\/\/www.em.com.br\/emfoco\/","name":"Estado de Minas - Em foco","description":"Acompanhe as \u00faltimas not\u00edcias e fique bem informado sobre tudo o que acontece em Minas Gerais, Brasil e no mundo.","potentialAction":[{"@type":"SearchAction","target":{"@type":"EntryPoint","urlTemplate":"https:\/\/www.em.com.br\/emfoco\/?s={search_term_string}"},"query-input":{"@type":"PropertyValueSpecification","valueRequired":true,"valueName":"search_term_string"}}],"inLanguage":"pt-BR"},{"@type":"Person","@id":"https:\/\/www.em.com.br\/emfoco\/#\/schema\/person\/1c9ddeab18b98abeffef834667bcf08a","name":"Gabriel Martins","image":{"@type":"ImageObject","inLanguage":"pt-BR","@id":"https:\/\/www.em.com.br\/emfoco\/#\/schema\/person\/image\/","url":"https:\/\/secure.gravatar.com\/avatar\/f0f1e2efdfd88f1ad2cb08c5c2731e50?s=96&d=mm&r=g","contentUrl":"https:\/\/secure.gravatar.com\/avatar\/f0f1e2efdfd88f1ad2cb08c5c2731e50?s=96&d=mm&r=g","caption":"Gabriel Martins"},"sameAs":["https:\/\/www.em.com.br\/emfoco\/"],"url":"https:\/\/www.em.com.br\/emfoco\/author\/gabrielmartinsmyth\/"}]}},"_links":{"self":[{"href":"https:\/\/www.em.com.br\/emfoco\/wp-json\/wp\/v2\/posts\/61486","targetHints":{"allow":["GET"]}}],"collection":[{"href":"https:\/\/www.em.com.br\/emfoco\/wp-json\/wp\/v2\/posts"}],"about":[{"href":"https:\/\/www.em.com.br\/emfoco\/wp-json\/wp\/v2\/types\/post"}],"author":[{"embeddable":true,"href":"https:\/\/www.em.com.br\/emfoco\/wp-json\/wp\/v2\/users\/13"}],"replies":[{"embeddable":true,"href":"https:\/\/www.em.com.br\/emfoco\/wp-json\/wp\/v2\/comments?post=61486"}],"version-history":[{"count":2,"href":"https:\/\/www.em.com.br\/emfoco\/wp-json\/wp\/v2\/posts\/61486\/revisions"}],"predecessor-version":[{"id":61525,"href":"https:\/\/www.em.com.br\/emfoco\/wp-json\/wp\/v2\/posts\/61486\/revisions\/61525"}],"wp:featuredmedia":[{"embeddable":true,"href":"https:\/\/www.em.com.br\/emfoco\/wp-json\/wp\/v2\/media\/61524"}],"wp:attachment":[{"href":"https:\/\/www.em.com.br\/emfoco\/wp-json\/wp\/v2\/media?parent=61486"}],"wp:term":[{"taxonomy":"category","embeddable":true,"href":"https:\/\/www.em.com.br\/emfoco\/wp-json\/wp\/v2\/categories?post=61486"},{"taxonomy":"post_tag","embeddable":true,"href":"https:\/\/www.em.com.br\/emfoco\/wp-json\/wp\/v2\/tags?post=61486"}],"curies":[{"name":"wp","href":"https:\/\/api.w.org\/{rel}","templated":true}]}}