{"id":61417,"date":"2025-06-17T11:20:00","date_gmt":"2025-06-17T14:20:00","guid":{"rendered":"https:\/\/www.em.com.br\/emfoco\/?p=61417"},"modified":"2025-06-17T09:39:04","modified_gmt":"2025-06-17T12:39:04","slug":"o-feriado-mais-intenso-e-simbolico-esta-chegando-com-4-dias-de-festa","status":"publish","type":"post","link":"https:\/\/www.em.com.br\/emfoco\/2025\/06\/17\/o-feriado-mais-intenso-e-simbolico-esta-chegando-com-4-dias-de-festa\/","title":{"rendered":"O feriado mais intenso e simb\u00f3lico est\u00e1 chegando com 4 dias de festa"},"content":{"rendered":"\n<p>Em\u00a0<strong>junho de 2025<\/strong>, os moradores de\u00a0<strong><a href=\"https:\/\/www.em.com.br\/emfoco\/2025\/06\/15\/o-bairro-mais-rico-de-barcelona-surpreende-pelo-luxo-e-qualidade-de-vida\/\" target=\"_blank\" rel=\"noreferrer noopener\">Barcelona<\/a><\/strong>\u00a0e de toda a\u00a0<strong>Catalunha<\/strong>\u00a0se preparam para um dos momentos mais aguardados do calend\u00e1rio local: o<a href=\"https:\/\/yes-mallorca-property.com\/blog\/mallorca\/celebrating-the-sant-joan-festival-in-mallorca-a-guide-to-the-island-s-biggest-summer-party\/\" target=\"_blank\" rel=\"noreferrer noopener\"> feriado de\u00a0<strong>Sant Joan<\/strong><\/a>. Este evento, celebrado anualmente, proporciona aos barceloneses a oportunidade de desfrutar de um raro e prolongado recesso, transformando a rotina da cidade e marcando o in\u00edcio simb\u00f3lico do ver\u00e3o.<\/p>\n\n\n\n<p>A data, que neste ano cai em uma&nbsp;<strong>ter\u00e7a-feira<\/strong>, permite que muitos aproveitem um feriado prolongado de quatro dias, caso consigam folgar tamb\u00e9m na segunda-feira. O clima de expectativa toma conta das ruas, j\u00e1 que a festividade \u00e9 conhecida por reunir fam\u00edlias e amigos em celebra\u00e7\u00f5es que atravessam a noite e se estendem at\u00e9 o amanhecer.<\/p>\n\n\n\n<h2 class=\"wp-block-heading\">O que \u00e9 a festa de Sant Joan?<\/h2>\n\n\n\n<p>A&nbsp;<strong>Festa de Sant Joan<\/strong>, ou&nbsp;<strong>S\u00e3o Jo\u00e3o Batista<\/strong>, \u00e9 uma das tradi\u00e7\u00f5es mais enraizadas na cultura catal\u00e3. Embora tenha origem religiosa, a celebra\u00e7\u00e3o ganhou contornos populares e se tornou sin\u00f4nimo de alegria e renova\u00e7\u00e3o. O evento ocorre na noite de&nbsp;<strong>23 para 24 de junho<\/strong>, considerada a mais curta do ano, e \u00e9 marcada por rituais que simbolizam a chegada do ver\u00e3o e a purifica\u00e7\u00e3o.<\/p>\n\n\n\n<p>Entre os elementos mais caracter\u00edsticos est\u00e3o as fogueiras, que iluminam pra\u00e7as e praias, e os fogos de artif\u00edcio, que enchem o c\u00e9u de cores e sons. Muitas fam\u00edlias e grupos de amigos se re\u00fanem ao ar livre para compartilhar comidas t\u00edpicas, como a tradicional&nbsp;<strong>coca de Sant Joan<\/strong>, um doce que n\u00e3o pode faltar na mesa durante a celebra\u00e7\u00e3o.<\/p>\n\n\n\n<h2 class=\"wp-block-heading\">Por que o feriado de Sant Joan \u00e9 t\u00e3o especial em Barcelona?<\/h2>\n\n\n\n<p>O feriado de Sant Joan em Barcelona vai al\u00e9m de uma simples pausa no calend\u00e1rio de trabalho. Ele representa um momento de encontro e celebra\u00e7\u00e3o coletiva, onde a cidade se transforma em um grande palco de festividades. As praias se tornam pontos de encontro para banhos noturnos, rodas de conversa e piqueniques, enquanto os bairros organizam suas pr\u00f3prias verbenas, com m\u00fasica, dan\u00e7a e atividades para todas as idades.<\/p>\n\n\n\n<figure class=\"wp-block-image\"><img decoding=\"async\" src=\"https:\/\/www.em.com.br\/emfoco\/wp-content\/uploads\/2025\/04\/feriado_1743611910798-1024x576.jpg\" alt=\"\"\/><figcaption class=\"wp-element-caption\">Feriado &#8211; Cr\u00e9ditos: depositphotos.com \/ .shock<\/figcaption><\/figure>\n\n\n\n<p>O dia&nbsp;<strong>24 de junho<\/strong>&nbsp;\u00e9 oficialmente feriado em toda a Catalunha, permitindo que a popula\u00e7\u00e3o descanse ap\u00f3s uma noite intensa de comemora\u00e7\u00f5es. A tradi\u00e7\u00e3o da&nbsp;<strong>Flama del Canig\u00f3<\/strong>, que consiste em levar uma chama simb\u00f3lica desde os&nbsp;<strong>Pirineus<\/strong>&nbsp;at\u00e9 diversas cidades catal\u00e3s, refor\u00e7a o sentimento de identidade e uni\u00e3o regional.<\/p>\n\n\n\n<h2 class=\"wp-block-heading\">Como aproveitar o feriado prolongado de Sant Joan em 2025?<\/h2>\n\n\n\n<p>Com o feriado caindo em uma ter\u00e7a-feira, muitos barceloneses j\u00e1 planejam um verdadeiro &#8220;puente&#8221;, aproveitando quatro dias de descanso e lazer. Para quem deseja participar das celebra\u00e7\u00f5es, algumas dicas podem ajudar a tornar a experi\u00eancia ainda mais marcante:<\/p>\n\n\n\n<ul class=\"wp-block-list\">\n<li><strong>Participar das verbenas:<\/strong>\u00a0Diversos bairros organizam festas populares com m\u00fasica ao vivo, comidas t\u00edpicas e atividades para crian\u00e7as e adultos.<\/li>\n\n\n\n<li><strong>Assistir aos fogos de artif\u00edcio:<\/strong>\u00a0Os espet\u00e1culos pirot\u00e9cnicos s\u00e3o um dos pontos altos da noite de Sant Joan, especialmente nas praias.<\/li>\n\n\n\n<li><strong>Experimentar a coca de Sant Joan:<\/strong>\u00a0Este doce tradicional \u00e9 s\u00edmbolo da festa e pode ser encontrado em padarias e confeitarias de toda a cidade.<\/li>\n\n\n\n<li><strong>Banho noturno no mar:<\/strong>\u00a0Muitos acreditam que um mergulho na noite de Sant Joan traz sorte e renova\u00e7\u00e3o para o novo ciclo.<\/li>\n<\/ul>\n\n\n\n<h2 class=\"wp-block-heading\">Quais s\u00e3o as principais tradi\u00e7\u00f5es da noite de Sant Joan?<\/h2>\n\n\n\n<p>A noite de Sant Joan \u00e9 repleta de s\u00edmbolos e costumes que atravessam gera\u00e7\u00f5es. As fogueiras, por exemplo, s\u00e3o acesas para afastar os maus esp\u00edritos e celebrar a luz, enquanto os fogos de artif\u00edcio representam alegria e renova\u00e7\u00e3o. A Flama del Canig\u00f3, trazida de montanha em montanha at\u00e9 chegar \u00e0s cidades, \u00e9 outro ritual importante, marcando o in\u00edcio oficial das festividades.<\/p>\n\n\n\n<p>Al\u00e9m disso, \u00e9 comum ver fam\u00edlias reunidas ao redor de mesas fartas, compartilhando pratos t\u00edpicos e brindando \u00e0 chegada do ver\u00e3o. As praias de Barcelona se enchem de grupos que aproveitam a atmosfera festiva para celebrar juntos, tornando a cidade um dos principais destinos para quem deseja vivenciar a tradi\u00e7\u00e3o de Sant Joan em sua ess\u00eancia.<\/p>\n\n\n\n<p>Com ra\u00edzes profundas na cultura catal\u00e3, o feriado de Sant Joan em 2025 promete movimentar Barcelona e proporcionar momentos de confraterniza\u00e7\u00e3o, tradi\u00e7\u00e3o e renova\u00e7\u00e3o para todos os que participam desta celebra\u00e7\u00e3o \u00fanica.<\/p>\n","protected":false},"excerpt":{"rendered":"<p>Em\u00a0junho de 2025, os moradores de\u00a0Barcelona\u00a0e de toda a\u00a0Catalunha\u00a0se preparam para um dos momentos mais aguardados do calend\u00e1rio local: o feriado de\u00a0Sant Joan. Este evento, celebrado anualmente, proporciona aos barceloneses a oportunidade de desfrutar de um raro e prolongado recesso, transformando a rotina da cidade e marcando o in\u00edcio simb\u00f3lico do ver\u00e3o. A data, que [&hellip;]<\/p>\n","protected":false},"author":11,"featured_media":32847,"comment_status":"open","ping_status":"open","sticky":false,"template":"","format":"standard","meta":{"jnews-multi-image_gallery":[],"jnews_single_post":{"format":"standard"},"jnews_primary_category":[],"jnews_social_meta":[],"jnews_override_counter":[],"footnotes":""},"categories":[8819,1],"tags":[464,2239,263],"class_list":["post-61417","post","type-post","status-publish","format-standard","has-post-thumbnail","hentry","category-curiosidades","category-noticias","tag-descanso","tag-espanha","tag-feriado"],"yoast_head":"<!-- This site is optimized with the Yoast SEO plugin v23.8 - https:\/\/yoast.com\/wordpress\/plugins\/seo\/ -->\n<title>O feriado mais intenso e simb\u00f3lico est\u00e1 chegando com 4 dias de festa - Estado de Minas - Em foco<\/title>\n<meta name=\"description\" content=\"Com 4 dias de folga, os moradores dessa cidade v\u00e3o viver uma das noites mais emocionantes do ano. Confira tudo sobre.\" \/>\n<meta name=\"robots\" content=\"index, follow, max-snippet:-1, max-image-preview:large, max-video-preview:-1\" \/>\n<link rel=\"canonical\" href=\"https:\/\/www.em.com.br\/emfoco\/2025\/06\/17\/o-feriado-mais-intenso-e-simbolico-esta-chegando-com-4-dias-de-festa\/\" \/>\n<meta property=\"og:locale\" content=\"pt_BR\" \/>\n<meta property=\"og:type\" content=\"article\" \/>\n<meta property=\"og:title\" content=\"O feriado mais intenso e simb\u00f3lico est\u00e1 chegando com 4 dias de festa - Estado de Minas - Em foco\" \/>\n<meta property=\"og:description\" content=\"Com 4 dias de folga, os moradores dessa cidade v\u00e3o viver uma das noites mais emocionantes do ano. Confira tudo sobre.\" \/>\n<meta property=\"og:url\" content=\"https:\/\/www.em.com.br\/emfoco\/2025\/06\/17\/o-feriado-mais-intenso-e-simbolico-esta-chegando-com-4-dias-de-festa\/\" \/>\n<meta property=\"og:site_name\" content=\"Estado de Minas - Em foco\" \/>\n<meta property=\"article:published_time\" content=\"2025-06-17T14:20:00+00:00\" \/>\n<meta property=\"article:modified_time\" content=\"2025-06-17T12:39:04+00:00\" \/>\n<meta property=\"og:image\" content=\"https:\/\/www.em.com.br\/emfoco\/wp-content\/uploads\/2025\/03\/feriado_1743082507086.jpg\" \/>\n\t<meta property=\"og:image:width\" content=\"1280\" \/>\n\t<meta property=\"og:image:height\" content=\"720\" \/>\n\t<meta property=\"og:image:type\" content=\"image\/jpeg\" \/>\n<meta name=\"author\" content=\"Andre\u0301 Rangel\u00a0\" \/>\n<meta name=\"twitter:card\" content=\"summary_large_image\" \/>\n<meta name=\"twitter:label1\" content=\"Escrito por\" \/>\n\t<meta name=\"twitter:data1\" content=\"Andre\u0301 Rangel\u00a0\" \/>\n\t<meta name=\"twitter:label2\" content=\"Est. tempo de leitura\" \/>\n\t<meta name=\"twitter:data2\" content=\"5 minutos\" \/>\n<!-- \/ Yoast SEO plugin. -->","yoast_head_json":{"title":"O feriado mais intenso e simb\u00f3lico est\u00e1 chegando com 4 dias de festa - Estado de Minas - Em foco","description":"Com 4 dias de folga, os moradores dessa cidade v\u00e3o viver uma das noites mais emocionantes do ano. Confira tudo sobre.","robots":{"index":"index","follow":"follow","max-snippet":"max-snippet:-1","max-image-preview":"max-image-preview:large","max-video-preview":"max-video-preview:-1"},"canonical":"https:\/\/www.em.com.br\/emfoco\/2025\/06\/17\/o-feriado-mais-intenso-e-simbolico-esta-chegando-com-4-dias-de-festa\/","og_locale":"pt_BR","og_type":"article","og_title":"O feriado mais intenso e simb\u00f3lico est\u00e1 chegando com 4 dias de festa - Estado de Minas - Em foco","og_description":"Com 4 dias de folga, os moradores dessa cidade v\u00e3o viver uma das noites mais emocionantes do ano. Confira tudo sobre.","og_url":"https:\/\/www.em.com.br\/emfoco\/2025\/06\/17\/o-feriado-mais-intenso-e-simbolico-esta-chegando-com-4-dias-de-festa\/","og_site_name":"Estado de Minas - Em foco","article_published_time":"2025-06-17T14:20:00+00:00","article_modified_time":"2025-06-17T12:39:04+00:00","og_image":[{"width":1280,"height":720,"url":"https:\/\/www.em.com.br\/emfoco\/wp-content\/uploads\/2025\/03\/feriado_1743082507086.jpg","type":"image\/jpeg"}],"author":"Andre\u0301 Rangel\u00a0","twitter_card":"summary_large_image","twitter_misc":{"Escrito por":"Andre\u0301 Rangel\u00a0","Est. tempo de leitura":"5 minutos"},"schema":{"@context":"https:\/\/schema.org","@graph":[{"@type":"WebPage","@id":"https:\/\/www.em.com.br\/emfoco\/2025\/06\/17\/o-feriado-mais-intenso-e-simbolico-esta-chegando-com-4-dias-de-festa\/","url":"https:\/\/www.em.com.br\/emfoco\/2025\/06\/17\/o-feriado-mais-intenso-e-simbolico-esta-chegando-com-4-dias-de-festa\/","name":"O feriado mais intenso e simb\u00f3lico est\u00e1 chegando com 4 dias de festa - Estado de Minas - Em foco","isPartOf":{"@id":"https:\/\/www.em.com.br\/emfoco\/#website"},"primaryImageOfPage":{"@id":"https:\/\/www.em.com.br\/emfoco\/2025\/06\/17\/o-feriado-mais-intenso-e-simbolico-esta-chegando-com-4-dias-de-festa\/#primaryimage"},"image":{"@id":"https:\/\/www.em.com.br\/emfoco\/2025\/06\/17\/o-feriado-mais-intenso-e-simbolico-esta-chegando-com-4-dias-de-festa\/#primaryimage"},"thumbnailUrl":"https:\/\/www.em.com.br\/emfoco\/wp-content\/uploads\/2025\/03\/feriado_1743082507086.jpg","datePublished":"2025-06-17T14:20:00+00:00","dateModified":"2025-06-17T12:39:04+00:00","author":{"@id":"https:\/\/www.em.com.br\/emfoco\/#\/schema\/person\/60eda09c1fedf0d6891f4cef4b60b8b8"},"description":"Com 4 dias de folga, os moradores dessa cidade v\u00e3o viver uma das noites mais emocionantes do ano. Confira tudo sobre.","breadcrumb":{"@id":"https:\/\/www.em.com.br\/emfoco\/2025\/06\/17\/o-feriado-mais-intenso-e-simbolico-esta-chegando-com-4-dias-de-festa\/#breadcrumb"},"inLanguage":"pt-BR","potentialAction":[{"@type":"ReadAction","target":["https:\/\/www.em.com.br\/emfoco\/2025\/06\/17\/o-feriado-mais-intenso-e-simbolico-esta-chegando-com-4-dias-de-festa\/"]}]},{"@type":"ImageObject","inLanguage":"pt-BR","@id":"https:\/\/www.em.com.br\/emfoco\/2025\/06\/17\/o-feriado-mais-intenso-e-simbolico-esta-chegando-com-4-dias-de-festa\/#primaryimage","url":"https:\/\/www.em.com.br\/emfoco\/wp-content\/uploads\/2025\/03\/feriado_1743082507086.jpg","contentUrl":"https:\/\/www.em.com.br\/emfoco\/wp-content\/uploads\/2025\/03\/feriado_1743082507086.jpg","width":1280,"height":720,"caption":"O feriado que promete virar a rotina no Rio - Cr\u00e9ditos: depositphotos.com \/ zmijak"},{"@type":"BreadcrumbList","@id":"https:\/\/www.em.com.br\/emfoco\/2025\/06\/17\/o-feriado-mais-intenso-e-simbolico-esta-chegando-com-4-dias-de-festa\/#breadcrumb","itemListElement":[{"@type":"ListItem","position":1,"name":"In\u00edcio","item":"https:\/\/www.em.com.br\/emfoco\/"},{"@type":"ListItem","position":2,"name":"O feriado mais intenso e simb\u00f3lico est\u00e1 chegando com 4 dias de festa"}]},{"@type":"WebSite","@id":"https:\/\/www.em.com.br\/emfoco\/#website","url":"https:\/\/www.em.com.br\/emfoco\/","name":"Estado de Minas - Em foco","description":"Acompanhe as \u00faltimas not\u00edcias e fique bem informado sobre tudo o que acontece em Minas Gerais, Brasil e no mundo.","potentialAction":[{"@type":"SearchAction","target":{"@type":"EntryPoint","urlTemplate":"https:\/\/www.em.com.br\/emfoco\/?s={search_term_string}"},"query-input":{"@type":"PropertyValueSpecification","valueRequired":true,"valueName":"search_term_string"}}],"inLanguage":"pt-BR"},{"@type":"Person","@id":"https:\/\/www.em.com.br\/emfoco\/#\/schema\/person\/60eda09c1fedf0d6891f4cef4b60b8b8","name":"Andre\u0301 Rangel\u00a0","image":{"@type":"ImageObject","inLanguage":"pt-BR","@id":"https:\/\/www.em.com.br\/emfoco\/#\/schema\/person\/image\/","url":"https:\/\/secure.gravatar.com\/avatar\/6234dc814c77c8ef6d8bba622c787efc?s=96&d=mm&r=g","contentUrl":"https:\/\/secure.gravatar.com\/avatar\/6234dc814c77c8ef6d8bba622c787efc?s=96&d=mm&r=g","caption":"Andre\u0301 Rangel\u00a0"},"url":"https:\/\/www.em.com.br\/emfoco\/author\/luizmyth\/"}]}},"_links":{"self":[{"href":"https:\/\/www.em.com.br\/emfoco\/wp-json\/wp\/v2\/posts\/61417","targetHints":{"allow":["GET"]}}],"collection":[{"href":"https:\/\/www.em.com.br\/emfoco\/wp-json\/wp\/v2\/posts"}],"about":[{"href":"https:\/\/www.em.com.br\/emfoco\/wp-json\/wp\/v2\/types\/post"}],"author":[{"embeddable":true,"href":"https:\/\/www.em.com.br\/emfoco\/wp-json\/wp\/v2\/users\/11"}],"replies":[{"embeddable":true,"href":"https:\/\/www.em.com.br\/emfoco\/wp-json\/wp\/v2\/comments?post=61417"}],"version-history":[{"count":4,"href":"https:\/\/www.em.com.br\/emfoco\/wp-json\/wp\/v2\/posts\/61417\/revisions"}],"predecessor-version":[{"id":61549,"href":"https:\/\/www.em.com.br\/emfoco\/wp-json\/wp\/v2\/posts\/61417\/revisions\/61549"}],"wp:featuredmedia":[{"embeddable":true,"href":"https:\/\/www.em.com.br\/emfoco\/wp-json\/wp\/v2\/media\/32847"}],"wp:attachment":[{"href":"https:\/\/www.em.com.br\/emfoco\/wp-json\/wp\/v2\/media?parent=61417"}],"wp:term":[{"taxonomy":"category","embeddable":true,"href":"https:\/\/www.em.com.br\/emfoco\/wp-json\/wp\/v2\/categories?post=61417"},{"taxonomy":"post_tag","embeddable":true,"href":"https:\/\/www.em.com.br\/emfoco\/wp-json\/wp\/v2\/tags?post=61417"}],"curies":[{"name":"wp","href":"https:\/\/api.w.org\/{rel}","templated":true}]}}