{"id":61264,"date":"2025-06-17T21:30:11","date_gmt":"2025-06-18T00:30:11","guid":{"rendered":"https:\/\/www.em.com.br\/emfoco\/?p=61264"},"modified":"2025-06-16T21:50:58","modified_gmt":"2025-06-17T00:50:58","slug":"como-a-mudanca-de-horario-afeta-seu-humor","status":"publish","type":"post","link":"https:\/\/www.em.com.br\/emfoco\/2025\/06\/17\/como-a-mudanca-de-horario-afeta-seu-humor\/","title":{"rendered":"Como a mudan\u00e7a de hor\u00e1rio afeta seu humor"},"content":{"rendered":"\n<p>A mudan\u00e7a de hor\u00e1rio, como ocorre no in\u00edcio ou t\u00e9rmino do hor\u00e1rio de ver\u00e3o, pode provocar altera\u00e7\u00f5es percept\u00edveis no humor. Segundo especialistas em psicologia, essa transi\u00e7\u00e3o afeta o rel\u00f3gio biol\u00f3gico, respons\u00e1vel por regular o ciclo sono-vig\u00edlia, influenciando diretamente o bem-estar emocional.<\/p>\n\n\n\n<p>Quando o corpo \u00e9 exposto a uma nova rotina de luz e <a href=\"https:\/\/www.em.com.br\/emfoco\/2025\/06\/15\/essa-bebida-facil-de-fazer-ajuda-no-controle-do-acucar-no-sangue-e-equilibra-o-humor\/\" target=\"_blank\" rel=\"noreferrer noopener\">escurid\u00e3o<\/a>, adapta\u00e7\u00f5es fisiol\u00f3gicas s\u00e3o necess\u00e1rias. Esse processo pode gerar desconforto, irritabilidade e at\u00e9 epis\u00f3dios de des\u00e2nimo, principalmente nos primeiros dias ap\u00f3s a mudan\u00e7a do rel\u00f3gio.<\/p>\n\n\n\n<h2 class=\"wp-block-heading\">Quais s\u00e3o os principais sintomas emocionais associados \u00e0 mudan\u00e7a de hor\u00e1rio?<\/h2>\n\n\n\n<p>Entre os sintomas mais relatados ap\u00f3s a altera\u00e7\u00e3o do hor\u00e1rio est\u00e3o a fadiga, a dificuldade de concentra\u00e7\u00e3o e a oscila\u00e7\u00e3o de humor. Esses efeitos costumam ser mais intensos em pessoas que j\u00e1 apresentam sensibilidade a mudan\u00e7as na rotina.<\/p>\n\n\n\n<p>Al\u00e9m disso, podem surgir sentimentos de ansiedade e leve tristeza, especialmente em indiv\u00edduos que t\u00eam maior depend\u00eancia de uma rotina est\u00e1vel. A psicologia aponta que esses sintomas tendem a diminuir \u00e0 medida que o organismo se ajusta ao novo hor\u00e1rio.<\/p>\n\n\n<div class=\"wp-block-image\">\n<figure class=\"aligncenter size-large\"><img loading=\"lazy\" decoding=\"async\" width=\"1024\" height=\"576\" src=\"https:\/\/www.em.com.br\/emfoco\/wp-content\/uploads\/2025\/06\/pessoas-raiva_1750042590416-1024x576.jpg\" alt=\"Mudan\u00e7a de humor\" class=\"wp-image-61267\" srcset=\"https:\/\/www.em.com.br\/emfoco\/wp-content\/uploads\/2025\/06\/pessoas-raiva_1750042590416-1024x576.jpg 1024w, https:\/\/www.em.com.br\/emfoco\/wp-content\/uploads\/2025\/06\/pessoas-raiva_1750042590416-300x169.jpg 300w, https:\/\/www.em.com.br\/emfoco\/wp-content\/uploads\/2025\/06\/pessoas-raiva_1750042590416-768x432.jpg 768w, https:\/\/www.em.com.br\/emfoco\/wp-content\/uploads\/2025\/06\/pessoas-raiva_1750042590416-750x422.jpg 750w, https:\/\/www.em.com.br\/emfoco\/wp-content\/uploads\/2025\/06\/pessoas-raiva_1750042590416-1140x641.jpg 1140w, https:\/\/www.em.com.br\/emfoco\/wp-content\/uploads\/2025\/06\/pessoas-raiva_1750042590416.jpg 1280w\" sizes=\"auto, (max-width: 1024px) 100vw, 1024px\" \/><figcaption class=\"wp-element-caption\">Mudan\u00e7a de humor &#8211; Cr\u00e9ditos: depositphotos.com \/ AllaSerebrina<\/figcaption><\/figure><\/div>\n\n\n<h2 class=\"wp-block-heading\">Por que o rel\u00f3gio biol\u00f3gico \u00e9 t\u00e3o importante para o equil\u00edbrio emocional?<\/h2>\n\n\n\n<p>O rel\u00f3gio biol\u00f3gico, tamb\u00e9m chamado de ritmo circadiano, \u00e9 fundamental para a regula\u00e7\u00e3o de diversas fun\u00e7\u00f5es do corpo, incluindo o sono, a produ\u00e7\u00e3o hormonal e o humor. Quando h\u00e1 uma altera\u00e7\u00e3o brusca nesse ciclo, o organismo pode demorar a se adaptar, resultando em desconforto emocional.<\/p>\n\n\n\n<p>Pesquisas em psicologia mostram que a desregula\u00e7\u00e3o do ritmo circadiano pode aumentar a vulnerabilidade a quadros de irrita\u00e7\u00e3o, ansiedade e at\u00e9 sintomas depressivos. Por isso, manter hor\u00e1rios regulares \u00e9 considerado essencial para a sa\u00fade mental.<\/p>\n\n\n\n<h2 class=\"wp-block-heading\">Como a qualidade do sono interfere nas emo\u00e7\u00f5es ap\u00f3s a mudan\u00e7a de hor\u00e1rio?<\/h2>\n\n\n\n<p>A qualidade do sono \u00e9 um dos fatores mais afetados pela altera\u00e7\u00e3o do hor\u00e1rio. A dificuldade para adormecer ou acordar em hor\u00e1rios diferentes pode prejudicar o descanso, levando a um aumento da <a href=\"https:\/\/www.gov.br\/saude\/pt-br\/assuntos\/saude-de-a-a-z\/s\/saude-mental\" target=\"_blank\" rel=\"noreferrer noopener\">irritabilidade <\/a>e da sensa\u00e7\u00e3o de cansa\u00e7o ao longo do dia.<\/p>\n\n\n\n<p>De acordo com a psicologia, noites mal dormidas impactam diretamente a regula\u00e7\u00e3o emocional, tornando as pessoas mais propensas a rea\u00e7\u00f5es negativas diante de situa\u00e7\u00f5es cotidianas. O ajuste gradual da rotina de sono pode ajudar a minimizar esses efeitos.<\/p>\n\n\n\n<h2 class=\"wp-block-heading\">Quais estrat\u00e9gias podem ajudar a amenizar os efeitos da mudan\u00e7a de hor\u00e1rio no humor?<\/h2>\n\n\n\n<p>Algumas pr\u00e1ticas podem facilitar a adapta\u00e7\u00e3o ao novo hor\u00e1rio e reduzir o impacto sobre o humor. Entre elas, destaca-se a exposi\u00e7\u00e3o \u00e0 luz natural logo pela manh\u00e3, que auxilia na regula\u00e7\u00e3o do rel\u00f3gio biol\u00f3gico.<\/p>\n\n\n\n<p>Outras recomenda\u00e7\u00f5es incluem manter hor\u00e1rios consistentes para dormir e acordar, evitar o uso de eletr\u00f4nicos antes de dormir e adotar t\u00e9cnicas de relaxamento. Essas medidas contribuem para uma transi\u00e7\u00e3o mais suave e para o equil\u00edbrio emocional.<\/p>\n\n\n\n<h2 class=\"wp-block-heading\">Existe diferen\u00e7a na resposta emocional entre adultos e crian\u00e7as diante da mudan\u00e7a de hor\u00e1rio?<\/h2>\n\n\n\n<p>Crian\u00e7as e adultos podem reagir de maneiras distintas \u00e0 altera\u00e7\u00e3o do hor\u00e1rio. Os pequenos, por terem um ritmo biol\u00f3gico mais sens\u00edvel, costumam apresentar maior irritabilidade e dificuldade de adapta\u00e7\u00e3o nos primeiros dias.<\/p>\n\n\n\n<p>J\u00e1 os adultos, embora tamb\u00e9m possam sentir desconforto, tendem a se ajustar mais rapidamente devido \u00e0 maior experi\u00eancia em lidar com mudan\u00e7as de rotina. A psicologia recomenda aten\u00e7\u00e3o especial \u00e0s crian\u00e7as durante esse per\u00edodo, promovendo ambientes tranquilos e rotinas consistentes.<\/p>\n","protected":false},"excerpt":{"rendered":"<p>A mudan\u00e7a de hor\u00e1rio, como ocorre no in\u00edcio ou t\u00e9rmino do hor\u00e1rio de ver\u00e3o, pode provocar altera\u00e7\u00f5es percept\u00edveis no humor. Segundo especialistas em psicologia, essa transi\u00e7\u00e3o afeta o rel\u00f3gio biol\u00f3gico, respons\u00e1vel por regular o ciclo sono-vig\u00edlia, influenciando diretamente o bem-estar emocional. Quando o corpo \u00e9 exposto a uma nova rotina de luz e escurid\u00e3o, adapta\u00e7\u00f5es [&hellip;]<\/p>\n","protected":false},"author":15,"featured_media":61266,"comment_status":"open","ping_status":"open","sticky":false,"template":"","format":"standard","meta":{"jnews-multi-image_gallery":[],"jnews_single_post":{"format":"standard"},"jnews_primary_category":[],"jnews_social_meta":[],"jnews_override_counter":[],"footnotes":""},"categories":[8819],"tags":[2175,8956,6603,10444,410],"class_list":["post-61264","post","type-post","status-publish","format-standard","has-post-thumbnail","hentry","category-curiosidades","tag-horario-de-verao","tag-humor","tag-mudanca-de-horario","tag-relogio-biologico","tag-saude-mental"],"yoast_head":"<!-- This site is optimized with the Yoast SEO plugin v23.8 - https:\/\/yoast.com\/wordpress\/plugins\/seo\/ -->\n<title>Como a mudan\u00e7a de hor\u00e1rio afeta seu humor - Estado de Minas - Em foco<\/title>\n<meta name=\"description\" content=\"A mudan\u00e7a de hor\u00e1rio pode impactar sono, disposi\u00e7\u00e3o e at\u00e9 o humor. Descubra o que a psicologia diz sobre os efeitos.\" \/>\n<meta name=\"robots\" content=\"index, follow, max-snippet:-1, max-image-preview:large, max-video-preview:-1\" \/>\n<link rel=\"canonical\" href=\"https:\/\/www.em.com.br\/emfoco\/2025\/06\/17\/como-a-mudanca-de-horario-afeta-seu-humor\/\" \/>\n<meta property=\"og:locale\" content=\"pt_BR\" \/>\n<meta property=\"og:type\" content=\"article\" \/>\n<meta property=\"og:title\" content=\"Como a mudan\u00e7a de hor\u00e1rio afeta seu humor - Estado de Minas - Em foco\" \/>\n<meta property=\"og:description\" content=\"A mudan\u00e7a de hor\u00e1rio pode impactar sono, disposi\u00e7\u00e3o e at\u00e9 o humor. Descubra o que a psicologia diz sobre os efeitos.\" \/>\n<meta property=\"og:url\" content=\"https:\/\/www.em.com.br\/emfoco\/2025\/06\/17\/como-a-mudanca-de-horario-afeta-seu-humor\/\" \/>\n<meta property=\"og:site_name\" content=\"Estado de Minas - Em foco\" \/>\n<meta property=\"article:published_time\" content=\"2025-06-18T00:30:11+00:00\" \/>\n<meta property=\"article:modified_time\" content=\"2025-06-17T00:50:58+00:00\" \/>\n<meta property=\"og:image\" content=\"https:\/\/www.em.com.br\/emfoco\/wp-content\/uploads\/2025\/06\/mudanca-de-horario_1750042479239.jpg\" \/>\n\t<meta property=\"og:image:width\" content=\"1280\" \/>\n\t<meta property=\"og:image:height\" content=\"720\" \/>\n\t<meta property=\"og:image:type\" content=\"image\/jpeg\" \/>\n<meta name=\"author\" content=\"Douglas Myth\" \/>\n<meta name=\"twitter:card\" content=\"summary_large_image\" \/>\n<meta name=\"twitter:label1\" content=\"Escrito por\" \/>\n\t<meta name=\"twitter:data1\" content=\"Douglas Myth\" \/>\n\t<meta name=\"twitter:label2\" content=\"Est. tempo de leitura\" \/>\n\t<meta name=\"twitter:data2\" content=\"4 minutos\" \/>\n<!-- \/ Yoast SEO plugin. -->","yoast_head_json":{"title":"Como a mudan\u00e7a de hor\u00e1rio afeta seu humor - Estado de Minas - Em foco","description":"A mudan\u00e7a de hor\u00e1rio pode impactar sono, disposi\u00e7\u00e3o e at\u00e9 o humor. Descubra o que a psicologia diz sobre os efeitos.","robots":{"index":"index","follow":"follow","max-snippet":"max-snippet:-1","max-image-preview":"max-image-preview:large","max-video-preview":"max-video-preview:-1"},"canonical":"https:\/\/www.em.com.br\/emfoco\/2025\/06\/17\/como-a-mudanca-de-horario-afeta-seu-humor\/","og_locale":"pt_BR","og_type":"article","og_title":"Como a mudan\u00e7a de hor\u00e1rio afeta seu humor - Estado de Minas - Em foco","og_description":"A mudan\u00e7a de hor\u00e1rio pode impactar sono, disposi\u00e7\u00e3o e at\u00e9 o humor. Descubra o que a psicologia diz sobre os efeitos.","og_url":"https:\/\/www.em.com.br\/emfoco\/2025\/06\/17\/como-a-mudanca-de-horario-afeta-seu-humor\/","og_site_name":"Estado de Minas - Em foco","article_published_time":"2025-06-18T00:30:11+00:00","article_modified_time":"2025-06-17T00:50:58+00:00","og_image":[{"width":1280,"height":720,"url":"https:\/\/www.em.com.br\/emfoco\/wp-content\/uploads\/2025\/06\/mudanca-de-horario_1750042479239.jpg","type":"image\/jpeg"}],"author":"Douglas Myth","twitter_card":"summary_large_image","twitter_misc":{"Escrito por":"Douglas Myth","Est. tempo de leitura":"4 minutos"},"schema":{"@context":"https:\/\/schema.org","@graph":[{"@type":"WebPage","@id":"https:\/\/www.em.com.br\/emfoco\/2025\/06\/17\/como-a-mudanca-de-horario-afeta-seu-humor\/","url":"https:\/\/www.em.com.br\/emfoco\/2025\/06\/17\/como-a-mudanca-de-horario-afeta-seu-humor\/","name":"Como a mudan\u00e7a de hor\u00e1rio afeta seu humor - Estado de Minas - Em foco","isPartOf":{"@id":"https:\/\/www.em.com.br\/emfoco\/#website"},"primaryImageOfPage":{"@id":"https:\/\/www.em.com.br\/emfoco\/2025\/06\/17\/como-a-mudanca-de-horario-afeta-seu-humor\/#primaryimage"},"image":{"@id":"https:\/\/www.em.com.br\/emfoco\/2025\/06\/17\/como-a-mudanca-de-horario-afeta-seu-humor\/#primaryimage"},"thumbnailUrl":"https:\/\/www.em.com.br\/emfoco\/wp-content\/uploads\/2025\/06\/mudanca-de-horario_1750042479239.jpg","datePublished":"2025-06-18T00:30:11+00:00","dateModified":"2025-06-17T00:50:58+00:00","author":{"@id":"https:\/\/www.em.com.br\/emfoco\/#\/schema\/person\/bba594b7eebe9b9885fec3a5c7837089"},"description":"A mudan\u00e7a de hor\u00e1rio pode impactar sono, disposi\u00e7\u00e3o e at\u00e9 o humor. Descubra o que a psicologia diz sobre os efeitos.","breadcrumb":{"@id":"https:\/\/www.em.com.br\/emfoco\/2025\/06\/17\/como-a-mudanca-de-horario-afeta-seu-humor\/#breadcrumb"},"inLanguage":"pt-BR","potentialAction":[{"@type":"ReadAction","target":["https:\/\/www.em.com.br\/emfoco\/2025\/06\/17\/como-a-mudanca-de-horario-afeta-seu-humor\/"]}]},{"@type":"ImageObject","inLanguage":"pt-BR","@id":"https:\/\/www.em.com.br\/emfoco\/2025\/06\/17\/como-a-mudanca-de-horario-afeta-seu-humor\/#primaryimage","url":"https:\/\/www.em.com.br\/emfoco\/wp-content\/uploads\/2025\/06\/mudanca-de-horario_1750042479239.jpg","contentUrl":"https:\/\/www.em.com.br\/emfoco\/wp-content\/uploads\/2025\/06\/mudanca-de-horario_1750042479239.jpg","width":1280,"height":720,"caption":"Mudan\u00e7a de humor - Cr\u00e9ditos: depositphotos.com \/ alphaspirit"},{"@type":"BreadcrumbList","@id":"https:\/\/www.em.com.br\/emfoco\/2025\/06\/17\/como-a-mudanca-de-horario-afeta-seu-humor\/#breadcrumb","itemListElement":[{"@type":"ListItem","position":1,"name":"In\u00edcio","item":"https:\/\/www.em.com.br\/emfoco\/"},{"@type":"ListItem","position":2,"name":"Como a mudan\u00e7a de hor\u00e1rio afeta seu humor"}]},{"@type":"WebSite","@id":"https:\/\/www.em.com.br\/emfoco\/#website","url":"https:\/\/www.em.com.br\/emfoco\/","name":"Estado de Minas - Em foco","description":"Acompanhe as \u00faltimas not\u00edcias e fique bem informado sobre tudo o que acontece em Minas Gerais, Brasil e no mundo.","potentialAction":[{"@type":"SearchAction","target":{"@type":"EntryPoint","urlTemplate":"https:\/\/www.em.com.br\/emfoco\/?s={search_term_string}"},"query-input":{"@type":"PropertyValueSpecification","valueRequired":true,"valueName":"search_term_string"}}],"inLanguage":"pt-BR"},{"@type":"Person","@id":"https:\/\/www.em.com.br\/emfoco\/#\/schema\/person\/bba594b7eebe9b9885fec3a5c7837089","name":"Douglas Myth","image":{"@type":"ImageObject","inLanguage":"pt-BR","@id":"https:\/\/www.em.com.br\/emfoco\/#\/schema\/person\/image\/","url":"https:\/\/secure.gravatar.com\/avatar\/1ac3cf50d0e68642c697dc0c960c802f?s=96&d=mm&r=g","contentUrl":"https:\/\/secure.gravatar.com\/avatar\/1ac3cf50d0e68642c697dc0c960c802f?s=96&d=mm&r=g","caption":"Douglas Myth"},"url":"https:\/\/www.em.com.br\/emfoco\/author\/douglasmyth\/"}]}},"_links":{"self":[{"href":"https:\/\/www.em.com.br\/emfoco\/wp-json\/wp\/v2\/posts\/61264","targetHints":{"allow":["GET"]}}],"collection":[{"href":"https:\/\/www.em.com.br\/emfoco\/wp-json\/wp\/v2\/posts"}],"about":[{"href":"https:\/\/www.em.com.br\/emfoco\/wp-json\/wp\/v2\/types\/post"}],"author":[{"embeddable":true,"href":"https:\/\/www.em.com.br\/emfoco\/wp-json\/wp\/v2\/users\/15"}],"replies":[{"embeddable":true,"href":"https:\/\/www.em.com.br\/emfoco\/wp-json\/wp\/v2\/comments?post=61264"}],"version-history":[{"count":2,"href":"https:\/\/www.em.com.br\/emfoco\/wp-json\/wp\/v2\/posts\/61264\/revisions"}],"predecessor-version":[{"id":61268,"href":"https:\/\/www.em.com.br\/emfoco\/wp-json\/wp\/v2\/posts\/61264\/revisions\/61268"}],"wp:featuredmedia":[{"embeddable":true,"href":"https:\/\/www.em.com.br\/emfoco\/wp-json\/wp\/v2\/media\/61266"}],"wp:attachment":[{"href":"https:\/\/www.em.com.br\/emfoco\/wp-json\/wp\/v2\/media?parent=61264"}],"wp:term":[{"taxonomy":"category","embeddable":true,"href":"https:\/\/www.em.com.br\/emfoco\/wp-json\/wp\/v2\/categories?post=61264"},{"taxonomy":"post_tag","embeddable":true,"href":"https:\/\/www.em.com.br\/emfoco\/wp-json\/wp\/v2\/tags?post=61264"}],"curies":[{"name":"wp","href":"https:\/\/api.w.org\/{rel}","templated":true}]}}