{"id":6124,"date":"2024-12-22T17:00:00","date_gmt":"2024-12-22T20:00:00","guid":{"rendered":"https:\/\/www.em.com.br\/emfoco\/?p=6124"},"modified":"2024-12-21T15:00:50","modified_gmt":"2024-12-21T18:00:50","slug":"reforma-no-beneficio-de-prestacao-continuada-impactos-e-desafios","status":"publish","type":"post","link":"https:\/\/www.em.com.br\/emfoco\/2024\/12\/22\/reforma-no-beneficio-de-prestacao-continuada-impactos-e-desafios\/","title":{"rendered":"Reforma no Benef\u00edcio de Presta\u00e7\u00e3o Continuada: Impactos e Desafios"},"content":{"rendered":"\n<p>No final de 2024, o Senado brasileiro aprovou um projeto que traz mudan\u00e7as significativas ao Benef\u00edcio de Presta\u00e7\u00e3o Continuada (<a href=\"https:\/\/www.gov.br\/mds\/pt-br\/acoes-e-programas\/suas\/beneficios-assistenciais\/beneficio-assistencial-ao-idoso-e-a-pessoa-com-deficiencia-bpc\" target=\"_blank\" rel=\"noreferrer noopener\">BPC<\/a>), afetando idosos e pessoas com defici\u00eancia de baixa renda. Com o objetivo de controlar gastos, o <a href=\"https:\/\/www.em.com.br\/emfoco\/2024\/12\/18\/promessa-cumprida-o-governo-garante-aumento-do-salario-minimo-confira\/\" target=\"_blank\" rel=\"noreferrer noopener\">governo <\/a>de Luiz In\u00e1cio Lula da Silva prop\u00f4s altera\u00e7\u00f5es que passaram por debates intensos no Congresso.<\/p>\n\n\n\n<p>A aprova\u00e7\u00e3o do projeto faz parte de um pacote maior de ajuste fiscal, que prev\u00ea economias substanciais ao longo dos pr\u00f3ximos anos. No entanto, a proposta original sofreu modifica\u00e7\u00f5es significativas ao longo do processo legislativo, resultando em um texto final que busca balancear ajuste econ\u00f4mico com garantias sociais essenciais.<\/p>\n\n\n\n<h2 class=\"wp-block-heading\">Quais s\u00e3o as mudan\u00e7as no Benef\u00edcio de Presta\u00e7\u00e3o Continuada?<\/h2>\n\n\n\n<p>Inicialmente, a proposta visava limitar o BPC a pessoas com defici\u00eancia moderada ou grave, suscitando preocupa\u00e7\u00f5es sobre a exclus\u00e3o de indiv\u00edduos com defici\u00eancia de grau leve. Com a interven\u00e7\u00e3o do Senado, a defini\u00e7\u00e3o de &#8220;pessoa com defici\u00eancia&#8221; foi mantida de acordo com a legisla\u00e7\u00e3o atual, garantindo a continuidade do aux\u00edlio para aqueles que dependem dele.<\/p>\n\n\n\n<p>Outra modifica\u00e7\u00e3o importante foi a elimina\u00e7\u00e3o da proibi\u00e7\u00e3o de ac\u00famulo de benef\u00edcios dentro de uma mesma fam\u00edlia. Al\u00e9m disso, o crit\u00e9rio que incluiria bens pessoais na avalia\u00e7\u00e3o para concess\u00e3o do benef\u00edcio foi retirado, facilitando o acesso ao BPC para quem realmente necessita desse suporte.<\/p>\n\n\n<div class=\"wp-block-image\">\n<figure class=\"aligncenter size-large\"><img loading=\"lazy\" decoding=\"async\" width=\"1024\" height=\"576\" src=\"https:\/\/www.em.com.br\/emfoco\/wp-content\/uploads\/2024\/12\/Aposentados_1733375697448-1024x576.jpg\" alt=\"\" class=\"wp-image-3364\" srcset=\"https:\/\/www.em.com.br\/emfoco\/wp-content\/uploads\/2024\/12\/Aposentados_1733375697448-1024x576.jpg 1024w, https:\/\/www.em.com.br\/emfoco\/wp-content\/uploads\/2024\/12\/Aposentados_1733375697448-300x169.jpg 300w, https:\/\/www.em.com.br\/emfoco\/wp-content\/uploads\/2024\/12\/Aposentados_1733375697448-768x432.jpg 768w, https:\/\/www.em.com.br\/emfoco\/wp-content\/uploads\/2024\/12\/Aposentados_1733375697448-750x422.jpg 750w, https:\/\/www.em.com.br\/emfoco\/wp-content\/uploads\/2024\/12\/Aposentados_1733375697448-1140x641.jpg 1140w, https:\/\/www.em.com.br\/emfoco\/wp-content\/uploads\/2024\/12\/Aposentados_1733375697448.jpg 1280w\" sizes=\"auto, (max-width: 1024px) 100vw, 1024px\" \/><figcaption class=\"wp-element-caption\">Aponsetado &#8211; Cr\u00e9ditos: depositphotos.com \/ NatashaFedorova<\/figcaption><\/figure><\/div>\n\n\n<h2 class=\"wp-block-heading\">O que o governo planeja economizar com essas mudan\u00e7as?<\/h2>\n\n\n\n<p>O governo estimou inicialmente que as altera\u00e7\u00f5es no BPC, juntamente com outras medidas no pacote de ajuste fiscal, gerariam uma economia de cerca de R$ 70 bilh\u00f5es at\u00e9 o final do mandato de Lula em 2026. Esta cifra, no entanto, foi contestada por especialistas e parlamentares, que argumentam sobre a imprevisibilidade dos impactos das reformas.<\/p>\n\n\n\n<p>\u00c9 importante destacar que as reformas na pol\u00edtica de sal\u00e1rio m\u00ednimo, que tamb\u00e9m faziam parte do pacote, preveem aumentos limitados acima da infla\u00e7\u00e3o, com um teto de 2,5% de incremento anual. Essa medida visa controlar os custos relacionados ao aumento do sal\u00e1rio m\u00ednimo, afetando diretamente benef\u00edcios atrelados a ele.<\/p>\n\n\n\n<h2 class=\"wp-block-heading\">Quais s\u00e3o os pr\u00f3ximos passos para a implementa\u00e7\u00e3o das reformas?<\/h2>\n\n\n\n<p>Ap\u00f3s aprova\u00e7\u00e3o no Senado, o projeto aguarda agora a san\u00e7\u00e3o do presidente da Rep\u00fablica. Paralelamente, outras partes do pacote fiscal, como a Proposta de Emenda \u00e0 Constitui\u00e7\u00e3o (PEC) que impacta o abono salarial e outros fundos, ser\u00e3o promulgadas diretamente pelo Congresso, dispensando san\u00e7\u00e3o presidencial.<\/p>\n\n\n\n<p>O governo tamb\u00e9m introduziu a necessidade de recadastramento e biometria para manuten\u00e7\u00e3o do BPC, estabelecendo que, em regi\u00f5es de dif\u00edcil acesso, os \u00f3rg\u00e3os competentes ter\u00e3o que facilitar o processo para os benefici\u00e1rios. Esta medida \u00e9 um dos pontos que ainda geram discuss\u00e3o sobre sua efici\u00eancia e impacto.<\/p>\n\n\n\n<p>Em meio a controv\u00e9rias e cr\u00edticas, as reformas no BPC e outras modifica\u00e7\u00f5es fiscais buscam equilibrar a necessidade de austeridade financeira com a prote\u00e7\u00e3o aos grupos vulner\u00e1veis da popula\u00e7\u00e3o. O desfecho e a implementa\u00e7\u00e3o efetiva destas mudan\u00e7as ser\u00e3o cruciais para avaliar seu \u00eaxito nos objetivos tra\u00e7ados.<\/p>\n","protected":false},"excerpt":{"rendered":"<p>No final de 2024, o Senado brasileiro aprovou um projeto que traz mudan\u00e7as significativas ao Benef\u00edcio de Presta\u00e7\u00e3o Continuada (BPC), afetando idosos e pessoas com defici\u00eancia de baixa renda. Com o objetivo de controlar gastos, o governo de Luiz In\u00e1cio Lula da Silva prop\u00f4s altera\u00e7\u00f5es que passaram por debates intensos no Congresso. A aprova\u00e7\u00e3o do [&hellip;]<\/p>\n","protected":false},"author":7,"featured_media":2606,"comment_status":"open","ping_status":"open","sticky":false,"template":"","format":"standard","meta":{"jnews-multi-image_gallery":[],"jnews_single_post":{"format":"standard"},"jnews_primary_category":[],"jnews_social_meta":[],"jnews_override_counter":[],"footnotes":""},"categories":[28],"tags":[2216,259,2105,166,162,2296,1012],"class_list":["post-6124","post","type-post","status-publish","format-standard","has-post-thumbnail","hentry","category-economia","tag-austeridade","tag-beneficio","tag-gasto-publico","tag-lula","tag-politica-social","tag-prestacao-continuada","tag-reforma"],"yoast_head":"<!-- This site is optimized with the Yoast SEO plugin v23.8 - https:\/\/yoast.com\/wordpress\/plugins\/seo\/ -->\n<title>Reforma no Benef\u00edcio de Presta\u00e7\u00e3o Continuada: Impactos e Desafios - Estado de Minas - Em foco<\/title>\n<meta name=\"description\" content=\"Projeto de lei reforma o Benef\u00edcio de Presta\u00e7\u00e3o Continuada no Brasil, trazendo mudan\u00e7as para idosos e pessoas com defici\u00eancia de baixa renda. Entenda as mudan\u00e7as e os impactos econ\u00f4micos.\" \/>\n<meta name=\"robots\" content=\"index, follow, max-snippet:-1, max-image-preview:large, max-video-preview:-1\" \/>\n<link rel=\"canonical\" href=\"https:\/\/www.em.com.br\/emfoco\/2024\/12\/22\/reforma-no-beneficio-de-prestacao-continuada-impactos-e-desafios\/\" \/>\n<meta property=\"og:locale\" content=\"pt_BR\" \/>\n<meta property=\"og:type\" content=\"article\" \/>\n<meta property=\"og:title\" content=\"Reforma no Benef\u00edcio de Presta\u00e7\u00e3o Continuada: Impactos e Desafios - Estado de Minas - Em foco\" \/>\n<meta property=\"og:description\" content=\"Projeto de lei reforma o Benef\u00edcio de Presta\u00e7\u00e3o Continuada no Brasil, trazendo mudan\u00e7as para idosos e pessoas com defici\u00eancia de baixa renda. Entenda as mudan\u00e7as e os impactos econ\u00f4micos.\" \/>\n<meta property=\"og:url\" content=\"https:\/\/www.em.com.br\/emfoco\/2024\/12\/22\/reforma-no-beneficio-de-prestacao-continuada-impactos-e-desafios\/\" \/>\n<meta property=\"og:site_name\" content=\"Estado de Minas - Em foco\" \/>\n<meta property=\"article:published_time\" content=\"2024-12-22T20:00:00+00:00\" \/>\n<meta property=\"article:modified_time\" content=\"2024-12-21T18:00:50+00:00\" \/>\n<meta property=\"og:image\" content=\"https:\/\/www.em.com.br\/emfoco\/wp-content\/uploads\/2024\/12\/Idosos-familia_1733068883769.jpg\" \/>\n\t<meta property=\"og:image:width\" content=\"1280\" \/>\n\t<meta property=\"og:image:height\" content=\"720\" \/>\n\t<meta property=\"og:image:type\" content=\"image\/jpeg\" \/>\n<meta name=\"author\" content=\"Kelvin\" \/>\n<meta name=\"twitter:card\" content=\"summary_large_image\" \/>\n<meta name=\"twitter:label1\" content=\"Escrito por\" \/>\n\t<meta name=\"twitter:data1\" content=\"Kelvin\" \/>\n\t<meta name=\"twitter:label2\" content=\"Est. tempo de leitura\" \/>\n\t<meta name=\"twitter:data2\" content=\"4 minutos\" \/>\n<!-- \/ Yoast SEO plugin. -->","yoast_head_json":{"title":"Reforma no Benef\u00edcio de Presta\u00e7\u00e3o Continuada: Impactos e Desafios - Estado de Minas - Em foco","description":"Projeto de lei reforma o Benef\u00edcio de Presta\u00e7\u00e3o Continuada no Brasil, trazendo mudan\u00e7as para idosos e pessoas com defici\u00eancia de baixa renda. Entenda as mudan\u00e7as e os impactos econ\u00f4micos.","robots":{"index":"index","follow":"follow","max-snippet":"max-snippet:-1","max-image-preview":"max-image-preview:large","max-video-preview":"max-video-preview:-1"},"canonical":"https:\/\/www.em.com.br\/emfoco\/2024\/12\/22\/reforma-no-beneficio-de-prestacao-continuada-impactos-e-desafios\/","og_locale":"pt_BR","og_type":"article","og_title":"Reforma no Benef\u00edcio de Presta\u00e7\u00e3o Continuada: Impactos e Desafios - Estado de Minas - Em foco","og_description":"Projeto de lei reforma o Benef\u00edcio de Presta\u00e7\u00e3o Continuada no Brasil, trazendo mudan\u00e7as para idosos e pessoas com defici\u00eancia de baixa renda. Entenda as mudan\u00e7as e os impactos econ\u00f4micos.","og_url":"https:\/\/www.em.com.br\/emfoco\/2024\/12\/22\/reforma-no-beneficio-de-prestacao-continuada-impactos-e-desafios\/","og_site_name":"Estado de Minas - Em foco","article_published_time":"2024-12-22T20:00:00+00:00","article_modified_time":"2024-12-21T18:00:50+00:00","og_image":[{"width":1280,"height":720,"url":"https:\/\/www.em.com.br\/emfoco\/wp-content\/uploads\/2024\/12\/Idosos-familia_1733068883769.jpg","type":"image\/jpeg"}],"author":"Kelvin","twitter_card":"summary_large_image","twitter_misc":{"Escrito por":"Kelvin","Est. tempo de leitura":"4 minutos"},"schema":{"@context":"https:\/\/schema.org","@graph":[{"@type":"WebPage","@id":"https:\/\/www.em.com.br\/emfoco\/2024\/12\/22\/reforma-no-beneficio-de-prestacao-continuada-impactos-e-desafios\/","url":"https:\/\/www.em.com.br\/emfoco\/2024\/12\/22\/reforma-no-beneficio-de-prestacao-continuada-impactos-e-desafios\/","name":"Reforma no Benef\u00edcio de Presta\u00e7\u00e3o Continuada: Impactos e Desafios - Estado de Minas - Em foco","isPartOf":{"@id":"https:\/\/www.em.com.br\/emfoco\/#website"},"primaryImageOfPage":{"@id":"https:\/\/www.em.com.br\/emfoco\/2024\/12\/22\/reforma-no-beneficio-de-prestacao-continuada-impactos-e-desafios\/#primaryimage"},"image":{"@id":"https:\/\/www.em.com.br\/emfoco\/2024\/12\/22\/reforma-no-beneficio-de-prestacao-continuada-impactos-e-desafios\/#primaryimage"},"thumbnailUrl":"https:\/\/www.em.com.br\/emfoco\/wp-content\/uploads\/2024\/12\/Idosos-familia_1733068883769.jpg","datePublished":"2024-12-22T20:00:00+00:00","dateModified":"2024-12-21T18:00:50+00:00","author":{"@id":"https:\/\/www.em.com.br\/emfoco\/#\/schema\/person\/fb0a7f48c6fbb94b83f413a80f61917d"},"description":"Projeto de lei reforma o Benef\u00edcio de Presta\u00e7\u00e3o Continuada no Brasil, trazendo mudan\u00e7as para idosos e pessoas com defici\u00eancia de baixa renda. Entenda as mudan\u00e7as e os impactos econ\u00f4micos.","breadcrumb":{"@id":"https:\/\/www.em.com.br\/emfoco\/2024\/12\/22\/reforma-no-beneficio-de-prestacao-continuada-impactos-e-desafios\/#breadcrumb"},"inLanguage":"pt-BR","potentialAction":[{"@type":"ReadAction","target":["https:\/\/www.em.com.br\/emfoco\/2024\/12\/22\/reforma-no-beneficio-de-prestacao-continuada-impactos-e-desafios\/"]}]},{"@type":"ImageObject","inLanguage":"pt-BR","@id":"https:\/\/www.em.com.br\/emfoco\/2024\/12\/22\/reforma-no-beneficio-de-prestacao-continuada-impactos-e-desafios\/#primaryimage","url":"https:\/\/www.em.com.br\/emfoco\/wp-content\/uploads\/2024\/12\/Idosos-familia_1733068883769.jpg","contentUrl":"https:\/\/www.em.com.br\/emfoco\/wp-content\/uploads\/2024\/12\/Idosos-familia_1733068883769.jpg","width":1280,"height":720,"caption":"Casal de Idosos - Cr\u00e9ditos: depositphotos.com \/ simonapilolla"},{"@type":"BreadcrumbList","@id":"https:\/\/www.em.com.br\/emfoco\/2024\/12\/22\/reforma-no-beneficio-de-prestacao-continuada-impactos-e-desafios\/#breadcrumb","itemListElement":[{"@type":"ListItem","position":1,"name":"In\u00edcio","item":"https:\/\/www.em.com.br\/emfoco\/"},{"@type":"ListItem","position":2,"name":"Reforma no Benef\u00edcio de Presta\u00e7\u00e3o Continuada: Impactos e Desafios"}]},{"@type":"WebSite","@id":"https:\/\/www.em.com.br\/emfoco\/#website","url":"https:\/\/www.em.com.br\/emfoco\/","name":"Estado de Minas - Em foco","description":"Acompanhe as \u00faltimas not\u00edcias e fique bem informado sobre tudo o que acontece em Minas Gerais, Brasil e no mundo.","potentialAction":[{"@type":"SearchAction","target":{"@type":"EntryPoint","urlTemplate":"https:\/\/www.em.com.br\/emfoco\/?s={search_term_string}"},"query-input":{"@type":"PropertyValueSpecification","valueRequired":true,"valueName":"search_term_string"}}],"inLanguage":"pt-BR"},{"@type":"Person","@id":"https:\/\/www.em.com.br\/emfoco\/#\/schema\/person\/fb0a7f48c6fbb94b83f413a80f61917d","name":"Kelvin","image":{"@type":"ImageObject","inLanguage":"pt-BR","@id":"https:\/\/www.em.com.br\/emfoco\/#\/schema\/person\/image\/","url":"https:\/\/secure.gravatar.com\/avatar\/e74f84337e6bf6c4c5e88fbdffa05270?s=96&d=mm&r=g","contentUrl":"https:\/\/secure.gravatar.com\/avatar\/e74f84337e6bf6c4c5e88fbdffa05270?s=96&d=mm&r=g","caption":"Kelvin"},"sameAs":["https:\/\/www.em.com.br\/emfoco"],"url":"https:\/\/www.em.com.br\/emfoco\/author\/kelvinmyth\/"}]}},"_links":{"self":[{"href":"https:\/\/www.em.com.br\/emfoco\/wp-json\/wp\/v2\/posts\/6124","targetHints":{"allow":["GET"]}}],"collection":[{"href":"https:\/\/www.em.com.br\/emfoco\/wp-json\/wp\/v2\/posts"}],"about":[{"href":"https:\/\/www.em.com.br\/emfoco\/wp-json\/wp\/v2\/types\/post"}],"author":[{"embeddable":true,"href":"https:\/\/www.em.com.br\/emfoco\/wp-json\/wp\/v2\/users\/7"}],"replies":[{"embeddable":true,"href":"https:\/\/www.em.com.br\/emfoco\/wp-json\/wp\/v2\/comments?post=6124"}],"version-history":[{"count":2,"href":"https:\/\/www.em.com.br\/emfoco\/wp-json\/wp\/v2\/posts\/6124\/revisions"}],"predecessor-version":[{"id":6127,"href":"https:\/\/www.em.com.br\/emfoco\/wp-json\/wp\/v2\/posts\/6124\/revisions\/6127"}],"wp:featuredmedia":[{"embeddable":true,"href":"https:\/\/www.em.com.br\/emfoco\/wp-json\/wp\/v2\/media\/2606"}],"wp:attachment":[{"href":"https:\/\/www.em.com.br\/emfoco\/wp-json\/wp\/v2\/media?parent=6124"}],"wp:term":[{"taxonomy":"category","embeddable":true,"href":"https:\/\/www.em.com.br\/emfoco\/wp-json\/wp\/v2\/categories?post=6124"},{"taxonomy":"post_tag","embeddable":true,"href":"https:\/\/www.em.com.br\/emfoco\/wp-json\/wp\/v2\/tags?post=6124"}],"curies":[{"name":"wp","href":"https:\/\/api.w.org\/{rel}","templated":true}]}}