{"id":61051,"date":"2025-06-15T06:50:00","date_gmt":"2025-06-15T09:50:00","guid":{"rendered":"https:\/\/www.em.com.br\/emfoco\/?p=61051"},"modified":"2025-06-15T01:54:06","modified_gmt":"2025-06-15T04:54:06","slug":"dr-hussein-awada-medico-como-eliminar-gases-com-odor-forte","status":"publish","type":"post","link":"https:\/\/www.em.com.br\/emfoco\/2025\/06\/15\/dr-hussein-awada-medico-como-eliminar-gases-com-odor-forte\/","title":{"rendered":"Dr. Hussein Awada, m\u00e9dico, \u201ccomo eliminar gases com odor forte\u201d"},"content":{"rendered":"\n<p>Voc\u00ea tem percebido que seus gases est\u00e3o mais f\u00e9tidos do que o normal? Apesar de parecer apenas um inc\u00f4modo social, esse sintoma pode revelar um problema de sa\u00fade intestinal importante, segundo o m\u00e9dico <a href=\"https:\/\/www.instagram.com\/drhusseinawada\" target=\"_blank\" rel=\"noreferrer noopener\">@drhusseinawada<\/a>. De forma clara, ele afirma: \u201cGases com odor forte s\u00e3o sinal de desbiose intestinal\u201d. E esse desequil\u00edbrio pode afetar muito mais do que apenas a digest\u00e3o.<\/p>\n\n\n\n<p>A sa\u00fade intestinal est\u00e1 diretamente ligada ao bom funcionamento do sistema imunol\u00f3gico, ao equil\u00edbrio hormonal e at\u00e9 \u00e0 preven\u00e7\u00e3o de doen\u00e7as autoimunes e c\u00e2nceres. Entenda neste artigo o que \u00e9 desbiose, quais os sintomas mais comuns e o que pode ser feito para reverter o quadro.<\/p>\n\n\n\n<h2 class=\"wp-block-heading\">O que \u00e9 desbiose intestinal e por que ela \u00e9 perigosa?<\/h2>\n\n\n\n<p>Desbiose intestinal \u00e9 o desequil\u00edbrio entre as bact\u00e9rias boas e ruins que habitam o intestino. Quando a flora intestinal est\u00e1 saud\u00e1vel, o organismo absorve nutrientes corretamente, produz neurotransmissores, fortalece o sistema imunol\u00f3gico e mant\u00e9m a barreira intestinal \u00edntegra.<\/p>\n\n\n\n<p>No entanto, quando bact\u00e9rias ruins proliferam em excesso, os impactos s\u00e3o diversos. Al\u00e9m dos gases com odor desagrad\u00e1vel, o corpo pode manifestar sinais de alerta como:<\/p>\n\n\n\n<ul class=\"wp-block-list\">\n<li>Incha\u00e7o abdominal<\/li>\n\n\n\n<li>Pris\u00e3o de ventre ou diarreia<\/li>\n\n\n\n<li>Acne e dermatites<\/li>\n\n\n\n<li>Rinites, sinusites e crises al\u00e9rgicas<\/li>\n\n\n\n<li>Queda de cabelo<\/li>\n\n\n\n<li>Cansa\u00e7o cr\u00f4nico<\/li>\n\n\n\n<li>Dificuldades na digest\u00e3o<\/li>\n<\/ul>\n\n\n\n<p>De acordo com a Organiza\u00e7\u00e3o Mundial da Sa\u00fade (OMS), a manuten\u00e7\u00e3o de uma microbiota saud\u00e1vel \u00e9 essencial para prevenir doen\u00e7as metab\u00f3licas e inflamat\u00f3rias.<\/p>\n\n\n\n<h2 class=\"wp-block-heading\">Qual a rela\u00e7\u00e3o entre intestino e sistema imunol\u00f3gico?<\/h2>\n\n\n\n<p>O intestino \u00e9 respons\u00e1vel por cerca de 70% das c\u00e9lulas de defesa do nosso corpo. Isso porque abriga o chamado <em>tecido linfoide associado ao intestino<\/em>, fundamental para o funcionamento do sistema imune. Quando a microbiota est\u00e1 em desequil\u00edbrio, esse sistema tamb\u00e9m sofre, o que pode abrir espa\u00e7o para doen\u00e7as autoimunes e at\u00e9 c\u00e2nceres.<\/p>\n\n\n\n<blockquote class=\"instagram-media\" data-instgrm-captioned data-instgrm-permalink=\"https:\/\/www.instagram.com\/reel\/DK4R7S7M0uM\/?utm_source=ig_embed&amp;utm_campaign=loading\" data-instgrm-version=\"14\" style=\" background:#FFF; border:0; border-radius:3px; box-shadow:0 0 1px 0 rgba(0,0,0,0.5),0 1px 10px 0 rgba(0,0,0,0.15); margin: 1px; max-width:540px; min-width:326px; padding:0; width:99.375%; width:-webkit-calc(100% - 2px); width:calc(100% - 2px);\"><div style=\"padding:16px;\"> <a href=\"https:\/\/www.instagram.com\/reel\/DK4R7S7M0uM\/?utm_source=ig_embed&amp;utm_campaign=loading\" style=\" background:#FFFFFF; line-height:0; padding:0 0; text-align:center; text-decoration:none; width:100%;\" target=\"_blank\"> <div style=\" display: flex; flex-direction: row; align-items: center;\"> <div style=\"background-color: #F4F4F4; border-radius: 50%; flex-grow: 0; height: 40px; margin-right: 14px; width: 40px;\"><\/div> <div style=\"display: flex; flex-direction: column; flex-grow: 1; justify-content: center;\"> <div style=\" background-color: #F4F4F4; border-radius: 4px; flex-grow: 0; height: 14px; margin-bottom: 6px; width: 100px;\"><\/div> <div style=\" background-color: #F4F4F4; border-radius: 4px; flex-grow: 0; height: 14px; width: 60px;\"><\/div><\/div><\/div><div style=\"padding: 19% 0;\"><\/div> <div style=\"display:block; height:50px; margin:0 auto 12px; width:50px;\"><svg width=\"50px\" height=\"50px\" viewBox=\"0 0 60 60\" version=\"1.1\" xmlns=\"https:\/\/www.w3.org\/2000\/svg\" xmlns:xlink=\"https:\/\/www.w3.org\/1999\/xlink\"><g stroke=\"none\" stroke-width=\"1\" fill=\"none\" fill-rule=\"evenodd\"><g transform=\"translate(-511.000000, -20.000000)\" fill=\"#000000\"><g><path d=\"M556.869,30.41 C554.814,30.41 553.148,32.076 553.148,34.131 C553.148,36.186 554.814,37.852 556.869,37.852 C558.924,37.852 560.59,36.186 560.59,34.131 C560.59,32.076 558.924,30.41 556.869,30.41 M541,60.657 C535.114,60.657 530.342,55.887 530.342,50 C530.342,44.114 535.114,39.342 541,39.342 C546.887,39.342 551.658,44.114 551.658,50 C551.658,55.887 546.887,60.657 541,60.657 M541,33.886 C532.1,33.886 524.886,41.1 524.886,50 C524.886,58.899 532.1,66.113 541,66.113 C549.9,66.113 557.115,58.899 557.115,50 C557.115,41.1 549.9,33.886 541,33.886 M565.378,62.101 C565.244,65.022 564.756,66.606 564.346,67.663 C563.803,69.06 563.154,70.057 562.106,71.106 C561.058,72.155 560.06,72.803 558.662,73.347 C557.607,73.757 556.021,74.244 553.102,74.378 C549.944,74.521 548.997,74.552 541,74.552 C533.003,74.552 532.056,74.521 528.898,74.378 C525.979,74.244 524.393,73.757 523.338,73.347 C521.94,72.803 520.942,72.155 519.894,71.106 C518.846,70.057 518.197,69.06 517.654,67.663 C517.244,66.606 516.755,65.022 516.623,62.101 C516.479,58.943 516.448,57.996 516.448,50 C516.448,42.003 516.479,41.056 516.623,37.899 C516.755,34.978 517.244,33.391 517.654,32.338 C518.197,30.938 518.846,29.942 519.894,28.894 C520.942,27.846 521.94,27.196 523.338,26.654 C524.393,26.244 525.979,25.756 528.898,25.623 C532.057,25.479 533.004,25.448 541,25.448 C548.997,25.448 549.943,25.479 553.102,25.623 C556.021,25.756 557.607,26.244 558.662,26.654 C560.06,27.196 561.058,27.846 562.106,28.894 C563.154,29.942 563.803,30.938 564.346,32.338 C564.756,33.391 565.244,34.978 565.378,37.899 C565.522,41.056 565.552,42.003 565.552,50 C565.552,57.996 565.522,58.943 565.378,62.101 M570.82,37.631 C570.674,34.438 570.167,32.258 569.425,30.349 C568.659,28.377 567.633,26.702 565.965,25.035 C564.297,23.368 562.623,22.342 560.652,21.575 C558.743,20.834 556.562,20.326 553.369,20.18 C550.169,20.033 549.148,20 541,20 C532.853,20 531.831,20.033 528.631,20.18 C525.438,20.326 523.257,20.834 521.349,21.575 C519.376,22.342 517.703,23.368 516.035,25.035 C514.368,26.702 513.342,28.377 512.574,30.349 C511.834,32.258 511.326,34.438 511.181,37.631 C511.035,40.831 511,41.851 511,50 C511,58.147 511.035,59.17 511.181,62.369 C511.326,65.562 511.834,67.743 512.574,69.651 C513.342,71.625 514.368,73.296 516.035,74.965 C517.703,76.634 519.376,77.658 521.349,78.425 C523.257,79.167 525.438,79.673 528.631,79.82 C531.831,79.965 532.853,80.001 541,80.001 C549.148,80.001 550.169,79.965 553.369,79.82 C556.562,79.673 558.743,79.167 560.652,78.425 C562.623,77.658 564.297,76.634 565.965,74.965 C567.633,73.296 568.659,71.625 569.425,69.651 C570.167,67.743 570.674,65.562 570.82,62.369 C570.966,59.17 571,58.147 571,50 C571,41.851 570.966,40.831 570.82,37.631\"><\/path><\/g><\/g><\/g><\/svg><\/div><div style=\"padding-top: 8px;\"> <div style=\" color:#3897f0; font-family:Arial,sans-serif; font-size:14px; font-style:normal; font-weight:550; line-height:18px;\">Ver essa foto no Instagram<\/div><\/div><div style=\"padding: 12.5% 0;\"><\/div> <div style=\"display: flex; flex-direction: row; margin-bottom: 14px; align-items: center;\"><div> <div style=\"background-color: #F4F4F4; border-radius: 50%; height: 12.5px; width: 12.5px; transform: translateX(0px) translateY(7px);\"><\/div> <div style=\"background-color: #F4F4F4; height: 12.5px; transform: rotate(-45deg) translateX(3px) translateY(1px); width: 12.5px; flex-grow: 0; margin-right: 14px; margin-left: 2px;\"><\/div> <div style=\"background-color: #F4F4F4; border-radius: 50%; height: 12.5px; width: 12.5px; transform: translateX(9px) translateY(-18px);\"><\/div><\/div><div style=\"margin-left: 8px;\"> <div style=\" background-color: #F4F4F4; border-radius: 50%; flex-grow: 0; height: 20px; width: 20px;\"><\/div> <div style=\" width: 0; height: 0; border-top: 2px solid transparent; border-left: 6px solid #f4f4f4; border-bottom: 2px solid transparent; transform: translateX(16px) translateY(-4px) rotate(30deg)\"><\/div><\/div><div style=\"margin-left: auto;\"> <div style=\" width: 0px; border-top: 8px solid #F4F4F4; border-right: 8px solid transparent; transform: translateY(16px);\"><\/div> <div style=\" background-color: #F4F4F4; flex-grow: 0; height: 12px; width: 16px; transform: translateY(-4px);\"><\/div> <div style=\" width: 0; height: 0; border-top: 8px solid #F4F4F4; border-left: 8px solid transparent; transform: translateY(-4px) translateX(8px);\"><\/div><\/div><\/div> <div style=\"display: flex; flex-direction: column; flex-grow: 1; justify-content: center; margin-bottom: 24px;\"> <div style=\" background-color: #F4F4F4; border-radius: 4px; flex-grow: 0; height: 14px; margin-bottom: 6px; width: 224px;\"><\/div> <div style=\" background-color: #F4F4F4; border-radius: 4px; flex-grow: 0; height: 14px; width: 144px;\"><\/div><\/div><\/a><p style=\" color:#c9c8cd; font-family:Arial,sans-serif; font-size:14px; line-height:17px; margin-bottom:0; margin-top:8px; overflow:hidden; padding:8px 0 7px; text-align:center; text-overflow:ellipsis; white-space:nowrap;\"><a href=\"https:\/\/www.instagram.com\/reel\/DK4R7S7M0uM\/?utm_source=ig_embed&amp;utm_campaign=loading\" style=\" color:#c9c8cd; font-family:Arial,sans-serif; font-size:14px; font-style:normal; font-weight:normal; line-height:17px; text-decoration:none;\" target=\"_blank\">Uma publica\u00e7\u00e3o compartilhada por Dr. Hussein Awada (@drhusseinawada)<\/a><\/p><\/div><\/blockquote>\n<script async src=\"\/\/www.instagram.com\/embed.js\"><\/script>\n\n\n\n<p>Dr. Hussein destaca ainda que, em pessoas com hist\u00f3rico familiar de c\u00e2ncer, a presen\u00e7a de desbiose intestinal representa um fator de risco adicional.<\/p>\n\n\n\n<h2 class=\"wp-block-heading\">O que \u00e9 distroboloma e qual a rela\u00e7\u00e3o com horm\u00f4nios?<\/h2>\n\n\n\n<p>O termo <em>distroboloma<\/em> se refere \u00e0 parte da microbiota intestinal respons\u00e1vel por metabolizar horm\u00f4nios, como o estrog\u00eanio. Quando essa fun\u00e7\u00e3o est\u00e1 comprometida, o organismo pode apresentar desequil\u00edbrios hormonais, favorecendo quadros como acne, s\u00edndrome dos ov\u00e1rios polic\u00edsticos, TPM intensa e at\u00e9 infertilidade.<\/p>\n\n\n<div class=\"wp-block-image\">\n<figure class=\"aligncenter size-large\"><img loading=\"lazy\" decoding=\"async\" width=\"1024\" height=\"576\" src=\"https:\/\/www.em.com.br\/emfoco\/wp-content\/uploads\/2025\/06\/parasitas-intestinais_1749710866388-1024x576.jpg\" alt=\"\" class=\"wp-image-59282\" srcset=\"https:\/\/www.em.com.br\/emfoco\/wp-content\/uploads\/2025\/06\/parasitas-intestinais_1749710866388-1024x576.jpg 1024w, https:\/\/www.em.com.br\/emfoco\/wp-content\/uploads\/2025\/06\/parasitas-intestinais_1749710866388-300x169.jpg 300w, https:\/\/www.em.com.br\/emfoco\/wp-content\/uploads\/2025\/06\/parasitas-intestinais_1749710866388-768x432.jpg 768w, https:\/\/www.em.com.br\/emfoco\/wp-content\/uploads\/2025\/06\/parasitas-intestinais_1749710866388-750x422.jpg 750w, https:\/\/www.em.com.br\/emfoco\/wp-content\/uploads\/2025\/06\/parasitas-intestinais_1749710866388-1140x641.jpg 1140w, https:\/\/www.em.com.br\/emfoco\/wp-content\/uploads\/2025\/06\/parasitas-intestinais_1749710866388.jpg 1280w\" sizes=\"auto, (max-width: 1024px) 100vw, 1024px\" \/><figcaption class=\"wp-element-caption\">Mulher com dores abdominais &#8211; Cr\u00e9ditos: depositphotos.com \/ doucefleur<\/figcaption><\/figure><\/div>\n\n\n<p>Al\u00e9m disso, a m\u00e1 metaboliza\u00e7\u00e3o hormonal est\u00e1 associada a problemas de sa\u00fade como:<\/p>\n\n\n\n<ul class=\"wp-block-list\">\n<li>Endometriose<\/li>\n\n\n\n<li>Miomas uterinos<\/li>\n\n\n\n<li>Altera\u00e7\u00f5es de humor<\/li>\n\n\n\n<li>Reten\u00e7\u00e3o de l\u00edquidos<\/li>\n<\/ul>\n\n\n\n<h2 class=\"wp-block-heading\">Quais alimentos pioram a desbiose intestinal?<\/h2>\n\n\n\n<p>Alguns alimentos fermentam no intestino e agravam o quadro de desbiose, gerando excesso de gases, distens\u00e3o abdominal e inflama\u00e7\u00f5es silenciosas. Entre os principais vil\u00f5es est\u00e3o:<\/p>\n\n\n\n<ul class=\"wp-block-list\">\n<li>Gl\u00faten (presente em trigo, cevada e centeio)<\/li>\n\n\n\n<li>Latic\u00ednios (principalmente os industrializados)<\/li>\n\n\n\n<li>A\u00e7\u00facares refinados e ado\u00e7antes artificiais<\/li>\n\n\n\n<li>Alimentos ultraprocessados<\/li>\n<\/ul>\n\n\n\n<p>Segundo o Dr. Hussein, eliminar ou reduzir esses itens da dieta \u00e9 um dos primeiros passos para aliviar os sintomas e permitir a recupera\u00e7\u00e3o da flora intestinal.<\/p>\n\n\n\n<h2 class=\"wp-block-heading\">Como recuperar a sa\u00fade do intestino naturalmente?<\/h2>\n\n\n\n<p>A boa not\u00edcia \u00e9 que \u00e9 poss\u00edvel reverter a desbiose intestinal com estrat\u00e9gias simples e naturais. O especialista sugere tr\u00eas etapas fundamentais:<\/p>\n\n\n\n<ol class=\"wp-block-list\">\n<li><strong>Evitar alimentos ferment\u00e1veis<\/strong><br>Reduzir ou excluir gl\u00faten, leite e a\u00e7\u00facar da rotina di\u00e1ria \u00e9 essencial para interromper a prolifera\u00e7\u00e3o das bact\u00e9rias nocivas.<\/li>\n\n\n\n<li><strong>Iniciar o dia com um \u201cshot matinal digestivo\u201d<\/strong><br>Uma mistura de \u00e1gua morna, lim\u00e3o e vinagre de ma\u00e7\u00e3 org\u00e2nico ajuda a equilibrar o pH do est\u00f4mago e estimula a digest\u00e3o.<\/li>\n\n\n\n<li><strong>Reposi\u00e7\u00e3o de enzimas digestivas e glutamina<\/strong><br>Suplementos naturais como enzimas e glutamina favorecem a regenera\u00e7\u00e3o da parede intestinal e restauram a fun\u00e7\u00e3o imunol\u00f3gica.<\/li>\n<\/ol>\n\n\n\n<p>Segundo estudos publicados no <em>Journal of Clinical Gastroenterology<\/em>, a glutamina \u00e9 uma subst\u00e2ncia-chave na manuten\u00e7\u00e3o da integridade da mucosa intestinal, principalmente em quadros de inflama\u00e7\u00e3o cr\u00f4nica. Fonte: <a href=\"https:\/\/journals.lww.com\/jcge\" target=\"_blank\" rel=\"noreferrer noopener\">h<\/a><a>ttps:\/\/journals.lww.com\/jcge<\/a><\/p>\n\n\n\n<h2 class=\"wp-block-heading\">Ser\u00e1 que seus gases est\u00e3o tentando te avisar de algo?<\/h2>\n\n\n\n<p>O odor dos gases n\u00e3o deve ser ignorado. Segundo Dr. Hussein Awada, esse sinal pode indicar um desequil\u00edbrio invis\u00edvel, mas com impactos profundos para a sua sa\u00fade f\u00edsica e emocional. Cuidar do intestino \u00e9 muito mais do que apenas evitar desconfortos: \u00e9 preservar sua imunidade, sua energia e sua longevidade.<\/p>\n\n\n\n<p>Se voc\u00ea sofre com sintomas recorrentes ou quer melhorar sua qualidade de vida de forma natural, considere olhar com mais aten\u00e7\u00e3o para a sua sa\u00fade intestinal \u2014 e n\u00e3o hesite em buscar orienta\u00e7\u00e3o profissional.<\/p>\n","protected":false},"excerpt":{"rendered":"<p>Voc\u00ea tem percebido que seus gases est\u00e3o mais f\u00e9tidos do que o normal? Apesar de parecer apenas um inc\u00f4modo social, esse sintoma pode revelar um problema de sa\u00fade intestinal importante, segundo o m\u00e9dico @drhusseinawada. De forma clara, ele afirma: \u201cGases com odor forte s\u00e3o sinal de desbiose intestinal\u201d. E esse desequil\u00edbrio pode afetar muito mais [&hellip;]<\/p>\n","protected":false},"author":17,"featured_media":61092,"comment_status":"open","ping_status":"open","sticky":false,"template":"","format":"standard","meta":{"jnews-multi-image_gallery":[],"jnews_single_post":{"format":"standard"},"jnews_primary_category":[],"jnews_social_meta":[],"jnews_override_counter":[],"footnotes":""},"categories":[9053],"tags":[9739,327,415],"class_list":["post-61051","post","type-post","status-publish","format-standard","has-post-thumbnail","hentry","category-saude","tag-odor-corporal","tag-qualidade-de-vida","tag-saude"],"yoast_head":"<!-- This site is optimized with the Yoast SEO plugin v23.8 - https:\/\/yoast.com\/wordpress\/plugins\/seo\/ -->\n<title>Dr. Hussein Awada, m\u00e9dico, \u201ccomo eliminar gases com odor forte\u201d - Estado de Minas - Em foco<\/title>\n<meta name=\"description\" content=\"O cheiro dos seus gases pode ser o primeiro sinal de um desequil\u00edbrio invis\u00edvel que afeta seu intestino e sua imunidade.\" \/>\n<meta name=\"robots\" content=\"index, follow, max-snippet:-1, max-image-preview:large, max-video-preview:-1\" \/>\n<link rel=\"canonical\" href=\"https:\/\/www.em.com.br\/emfoco\/2025\/06\/15\/dr-hussein-awada-medico-como-eliminar-gases-com-odor-forte\/\" \/>\n<meta property=\"og:locale\" content=\"pt_BR\" \/>\n<meta property=\"og:type\" content=\"article\" \/>\n<meta property=\"og:title\" content=\"Dr. Hussein Awada, m\u00e9dico, \u201ccomo eliminar gases com odor forte\u201d - Estado de Minas - Em foco\" \/>\n<meta property=\"og:description\" content=\"O cheiro dos seus gases pode ser o primeiro sinal de um desequil\u00edbrio invis\u00edvel que afeta seu intestino e sua imunidade.\" \/>\n<meta property=\"og:url\" content=\"https:\/\/www.em.com.br\/emfoco\/2025\/06\/15\/dr-hussein-awada-medico-como-eliminar-gases-com-odor-forte\/\" \/>\n<meta property=\"og:site_name\" content=\"Estado de Minas - Em foco\" \/>\n<meta property=\"article:published_time\" content=\"2025-06-15T09:50:00+00:00\" \/>\n<meta property=\"article:modified_time\" content=\"2025-06-15T04:54:06+00:00\" \/>\n<meta property=\"og:image\" content=\"https:\/\/www.em.com.br\/emfoco\/wp-content\/uploads\/2025\/06\/flatulencias_1749962667926.jpg\" \/>\n\t<meta property=\"og:image:width\" content=\"1280\" \/>\n\t<meta property=\"og:image:height\" content=\"720\" \/>\n\t<meta property=\"og:image:type\" content=\"image\/jpeg\" \/>\n<meta name=\"author\" content=\"Lucas Sampaio\" \/>\n<meta name=\"twitter:card\" content=\"summary_large_image\" \/>\n<meta name=\"twitter:label1\" content=\"Escrito por\" \/>\n\t<meta name=\"twitter:data1\" content=\"Lucas Sampaio\" \/>\n\t<meta name=\"twitter:label2\" content=\"Est. tempo de leitura\" \/>\n\t<meta name=\"twitter:data2\" content=\"5 minutos\" \/>\n<!-- \/ Yoast SEO plugin. -->","yoast_head_json":{"title":"Dr. Hussein Awada, m\u00e9dico, \u201ccomo eliminar gases com odor forte\u201d - Estado de Minas - Em foco","description":"O cheiro dos seus gases pode ser o primeiro sinal de um desequil\u00edbrio invis\u00edvel que afeta seu intestino e sua imunidade.","robots":{"index":"index","follow":"follow","max-snippet":"max-snippet:-1","max-image-preview":"max-image-preview:large","max-video-preview":"max-video-preview:-1"},"canonical":"https:\/\/www.em.com.br\/emfoco\/2025\/06\/15\/dr-hussein-awada-medico-como-eliminar-gases-com-odor-forte\/","og_locale":"pt_BR","og_type":"article","og_title":"Dr. Hussein Awada, m\u00e9dico, \u201ccomo eliminar gases com odor forte\u201d - Estado de Minas - Em foco","og_description":"O cheiro dos seus gases pode ser o primeiro sinal de um desequil\u00edbrio invis\u00edvel que afeta seu intestino e sua imunidade.","og_url":"https:\/\/www.em.com.br\/emfoco\/2025\/06\/15\/dr-hussein-awada-medico-como-eliminar-gases-com-odor-forte\/","og_site_name":"Estado de Minas - Em foco","article_published_time":"2025-06-15T09:50:00+00:00","article_modified_time":"2025-06-15T04:54:06+00:00","og_image":[{"width":1280,"height":720,"url":"https:\/\/www.em.com.br\/emfoco\/wp-content\/uploads\/2025\/06\/flatulencias_1749962667926.jpg","type":"image\/jpeg"}],"author":"Lucas Sampaio","twitter_card":"summary_large_image","twitter_misc":{"Escrito por":"Lucas Sampaio","Est. tempo de leitura":"5 minutos"},"schema":{"@context":"https:\/\/schema.org","@graph":[{"@type":"WebPage","@id":"https:\/\/www.em.com.br\/emfoco\/2025\/06\/15\/dr-hussein-awada-medico-como-eliminar-gases-com-odor-forte\/","url":"https:\/\/www.em.com.br\/emfoco\/2025\/06\/15\/dr-hussein-awada-medico-como-eliminar-gases-com-odor-forte\/","name":"Dr. Hussein Awada, m\u00e9dico, \u201ccomo eliminar gases com odor forte\u201d - Estado de Minas - Em foco","isPartOf":{"@id":"https:\/\/www.em.com.br\/emfoco\/#website"},"primaryImageOfPage":{"@id":"https:\/\/www.em.com.br\/emfoco\/2025\/06\/15\/dr-hussein-awada-medico-como-eliminar-gases-com-odor-forte\/#primaryimage"},"image":{"@id":"https:\/\/www.em.com.br\/emfoco\/2025\/06\/15\/dr-hussein-awada-medico-como-eliminar-gases-com-odor-forte\/#primaryimage"},"thumbnailUrl":"https:\/\/www.em.com.br\/emfoco\/wp-content\/uploads\/2025\/06\/flatulencias_1749962667926.jpg","datePublished":"2025-06-15T09:50:00+00:00","dateModified":"2025-06-15T04:54:06+00:00","author":{"@id":"https:\/\/www.em.com.br\/emfoco\/#\/schema\/person\/9ad4c536bd87f5bb8006420332b99aef"},"description":"O cheiro dos seus gases pode ser o primeiro sinal de um desequil\u00edbrio invis\u00edvel que afeta seu intestino e sua imunidade.","breadcrumb":{"@id":"https:\/\/www.em.com.br\/emfoco\/2025\/06\/15\/dr-hussein-awada-medico-como-eliminar-gases-com-odor-forte\/#breadcrumb"},"inLanguage":"pt-BR","potentialAction":[{"@type":"ReadAction","target":["https:\/\/www.em.com.br\/emfoco\/2025\/06\/15\/dr-hussein-awada-medico-como-eliminar-gases-com-odor-forte\/"]}]},{"@type":"ImageObject","inLanguage":"pt-BR","@id":"https:\/\/www.em.com.br\/emfoco\/2025\/06\/15\/dr-hussein-awada-medico-como-eliminar-gases-com-odor-forte\/#primaryimage","url":"https:\/\/www.em.com.br\/emfoco\/wp-content\/uploads\/2025\/06\/flatulencias_1749962667926.jpg","contentUrl":"https:\/\/www.em.com.br\/emfoco\/wp-content\/uploads\/2025\/06\/flatulencias_1749962667926.jpg","width":1280,"height":720,"caption":"Mulher agarrando est\u00f4mago - Cr\u00e9ditos: depositphotos.com \/ Pormezz"},{"@type":"BreadcrumbList","@id":"https:\/\/www.em.com.br\/emfoco\/2025\/06\/15\/dr-hussein-awada-medico-como-eliminar-gases-com-odor-forte\/#breadcrumb","itemListElement":[{"@type":"ListItem","position":1,"name":"In\u00edcio","item":"https:\/\/www.em.com.br\/emfoco\/"},{"@type":"ListItem","position":2,"name":"Dr. Hussein Awada, m\u00e9dico, \u201ccomo eliminar gases com odor forte\u201d"}]},{"@type":"WebSite","@id":"https:\/\/www.em.com.br\/emfoco\/#website","url":"https:\/\/www.em.com.br\/emfoco\/","name":"Estado de Minas - Em foco","description":"Acompanhe as \u00faltimas not\u00edcias e fique bem informado sobre tudo o que acontece em Minas Gerais, Brasil e no mundo.","potentialAction":[{"@type":"SearchAction","target":{"@type":"EntryPoint","urlTemplate":"https:\/\/www.em.com.br\/emfoco\/?s={search_term_string}"},"query-input":{"@type":"PropertyValueSpecification","valueRequired":true,"valueName":"search_term_string"}}],"inLanguage":"pt-BR"},{"@type":"Person","@id":"https:\/\/www.em.com.br\/emfoco\/#\/schema\/person\/9ad4c536bd87f5bb8006420332b99aef","name":"Lucas Sampaio","image":{"@type":"ImageObject","inLanguage":"pt-BR","@id":"https:\/\/www.em.com.br\/emfoco\/#\/schema\/person\/image\/","url":"https:\/\/secure.gravatar.com\/avatar\/2696b9676ad143cd7135b717faf6f79f?s=96&d=mm&r=g","contentUrl":"https:\/\/secure.gravatar.com\/avatar\/2696b9676ad143cd7135b717faf6f79f?s=96&d=mm&r=g","caption":"Lucas Sampaio"},"sameAs":["https:\/\/www.em.com.br\/emfoco\/"],"url":"https:\/\/www.em.com.br\/emfoco\/author\/lucasmyth\/"}]}},"_links":{"self":[{"href":"https:\/\/www.em.com.br\/emfoco\/wp-json\/wp\/v2\/posts\/61051","targetHints":{"allow":["GET"]}}],"collection":[{"href":"https:\/\/www.em.com.br\/emfoco\/wp-json\/wp\/v2\/posts"}],"about":[{"href":"https:\/\/www.em.com.br\/emfoco\/wp-json\/wp\/v2\/types\/post"}],"author":[{"embeddable":true,"href":"https:\/\/www.em.com.br\/emfoco\/wp-json\/wp\/v2\/users\/17"}],"replies":[{"embeddable":true,"href":"https:\/\/www.em.com.br\/emfoco\/wp-json\/wp\/v2\/comments?post=61051"}],"version-history":[{"count":2,"href":"https:\/\/www.em.com.br\/emfoco\/wp-json\/wp\/v2\/posts\/61051\/revisions"}],"predecessor-version":[{"id":61093,"href":"https:\/\/www.em.com.br\/emfoco\/wp-json\/wp\/v2\/posts\/61051\/revisions\/61093"}],"wp:featuredmedia":[{"embeddable":true,"href":"https:\/\/www.em.com.br\/emfoco\/wp-json\/wp\/v2\/media\/61092"}],"wp:attachment":[{"href":"https:\/\/www.em.com.br\/emfoco\/wp-json\/wp\/v2\/media?parent=61051"}],"wp:term":[{"taxonomy":"category","embeddable":true,"href":"https:\/\/www.em.com.br\/emfoco\/wp-json\/wp\/v2\/categories?post=61051"},{"taxonomy":"post_tag","embeddable":true,"href":"https:\/\/www.em.com.br\/emfoco\/wp-json\/wp\/v2\/tags?post=61051"}],"curies":[{"name":"wp","href":"https:\/\/api.w.org\/{rel}","templated":true}]}}