{"id":6094,"date":"2024-12-22T09:20:00","date_gmt":"2024-12-22T12:20:00","guid":{"rendered":"https:\/\/www.em.com.br\/emfoco\/?p=6094"},"modified":"2024-12-21T14:01:37","modified_gmt":"2024-12-21T17:01:37","slug":"qual-o-valor-do-seguro-desemprego-em-2025","status":"publish","type":"post","link":"https:\/\/www.em.com.br\/emfoco\/2024\/12\/22\/qual-o-valor-do-seguro-desemprego-em-2025\/","title":{"rendered":"Qual o valor do seguro-desemprego em 2025?"},"content":{"rendered":"\n<p>O <a href=\"https:\/\/www.gov.br\/pt-br\/servicos\/solicitar-o-seguro-desemprego\" target=\"_blank\" rel=\"noreferrer noopener\">seguro-desemprego<\/a> \u00e9 um benef\u00edcio fundamental para os trabalhadores <a href=\"https:\/\/www.em.com.br\/emfoco\/2024\/12\/20\/brasileiros-anunciam-game-mmorpg-com-lancamento-de-alfa-fechado\/\" target=\"_blank\" rel=\"noreferrer noopener\">brasileiros<\/a>, oferecendo suporte financeiro tempor\u00e1rio para aqueles que perderam o v\u00ednculo formal de emprego. Este aux\u00edlio tem sido crucial para ajudar muitos trabalhadores durante per\u00edodos dif\u00edceis de transi\u00e7\u00e3o no mercado de trabalho.<\/p>\n\n\n\n<p>Atualmente, o seguro-desemprego tem valores que variam de R$ 1.412 a R$ 2.313,74, dependendo do tempo de servi\u00e7o e do sal\u00e1rio anterior do trabalhador. No entanto, mudan\u00e7as significativas podem estar a caminho, com novas regras para 2025 que poder\u00e3o impactar tanto o valor quanto os crit\u00e9rios de elegibilidade para receber esse aux\u00edlio.<\/p>\n\n\n\n<h2 class=\"wp-block-heading\">Quais S\u00e3o as Poss\u00edveis Mudan\u00e7as nas Regras?<\/h2>\n\n\n\n<p>Especula\u00e7\u00f5es indicam que o Governo Federal pretende revisar as normas do seguro-desemprego em face do corte de gastos planejado para o pr\u00f3ximo ano. Um dos principais pontos que podem ser alterados \u00e9 o valor m\u00e1ximo do benef\u00edcio, al\u00e9m dos crit\u00e9rios para a solicita\u00e7\u00e3o e concess\u00e3o do seguro-desemprego.<\/p>\n\n\n\n<p>De acordo com not\u00edcias e an\u00e1lises de especialistas, h\u00e1 uma possibilidade de que as novas regras imponham limites mais restritivos. Potencialmente, o benef\u00edcio poder\u00e1 ser concedido apenas a trabalhadores com uma remunera\u00e7\u00e3o m\u00e1xima de dois sal\u00e1rios m\u00ednimos mensais. Esta mudan\u00e7a visa otimizar a aloca\u00e7\u00e3o dos recursos do governo em tempos de ajuste fiscal.<\/p>\n\n\n<div class=\"wp-block-image\">\n<figure class=\"aligncenter size-large\"><img loading=\"lazy\" decoding=\"async\" width=\"1024\" height=\"576\" src=\"https:\/\/www.em.com.br\/emfoco\/wp-content\/uploads\/2024\/12\/Brazil-Money_1734377057535-1024x576.jpg\" alt=\"\" class=\"wp-image-5293\" srcset=\"https:\/\/www.em.com.br\/emfoco\/wp-content\/uploads\/2024\/12\/Brazil-Money_1734377057535-1024x576.jpg 1024w, https:\/\/www.em.com.br\/emfoco\/wp-content\/uploads\/2024\/12\/Brazil-Money_1734377057535-300x169.jpg 300w, https:\/\/www.em.com.br\/emfoco\/wp-content\/uploads\/2024\/12\/Brazil-Money_1734377057535-768x432.jpg 768w, https:\/\/www.em.com.br\/emfoco\/wp-content\/uploads\/2024\/12\/Brazil-Money_1734377057535-750x422.jpg 750w, https:\/\/www.em.com.br\/emfoco\/wp-content\/uploads\/2024\/12\/Brazil-Money_1734377057535-1140x641.jpg 1140w, https:\/\/www.em.com.br\/emfoco\/wp-content\/uploads\/2024\/12\/Brazil-Money_1734377057535.jpg 1280w\" sizes=\"auto, (max-width: 1024px) 100vw, 1024px\" \/><figcaption class=\"wp-element-caption\">Dinheiro &#8211; Cr\u00e9ditos: depositphotos.com \/ rochu_2008<\/figcaption><\/figure><\/div>\n\n\n<h2 class=\"wp-block-heading\">Quem Ter\u00e1 Direito ao Benef\u00edcio?<\/h2>\n\n\n\n<p>Com as perspectivas de novas regras, h\u00e1 uma expectativa de maior rigor na avalia\u00e7\u00e3o dos crit\u00e9rios de elegibilidade. Atualmente, um trabalhador deve ter recebido sal\u00e1rios conforme per\u00edodos espec\u00edficos para poder solicitar o seguro-desemprego:<\/p>\n\n\n\n<ul class=\"wp-block-list\">\n<li>12 meses nos \u00faltimos 18 meses para a primeira solicita\u00e7\u00e3o.<\/li>\n\n\n\n<li>9 meses nos \u00faltimos 12 meses para a segunda solicita\u00e7\u00e3o.<\/li>\n\n\n\n<li>6 meses para a terceira solicita\u00e7\u00e3o em diante.<\/li>\n<\/ul>\n\n\n\n<p>O n\u00famero de parcelas tamb\u00e9m pode variar, atualmente sendo liberadas at\u00e9 cinco parcelas dependendo do tempo de servi\u00e7o prestado pelo solicitante.<\/p>\n\n\n\n<h2 class=\"wp-block-heading\">O Que Esperar com as Novas Regras do Seguro-Desemprego?<\/h2>\n\n\n\n<p>Ainda n\u00e3o h\u00e1 confirma\u00e7\u00e3o oficial sobre o formato final das mudan\u00e7as, pois os detalhes est\u00e3o previstos para ser divulgados em breve. A expectativa \u00e9 de que haja um equil\u00edbrio entre a redu\u00e7\u00e3o de custos para o governo e o suporte necess\u00e1rio para os trabalhadores que realmente necessitam deste aux\u00edlio.<\/p>\n\n\n\n<p>Os trabalhadores devem aguardar a divulga\u00e7\u00e3o oficial para obter informa\u00e7\u00f5es precisas sobre as novas diretrizes. Isso garantir\u00e1 que tanto empregados quanto empregadores possam se preparar adequadamente para o que est\u00e1 por vir no cen\u00e1rio de benef\u00edcios trabalhistas no Brasil.<\/p>\n\n\n\n<h2 class=\"wp-block-heading\">Qual o Impacto das Mudan\u00e7as no Seguro-Desemprego?<\/h2>\n\n\n\n<p>Essas mudan\u00e7as planejadas podem ter implica\u00e7\u00f5es significativas para muitos trabalhadores e suas fam\u00edlias, principalmente aqueles que est\u00e3o acostumados a contar com o seguro-desemprego em tempos de transi\u00e7\u00e3o laboral. As futuras regras podem exigir um planejamento financeiro mais cuidadoso por parte dos trabalhadores que estar\u00e3o \u00e0 margem de mudan\u00e7as cada vez mais rigorosas.<\/p>\n\n\n\n<p>Al\u00e9m disso, altera\u00e7\u00f5es nesse benef\u00edcio podem refletir em outros aspectos da economia, influenciando o poder de compra e o bem-estar dos cidad\u00e3os durante per\u00edodos de desemprego. Portanto, \u00e9 crucial que as propostas do governo considerem poss\u00edveis impactos sociais e econ\u00f4micos.<\/p>\n","protected":false},"excerpt":{"rendered":"<p>O seguro-desemprego \u00e9 um benef\u00edcio fundamental para os trabalhadores brasileiros, oferecendo suporte financeiro tempor\u00e1rio para aqueles que perderam o v\u00ednculo formal de emprego. Este aux\u00edlio tem sido crucial para ajudar muitos trabalhadores durante per\u00edodos dif\u00edceis de transi\u00e7\u00e3o no mercado de trabalho. Atualmente, o seguro-desemprego tem valores que variam de R$ 1.412 a R$ 2.313,74, dependendo [&hellip;]<\/p>\n","protected":false},"author":7,"featured_media":1929,"comment_status":"open","ping_status":"open","sticky":false,"template":"","format":"standard","meta":{"jnews-multi-image_gallery":[],"jnews_single_post":{"format":"standard"},"jnews_primary_category":[],"jnews_social_meta":[],"jnews_override_counter":[],"footnotes":""},"categories":[28],"tags":[259,2287,1833,1832,857],"class_list":["post-6094","post","type-post","status-publish","format-standard","has-post-thumbnail","hentry","category-economia","tag-beneficio","tag-demissao","tag-desemprego","tag-seguro-desemprego","tag-trabalhador-brasileiro"],"yoast_head":"<!-- This site is optimized with the Yoast SEO plugin v23.8 - https:\/\/yoast.com\/wordpress\/plugins\/seo\/ -->\n<title>Qual o valor do seguro-desemprego em 2025? - Estado de Minas - Em foco<\/title>\n<meta name=\"description\" content=\"Entenda as regras e crit\u00e9rios do seguro-desemprego no Brasil, um benef\u00edcio integral para trabalhadores demitidos involuntariamente.\" \/>\n<meta name=\"robots\" content=\"index, follow, max-snippet:-1, max-image-preview:large, max-video-preview:-1\" \/>\n<link rel=\"canonical\" href=\"https:\/\/www.em.com.br\/emfoco\/2024\/12\/22\/qual-o-valor-do-seguro-desemprego-em-2025\/\" \/>\n<meta property=\"og:locale\" content=\"pt_BR\" \/>\n<meta property=\"og:type\" content=\"article\" \/>\n<meta property=\"og:title\" content=\"Qual o valor do seguro-desemprego em 2025? - Estado de Minas - Em foco\" \/>\n<meta property=\"og:description\" content=\"Entenda as regras e crit\u00e9rios do seguro-desemprego no Brasil, um benef\u00edcio integral para trabalhadores demitidos involuntariamente.\" \/>\n<meta property=\"og:url\" content=\"https:\/\/www.em.com.br\/emfoco\/2024\/12\/22\/qual-o-valor-do-seguro-desemprego-em-2025\/\" \/>\n<meta property=\"og:site_name\" content=\"Estado de Minas - Em foco\" \/>\n<meta property=\"article:published_time\" content=\"2024-12-22T12:20:00+00:00\" \/>\n<meta property=\"article:modified_time\" content=\"2024-12-21T17:01:37+00:00\" \/>\n<meta property=\"og:image\" content=\"https:\/\/www.em.com.br\/emfoco\/wp-content\/uploads\/2024\/11\/Carteira-de-trabalho_1732808400368.jpg\" \/>\n\t<meta property=\"og:image:width\" content=\"1280\" \/>\n\t<meta property=\"og:image:height\" content=\"720\" \/>\n\t<meta property=\"og:image:type\" content=\"image\/jpeg\" \/>\n<meta name=\"author\" content=\"Kelvin\" \/>\n<meta name=\"twitter:card\" content=\"summary_large_image\" \/>\n<meta name=\"twitter:label1\" content=\"Escrito por\" \/>\n\t<meta name=\"twitter:data1\" content=\"Kelvin\" \/>\n\t<meta name=\"twitter:label2\" content=\"Est. tempo de leitura\" \/>\n\t<meta name=\"twitter:data2\" content=\"4 minutos\" \/>\n<!-- \/ Yoast SEO plugin. -->","yoast_head_json":{"title":"Qual o valor do seguro-desemprego em 2025? - Estado de Minas - Em foco","description":"Entenda as regras e crit\u00e9rios do seguro-desemprego no Brasil, um benef\u00edcio integral para trabalhadores demitidos involuntariamente.","robots":{"index":"index","follow":"follow","max-snippet":"max-snippet:-1","max-image-preview":"max-image-preview:large","max-video-preview":"max-video-preview:-1"},"canonical":"https:\/\/www.em.com.br\/emfoco\/2024\/12\/22\/qual-o-valor-do-seguro-desemprego-em-2025\/","og_locale":"pt_BR","og_type":"article","og_title":"Qual o valor do seguro-desemprego em 2025? - Estado de Minas - Em foco","og_description":"Entenda as regras e crit\u00e9rios do seguro-desemprego no Brasil, um benef\u00edcio integral para trabalhadores demitidos involuntariamente.","og_url":"https:\/\/www.em.com.br\/emfoco\/2024\/12\/22\/qual-o-valor-do-seguro-desemprego-em-2025\/","og_site_name":"Estado de Minas - Em foco","article_published_time":"2024-12-22T12:20:00+00:00","article_modified_time":"2024-12-21T17:01:37+00:00","og_image":[{"width":1280,"height":720,"url":"https:\/\/www.em.com.br\/emfoco\/wp-content\/uploads\/2024\/11\/Carteira-de-trabalho_1732808400368.jpg","type":"image\/jpeg"}],"author":"Kelvin","twitter_card":"summary_large_image","twitter_misc":{"Escrito por":"Kelvin","Est. tempo de leitura":"4 minutos"},"schema":{"@context":"https:\/\/schema.org","@graph":[{"@type":"WebPage","@id":"https:\/\/www.em.com.br\/emfoco\/2024\/12\/22\/qual-o-valor-do-seguro-desemprego-em-2025\/","url":"https:\/\/www.em.com.br\/emfoco\/2024\/12\/22\/qual-o-valor-do-seguro-desemprego-em-2025\/","name":"Qual o valor do seguro-desemprego em 2025? - Estado de Minas - Em foco","isPartOf":{"@id":"https:\/\/www.em.com.br\/emfoco\/#website"},"primaryImageOfPage":{"@id":"https:\/\/www.em.com.br\/emfoco\/2024\/12\/22\/qual-o-valor-do-seguro-desemprego-em-2025\/#primaryimage"},"image":{"@id":"https:\/\/www.em.com.br\/emfoco\/2024\/12\/22\/qual-o-valor-do-seguro-desemprego-em-2025\/#primaryimage"},"thumbnailUrl":"https:\/\/www.em.com.br\/emfoco\/wp-content\/uploads\/2024\/11\/Carteira-de-trabalho_1732808400368.jpg","datePublished":"2024-12-22T12:20:00+00:00","dateModified":"2024-12-21T17:01:37+00:00","author":{"@id":"https:\/\/www.em.com.br\/emfoco\/#\/schema\/person\/fb0a7f48c6fbb94b83f413a80f61917d"},"description":"Entenda as regras e crit\u00e9rios do seguro-desemprego no Brasil, um benef\u00edcio integral para trabalhadores demitidos involuntariamente.","breadcrumb":{"@id":"https:\/\/www.em.com.br\/emfoco\/2024\/12\/22\/qual-o-valor-do-seguro-desemprego-em-2025\/#breadcrumb"},"inLanguage":"pt-BR","potentialAction":[{"@type":"ReadAction","target":["https:\/\/www.em.com.br\/emfoco\/2024\/12\/22\/qual-o-valor-do-seguro-desemprego-em-2025\/"]}]},{"@type":"ImageObject","inLanguage":"pt-BR","@id":"https:\/\/www.em.com.br\/emfoco\/2024\/12\/22\/qual-o-valor-do-seguro-desemprego-em-2025\/#primaryimage","url":"https:\/\/www.em.com.br\/emfoco\/wp-content\/uploads\/2024\/11\/Carteira-de-trabalho_1732808400368.jpg","contentUrl":"https:\/\/www.em.com.br\/emfoco\/wp-content\/uploads\/2024\/11\/Carteira-de-trabalho_1732808400368.jpg","width":1280,"height":720,"caption":"Carteira de Trabalho - Cr\u00e9ditos: depositphotos.com \/ rafapress"},{"@type":"BreadcrumbList","@id":"https:\/\/www.em.com.br\/emfoco\/2024\/12\/22\/qual-o-valor-do-seguro-desemprego-em-2025\/#breadcrumb","itemListElement":[{"@type":"ListItem","position":1,"name":"In\u00edcio","item":"https:\/\/www.em.com.br\/emfoco\/"},{"@type":"ListItem","position":2,"name":"Qual o valor do seguro-desemprego em 2025?"}]},{"@type":"WebSite","@id":"https:\/\/www.em.com.br\/emfoco\/#website","url":"https:\/\/www.em.com.br\/emfoco\/","name":"Estado de Minas - Em foco","description":"Acompanhe as \u00faltimas not\u00edcias e fique bem informado sobre tudo o que acontece em Minas Gerais, Brasil e no mundo.","potentialAction":[{"@type":"SearchAction","target":{"@type":"EntryPoint","urlTemplate":"https:\/\/www.em.com.br\/emfoco\/?s={search_term_string}"},"query-input":{"@type":"PropertyValueSpecification","valueRequired":true,"valueName":"search_term_string"}}],"inLanguage":"pt-BR"},{"@type":"Person","@id":"https:\/\/www.em.com.br\/emfoco\/#\/schema\/person\/fb0a7f48c6fbb94b83f413a80f61917d","name":"Kelvin","image":{"@type":"ImageObject","inLanguage":"pt-BR","@id":"https:\/\/www.em.com.br\/emfoco\/#\/schema\/person\/image\/","url":"https:\/\/secure.gravatar.com\/avatar\/e74f84337e6bf6c4c5e88fbdffa05270?s=96&d=mm&r=g","contentUrl":"https:\/\/secure.gravatar.com\/avatar\/e74f84337e6bf6c4c5e88fbdffa05270?s=96&d=mm&r=g","caption":"Kelvin"},"sameAs":["https:\/\/www.em.com.br\/emfoco"],"url":"https:\/\/www.em.com.br\/emfoco\/author\/kelvinmyth\/"}]}},"_links":{"self":[{"href":"https:\/\/www.em.com.br\/emfoco\/wp-json\/wp\/v2\/posts\/6094","targetHints":{"allow":["GET"]}}],"collection":[{"href":"https:\/\/www.em.com.br\/emfoco\/wp-json\/wp\/v2\/posts"}],"about":[{"href":"https:\/\/www.em.com.br\/emfoco\/wp-json\/wp\/v2\/types\/post"}],"author":[{"embeddable":true,"href":"https:\/\/www.em.com.br\/emfoco\/wp-json\/wp\/v2\/users\/7"}],"replies":[{"embeddable":true,"href":"https:\/\/www.em.com.br\/emfoco\/wp-json\/wp\/v2\/comments?post=6094"}],"version-history":[{"count":2,"href":"https:\/\/www.em.com.br\/emfoco\/wp-json\/wp\/v2\/posts\/6094\/revisions"}],"predecessor-version":[{"id":6097,"href":"https:\/\/www.em.com.br\/emfoco\/wp-json\/wp\/v2\/posts\/6094\/revisions\/6097"}],"wp:featuredmedia":[{"embeddable":true,"href":"https:\/\/www.em.com.br\/emfoco\/wp-json\/wp\/v2\/media\/1929"}],"wp:attachment":[{"href":"https:\/\/www.em.com.br\/emfoco\/wp-json\/wp\/v2\/media?parent=6094"}],"wp:term":[{"taxonomy":"category","embeddable":true,"href":"https:\/\/www.em.com.br\/emfoco\/wp-json\/wp\/v2\/categories?post=6094"},{"taxonomy":"post_tag","embeddable":true,"href":"https:\/\/www.em.com.br\/emfoco\/wp-json\/wp\/v2\/tags?post=6094"}],"curies":[{"name":"wp","href":"https:\/\/api.w.org\/{rel}","templated":true}]}}