{"id":60742,"date":"2025-06-15T22:00:00","date_gmt":"2025-06-16T01:00:00","guid":{"rendered":"https:\/\/www.em.com.br\/emfoco\/?p=60742"},"modified":"2025-06-15T10:11:29","modified_gmt":"2025-06-15T13:11:29","slug":"suspense-arrepiante-estrelado-por-sydney-sweeney-e-julianne-moore-esta-chegando-a-apple-tv","status":"publish","type":"post","link":"https:\/\/www.em.com.br\/emfoco\/2025\/06\/15\/suspense-arrepiante-estrelado-por-sydney-sweeney-e-julianne-moore-esta-chegando-a-apple-tv\/","title":{"rendered":"Suspense arrepiante estrelado por Sydney Sweeney e Julianne Moore est\u00e1 chegando \u00e0 Apple TV."},"content":{"rendered":"\n<p>O suspense psicol\u00f3gico tem conquistado cada vez mais espa\u00e7o no cat\u00e1logo das plataformas de streaming, e\u00a0<strong><a href=\"https:\/\/seriesemcena.com.br\/noticias\/echo-valley-entenda-a-historia-sombria-do-filme-com-julianne-moore-e-sydney-sweeney\/\" target=\"_blank\" rel=\"noreferrer noopener\">Echo Valley<\/a><\/strong>\u00a0surge como uma das apostas de destaque da<a href=\"https:\/\/www.em.com.br\/emfoco\/2025\/02\/20\/uma-trama-cheia-de-reviravoltas-e-a-nova-aposta-da-apple-tv-com-wagner-moura\/\" target=\"_blank\" rel=\"noreferrer noopener\">\u00a0<strong>Apple TV+<\/strong>\u00a0<\/a>para\u00a0<strong>2025<\/strong>. O filme \u00e9 dirigido por\u00a0<strong>Michael Pearce<\/strong>, reconhecido por seu trabalho premiado no\u00a0<strong>BAFTA<\/strong>, e traz no elenco nomes de peso como\u00a0<strong>Julianne Moore<\/strong>,\u00a0<strong>Sydney Sweeney<\/strong>,\u00a0<strong>Kyle MacLachlan<\/strong>,\u00a0<strong>Domhnall Gleeson<\/strong>\u00a0e\u00a0<strong>Fiona Shaw<\/strong>. Com roteiro assinado por\u00a0<strong>Brad Ingelsby<\/strong>, respons\u00e1vel pelo sucesso\u00a0<strong>Mare of Easttown<\/strong>, a produ\u00e7\u00e3o promete envolver o p\u00fablico em uma trama densa e cheia de reviravoltas.<\/p>\n\n\n\n<p>Ambientada em uma fazenda isolada, a hist\u00f3ria gira em torno da complexa rela\u00e7\u00e3o entre m\u00e3e e filha, explorando temas como segredos familiares, confian\u00e7a e sacrif\u00edcio. O enredo se desenvolve em ritmo acelerado, com dura\u00e7\u00e3o enxuta de 89 minutos, caracter\u00edstica que contribui para manter a tens\u00e3o constante e prender a aten\u00e7\u00e3o do espectador do in\u00edcio ao fim.<\/p>\n\n\n\n<figure class=\"wp-block-embed is-type-video is-provider-youtube wp-block-embed-youtube wp-embed-aspect-16-9 wp-has-aspect-ratio\"><div class=\"wp-block-embed__wrapper\">\n<div class=\"jeg_video_container jeg_video_content\"><iframe loading=\"lazy\" title=\"Echo Valley \u2014 Official Trailer | Apple TV+\" width=\"500\" height=\"281\" src=\"https:\/\/www.youtube.com\/embed\/KQiZ5zMhliw?feature=oembed\" frameborder=\"0\" allow=\"accelerometer; autoplay; clipboard-write; encrypted-media; gyroscope; picture-in-picture; web-share\" referrerpolicy=\"strict-origin-when-cross-origin\" allowfullscreen><\/iframe><\/div>\n<\/div><\/figure>\n\n\n\n<h2 class=\"wp-block-heading\">Qual \u00e9 a trama principal de Echo Valley?<\/h2>\n\n\n\n<p><strong>O filme acompanha Kate, uma mulher que vive reclusa em uma propriedade rural, tentando reconstruir os la\u00e7os com sua filha Claire.<\/strong>&nbsp;A rotina tranquila \u00e9 abruptamente interrompida quando Claire retorna para casa coberta de sangue, recusando-se a explicar o que aconteceu. A partir desse momento, Kate se v\u00ea diante de uma s\u00e9rie de dilemas morais e precisa tomar decis\u00f5es dif\u00edceis para proteger a filha, mesmo sem saber toda a verdade.<\/p>\n\n\n\n<p>\u00c0 medida que a narrativa avan\u00e7a, segredos do passado e conflitos n\u00e3o resolvidos v\u00eam \u00e0 tona, intensificando o clima de suspense. O roteiro aposta em di\u00e1logos intensos e cenas carregadas de emo\u00e7\u00e3o, explorando a din\u00e2mica entre as protagonistas e a influ\u00eancia do ambiente isolado sobre suas escolhas. A ambienta\u00e7\u00e3o da fazenda, localizada em uma \u00e1rea montanhosa da&nbsp;<strong>Pensilv\u00e2nia<\/strong>, \u00e9 um dos elementos que refor\u00e7a o clima de isolamento e tens\u00e3o, trazendo ainda mais realismo para o enredo.<\/p>\n\n\n\n<h2 class=\"wp-block-heading\">Quem est\u00e1 por tr\u00e1s de Echo Valley?<\/h2>\n\n\n\n<p><strong>O elenco de Echo Valley re\u00fane talentos consagrados do cinema e da televis\u00e3o.<\/strong>&nbsp;Julianne Moore, vencedora do Oscar, interpreta Kate, trazendo profundidade e nuances \u00e0 personagem. Sydney Sweeney, conhecida por sua versatilidade em pap\u00e9is dram\u00e1ticos, d\u00e1 vida \u00e0 enigm\u00e1tica Claire. O time \u00e9 complementado por Kyle MacLachlan, famoso por Twin Peaks, Domhnall Gleeson de Ex Machina e Fiona Shaw, lembrada por sua atua\u00e7\u00e3o em Harry Potter.<\/p>\n\n\n\n<p>Na dire\u00e7\u00e3o,&nbsp;<strong>Michael Pearce<\/strong>&nbsp;imprime sua marca de suspense e sensibilidade, enquanto o roteiro de&nbsp;<strong>Brad Ingelsby<\/strong>&nbsp;e&nbsp;<strong>Michael A. Pruss<\/strong>&nbsp;garante di\u00e1logos afiados e uma constru\u00e7\u00e3o de personagens s\u00f3lida. A colabora\u00e7\u00e3o entre esses profissionais resulta em uma obra que equilibra tens\u00e3o, drama e emo\u00e7\u00e3o. A trilha sonora, assinada por&nbsp;<strong>Volker Bertelmann<\/strong>&nbsp;\u2014 vencedor do Oscar de melhor trilha sonora original \u2014, promete intensificar ainda mais as emo\u00e7\u00f5es em cena.<\/p>\n\n\n\n<figure class=\"wp-block-image\"><img decoding=\"async\" src=\"https:\/\/www.em.com.br\/emfoco\/wp-content\/uploads\/2025\/05\/Apple-TV-serie_1747688156497-1024x576.jpg\" alt=\"\"\/><figcaption class=\"wp-element-caption\">Apple TV s\u00e9rie &#8211; Cr\u00e9ditos: depositphotos.com \/ tbtb<\/figcaption><\/figure>\n\n\n\n<h2 class=\"wp-block-heading\">Por que Echo Valley se destaca entre os lan\u00e7amentos de 2025?<\/h2>\n\n\n\n<p><strong>Entre os lan\u00e7amentos previstos para 2025 na Apple TV+, Echo Valley chama aten\u00e7\u00e3o pelo formato compacto e pela intensidade dram\u00e1tica.<\/strong>&nbsp;A produ\u00e7\u00e3o aposta em uma narrativa direta, sem excessos, valorizando a atua\u00e7\u00e3o dos protagonistas e o desenvolvimento psicol\u00f3gico dos personagens. Esse estilo difere de outras produ\u00e7\u00f5es do g\u00eanero, que muitas vezes se estendem em subtramas paralelas.<\/p>\n\n\n\n<ul class=\"wp-block-list\">\n<li><strong>Roteiro enxuto:<\/strong>\u00a0O filme tem apenas 89 minutos, o que contribui para um ritmo din\u00e2mico.<\/li>\n\n\n\n<li><strong>Elenco premiado:<\/strong>\u00a0A presen\u00e7a de atores reconhecidos internacionalmente eleva o n\u00edvel da produ\u00e7\u00e3o.<\/li>\n\n\n\n<li><strong>Dire\u00e7\u00e3o premiada:<\/strong>\u00a0Michael Pearce j\u00e1 foi laureado com o BAFTA, o que traz credibilidade ao projeto.<\/li>\n\n\n\n<li><strong>Temas universais:<\/strong>\u00a0Rela\u00e7\u00f5es familiares, segredos e dilemas morais s\u00e3o explorados de forma envolvente.<\/li>\n<\/ul>\n\n\n\n<p>Al\u00e9m disso, o lan\u00e7amento de&nbsp;<strong>Echo Valley<\/strong>&nbsp;integra uma lista de novidades aguardadas na plataforma, ao lado de t\u00edtulos como a terceira temporada de&nbsp;<strong>Funda\u00e7\u00e3o<\/strong>&nbsp;e a s\u00e9rie&nbsp;<strong>El gran guerrero<\/strong>, protagonizada por&nbsp;<strong>Jason Momoa<\/strong>. Essa diversidade de conte\u00fados refor\u00e7a a estrat\u00e9gia da Apple TV+ de investir em produ\u00e7\u00f5es originais de alta qualidade.<\/p>\n\n\n\n<h2 class=\"wp-block-heading\">O que esperar da experi\u00eancia ao assistir Echo Valley?<\/h2>\n\n\n\n<p><strong>Para quem aprecia filmes de suspense psicol\u00f3gico, Echo Valley promete uma experi\u00eancia intensa e envolvente.<\/strong>&nbsp;O cen\u00e1rio rural isolado, aliado \u00e0 trilha sonora e \u00e0 fotografia cuidadosa, contribui para criar uma atmosfera de mist\u00e9rio. O espectador \u00e9 convidado a mergulhar nos conflitos internos das personagens, acompanhando cada decis\u00e3o e consequ\u00eancia ao longo da trama.<\/p>\n\n\n\n<p>Com uma abordagem direta e atua\u00e7\u00f5es marcantes, o longa tem potencial para agradar tanto f\u00e3s do g\u00eanero quanto aqueles que buscam hist\u00f3rias emocionantes e bem constru\u00eddas.&nbsp;<strong>Echo Valley<\/strong>&nbsp;refor\u00e7a a tend\u00eancia de produ\u00e7\u00f5es compactas e impactantes, consolidando-se como um dos lan\u00e7amentos mais aguardados do ano na&nbsp;<strong>Apple TV+<\/strong>.<\/p>\n","protected":false},"excerpt":{"rendered":"<p>O suspense psicol\u00f3gico tem conquistado cada vez mais espa\u00e7o no cat\u00e1logo das plataformas de streaming, e\u00a0Echo Valley\u00a0surge como uma das apostas de destaque da\u00a0Apple TV+\u00a0para\u00a02025. O filme \u00e9 dirigido por\u00a0Michael Pearce, reconhecido por seu trabalho premiado no\u00a0BAFTA, e traz no elenco nomes de peso como\u00a0Julianne Moore,\u00a0Sydney Sweeney,\u00a0Kyle MacLachlan,\u00a0Domhnall Gleeson\u00a0e\u00a0Fiona Shaw. Com roteiro assinado por\u00a0Brad Ingelsby, [&hellip;]<\/p>\n","protected":false},"author":11,"featured_media":60773,"comment_status":"open","ping_status":"open","sticky":false,"template":"","format":"standard","meta":{"jnews-multi-image_gallery":[],"jnews_single_post":{"format":"standard"},"jnews_primary_category":[],"jnews_social_meta":[],"jnews_override_counter":[],"footnotes":""},"categories":[137,1],"tags":[3475,10423,1250,2944],"class_list":["post-60742","post","type-post","status-publish","format-standard","has-post-thumbnail","hentry","category-filmes","category-noticias","tag-apple-tv","tag-julianne-moore","tag-suspense","tag-sydney-sweeney"],"yoast_head":"<!-- This site is optimized with the Yoast SEO plugin v23.8 - https:\/\/yoast.com\/wordpress\/plugins\/seo\/ -->\n<title>Suspense arrepiante estrelado por Sydney Sweeney e Julianne Moore est\u00e1 chegando \u00e0 Apple TV. - Estado de Minas - Em foco<\/title>\n<meta name=\"description\" content=\"O novo filme da Apple TV+ tem roteiro premiado e clima de tens\u00e3o do in\u00edcio ao fim. Prepare-se para se surpreender!\" \/>\n<meta name=\"robots\" content=\"index, follow, max-snippet:-1, max-image-preview:large, max-video-preview:-1\" \/>\n<link rel=\"canonical\" href=\"https:\/\/www.em.com.br\/emfoco\/2025\/06\/15\/suspense-arrepiante-estrelado-por-sydney-sweeney-e-julianne-moore-esta-chegando-a-apple-tv\/\" \/>\n<meta property=\"og:locale\" content=\"pt_BR\" \/>\n<meta property=\"og:type\" content=\"article\" \/>\n<meta property=\"og:title\" content=\"Suspense arrepiante estrelado por Sydney Sweeney e Julianne Moore est\u00e1 chegando \u00e0 Apple TV. - Estado de Minas - Em foco\" \/>\n<meta property=\"og:description\" content=\"O novo filme da Apple TV+ tem roteiro premiado e clima de tens\u00e3o do in\u00edcio ao fim. Prepare-se para se surpreender!\" \/>\n<meta property=\"og:url\" content=\"https:\/\/www.em.com.br\/emfoco\/2025\/06\/15\/suspense-arrepiante-estrelado-por-sydney-sweeney-e-julianne-moore-esta-chegando-a-apple-tv\/\" \/>\n<meta property=\"og:site_name\" content=\"Estado de Minas - Em foco\" \/>\n<meta property=\"article:published_time\" content=\"2025-06-16T01:00:00+00:00\" \/>\n<meta property=\"article:modified_time\" content=\"2025-06-15T13:11:29+00:00\" \/>\n<meta property=\"og:image\" content=\"https:\/\/www.em.com.br\/emfoco\/wp-content\/uploads\/2025\/06\/echo-valley-sydney-750x395-1.jpg\" \/>\n\t<meta property=\"og:image:width\" content=\"1367\" \/>\n\t<meta property=\"og:image:height\" content=\"720\" \/>\n\t<meta property=\"og:image:type\" content=\"image\/jpeg\" \/>\n<meta name=\"author\" content=\"Andre\u0301 Rangel\u00a0\" \/>\n<meta name=\"twitter:card\" content=\"summary_large_image\" \/>\n<meta name=\"twitter:label1\" content=\"Escrito por\" \/>\n\t<meta name=\"twitter:data1\" content=\"Andre\u0301 Rangel\u00a0\" \/>\n\t<meta name=\"twitter:label2\" content=\"Est. tempo de leitura\" \/>\n\t<meta name=\"twitter:data2\" content=\"5 minutos\" \/>\n<!-- \/ Yoast SEO plugin. -->","yoast_head_json":{"title":"Suspense arrepiante estrelado por Sydney Sweeney e Julianne Moore est\u00e1 chegando \u00e0 Apple TV. - Estado de Minas - Em foco","description":"O novo filme da Apple TV+ tem roteiro premiado e clima de tens\u00e3o do in\u00edcio ao fim. Prepare-se para se surpreender!","robots":{"index":"index","follow":"follow","max-snippet":"max-snippet:-1","max-image-preview":"max-image-preview:large","max-video-preview":"max-video-preview:-1"},"canonical":"https:\/\/www.em.com.br\/emfoco\/2025\/06\/15\/suspense-arrepiante-estrelado-por-sydney-sweeney-e-julianne-moore-esta-chegando-a-apple-tv\/","og_locale":"pt_BR","og_type":"article","og_title":"Suspense arrepiante estrelado por Sydney Sweeney e Julianne Moore est\u00e1 chegando \u00e0 Apple TV. - Estado de Minas - Em foco","og_description":"O novo filme da Apple TV+ tem roteiro premiado e clima de tens\u00e3o do in\u00edcio ao fim. Prepare-se para se surpreender!","og_url":"https:\/\/www.em.com.br\/emfoco\/2025\/06\/15\/suspense-arrepiante-estrelado-por-sydney-sweeney-e-julianne-moore-esta-chegando-a-apple-tv\/","og_site_name":"Estado de Minas - Em foco","article_published_time":"2025-06-16T01:00:00+00:00","article_modified_time":"2025-06-15T13:11:29+00:00","og_image":[{"width":1367,"height":720,"url":"https:\/\/www.em.com.br\/emfoco\/wp-content\/uploads\/2025\/06\/echo-valley-sydney-750x395-1.jpg","type":"image\/jpeg"}],"author":"Andre\u0301 Rangel\u00a0","twitter_card":"summary_large_image","twitter_misc":{"Escrito por":"Andre\u0301 Rangel\u00a0","Est. tempo de leitura":"5 minutos"},"schema":{"@context":"https:\/\/schema.org","@graph":[{"@type":"WebPage","@id":"https:\/\/www.em.com.br\/emfoco\/2025\/06\/15\/suspense-arrepiante-estrelado-por-sydney-sweeney-e-julianne-moore-esta-chegando-a-apple-tv\/","url":"https:\/\/www.em.com.br\/emfoco\/2025\/06\/15\/suspense-arrepiante-estrelado-por-sydney-sweeney-e-julianne-moore-esta-chegando-a-apple-tv\/","name":"Suspense arrepiante estrelado por Sydney Sweeney e Julianne Moore est\u00e1 chegando \u00e0 Apple TV. - Estado de Minas - Em foco","isPartOf":{"@id":"https:\/\/www.em.com.br\/emfoco\/#website"},"primaryImageOfPage":{"@id":"https:\/\/www.em.com.br\/emfoco\/2025\/06\/15\/suspense-arrepiante-estrelado-por-sydney-sweeney-e-julianne-moore-esta-chegando-a-apple-tv\/#primaryimage"},"image":{"@id":"https:\/\/www.em.com.br\/emfoco\/2025\/06\/15\/suspense-arrepiante-estrelado-por-sydney-sweeney-e-julianne-moore-esta-chegando-a-apple-tv\/#primaryimage"},"thumbnailUrl":"https:\/\/www.em.com.br\/emfoco\/wp-content\/uploads\/2025\/06\/echo-valley-sydney-750x395-1.jpg","datePublished":"2025-06-16T01:00:00+00:00","dateModified":"2025-06-15T13:11:29+00:00","author":{"@id":"https:\/\/www.em.com.br\/emfoco\/#\/schema\/person\/60eda09c1fedf0d6891f4cef4b60b8b8"},"description":"O novo filme da Apple TV+ tem roteiro premiado e clima de tens\u00e3o do in\u00edcio ao fim. Prepare-se para se surpreender!","breadcrumb":{"@id":"https:\/\/www.em.com.br\/emfoco\/2025\/06\/15\/suspense-arrepiante-estrelado-por-sydney-sweeney-e-julianne-moore-esta-chegando-a-apple-tv\/#breadcrumb"},"inLanguage":"pt-BR","potentialAction":[{"@type":"ReadAction","target":["https:\/\/www.em.com.br\/emfoco\/2025\/06\/15\/suspense-arrepiante-estrelado-por-sydney-sweeney-e-julianne-moore-esta-chegando-a-apple-tv\/"]}]},{"@type":"ImageObject","inLanguage":"pt-BR","@id":"https:\/\/www.em.com.br\/emfoco\/2025\/06\/15\/suspense-arrepiante-estrelado-por-sydney-sweeney-e-julianne-moore-esta-chegando-a-apple-tv\/#primaryimage","url":"https:\/\/www.em.com.br\/emfoco\/wp-content\/uploads\/2025\/06\/echo-valley-sydney-750x395-1.jpg","contentUrl":"https:\/\/www.em.com.br\/emfoco\/wp-content\/uploads\/2025\/06\/echo-valley-sydney-750x395-1.jpg","width":1367,"height":720,"caption":"cena de echo valley filme - Cr\u00e9ditos: Divulga\u00e7\u00e3o\/Apple TV+"},{"@type":"BreadcrumbList","@id":"https:\/\/www.em.com.br\/emfoco\/2025\/06\/15\/suspense-arrepiante-estrelado-por-sydney-sweeney-e-julianne-moore-esta-chegando-a-apple-tv\/#breadcrumb","itemListElement":[{"@type":"ListItem","position":1,"name":"In\u00edcio","item":"https:\/\/www.em.com.br\/emfoco\/"},{"@type":"ListItem","position":2,"name":"Suspense arrepiante estrelado por Sydney Sweeney e Julianne Moore est\u00e1 chegando \u00e0 Apple TV."}]},{"@type":"WebSite","@id":"https:\/\/www.em.com.br\/emfoco\/#website","url":"https:\/\/www.em.com.br\/emfoco\/","name":"Estado de Minas - Em foco","description":"Acompanhe as \u00faltimas not\u00edcias e fique bem informado sobre tudo o que acontece em Minas Gerais, Brasil e no mundo.","potentialAction":[{"@type":"SearchAction","target":{"@type":"EntryPoint","urlTemplate":"https:\/\/www.em.com.br\/emfoco\/?s={search_term_string}"},"query-input":{"@type":"PropertyValueSpecification","valueRequired":true,"valueName":"search_term_string"}}],"inLanguage":"pt-BR"},{"@type":"Person","@id":"https:\/\/www.em.com.br\/emfoco\/#\/schema\/person\/60eda09c1fedf0d6891f4cef4b60b8b8","name":"Andre\u0301 Rangel\u00a0","image":{"@type":"ImageObject","inLanguage":"pt-BR","@id":"https:\/\/www.em.com.br\/emfoco\/#\/schema\/person\/image\/","url":"https:\/\/secure.gravatar.com\/avatar\/6234dc814c77c8ef6d8bba622c787efc?s=96&d=mm&r=g","contentUrl":"https:\/\/secure.gravatar.com\/avatar\/6234dc814c77c8ef6d8bba622c787efc?s=96&d=mm&r=g","caption":"Andre\u0301 Rangel\u00a0"},"url":"https:\/\/www.em.com.br\/emfoco\/author\/luizmyth\/"}]}},"_links":{"self":[{"href":"https:\/\/www.em.com.br\/emfoco\/wp-json\/wp\/v2\/posts\/60742","targetHints":{"allow":["GET"]}}],"collection":[{"href":"https:\/\/www.em.com.br\/emfoco\/wp-json\/wp\/v2\/posts"}],"about":[{"href":"https:\/\/www.em.com.br\/emfoco\/wp-json\/wp\/v2\/types\/post"}],"author":[{"embeddable":true,"href":"https:\/\/www.em.com.br\/emfoco\/wp-json\/wp\/v2\/users\/11"}],"replies":[{"embeddable":true,"href":"https:\/\/www.em.com.br\/emfoco\/wp-json\/wp\/v2\/comments?post=60742"}],"version-history":[{"count":3,"href":"https:\/\/www.em.com.br\/emfoco\/wp-json\/wp\/v2\/posts\/60742\/revisions"}],"predecessor-version":[{"id":60774,"href":"https:\/\/www.em.com.br\/emfoco\/wp-json\/wp\/v2\/posts\/60742\/revisions\/60774"}],"wp:featuredmedia":[{"embeddable":true,"href":"https:\/\/www.em.com.br\/emfoco\/wp-json\/wp\/v2\/media\/60773"}],"wp:attachment":[{"href":"https:\/\/www.em.com.br\/emfoco\/wp-json\/wp\/v2\/media?parent=60742"}],"wp:term":[{"taxonomy":"category","embeddable":true,"href":"https:\/\/www.em.com.br\/emfoco\/wp-json\/wp\/v2\/categories?post=60742"},{"taxonomy":"post_tag","embeddable":true,"href":"https:\/\/www.em.com.br\/emfoco\/wp-json\/wp\/v2\/tags?post=60742"}],"curies":[{"name":"wp","href":"https:\/\/api.w.org\/{rel}","templated":true}]}}