{"id":60704,"date":"2025-06-16T16:20:00","date_gmt":"2025-06-16T19:20:00","guid":{"rendered":"https:\/\/www.em.com.br\/emfoco\/?p=60704"},"modified":"2025-06-14T21:21:03","modified_gmt":"2025-06-15T00:21:03","slug":"5-motivos-para-cultivar-ora-pro-nobis-e-turbinar-sua-alimentacao","status":"publish","type":"post","link":"https:\/\/www.em.com.br\/emfoco\/2025\/06\/16\/5-motivos-para-cultivar-ora-pro-nobis-e-turbinar-sua-alimentacao\/","title":{"rendered":"5 motivos para cultivar ora-pro-n\u00f3bis e turbinar sua alimenta\u00e7\u00e3o"},"content":{"rendered":"\n<p>O ora-pro-n\u00f3bis, conhecido por seu alto valor nutricional e f\u00e1cil cultivo, tem ganhado espa\u00e7o nos lares brasileiros. A planta, de folhas verdes e sabor suave, pode ser cultivada em pequenos espa\u00e7os, tornando-se uma op\u00e7\u00e3o interessante para quem deseja ter uma horta caseira. Com alguns cuidados simples, \u00e9 poss\u00edvel colher folhas frescas durante o ano todo.<\/p>\n\n\n\n<p>O cultivo do ora-pro-n\u00f3bis em casa n\u00e3o exige muita experi\u00eancia em jardinagem. <strong>A planta se adapta bem a diferentes tipos de solo e condi\u00e7\u00f5es clim\u00e1ticas, o que facilita o processo para iniciantes.<\/strong> Al\u00e9m disso, suas folhas s\u00e3o ricas em <strong><a href=\"https:\/\/www.em.com.br\/emfoco\/2025\/03\/20\/veja-o-jeito-certo-de-usar-proteinas-capilares-sem-pesar-ou-ressecar-os-fios\/\" target=\"_blank\" rel=\"noreferrer noopener\">prote\u00ednas<\/a><\/strong>, vitaminas e minerais, tornando-se um complemento saud\u00e1vel para diversas receitas.<\/p>\n\n\n\n<h2 class=\"wp-block-heading\">Por que escolher o ora-pro-n\u00f3bis para cultivar em casa?<\/h2>\n\n\n\n<p><strong>O ora-pro-n\u00f3bis destaca-se por ser uma planta resistente e de f\u00e1cil manuten\u00e7\u00e3o, ideal para quem busca praticidade.<\/strong> Suas folhas s\u00e3o utilizadas tanto na culin\u00e1ria quanto na medicina popular, devido ao seu alto teor de nutrientes e propriedades ben\u00e9ficas \u00e0 sa\u00fade.<\/p>\n\n\n\n<p>Al\u00e9m disso, <strong>a planta se adapta bem a diferentes ambientes, podendo ser cultivada em vasos, canteiros ou diretamente no solo.<\/strong> Essa versatilidade permite que pessoas com pouco espa\u00e7o tamb\u00e9m possam aproveitar os benef\u00edcios do ora-pro-n\u00f3bis em casa.<\/p>\n\n\n\n<figure class=\"wp-block-image size-large\"><img loading=\"lazy\" decoding=\"async\" width=\"1024\" height=\"576\" src=\"https:\/\/www.em.com.br\/emfoco\/wp-content\/uploads\/2025\/06\/ad-1-22-1024x576.jpg\" alt=\"5 motivos para cultivar ora-pro-n\u00f3bis e turbinar sua alimenta\u00e7\u00e3o\" class=\"wp-image-60720\" srcset=\"https:\/\/www.em.com.br\/emfoco\/wp-content\/uploads\/2025\/06\/ad-1-22-1024x576.jpg 1024w, https:\/\/www.em.com.br\/emfoco\/wp-content\/uploads\/2025\/06\/ad-1-22-300x169.jpg 300w, https:\/\/www.em.com.br\/emfoco\/wp-content\/uploads\/2025\/06\/ad-1-22-768x432.jpg 768w, https:\/\/www.em.com.br\/emfoco\/wp-content\/uploads\/2025\/06\/ad-1-22-750x422.jpg 750w, https:\/\/www.em.com.br\/emfoco\/wp-content\/uploads\/2025\/06\/ad-1-22-1140x641.jpg 1140w, https:\/\/www.em.com.br\/emfoco\/wp-content\/uploads\/2025\/06\/ad-1-22.jpg 1280w\" sizes=\"auto, (max-width: 1024px) 100vw, 1024px\" \/><figcaption class=\"wp-element-caption\">Ora-pro-n\u00f3bis &#8211; Cr\u00e9ditos: Wikimedia Commons<\/figcaption><\/figure>\n\n\n\n<h2 class=\"wp-block-heading\">Quais s\u00e3o os primeiros passos para plantar ora-pro-n\u00f3bis?<\/h2>\n\n\n\n<p><strong>Para iniciar o plantio, \u00e9 importante escolher um local que receba luz solar direta por pelo menos algumas horas do dia.<\/strong> O ora-pro-n\u00f3bis prefere solos bem drenados e ricos em mat\u00e9ria org\u00e2nica, o que favorece o desenvolvimento saud\u00e1vel das folhas.<\/p>\n\n\n\n<p><strong>O plantio pode ser feito a partir de mudas ou estacas retiradas de uma planta adulta.<\/strong> Basta enterrar parte do galho em um recipiente com terra \u00famida e aguardar o enraizamento. Em poucos dias, j\u00e1 \u00e9 poss\u00edvel observar o surgimento de novas folhas, sinalizando que a planta est\u00e1 se adaptando ao novo ambiente.<\/p>\n\n\n\n<h2 class=\"wp-block-heading\">Como cuidar do ora-pro-n\u00f3bis ap\u00f3s o plantio?<\/h2>\n\n\n\n<p><strong>Ap\u00f3s o plantio, \u00e9 fundamental manter o solo levemente \u00famido, evitando encharcamentos que podem prejudicar as ra\u00edzes.<\/strong> A rega deve ser feita de duas a tr\u00eas vezes por semana, dependendo da temperatura e da umidade do ambiente.<\/p>\n\n\n\n<p><strong>Outro cuidado importante \u00e9 a aduba\u00e7\u00e3o peri\u00f3dica, utilizando compostos org\u00e2nicos como h\u00famus de minhoca ou esterco curtido.<\/strong> Isso garante que a planta receba os nutrientes necess\u00e1rios para crescer forte e saud\u00e1vel, produzindo folhas em abund\u00e2ncia.<\/p>\n\n\n\n<h2 class=\"wp-block-heading\">Quais s\u00e3o os principais benef\u00edcios do ora-pro-n\u00f3bis para a alimenta\u00e7\u00e3o?<\/h2>\n\n\n\n<p><strong>O ora-pro-n\u00f3bis \u00e9 reconhecido por seu alto teor de prote\u00ednas, sendo uma excelente alternativa para dietas vegetarianas e veganas.<\/strong> Suas folhas tamb\u00e9m s\u00e3o ricas em fibras, <strong><a href=\"https:\/\/www.tuasaude.com\/alimentos-ricos-em-vitamina-a\/\" target=\"_blank\" rel=\"noreferrer noopener\">vitaminas A<\/a><\/strong>, C e do complexo B, al\u00e9m de minerais como ferro, c\u00e1lcio e magn\u00e9sio.<\/p>\n\n\n\n<p><strong>Na culin\u00e1ria, as folhas podem ser utilizadas em refogados, sopas, tortas e at\u00e9 sucos.<\/strong> O sabor suave permite combina\u00e7\u00f5es variadas, enriquecendo o valor nutricional das refei\u00e7\u00f5es do dia a dia.<\/p>\n\n\n\n<h2 class=\"wp-block-heading\">Como colher e aproveitar o ora-pro-n\u00f3bis no dia a dia?<\/h2>\n\n\n\n<p><strong>A colheita das folhas pode ser feita conforme a necessidade, preferencialmente pela manh\u00e3, quando est\u00e3o mais frescas.<\/strong> Basta retirar as folhas mais desenvolvidas, evitando danificar os galhos principais para garantir novas brota\u00e7\u00f5es.<\/p>\n\n\n\n<p><strong>Ap\u00f3s a colheita, as folhas devem ser lavadas em \u00e1gua corrente e podem ser consumidas cruas ou cozidas.<\/strong> O ora-pro-n\u00f3bis \u00e9 uma op\u00e7\u00e3o vers\u00e1til, que pode ser incorporada facilmente em diversas receitas, contribuindo para uma alimenta\u00e7\u00e3o mais saud\u00e1vel e variada.<\/p>\n","protected":false},"excerpt":{"rendered":"<p>O ora-pro-n\u00f3bis, conhecido por seu alto valor nutricional e f\u00e1cil cultivo, tem ganhado espa\u00e7o nos lares brasileiros. A planta, de folhas verdes e sabor suave, pode ser cultivada em pequenos espa\u00e7os, tornando-se uma op\u00e7\u00e3o interessante para quem deseja ter uma horta caseira. Com alguns cuidados simples, \u00e9 poss\u00edvel colher folhas frescas durante o ano todo. [&hellip;]<\/p>\n","protected":false},"author":13,"featured_media":60719,"comment_status":"open","ping_status":"open","sticky":false,"template":"","format":"standard","meta":{"jnews-multi-image_gallery":[],"jnews_single_post":{"format":"standard"},"jnews_primary_category":[],"jnews_social_meta":[],"jnews_override_counter":[],"footnotes":""},"categories":[8819],"tags":[6303,5247,3509,4264],"class_list":["post-60704","post","type-post","status-publish","format-standard","has-post-thumbnail","hentry","category-curiosidades","tag-cultivo-de-plantas","tag-hortas-caseiras","tag-nutricao","tag-ora-pro-nobis"],"yoast_head":"<!-- This site is optimized with the Yoast SEO plugin v23.8 - https:\/\/yoast.com\/wordpress\/plugins\/seo\/ -->\n<title>5 motivos para cultivar ora-pro-n\u00f3bis e turbinar sua alimenta\u00e7\u00e3o - Estado de Minas - Em foco<\/title>\n<meta name=\"description\" content=\"Ora-pro-n\u00f3bis \u00e9 a planta do momento nas hortas brasileiras. Veja como plantar em casa e colher folhas nutritivas o ano todo.\" \/>\n<meta name=\"robots\" content=\"index, follow, max-snippet:-1, max-image-preview:large, max-video-preview:-1\" \/>\n<link rel=\"canonical\" href=\"https:\/\/www.em.com.br\/emfoco\/2025\/06\/16\/5-motivos-para-cultivar-ora-pro-nobis-e-turbinar-sua-alimentacao\/\" \/>\n<meta property=\"og:locale\" content=\"pt_BR\" \/>\n<meta property=\"og:type\" content=\"article\" \/>\n<meta property=\"og:title\" content=\"5 motivos para cultivar ora-pro-n\u00f3bis e turbinar sua alimenta\u00e7\u00e3o - Estado de Minas - Em foco\" \/>\n<meta property=\"og:description\" content=\"Ora-pro-n\u00f3bis \u00e9 a planta do momento nas hortas brasileiras. Veja como plantar em casa e colher folhas nutritivas o ano todo.\" \/>\n<meta property=\"og:url\" content=\"https:\/\/www.em.com.br\/emfoco\/2025\/06\/16\/5-motivos-para-cultivar-ora-pro-nobis-e-turbinar-sua-alimentacao\/\" \/>\n<meta property=\"og:site_name\" content=\"Estado de Minas - Em foco\" \/>\n<meta property=\"article:published_time\" content=\"2025-06-16T19:20:00+00:00\" \/>\n<meta property=\"article:modified_time\" content=\"2025-06-15T00:21:03+00:00\" \/>\n<meta property=\"og:image\" content=\"https:\/\/www.em.com.br\/emfoco\/wp-content\/uploads\/2025\/06\/ad-35.jpg\" \/>\n\t<meta property=\"og:image:width\" content=\"1280\" \/>\n\t<meta property=\"og:image:height\" content=\"720\" \/>\n\t<meta property=\"og:image:type\" content=\"image\/jpeg\" \/>\n<meta name=\"author\" content=\"Gabriel Martins\" \/>\n<meta name=\"twitter:card\" content=\"summary_large_image\" \/>\n<meta name=\"twitter:label1\" content=\"Escrito por\" \/>\n\t<meta name=\"twitter:data1\" content=\"Gabriel Martins\" \/>\n\t<meta name=\"twitter:label2\" content=\"Est. tempo de leitura\" \/>\n\t<meta name=\"twitter:data2\" content=\"4 minutos\" \/>\n<!-- \/ Yoast SEO plugin. -->","yoast_head_json":{"title":"5 motivos para cultivar ora-pro-n\u00f3bis e turbinar sua alimenta\u00e7\u00e3o - Estado de Minas - Em foco","description":"Ora-pro-n\u00f3bis \u00e9 a planta do momento nas hortas brasileiras. Veja como plantar em casa e colher folhas nutritivas o ano todo.","robots":{"index":"index","follow":"follow","max-snippet":"max-snippet:-1","max-image-preview":"max-image-preview:large","max-video-preview":"max-video-preview:-1"},"canonical":"https:\/\/www.em.com.br\/emfoco\/2025\/06\/16\/5-motivos-para-cultivar-ora-pro-nobis-e-turbinar-sua-alimentacao\/","og_locale":"pt_BR","og_type":"article","og_title":"5 motivos para cultivar ora-pro-n\u00f3bis e turbinar sua alimenta\u00e7\u00e3o - Estado de Minas - Em foco","og_description":"Ora-pro-n\u00f3bis \u00e9 a planta do momento nas hortas brasileiras. Veja como plantar em casa e colher folhas nutritivas o ano todo.","og_url":"https:\/\/www.em.com.br\/emfoco\/2025\/06\/16\/5-motivos-para-cultivar-ora-pro-nobis-e-turbinar-sua-alimentacao\/","og_site_name":"Estado de Minas - Em foco","article_published_time":"2025-06-16T19:20:00+00:00","article_modified_time":"2025-06-15T00:21:03+00:00","og_image":[{"width":1280,"height":720,"url":"https:\/\/www.em.com.br\/emfoco\/wp-content\/uploads\/2025\/06\/ad-35.jpg","type":"image\/jpeg"}],"author":"Gabriel Martins","twitter_card":"summary_large_image","twitter_misc":{"Escrito por":"Gabriel Martins","Est. tempo de leitura":"4 minutos"},"schema":{"@context":"https:\/\/schema.org","@graph":[{"@type":"WebPage","@id":"https:\/\/www.em.com.br\/emfoco\/2025\/06\/16\/5-motivos-para-cultivar-ora-pro-nobis-e-turbinar-sua-alimentacao\/","url":"https:\/\/www.em.com.br\/emfoco\/2025\/06\/16\/5-motivos-para-cultivar-ora-pro-nobis-e-turbinar-sua-alimentacao\/","name":"5 motivos para cultivar ora-pro-n\u00f3bis e turbinar sua alimenta\u00e7\u00e3o - Estado de Minas - Em foco","isPartOf":{"@id":"https:\/\/www.em.com.br\/emfoco\/#website"},"primaryImageOfPage":{"@id":"https:\/\/www.em.com.br\/emfoco\/2025\/06\/16\/5-motivos-para-cultivar-ora-pro-nobis-e-turbinar-sua-alimentacao\/#primaryimage"},"image":{"@id":"https:\/\/www.em.com.br\/emfoco\/2025\/06\/16\/5-motivos-para-cultivar-ora-pro-nobis-e-turbinar-sua-alimentacao\/#primaryimage"},"thumbnailUrl":"https:\/\/www.em.com.br\/emfoco\/wp-content\/uploads\/2025\/06\/ad-35.jpg","datePublished":"2025-06-16T19:20:00+00:00","dateModified":"2025-06-15T00:21:03+00:00","author":{"@id":"https:\/\/www.em.com.br\/emfoco\/#\/schema\/person\/1c9ddeab18b98abeffef834667bcf08a"},"description":"Ora-pro-n\u00f3bis \u00e9 a planta do momento nas hortas brasileiras. Veja como plantar em casa e colher folhas nutritivas o ano todo.","breadcrumb":{"@id":"https:\/\/www.em.com.br\/emfoco\/2025\/06\/16\/5-motivos-para-cultivar-ora-pro-nobis-e-turbinar-sua-alimentacao\/#breadcrumb"},"inLanguage":"pt-BR","potentialAction":[{"@type":"ReadAction","target":["https:\/\/www.em.com.br\/emfoco\/2025\/06\/16\/5-motivos-para-cultivar-ora-pro-nobis-e-turbinar-sua-alimentacao\/"]}]},{"@type":"ImageObject","inLanguage":"pt-BR","@id":"https:\/\/www.em.com.br\/emfoco\/2025\/06\/16\/5-motivos-para-cultivar-ora-pro-nobis-e-turbinar-sua-alimentacao\/#primaryimage","url":"https:\/\/www.em.com.br\/emfoco\/wp-content\/uploads\/2025\/06\/ad-35.jpg","contentUrl":"https:\/\/www.em.com.br\/emfoco\/wp-content\/uploads\/2025\/06\/ad-35.jpg","width":1280,"height":720,"caption":"Ora-pro-n\u00f3bis - Cr\u00e9ditos: Wikimedia Commons"},{"@type":"BreadcrumbList","@id":"https:\/\/www.em.com.br\/emfoco\/2025\/06\/16\/5-motivos-para-cultivar-ora-pro-nobis-e-turbinar-sua-alimentacao\/#breadcrumb","itemListElement":[{"@type":"ListItem","position":1,"name":"In\u00edcio","item":"https:\/\/www.em.com.br\/emfoco\/"},{"@type":"ListItem","position":2,"name":"5 motivos para cultivar ora-pro-n\u00f3bis e turbinar sua alimenta\u00e7\u00e3o"}]},{"@type":"WebSite","@id":"https:\/\/www.em.com.br\/emfoco\/#website","url":"https:\/\/www.em.com.br\/emfoco\/","name":"Estado de Minas - Em foco","description":"Acompanhe as \u00faltimas not\u00edcias e fique bem informado sobre tudo o que acontece em Minas Gerais, Brasil e no mundo.","potentialAction":[{"@type":"SearchAction","target":{"@type":"EntryPoint","urlTemplate":"https:\/\/www.em.com.br\/emfoco\/?s={search_term_string}"},"query-input":{"@type":"PropertyValueSpecification","valueRequired":true,"valueName":"search_term_string"}}],"inLanguage":"pt-BR"},{"@type":"Person","@id":"https:\/\/www.em.com.br\/emfoco\/#\/schema\/person\/1c9ddeab18b98abeffef834667bcf08a","name":"Gabriel Martins","image":{"@type":"ImageObject","inLanguage":"pt-BR","@id":"https:\/\/www.em.com.br\/emfoco\/#\/schema\/person\/image\/","url":"https:\/\/secure.gravatar.com\/avatar\/f0f1e2efdfd88f1ad2cb08c5c2731e50?s=96&d=mm&r=g","contentUrl":"https:\/\/secure.gravatar.com\/avatar\/f0f1e2efdfd88f1ad2cb08c5c2731e50?s=96&d=mm&r=g","caption":"Gabriel Martins"},"sameAs":["https:\/\/www.em.com.br\/emfoco\/"],"url":"https:\/\/www.em.com.br\/emfoco\/author\/gabrielmartinsmyth\/"}]}},"_links":{"self":[{"href":"https:\/\/www.em.com.br\/emfoco\/wp-json\/wp\/v2\/posts\/60704","targetHints":{"allow":["GET"]}}],"collection":[{"href":"https:\/\/www.em.com.br\/emfoco\/wp-json\/wp\/v2\/posts"}],"about":[{"href":"https:\/\/www.em.com.br\/emfoco\/wp-json\/wp\/v2\/types\/post"}],"author":[{"embeddable":true,"href":"https:\/\/www.em.com.br\/emfoco\/wp-json\/wp\/v2\/users\/13"}],"replies":[{"embeddable":true,"href":"https:\/\/www.em.com.br\/emfoco\/wp-json\/wp\/v2\/comments?post=60704"}],"version-history":[{"count":2,"href":"https:\/\/www.em.com.br\/emfoco\/wp-json\/wp\/v2\/posts\/60704\/revisions"}],"predecessor-version":[{"id":60721,"href":"https:\/\/www.em.com.br\/emfoco\/wp-json\/wp\/v2\/posts\/60704\/revisions\/60721"}],"wp:featuredmedia":[{"embeddable":true,"href":"https:\/\/www.em.com.br\/emfoco\/wp-json\/wp\/v2\/media\/60719"}],"wp:attachment":[{"href":"https:\/\/www.em.com.br\/emfoco\/wp-json\/wp\/v2\/media?parent=60704"}],"wp:term":[{"taxonomy":"category","embeddable":true,"href":"https:\/\/www.em.com.br\/emfoco\/wp-json\/wp\/v2\/categories?post=60704"},{"taxonomy":"post_tag","embeddable":true,"href":"https:\/\/www.em.com.br\/emfoco\/wp-json\/wp\/v2\/tags?post=60704"}],"curies":[{"name":"wp","href":"https:\/\/api.w.org\/{rel}","templated":true}]}}