{"id":60529,"date":"2025-06-15T10:00:00","date_gmt":"2025-06-15T13:00:00","guid":{"rendered":"https:\/\/www.em.com.br\/emfoco\/?p=60529"},"modified":"2025-06-15T10:06:26","modified_gmt":"2025-06-15T13:06:26","slug":"o-que-acontece-com-seu-look-quando-voce-junta-essa-combinacao-incrivel","status":"publish","type":"post","link":"https:\/\/www.em.com.br\/emfoco\/2025\/06\/15\/o-que-acontece-com-seu-look-quando-voce-junta-essa-combinacao-incrivel\/","title":{"rendered":"O que acontece com seu look quando voc\u00ea junta essa combina\u00e7\u00e3o incr\u00edvel"},"content":{"rendered":"\n<p>O\u00a0<strong><a href=\"https:\/\/elle.com.br\/web-stories\/o-sapato-elegante-da-vez\" target=\"_blank\" rel=\"noreferrer noopener\">escarpim de bico fino<\/a><\/strong>\u00a0ganhou destaque no universo da moda por sua apar\u00eancia sofisticada e versatilidade. Este modelo de sapato \u00e9 reconhecido pelo formato alongado na parte frontal, que proporciona um visual refinado e atemporal. Al\u00e9m disso, o escarpim de bico fino \u00e9 frequentemente associado a ocasi\u00f5es formais, mas, nos \u00faltimos anos, passou a ser incorporado em produ\u00e7\u00f5es casuais, especialmente quando combinado com pe\u00e7as como a cal\u00e7a jeans. Diversas celebridades e influenciadoras, como\u00a0<strong>Victoria Beckham<\/strong>, ajudaram a popularizar o modelo em diferentes contextos.<\/p>\n\n\n\n<p><strong>A eleg\u00e2ncia do escarpim de bico fino est\u00e1 relacionada ao seu design minimalista e \u00e0 capacidade de alongar visualmente as pernas.<\/strong>&nbsp;Esse efeito \u00e9 valorizado por quem busca um toque de requinte no dia a dia, sem abrir m\u00e3o do conforto e da praticidade. Por esses motivos, o escarpim se tornou um item indispens\u00e1vel no guarda-roupa de quem aprecia moda e estilo, sendo frequentemente visto nas passarelas das principais semanas de moda internacionais, como a&nbsp;<strong>Paris Fashion Week<\/strong>.<\/p>\n\n\n\n<blockquote class=\"instagram-media\" data-instgrm-captioned data-instgrm-permalink=\"https:\/\/www.instagram.com\/p\/DHBk9fcNcNW\/?utm_source=ig_embed&amp;utm_campaign=loading\" data-instgrm-version=\"14\" style=\" background:#FFF; border:0; border-radius:3px; box-shadow:0 0 1px 0 rgba(0,0,0,0.5),0 1px 10px 0 rgba(0,0,0,0.15); margin: 1px; max-width:540px; min-width:326px; padding:0; width:99.375%; width:-webkit-calc(100% - 2px); width:calc(100% - 2px);\"><div style=\"padding:16px;\"> <a href=\"https:\/\/www.instagram.com\/p\/DHBk9fcNcNW\/?utm_source=ig_embed&amp;utm_campaign=loading\" style=\" background:#FFFFFF; line-height:0; padding:0 0; text-align:center; text-decoration:none; width:100%;\" target=\"_blank\"> <div style=\" display: flex; flex-direction: row; align-items: center;\"> <div style=\"background-color: #F4F4F4; border-radius: 50%; flex-grow: 0; height: 40px; margin-right: 14px; width: 40px;\"><\/div> <div style=\"display: flex; flex-direction: column; flex-grow: 1; justify-content: center;\"> <div style=\" background-color: #F4F4F4; border-radius: 4px; flex-grow: 0; height: 14px; margin-bottom: 6px; width: 100px;\"><\/div> <div style=\" background-color: #F4F4F4; border-radius: 4px; flex-grow: 0; height: 14px; width: 60px;\"><\/div><\/div><\/div><div style=\"padding: 19% 0;\"><\/div> <div style=\"display:block; height:50px; margin:0 auto 12px; width:50px;\"><svg width=\"50px\" height=\"50px\" viewBox=\"0 0 60 60\" version=\"1.1\" xmlns=\"https:\/\/www.w3.org\/2000\/svg\" xmlns:xlink=\"https:\/\/www.w3.org\/1999\/xlink\"><g stroke=\"none\" stroke-width=\"1\" fill=\"none\" fill-rule=\"evenodd\"><g transform=\"translate(-511.000000, -20.000000)\" fill=\"#000000\"><g><path d=\"M556.869,30.41 C554.814,30.41 553.148,32.076 553.148,34.131 C553.148,36.186 554.814,37.852 556.869,37.852 C558.924,37.852 560.59,36.186 560.59,34.131 C560.59,32.076 558.924,30.41 556.869,30.41 M541,60.657 C535.114,60.657 530.342,55.887 530.342,50 C530.342,44.114 535.114,39.342 541,39.342 C546.887,39.342 551.658,44.114 551.658,50 C551.658,55.887 546.887,60.657 541,60.657 M541,33.886 C532.1,33.886 524.886,41.1 524.886,50 C524.886,58.899 532.1,66.113 541,66.113 C549.9,66.113 557.115,58.899 557.115,50 C557.115,41.1 549.9,33.886 541,33.886 M565.378,62.101 C565.244,65.022 564.756,66.606 564.346,67.663 C563.803,69.06 563.154,70.057 562.106,71.106 C561.058,72.155 560.06,72.803 558.662,73.347 C557.607,73.757 556.021,74.244 553.102,74.378 C549.944,74.521 548.997,74.552 541,74.552 C533.003,74.552 532.056,74.521 528.898,74.378 C525.979,74.244 524.393,73.757 523.338,73.347 C521.94,72.803 520.942,72.155 519.894,71.106 C518.846,70.057 518.197,69.06 517.654,67.663 C517.244,66.606 516.755,65.022 516.623,62.101 C516.479,58.943 516.448,57.996 516.448,50 C516.448,42.003 516.479,41.056 516.623,37.899 C516.755,34.978 517.244,33.391 517.654,32.338 C518.197,30.938 518.846,29.942 519.894,28.894 C520.942,27.846 521.94,27.196 523.338,26.654 C524.393,26.244 525.979,25.756 528.898,25.623 C532.057,25.479 533.004,25.448 541,25.448 C548.997,25.448 549.943,25.479 553.102,25.623 C556.021,25.756 557.607,26.244 558.662,26.654 C560.06,27.196 561.058,27.846 562.106,28.894 C563.154,29.942 563.803,30.938 564.346,32.338 C564.756,33.391 565.244,34.978 565.378,37.899 C565.522,41.056 565.552,42.003 565.552,50 C565.552,57.996 565.522,58.943 565.378,62.101 M570.82,37.631 C570.674,34.438 570.167,32.258 569.425,30.349 C568.659,28.377 567.633,26.702 565.965,25.035 C564.297,23.368 562.623,22.342 560.652,21.575 C558.743,20.834 556.562,20.326 553.369,20.18 C550.169,20.033 549.148,20 541,20 C532.853,20 531.831,20.033 528.631,20.18 C525.438,20.326 523.257,20.834 521.349,21.575 C519.376,22.342 517.703,23.368 516.035,25.035 C514.368,26.702 513.342,28.377 512.574,30.349 C511.834,32.258 511.326,34.438 511.181,37.631 C511.035,40.831 511,41.851 511,50 C511,58.147 511.035,59.17 511.181,62.369 C511.326,65.562 511.834,67.743 512.574,69.651 C513.342,71.625 514.368,73.296 516.035,74.965 C517.703,76.634 519.376,77.658 521.349,78.425 C523.257,79.167 525.438,79.673 528.631,79.82 C531.831,79.965 532.853,80.001 541,80.001 C549.148,80.001 550.169,79.965 553.369,79.82 C556.562,79.673 558.743,79.167 560.652,78.425 C562.623,77.658 564.297,76.634 565.965,74.965 C567.633,73.296 568.659,71.625 569.425,69.651 C570.167,67.743 570.674,65.562 570.82,62.369 C570.966,59.17 571,58.147 571,50 C571,41.851 570.966,40.831 570.82,37.631\"><\/path><\/g><\/g><\/g><\/svg><\/div><div style=\"padding-top: 8px;\"> <div style=\" color:#3897f0; font-family:Arial,sans-serif; font-size:14px; font-style:normal; font-weight:550; line-height:18px;\">Ver essa foto no Instagram<\/div><\/div><div style=\"padding: 12.5% 0;\"><\/div> <div style=\"display: flex; flex-direction: row; margin-bottom: 14px; align-items: center;\"><div> <div style=\"background-color: #F4F4F4; border-radius: 50%; height: 12.5px; width: 12.5px; transform: translateX(0px) translateY(7px);\"><\/div> <div style=\"background-color: #F4F4F4; height: 12.5px; transform: rotate(-45deg) translateX(3px) translateY(1px); width: 12.5px; flex-grow: 0; margin-right: 14px; margin-left: 2px;\"><\/div> <div style=\"background-color: #F4F4F4; border-radius: 50%; height: 12.5px; width: 12.5px; transform: translateX(9px) translateY(-18px);\"><\/div><\/div><div style=\"margin-left: 8px;\"> <div style=\" background-color: #F4F4F4; border-radius: 50%; flex-grow: 0; height: 20px; width: 20px;\"><\/div> <div style=\" width: 0; height: 0; border-top: 2px solid transparent; border-left: 6px solid #f4f4f4; border-bottom: 2px solid transparent; transform: translateX(16px) translateY(-4px) rotate(30deg)\"><\/div><\/div><div style=\"margin-left: auto;\"> <div style=\" width: 0px; border-top: 8px solid #F4F4F4; border-right: 8px solid transparent; transform: translateY(16px);\"><\/div> <div style=\" background-color: #F4F4F4; flex-grow: 0; height: 12px; width: 16px; transform: translateY(-4px);\"><\/div> <div style=\" width: 0; height: 0; border-top: 8px solid #F4F4F4; border-left: 8px solid transparent; transform: translateY(-4px) translateX(8px);\"><\/div><\/div><\/div> <div style=\"display: flex; flex-direction: column; flex-grow: 1; justify-content: center; margin-bottom: 24px;\"> <div style=\" background-color: #F4F4F4; border-radius: 4px; flex-grow: 0; height: 14px; margin-bottom: 6px; width: 224px;\"><\/div> <div style=\" background-color: #F4F4F4; border-radius: 4px; flex-grow: 0; height: 14px; width: 144px;\"><\/div><\/div><\/a><p style=\" color:#c9c8cd; font-family:Arial,sans-serif; font-size:14px; line-height:17px; margin-bottom:0; margin-top:8px; overflow:hidden; padding:8px 0 7px; text-align:center; text-overflow:ellipsis; white-space:nowrap;\"><a href=\"https:\/\/www.instagram.com\/p\/DHBk9fcNcNW\/?utm_source=ig_embed&amp;utm_campaign=loading\" style=\" color:#c9c8cd; font-family:Arial,sans-serif; font-size:14px; font-style:normal; font-weight:normal; line-height:17px; text-decoration:none;\" target=\"_blank\">Uma publica\u00e7\u00e3o compartilhada por Victoria Beckham (@victoriabeckham)<\/a><\/p><\/div><\/blockquote>\n<script async src=\"\/\/www.instagram.com\/embed.js\"><\/script>\n\n\n\n<h2 class=\"wp-block-heading\">Como combinar escarpim de bico fino com cal\u00e7a jeans?<\/h2>\n\n\n\n<p><strong>A combina\u00e7\u00e3o entre escarpim de bico fino e <a href=\"https:\/\/www.em.com.br\/emfoco\/2025\/05\/20\/pouca-gente-sabe-para-que-servem-os-botoes-metalicos-nas-calcas-jeans\/\" target=\"_blank\" rel=\"noreferrer noopener\">cal\u00e7a jeans<\/a> \u00e9 uma escolha frequente para quem deseja unir eleg\u00e2ncia e casualidade.<\/strong>\u00a0O segredo est\u00e1 em selecionar o modelo de jeans adequado e harmonizar as cores e texturas do sapato com o restante do look. Cal\u00e7as jeans de corte reto, skinny ou mom jeans s\u00e3o op\u00e7\u00f5es que valorizam o escarpim, permitindo que o sapato se destaque.<\/p>\n\n\n\n<p><strong>Para criar um visual equilibrado, recomenda-se dobrar a barra da cal\u00e7a ou optar por modelos cropped, deixando o tornozelo \u00e0 mostra.<\/strong>&nbsp;Essa escolha evidencia o escarpim e confere leveza \u00e0 produ\u00e7\u00e3o. Cores neutras, como preto, nude ou branco, s\u00e3o curingas, mas tons vibrantes tamb\u00e9m podem ser explorados para dar um toque de personalidade ao visual. Grifes como&nbsp;<strong>Christian Louboutin<\/strong>&nbsp;e&nbsp;<strong>Jimmy Choo<\/strong>&nbsp;apresentam regularmente novidades em escarpins que facilitam esse tipo de combina\u00e7\u00e3o fashion.<\/p>\n\n\n\n<h2 class=\"wp-block-heading\">Quais ocasi\u00f5es pedem o uso do escarpim de bico fino com jeans?<\/h2>\n\n\n\n<p><strong>O escarpim de bico fino aliado \u00e0 cal\u00e7a jeans pode ser utilizado em diversas situa\u00e7\u00f5es, desde compromissos profissionais at\u00e9 eventos sociais informais.<\/strong>&nbsp;Em ambientes de trabalho que permitem um dress code mais flex\u00edvel, essa combina\u00e7\u00e3o transmite seriedade sem perder a modernidade. J\u00e1 em encontros casuais, o escarpim adiciona um toque sofisticado ao look descontra\u00eddo do jeans.<\/p>\n\n\n\n<p><strong>Eventos como almo\u00e7os, reuni\u00f5es e at\u00e9 happy hours s\u00e3o oportunidades para apostar nessa dupla.<\/strong>&nbsp;O importante \u00e9 adaptar os acess\u00f3rios e a parte superior do look conforme a ocasi\u00e3o, garantindo que o visual esteja adequado e confort\u00e1vel. Inclusive, algumas empresas multinacionais, como a&nbsp;<strong>Google<\/strong>, j\u00e1 flexibilizam o dress code incentivando combina\u00e7\u00f5es estilosas como essa.<\/p>\n\n\n\n<h2 class=\"wp-block-heading\">Quais modelos de escarpim de bico fino valorizam ainda mais o visual?<\/h2>\n\n\n\n<p><strong>Existem diferentes vers\u00f5es de escarpim de bico fino que podem ser exploradas para compor looks variados.<\/strong>&nbsp;Entre os principais modelos, destacam-se:<\/p>\n\n\n\n<ul class=\"wp-block-list\">\n<li><strong>Cl\u00e1ssico:<\/strong>\u00a0Com salto m\u00e9dio ou alto, em cores neutras, \u00e9 ideal para quem busca eleg\u00e2ncia discreta.<\/li>\n\n\n\n<li><strong>Colorido:<\/strong>\u00a0Em tons vibrantes, proporciona um ponto de destaque no visual.<\/li>\n\n\n\n<li><strong>Texturizado:<\/strong>\u00a0Modelos em verniz, camur\u00e7a ou com detalhes metalizados agregam informa\u00e7\u00e3o de moda.<\/li>\n\n\n\n<li><strong>Slingback:<\/strong>\u00a0Com tira no calcanhar, oferece conforto e um toque retr\u00f4.<\/li>\n<\/ul>\n\n\n\n<p><strong>A escolha do modelo deve considerar o estilo pessoal e o contexto em que ser\u00e1 utilizado.<\/strong>&nbsp;O importante \u00e9 que o escarpim complemente o look, real\u00e7ando a combina\u00e7\u00e3o com a cal\u00e7a jeans. Muitas inspira\u00e7\u00f5es podem ser encontradas em plataformas como o&nbsp;<strong>Pinterest<\/strong>&nbsp;e perfis de moda do&nbsp;<strong>Instagram<\/strong>.<\/p>\n\n\n\n<blockquote class=\"instagram-media\" data-instgrm-captioned data-instgrm-permalink=\"https:\/\/www.instagram.com\/p\/DFX3m1zx-jb\/?utm_source=ig_embed&amp;utm_campaign=loading\" data-instgrm-version=\"14\" style=\" background:#FFF; border:0; border-radius:3px; box-shadow:0 0 1px 0 rgba(0,0,0,0.5),0 1px 10px 0 rgba(0,0,0,0.15); margin: 1px; max-width:540px; min-width:326px; padding:0; width:99.375%; width:-webkit-calc(100% - 2px); width:calc(100% - 2px);\"><div style=\"padding:16px;\"> <a href=\"https:\/\/www.instagram.com\/p\/DFX3m1zx-jb\/?utm_source=ig_embed&amp;utm_campaign=loading\" style=\" background:#FFFFFF; line-height:0; padding:0 0; text-align:center; text-decoration:none; width:100%;\" target=\"_blank\"> <div style=\" display: flex; flex-direction: row; align-items: center;\"> <div style=\"background-color: #F4F4F4; border-radius: 50%; flex-grow: 0; height: 40px; margin-right: 14px; width: 40px;\"><\/div> <div style=\"display: flex; flex-direction: column; flex-grow: 1; justify-content: center;\"> <div style=\" background-color: #F4F4F4; border-radius: 4px; flex-grow: 0; height: 14px; margin-bottom: 6px; width: 100px;\"><\/div> <div style=\" background-color: #F4F4F4; border-radius: 4px; flex-grow: 0; height: 14px; width: 60px;\"><\/div><\/div><\/div><div style=\"padding: 19% 0;\"><\/div> <div style=\"display:block; height:50px; margin:0 auto 12px; width:50px;\"><svg width=\"50px\" height=\"50px\" viewBox=\"0 0 60 60\" version=\"1.1\" xmlns=\"https:\/\/www.w3.org\/2000\/svg\" xmlns:xlink=\"https:\/\/www.w3.org\/1999\/xlink\"><g stroke=\"none\" stroke-width=\"1\" fill=\"none\" fill-rule=\"evenodd\"><g transform=\"translate(-511.000000, -20.000000)\" fill=\"#000000\"><g><path d=\"M556.869,30.41 C554.814,30.41 553.148,32.076 553.148,34.131 C553.148,36.186 554.814,37.852 556.869,37.852 C558.924,37.852 560.59,36.186 560.59,34.131 C560.59,32.076 558.924,30.41 556.869,30.41 M541,60.657 C535.114,60.657 530.342,55.887 530.342,50 C530.342,44.114 535.114,39.342 541,39.342 C546.887,39.342 551.658,44.114 551.658,50 C551.658,55.887 546.887,60.657 541,60.657 M541,33.886 C532.1,33.886 524.886,41.1 524.886,50 C524.886,58.899 532.1,66.113 541,66.113 C549.9,66.113 557.115,58.899 557.115,50 C557.115,41.1 549.9,33.886 541,33.886 M565.378,62.101 C565.244,65.022 564.756,66.606 564.346,67.663 C563.803,69.06 563.154,70.057 562.106,71.106 C561.058,72.155 560.06,72.803 558.662,73.347 C557.607,73.757 556.021,74.244 553.102,74.378 C549.944,74.521 548.997,74.552 541,74.552 C533.003,74.552 532.056,74.521 528.898,74.378 C525.979,74.244 524.393,73.757 523.338,73.347 C521.94,72.803 520.942,72.155 519.894,71.106 C518.846,70.057 518.197,69.06 517.654,67.663 C517.244,66.606 516.755,65.022 516.623,62.101 C516.479,58.943 516.448,57.996 516.448,50 C516.448,42.003 516.479,41.056 516.623,37.899 C516.755,34.978 517.244,33.391 517.654,32.338 C518.197,30.938 518.846,29.942 519.894,28.894 C520.942,27.846 521.94,27.196 523.338,26.654 C524.393,26.244 525.979,25.756 528.898,25.623 C532.057,25.479 533.004,25.448 541,25.448 C548.997,25.448 549.943,25.479 553.102,25.623 C556.021,25.756 557.607,26.244 558.662,26.654 C560.06,27.196 561.058,27.846 562.106,28.894 C563.154,29.942 563.803,30.938 564.346,32.338 C564.756,33.391 565.244,34.978 565.378,37.899 C565.522,41.056 565.552,42.003 565.552,50 C565.552,57.996 565.522,58.943 565.378,62.101 M570.82,37.631 C570.674,34.438 570.167,32.258 569.425,30.349 C568.659,28.377 567.633,26.702 565.965,25.035 C564.297,23.368 562.623,22.342 560.652,21.575 C558.743,20.834 556.562,20.326 553.369,20.18 C550.169,20.033 549.148,20 541,20 C532.853,20 531.831,20.033 528.631,20.18 C525.438,20.326 523.257,20.834 521.349,21.575 C519.376,22.342 517.703,23.368 516.035,25.035 C514.368,26.702 513.342,28.377 512.574,30.349 C511.834,32.258 511.326,34.438 511.181,37.631 C511.035,40.831 511,41.851 511,50 C511,58.147 511.035,59.17 511.181,62.369 C511.326,65.562 511.834,67.743 512.574,69.651 C513.342,71.625 514.368,73.296 516.035,74.965 C517.703,76.634 519.376,77.658 521.349,78.425 C523.257,79.167 525.438,79.673 528.631,79.82 C531.831,79.965 532.853,80.001 541,80.001 C549.148,80.001 550.169,79.965 553.369,79.82 C556.562,79.673 558.743,79.167 560.652,78.425 C562.623,77.658 564.297,76.634 565.965,74.965 C567.633,73.296 568.659,71.625 569.425,69.651 C570.167,67.743 570.674,65.562 570.82,62.369 C570.966,59.17 571,58.147 571,50 C571,41.851 570.966,40.831 570.82,37.631\"><\/path><\/g><\/g><\/g><\/svg><\/div><div style=\"padding-top: 8px;\"> <div style=\" color:#3897f0; font-family:Arial,sans-serif; font-size:14px; font-style:normal; font-weight:550; line-height:18px;\">Ver essa foto no Instagram<\/div><\/div><div style=\"padding: 12.5% 0;\"><\/div> <div style=\"display: flex; flex-direction: row; margin-bottom: 14px; align-items: center;\"><div> <div style=\"background-color: #F4F4F4; border-radius: 50%; height: 12.5px; width: 12.5px; transform: translateX(0px) translateY(7px);\"><\/div> <div style=\"background-color: #F4F4F4; height: 12.5px; transform: rotate(-45deg) translateX(3px) translateY(1px); width: 12.5px; flex-grow: 0; margin-right: 14px; margin-left: 2px;\"><\/div> <div style=\"background-color: #F4F4F4; border-radius: 50%; height: 12.5px; width: 12.5px; transform: translateX(9px) translateY(-18px);\"><\/div><\/div><div style=\"margin-left: 8px;\"> <div style=\" background-color: #F4F4F4; border-radius: 50%; flex-grow: 0; height: 20px; width: 20px;\"><\/div> <div style=\" width: 0; height: 0; border-top: 2px solid transparent; border-left: 6px solid #f4f4f4; border-bottom: 2px solid transparent; transform: translateX(16px) translateY(-4px) rotate(30deg)\"><\/div><\/div><div style=\"margin-left: auto;\"> <div style=\" width: 0px; border-top: 8px solid #F4F4F4; border-right: 8px solid transparent; transform: translateY(16px);\"><\/div> <div style=\" background-color: #F4F4F4; flex-grow: 0; height: 12px; width: 16px; transform: translateY(-4px);\"><\/div> <div style=\" width: 0; height: 0; border-top: 8px solid #F4F4F4; border-left: 8px solid transparent; transform: translateY(-4px) translateX(8px);\"><\/div><\/div><\/div> <div style=\"display: flex; flex-direction: column; flex-grow: 1; justify-content: center; margin-bottom: 24px;\"> <div style=\" background-color: #F4F4F4; border-radius: 4px; flex-grow: 0; height: 14px; margin-bottom: 6px; width: 224px;\"><\/div> <div style=\" background-color: #F4F4F4; border-radius: 4px; flex-grow: 0; height: 14px; width: 144px;\"><\/div><\/div><\/a><p style=\" color:#c9c8cd; font-family:Arial,sans-serif; font-size:14px; line-height:17px; margin-bottom:0; margin-top:8px; overflow:hidden; padding:8px 0 7px; text-align:center; text-overflow:ellipsis; white-space:nowrap;\"><a href=\"https:\/\/www.instagram.com\/p\/DFX3m1zx-jb\/?utm_source=ig_embed&amp;utm_campaign=loading\" style=\" color:#c9c8cd; font-family:Arial,sans-serif; font-size:14px; font-style:normal; font-weight:normal; line-height:17px; text-decoration:none;\" target=\"_blank\">Uma publica\u00e7\u00e3o compartilhada por Victoria Beckham (@victoriabeckham)<\/a><\/p><\/div><\/blockquote>\n<script async src=\"\/\/www.instagram.com\/embed.js\"><\/script>\n\n\n\n<h2 class=\"wp-block-heading\">Quais dicas ajudam a manter o conforto ao usar escarpim de bico fino?<\/h2>\n\n\n\n<p><strong>Apesar da fama de sapato elegante, o escarpim de bico fino pode ser confort\u00e1vel se alguns cuidados forem adotados.<\/strong>&nbsp;A escolha do tamanho correto \u00e9 fundamental para evitar desconfortos, principalmente na regi\u00e3o dos dedos. Optar por modelos com palmilha acolchoada e salto de altura moderada tamb\u00e9m contribui para o bem-estar ao longo do dia.<\/p>\n\n\n\n<ol class=\"wp-block-list\">\n<li>Prefira materiais male\u00e1veis, como couro ou tecidos flex\u00edveis.<\/li>\n\n\n\n<li>Evite usar o sapato por longos per\u00edodos nos primeiros usos, permitindo que ele se adapte ao formato do p\u00e9.<\/li>\n\n\n\n<li>Utilize protetores de calcanhar ou palmilhas de silicone para maior conforto.<\/li>\n\n\n\n<li>Alterne o uso com outros tipos de cal\u00e7ados para evitar sobrecarga nos p\u00e9s.<\/li>\n<\/ol>\n\n\n\n<p><strong>Com esses cuidados, \u00e9 poss\u00edvel aproveitar a eleg\u00e2ncia do escarpim de bico fino sem abrir m\u00e3o do conforto.<\/strong>&nbsp;Especialistas em ortopedia, como a&nbsp;<strong>Dra. Ana Paula Stefani<\/strong>, ressaltam a import\u00e2ncia de atentar-se \u00e0 ergonomia do cal\u00e7ado e ao bem-estar dos p\u00e9s.<\/p>\n\n\n\n<h2 class=\"wp-block-heading\">O escarpim de bico fino continua sendo tend\u00eancia em 2025?<\/h2>\n\n\n\n<p><strong>Em 2025, o escarpim de bico fino segue presente nas cole\u00e7\u00f5es de grandes marcas e nas vitrines das principais lojas de cal\u00e7ados.<\/strong>&nbsp;A pe\u00e7a mant\u00e9m sua relev\u00e2ncia devido \u00e0 versatilidade e \u00e0 capacidade de transitar entre diferentes estilos e ocasi\u00f5es. Novas vers\u00f5es surgem a cada temporada, com varia\u00e7\u00f5es de cores, materiais e detalhes, acompanhando as tend\u00eancias do momento.<\/p>\n\n\n\n<p><strong>A combina\u00e7\u00e3o com cal\u00e7a jeans permanece em alta, refor\u00e7ando o escarpim como um item-chave para quem busca praticidade e eleg\u00e2ncia no cotidiano.<\/strong>&nbsp;Seja em looks minimalistas ou produ\u00e7\u00f5es mais ousadas, o escarpim de bico fino segue como aposta certeira para compor visuais atuais e sofisticados, segundo especialistas de moda como&nbsp;<strong>Gloria Kalil<\/strong>&nbsp;e portais como o&nbsp;<strong>Vogue Brasil<\/strong>.<\/p>\n","protected":false},"excerpt":{"rendered":"<p>O\u00a0escarpim de bico fino\u00a0ganhou destaque no universo da moda por sua apar\u00eancia sofisticada e versatilidade. Este modelo de sapato \u00e9 reconhecido pelo formato alongado na parte frontal, que proporciona um visual refinado e atemporal. Al\u00e9m disso, o escarpim de bico fino \u00e9 frequentemente associado a ocasi\u00f5es formais, mas, nos \u00faltimos anos, passou a ser incorporado [&hellip;]<\/p>\n","protected":false},"author":11,"featured_media":60627,"comment_status":"open","ping_status":"open","sticky":false,"template":"","format":"standard","meta":{"jnews-multi-image_gallery":[],"jnews_single_post":{"format":"standard"},"jnews_primary_category":[],"jnews_social_meta":[],"jnews_override_counter":[],"footnotes":""},"categories":[8819,1],"tags":[10417,7063,7100],"class_list":["post-60529","post","type-post","status-publish","format-standard","has-post-thumbnail","hentry","category-curiosidades","category-noticias","tag-combinacao","tag-looks","tag-looks-modernos"],"yoast_head":"<!-- This site is optimized with the Yoast SEO plugin v23.8 - https:\/\/yoast.com\/wordpress\/plugins\/seo\/ -->\n<title>O que acontece com seu look quando voc\u00ea junta essa combina\u00e7\u00e3o incr\u00edvel - Estado de Minas - Em foco<\/title>\n<meta name=\"description\" content=\"Quer um look elegante e casual ao mesmo tempo! Aposte nessa incr\u00edvel combina\u00e7\u00e3o e arrase em qualquer ocasi\u00e3o.\" \/>\n<meta name=\"robots\" content=\"index, follow, max-snippet:-1, max-image-preview:large, max-video-preview:-1\" \/>\n<link rel=\"canonical\" href=\"https:\/\/www.em.com.br\/emfoco\/2025\/06\/15\/o-que-acontece-com-seu-look-quando-voce-junta-essa-combinacao-incrivel\/\" \/>\n<meta property=\"og:locale\" content=\"pt_BR\" \/>\n<meta property=\"og:type\" content=\"article\" \/>\n<meta property=\"og:title\" content=\"O que acontece com seu look quando voc\u00ea junta essa combina\u00e7\u00e3o incr\u00edvel - Estado de Minas - Em foco\" \/>\n<meta property=\"og:description\" content=\"Quer um look elegante e casual ao mesmo tempo! Aposte nessa incr\u00edvel combina\u00e7\u00e3o e arrase em qualquer ocasi\u00e3o.\" \/>\n<meta property=\"og:url\" content=\"https:\/\/www.em.com.br\/emfoco\/2025\/06\/15\/o-que-acontece-com-seu-look-quando-voce-junta-essa-combinacao-incrivel\/\" \/>\n<meta property=\"og:site_name\" content=\"Estado de Minas - Em foco\" \/>\n<meta property=\"article:published_time\" content=\"2025-06-15T13:00:00+00:00\" \/>\n<meta property=\"article:modified_time\" content=\"2025-06-15T13:06:26+00:00\" \/>\n<meta property=\"og:image\" content=\"https:\/\/www.em.com.br\/emfoco\/wp-content\/uploads\/2025\/06\/mulher-de-salto-alto_1749917170158.jpg\" \/>\n\t<meta property=\"og:image:width\" content=\"1280\" \/>\n\t<meta property=\"og:image:height\" content=\"720\" \/>\n\t<meta property=\"og:image:type\" content=\"image\/jpeg\" \/>\n<meta name=\"author\" content=\"Andre\u0301 Rangel\u00a0\" \/>\n<meta name=\"twitter:card\" content=\"summary_large_image\" \/>\n<meta name=\"twitter:label1\" content=\"Escrito por\" \/>\n\t<meta name=\"twitter:data1\" content=\"Andre\u0301 Rangel\u00a0\" \/>\n\t<meta name=\"twitter:label2\" content=\"Est. tempo de leitura\" \/>\n\t<meta name=\"twitter:data2\" content=\"5 minutos\" \/>\n<!-- \/ Yoast SEO plugin. -->","yoast_head_json":{"title":"O que acontece com seu look quando voc\u00ea junta essa combina\u00e7\u00e3o incr\u00edvel - Estado de Minas - Em foco","description":"Quer um look elegante e casual ao mesmo tempo! Aposte nessa incr\u00edvel combina\u00e7\u00e3o e arrase em qualquer ocasi\u00e3o.","robots":{"index":"index","follow":"follow","max-snippet":"max-snippet:-1","max-image-preview":"max-image-preview:large","max-video-preview":"max-video-preview:-1"},"canonical":"https:\/\/www.em.com.br\/emfoco\/2025\/06\/15\/o-que-acontece-com-seu-look-quando-voce-junta-essa-combinacao-incrivel\/","og_locale":"pt_BR","og_type":"article","og_title":"O que acontece com seu look quando voc\u00ea junta essa combina\u00e7\u00e3o incr\u00edvel - Estado de Minas - Em foco","og_description":"Quer um look elegante e casual ao mesmo tempo! Aposte nessa incr\u00edvel combina\u00e7\u00e3o e arrase em qualquer ocasi\u00e3o.","og_url":"https:\/\/www.em.com.br\/emfoco\/2025\/06\/15\/o-que-acontece-com-seu-look-quando-voce-junta-essa-combinacao-incrivel\/","og_site_name":"Estado de Minas - Em foco","article_published_time":"2025-06-15T13:00:00+00:00","article_modified_time":"2025-06-15T13:06:26+00:00","og_image":[{"width":1280,"height":720,"url":"https:\/\/www.em.com.br\/emfoco\/wp-content\/uploads\/2025\/06\/mulher-de-salto-alto_1749917170158.jpg","type":"image\/jpeg"}],"author":"Andre\u0301 Rangel\u00a0","twitter_card":"summary_large_image","twitter_misc":{"Escrito por":"Andre\u0301 Rangel\u00a0","Est. tempo de leitura":"5 minutos"},"schema":{"@context":"https:\/\/schema.org","@graph":[{"@type":"WebPage","@id":"https:\/\/www.em.com.br\/emfoco\/2025\/06\/15\/o-que-acontece-com-seu-look-quando-voce-junta-essa-combinacao-incrivel\/","url":"https:\/\/www.em.com.br\/emfoco\/2025\/06\/15\/o-que-acontece-com-seu-look-quando-voce-junta-essa-combinacao-incrivel\/","name":"O que acontece com seu look quando voc\u00ea junta essa combina\u00e7\u00e3o incr\u00edvel - Estado de Minas - Em foco","isPartOf":{"@id":"https:\/\/www.em.com.br\/emfoco\/#website"},"primaryImageOfPage":{"@id":"https:\/\/www.em.com.br\/emfoco\/2025\/06\/15\/o-que-acontece-com-seu-look-quando-voce-junta-essa-combinacao-incrivel\/#primaryimage"},"image":{"@id":"https:\/\/www.em.com.br\/emfoco\/2025\/06\/15\/o-que-acontece-com-seu-look-quando-voce-junta-essa-combinacao-incrivel\/#primaryimage"},"thumbnailUrl":"https:\/\/www.em.com.br\/emfoco\/wp-content\/uploads\/2025\/06\/mulher-de-salto-alto_1749917170158.jpg","datePublished":"2025-06-15T13:00:00+00:00","dateModified":"2025-06-15T13:06:26+00:00","author":{"@id":"https:\/\/www.em.com.br\/emfoco\/#\/schema\/person\/60eda09c1fedf0d6891f4cef4b60b8b8"},"description":"Quer um look elegante e casual ao mesmo tempo! Aposte nessa incr\u00edvel combina\u00e7\u00e3o e arrase em qualquer ocasi\u00e3o.","breadcrumb":{"@id":"https:\/\/www.em.com.br\/emfoco\/2025\/06\/15\/o-que-acontece-com-seu-look-quando-voce-junta-essa-combinacao-incrivel\/#breadcrumb"},"inLanguage":"pt-BR","potentialAction":[{"@type":"ReadAction","target":["https:\/\/www.em.com.br\/emfoco\/2025\/06\/15\/o-que-acontece-com-seu-look-quando-voce-junta-essa-combinacao-incrivel\/"]}]},{"@type":"ImageObject","inLanguage":"pt-BR","@id":"https:\/\/www.em.com.br\/emfoco\/2025\/06\/15\/o-que-acontece-com-seu-look-quando-voce-junta-essa-combinacao-incrivel\/#primaryimage","url":"https:\/\/www.em.com.br\/emfoco\/wp-content\/uploads\/2025\/06\/mulher-de-salto-alto_1749917170158.jpg","contentUrl":"https:\/\/www.em.com.br\/emfoco\/wp-content\/uploads\/2025\/06\/mulher-de-salto-alto_1749917170158.jpg","width":1280,"height":720,"caption":"mulher de salto alto - Cr\u00e9ditos: depositphotos.com \/ IgorVetushko"},{"@type":"BreadcrumbList","@id":"https:\/\/www.em.com.br\/emfoco\/2025\/06\/15\/o-que-acontece-com-seu-look-quando-voce-junta-essa-combinacao-incrivel\/#breadcrumb","itemListElement":[{"@type":"ListItem","position":1,"name":"In\u00edcio","item":"https:\/\/www.em.com.br\/emfoco\/"},{"@type":"ListItem","position":2,"name":"O que acontece com seu look quando voc\u00ea junta essa combina\u00e7\u00e3o incr\u00edvel"}]},{"@type":"WebSite","@id":"https:\/\/www.em.com.br\/emfoco\/#website","url":"https:\/\/www.em.com.br\/emfoco\/","name":"Estado de Minas - Em foco","description":"Acompanhe as \u00faltimas not\u00edcias e fique bem informado sobre tudo o que acontece em Minas Gerais, Brasil e no mundo.","potentialAction":[{"@type":"SearchAction","target":{"@type":"EntryPoint","urlTemplate":"https:\/\/www.em.com.br\/emfoco\/?s={search_term_string}"},"query-input":{"@type":"PropertyValueSpecification","valueRequired":true,"valueName":"search_term_string"}}],"inLanguage":"pt-BR"},{"@type":"Person","@id":"https:\/\/www.em.com.br\/emfoco\/#\/schema\/person\/60eda09c1fedf0d6891f4cef4b60b8b8","name":"Andre\u0301 Rangel\u00a0","image":{"@type":"ImageObject","inLanguage":"pt-BR","@id":"https:\/\/www.em.com.br\/emfoco\/#\/schema\/person\/image\/","url":"https:\/\/secure.gravatar.com\/avatar\/6234dc814c77c8ef6d8bba622c787efc?s=96&d=mm&r=g","contentUrl":"https:\/\/secure.gravatar.com\/avatar\/6234dc814c77c8ef6d8bba622c787efc?s=96&d=mm&r=g","caption":"Andre\u0301 Rangel\u00a0"},"url":"https:\/\/www.em.com.br\/emfoco\/author\/luizmyth\/"}]}},"_links":{"self":[{"href":"https:\/\/www.em.com.br\/emfoco\/wp-json\/wp\/v2\/posts\/60529","targetHints":{"allow":["GET"]}}],"collection":[{"href":"https:\/\/www.em.com.br\/emfoco\/wp-json\/wp\/v2\/posts"}],"about":[{"href":"https:\/\/www.em.com.br\/emfoco\/wp-json\/wp\/v2\/types\/post"}],"author":[{"embeddable":true,"href":"https:\/\/www.em.com.br\/emfoco\/wp-json\/wp\/v2\/users\/11"}],"replies":[{"embeddable":true,"href":"https:\/\/www.em.com.br\/emfoco\/wp-json\/wp\/v2\/comments?post=60529"}],"version-history":[{"count":4,"href":"https:\/\/www.em.com.br\/emfoco\/wp-json\/wp\/v2\/posts\/60529\/revisions"}],"predecessor-version":[{"id":60629,"href":"https:\/\/www.em.com.br\/emfoco\/wp-json\/wp\/v2\/posts\/60529\/revisions\/60629"}],"wp:featuredmedia":[{"embeddable":true,"href":"https:\/\/www.em.com.br\/emfoco\/wp-json\/wp\/v2\/media\/60627"}],"wp:attachment":[{"href":"https:\/\/www.em.com.br\/emfoco\/wp-json\/wp\/v2\/media?parent=60529"}],"wp:term":[{"taxonomy":"category","embeddable":true,"href":"https:\/\/www.em.com.br\/emfoco\/wp-json\/wp\/v2\/categories?post=60529"},{"taxonomy":"post_tag","embeddable":true,"href":"https:\/\/www.em.com.br\/emfoco\/wp-json\/wp\/v2\/tags?post=60529"}],"curies":[{"name":"wp","href":"https:\/\/api.w.org\/{rel}","templated":true}]}}