{"id":60138,"date":"2025-06-14T20:30:00","date_gmt":"2025-06-14T23:30:00","guid":{"rendered":"https:\/\/www.em.com.br\/emfoco\/?p=60138"},"modified":"2025-06-13T19:36:18","modified_gmt":"2025-06-13T22:36:18","slug":"cresce-o-numero-de-brasileiros-com-direito-a-isencao-de-impostos","status":"publish","type":"post","link":"https:\/\/www.em.com.br\/emfoco\/2025\/06\/14\/cresce-o-numero-de-brasileiros-com-direito-a-isencao-de-impostos\/","title":{"rendered":"Cresce o n\u00famero de brasileiros com direito \u00e0 isen\u00e7\u00e3o de impostos"},"content":{"rendered":"\n<p>A isen\u00e7\u00e3o de impostos representa o direito de determinados grupos ou situa\u00e7\u00f5es espec\u00edficas de n\u00e3o arcar com alguns tributos obrigat\u00f3rios. No contexto brasileiro, essa medida busca atender necessidades sociais, econ\u00f4micas ou de sa\u00fade, aliviando a carga tribut\u00e1ria de pessoas que se enquadram em crit\u00e9rios previamente estabelecidos pela legisla\u00e7\u00e3o.<\/p>\n\n\n\n<p>Entre os impostos mais conhecidos que podem ser isentos est\u00e3o o <strong><a href=\"https:\/\/www.em.com.br\/emfoco\/2025\/06\/12\/voce-pode-estar-pagando-ipva-sem-saber-que-tem-direito-a-isencao\/\" target=\"_blank\" rel=\"noreferrer noopener\">IPVA <\/a><\/strong>(Imposto sobre a Propriedade de Ve\u00edculos Automotores) e o <strong><a href=\"https:\/\/www.gov.br\/receitafederal\/pt-br\/assuntos\/orientacao-tributaria\/tributos\/ipi\" target=\"_blank\" rel=\"noreferrer noopener\">IPI <\/a><\/strong>(Imposto sobre Produtos Industrializados). Cada um deles possui regras pr\u00f3prias para concess\u00e3o do benef\u00edcio, visando garantir justi\u00e7a fiscal e promover inclus\u00e3o de cidad\u00e3os em condi\u00e7\u00f5es especiais.<\/p>\n\n\n\n<h2 class=\"wp-block-heading\">Quem pode solicitar a isen\u00e7\u00e3o do IPVA?<\/h2>\n\n\n<div class=\"wp-block-image\">\n<figure class=\"aligncenter size-large\"><img loading=\"lazy\" decoding=\"async\" width=\"1024\" height=\"576\" src=\"https:\/\/www.em.com.br\/emfoco\/wp-content\/uploads\/2025\/06\/ipva_1749659764049-1024x576.jpg\" alt=\"Nova isen\u00e7\u00e3o de IPVA surpreende contribuintes em todo o pa\u00eds\" class=\"wp-image-59057\" srcset=\"https:\/\/www.em.com.br\/emfoco\/wp-content\/uploads\/2025\/06\/ipva_1749659764049-1024x576.jpg 1024w, https:\/\/www.em.com.br\/emfoco\/wp-content\/uploads\/2025\/06\/ipva_1749659764049-300x169.jpg 300w, https:\/\/www.em.com.br\/emfoco\/wp-content\/uploads\/2025\/06\/ipva_1749659764049-768x432.jpg 768w, https:\/\/www.em.com.br\/emfoco\/wp-content\/uploads\/2025\/06\/ipva_1749659764049-750x422.jpg 750w, https:\/\/www.em.com.br\/emfoco\/wp-content\/uploads\/2025\/06\/ipva_1749659764049-1140x641.jpg 1140w, https:\/\/www.em.com.br\/emfoco\/wp-content\/uploads\/2025\/06\/ipva_1749659764049.jpg 1280w\" sizes=\"auto, (max-width: 1024px) 100vw, 1024px\" \/><figcaption class=\"wp-element-caption\">Blocos escrito IPVA &#8211; Cr\u00e9ditos: depositphotos.com \/ rmcarvalhobsb<\/figcaption><\/figure><\/div>\n\n\n<p>A isen\u00e7\u00e3o do <strong>IPVA <\/strong>\u00e9 um direito concedido a alguns grupos espec\u00edficos, variando conforme o estado brasileiro. Pessoas com defici\u00eancia f\u00edsica, visual, mental severa ou autistas est\u00e3o entre os principais beneficiados, desde que o ve\u00edculo esteja registrado em seu nome e adaptado, quando necess\u00e1rio.<\/p>\n\n\n\n<p>Al\u00e9m disso, em algumas unidades federativas, ve\u00edculos com mais de determinado tempo de fabrica\u00e7\u00e3o \u2014 geralmente acima de 10, 15 ou 20 anos \u2014 tamb\u00e9m podem ser contemplados. Entidades filantr\u00f3picas, taxistas e transportadores escolares, em certas situa\u00e7\u00f5es, t\u00eam acesso ao benef\u00edcio, conforme a legisla\u00e7\u00e3o local.<\/p>\n\n\n\n<h2 class=\"wp-block-heading\">Quais s\u00e3o os crit\u00e9rios para obter isen\u00e7\u00e3o do IPI?<\/h2>\n\n\n\n<p>O <strong>IPI <\/strong>pode ser isento na compra de ve\u00edculos por pessoas com defici\u00eancia, desde que comprovem a condi\u00e7\u00e3o por meio de laudos m\u00e9dicos e documenta\u00e7\u00e3o exigida. O benef\u00edcio tamb\u00e9m se estende a taxistas e motoristas de transporte escolar, que utilizam o ve\u00edculo como instrumento de trabalho.<\/p>\n\n\n\n<p>Para garantir a isen\u00e7\u00e3o do <strong>IPI<\/strong>, \u00e9 necess\u00e1rio seguir um processo que inclui a apresenta\u00e7\u00e3o de documentos pessoais, laudos m\u00e9dicos detalhados e, em alguns casos, comprova\u00e7\u00e3o de renda. O procedimento \u00e9 realizado junto \u00e0 <strong>Receita Federal<\/strong>, que avalia cada solicita\u00e7\u00e3o individualmente.<\/p>\n\n\n\n<h2 class=\"wp-block-heading\">Como funciona a isen\u00e7\u00e3o de impostos para pessoas com defici\u00eancia?<\/h2>\n\n\n\n<p>Pessoas com defici\u00eancia t\u00eam direito a isen\u00e7\u00f5es em diferentes tributos, como <strong>IPVA, IPI, IOF<\/strong> (Imposto sobre Opera\u00e7\u00f5es Financeiras) e <strong>ICMS <\/strong>(Imposto sobre Circula\u00e7\u00e3o de Mercadorias e Servi\u00e7os), quando adquirem ve\u00edculos adaptados ou comuns, dependendo do tipo de defici\u00eancia. A legisla\u00e7\u00e3o federal e estadual define as condi\u00e7\u00f5es para acesso a esses benef\u00edcios.<\/p>\n\n\n\n<p>O processo para obten\u00e7\u00e3o da isen\u00e7\u00e3o exige laudos m\u00e9dicos, an\u00e1lise da condi\u00e7\u00e3o do solicitante e, em alguns casos, avalia\u00e7\u00e3o por \u00f3rg\u00e3os de tr\u00e2nsito. O objetivo \u00e9 facilitar a mobilidade e promover a inclus\u00e3o, garantindo que essas pessoas possam adquirir ve\u00edculos com menor custo tribut\u00e1rio.<\/p>\n\n\n\n<h2 class=\"wp-block-heading\">Quais documentos s\u00e3o necess\u00e1rios para solicitar a isen\u00e7\u00e3o de tributos?<\/h2>\n\n\n\n<p>A documenta\u00e7\u00e3o para solicitar isen\u00e7\u00e3o de impostos varia conforme o tributo e o perfil do solicitante. De modo geral, s\u00e3o exigidos documentos pessoais, comprovante de resid\u00eancia, laudo m\u00e9dico atualizado (para pessoas com defici\u00eancia), al\u00e9m de documentos do ve\u00edculo, como nota fiscal e <strong>CRLV<\/strong> (Certificado de Registro e Licenciamento de Ve\u00edculo).<\/p>\n\n\n\n<p>No caso de taxistas ou motoristas de transporte escolar, \u00e9 necess\u00e1rio apresentar autoriza\u00e7\u00e3o para o exerc\u00edcio da atividade, carteira de habilita\u00e7\u00e3o adequada e documentos que comprovem a regularidade do servi\u00e7o. Cada \u00f3rg\u00e3o respons\u00e1vel pode solicitar informa\u00e7\u00f5es adicionais, conforme as regras vigentes em 2025.<\/p>\n\n\n\n<h2 class=\"wp-block-heading\">Quais outros impostos podem ser isentos e como solicitar?<\/h2>\n\n\n\n<p>Al\u00e9m do <strong>IPVA <\/strong>e do <strong>IPI<\/strong>, outros tributos podem ser objeto de isen\u00e7\u00e3o, como o <strong>ICMS <\/strong>e o <strong>IOF<\/strong>, especialmente na aquisi\u00e7\u00e3o de ve\u00edculos por pessoas com defici\u00eancia. Em alguns estados, h\u00e1 isen\u00e7\u00e3o de taxas de licenciamento e emolumentos para entidades filantr\u00f3picas ou ve\u00edculos de uso oficial.<\/p>\n\n\n\n<p>Para solicitar qualquer isen\u00e7\u00e3o, \u00e9 fundamental consultar a legisla\u00e7\u00e3o local e federal, reunir a documenta\u00e7\u00e3o necess\u00e1ria e protocolar o pedido junto ao \u00f3rg\u00e3o competente, como a <strong>Secretaria da Fazenda Estadual<\/strong> ou a<strong> Receita Federal<\/strong>. O acompanhamento do processo pode ser feito online ou presencialmente, dependendo do servi\u00e7o disponibilizado em cada regi\u00e3o.<\/p>\n","protected":false},"excerpt":{"rendered":"<p>A isen\u00e7\u00e3o de impostos representa o direito de determinados grupos ou situa\u00e7\u00f5es espec\u00edficas de n\u00e3o arcar com alguns tributos obrigat\u00f3rios. No contexto brasileiro, essa medida busca atender necessidades sociais, econ\u00f4micas ou de sa\u00fade, aliviando a carga tribut\u00e1ria de pessoas que se enquadram em crit\u00e9rios previamente estabelecidos pela legisla\u00e7\u00e3o. Entre os impostos mais conhecidos que podem [&hellip;]<\/p>\n","protected":false},"author":20,"featured_media":55054,"comment_status":"open","ping_status":"open","sticky":false,"template":"","format":"standard","meta":{"jnews-multi-image_gallery":[],"jnews_single_post":{"format":"standard"},"jnews_primary_category":[],"jnews_social_meta":[],"jnews_override_counter":[],"footnotes":""},"categories":[28,1],"tags":[2876,2311],"class_list":["post-60138","post","type-post","status-publish","format-standard","has-post-thumbnail","hentry","category-economia","category-noticias","tag-impostos","tag-isencao-de-impostos"],"yoast_head":"<!-- This site is optimized with the Yoast SEO plugin v23.8 - https:\/\/yoast.com\/wordpress\/plugins\/seo\/ -->\n<title>Cresce o n\u00famero de brasileiros com direito \u00e0 isen\u00e7\u00e3o de impostos - Estado de Minas - Em foco<\/title>\n<meta name=\"description\" content=\"Quem se encaixa nos crit\u00e9rios pode ter isen\u00e7\u00e3o total de impostos como IPVA e IPI o que representa economia real no or\u00e7amento.\" \/>\n<meta name=\"robots\" content=\"index, follow, max-snippet:-1, max-image-preview:large, max-video-preview:-1\" \/>\n<link rel=\"canonical\" href=\"https:\/\/www.em.com.br\/emfoco\/2025\/06\/14\/cresce-o-numero-de-brasileiros-com-direito-a-isencao-de-impostos\/\" \/>\n<meta property=\"og:locale\" content=\"pt_BR\" \/>\n<meta property=\"og:type\" content=\"article\" \/>\n<meta property=\"og:title\" content=\"Cresce o n\u00famero de brasileiros com direito \u00e0 isen\u00e7\u00e3o de impostos - Estado de Minas - Em foco\" \/>\n<meta property=\"og:description\" content=\"Quem se encaixa nos crit\u00e9rios pode ter isen\u00e7\u00e3o total de impostos como IPVA e IPI o que representa economia real no or\u00e7amento.\" \/>\n<meta property=\"og:url\" content=\"https:\/\/www.em.com.br\/emfoco\/2025\/06\/14\/cresce-o-numero-de-brasileiros-com-direito-a-isencao-de-impostos\/\" \/>\n<meta property=\"og:site_name\" content=\"Estado de Minas - Em foco\" \/>\n<meta property=\"article:published_time\" content=\"2025-06-14T23:30:00+00:00\" \/>\n<meta property=\"article:modified_time\" content=\"2025-06-13T22:36:18+00:00\" \/>\n<meta property=\"og:image\" content=\"https:\/\/www.em.com.br\/emfoco\/wp-content\/uploads\/2025\/06\/trabalho_1748978792702.jpg\" \/>\n\t<meta property=\"og:image:width\" content=\"1280\" \/>\n\t<meta property=\"og:image:height\" content=\"720\" \/>\n\t<meta property=\"og:image:type\" content=\"image\/jpeg\" \/>\n<meta name=\"author\" content=\"Ingrid Diniz\" \/>\n<meta name=\"twitter:card\" content=\"summary_large_image\" \/>\n<meta name=\"twitter:label1\" content=\"Escrito por\" \/>\n\t<meta name=\"twitter:data1\" content=\"Ingrid Diniz\" \/>\n\t<meta name=\"twitter:label2\" content=\"Est. tempo de leitura\" \/>\n\t<meta name=\"twitter:data2\" content=\"4 minutos\" \/>\n<!-- \/ Yoast SEO plugin. -->","yoast_head_json":{"title":"Cresce o n\u00famero de brasileiros com direito \u00e0 isen\u00e7\u00e3o de impostos - Estado de Minas - Em foco","description":"Quem se encaixa nos crit\u00e9rios pode ter isen\u00e7\u00e3o total de impostos como IPVA e IPI o que representa economia real no or\u00e7amento.","robots":{"index":"index","follow":"follow","max-snippet":"max-snippet:-1","max-image-preview":"max-image-preview:large","max-video-preview":"max-video-preview:-1"},"canonical":"https:\/\/www.em.com.br\/emfoco\/2025\/06\/14\/cresce-o-numero-de-brasileiros-com-direito-a-isencao-de-impostos\/","og_locale":"pt_BR","og_type":"article","og_title":"Cresce o n\u00famero de brasileiros com direito \u00e0 isen\u00e7\u00e3o de impostos - Estado de Minas - Em foco","og_description":"Quem se encaixa nos crit\u00e9rios pode ter isen\u00e7\u00e3o total de impostos como IPVA e IPI o que representa economia real no or\u00e7amento.","og_url":"https:\/\/www.em.com.br\/emfoco\/2025\/06\/14\/cresce-o-numero-de-brasileiros-com-direito-a-isencao-de-impostos\/","og_site_name":"Estado de Minas - Em foco","article_published_time":"2025-06-14T23:30:00+00:00","article_modified_time":"2025-06-13T22:36:18+00:00","og_image":[{"width":1280,"height":720,"url":"https:\/\/www.em.com.br\/emfoco\/wp-content\/uploads\/2025\/06\/trabalho_1748978792702.jpg","type":"image\/jpeg"}],"author":"Ingrid Diniz","twitter_card":"summary_large_image","twitter_misc":{"Escrito por":"Ingrid Diniz","Est. tempo de leitura":"4 minutos"},"schema":{"@context":"https:\/\/schema.org","@graph":[{"@type":"WebPage","@id":"https:\/\/www.em.com.br\/emfoco\/2025\/06\/14\/cresce-o-numero-de-brasileiros-com-direito-a-isencao-de-impostos\/","url":"https:\/\/www.em.com.br\/emfoco\/2025\/06\/14\/cresce-o-numero-de-brasileiros-com-direito-a-isencao-de-impostos\/","name":"Cresce o n\u00famero de brasileiros com direito \u00e0 isen\u00e7\u00e3o de impostos - Estado de Minas - Em foco","isPartOf":{"@id":"https:\/\/www.em.com.br\/emfoco\/#website"},"primaryImageOfPage":{"@id":"https:\/\/www.em.com.br\/emfoco\/2025\/06\/14\/cresce-o-numero-de-brasileiros-com-direito-a-isencao-de-impostos\/#primaryimage"},"image":{"@id":"https:\/\/www.em.com.br\/emfoco\/2025\/06\/14\/cresce-o-numero-de-brasileiros-com-direito-a-isencao-de-impostos\/#primaryimage"},"thumbnailUrl":"https:\/\/www.em.com.br\/emfoco\/wp-content\/uploads\/2025\/06\/trabalho_1748978792702.jpg","datePublished":"2025-06-14T23:30:00+00:00","dateModified":"2025-06-13T22:36:18+00:00","author":{"@id":"https:\/\/www.em.com.br\/emfoco\/#\/schema\/person\/649e610b4eb8fff87ff394e54fe17b2b"},"description":"Quem se encaixa nos crit\u00e9rios pode ter isen\u00e7\u00e3o total de impostos como IPVA e IPI o que representa economia real no or\u00e7amento.","breadcrumb":{"@id":"https:\/\/www.em.com.br\/emfoco\/2025\/06\/14\/cresce-o-numero-de-brasileiros-com-direito-a-isencao-de-impostos\/#breadcrumb"},"inLanguage":"pt-BR","potentialAction":[{"@type":"ReadAction","target":["https:\/\/www.em.com.br\/emfoco\/2025\/06\/14\/cresce-o-numero-de-brasileiros-com-direito-a-isencao-de-impostos\/"]}]},{"@type":"ImageObject","inLanguage":"pt-BR","@id":"https:\/\/www.em.com.br\/emfoco\/2025\/06\/14\/cresce-o-numero-de-brasileiros-com-direito-a-isencao-de-impostos\/#primaryimage","url":"https:\/\/www.em.com.br\/emfoco\/wp-content\/uploads\/2025\/06\/trabalho_1748978792702.jpg","contentUrl":"https:\/\/www.em.com.br\/emfoco\/wp-content\/uploads\/2025\/06\/trabalho_1748978792702.jpg","width":1280,"height":720,"caption":"Erro no Cad\u00danico que bloqueia o Bolsa Fam\u00edlia - Cr\u00e9ditos: depositphotos.com \/ Krakenimages.com"},{"@type":"BreadcrumbList","@id":"https:\/\/www.em.com.br\/emfoco\/2025\/06\/14\/cresce-o-numero-de-brasileiros-com-direito-a-isencao-de-impostos\/#breadcrumb","itemListElement":[{"@type":"ListItem","position":1,"name":"In\u00edcio","item":"https:\/\/www.em.com.br\/emfoco\/"},{"@type":"ListItem","position":2,"name":"Cresce o n\u00famero de brasileiros com direito \u00e0 isen\u00e7\u00e3o de impostos"}]},{"@type":"WebSite","@id":"https:\/\/www.em.com.br\/emfoco\/#website","url":"https:\/\/www.em.com.br\/emfoco\/","name":"Estado de Minas - Em foco","description":"Acompanhe as \u00faltimas not\u00edcias e fique bem informado sobre tudo o que acontece em Minas Gerais, Brasil e no mundo.","potentialAction":[{"@type":"SearchAction","target":{"@type":"EntryPoint","urlTemplate":"https:\/\/www.em.com.br\/emfoco\/?s={search_term_string}"},"query-input":{"@type":"PropertyValueSpecification","valueRequired":true,"valueName":"search_term_string"}}],"inLanguage":"pt-BR"},{"@type":"Person","@id":"https:\/\/www.em.com.br\/emfoco\/#\/schema\/person\/649e610b4eb8fff87ff394e54fe17b2b","name":"Ingrid Diniz","image":{"@type":"ImageObject","inLanguage":"pt-BR","@id":"https:\/\/www.em.com.br\/emfoco\/#\/schema\/person\/image\/","url":"https:\/\/secure.gravatar.com\/avatar\/a3baa1449ec5c39b4c42babc9d4f3951?s=96&d=mm&r=g","contentUrl":"https:\/\/secure.gravatar.com\/avatar\/a3baa1449ec5c39b4c42babc9d4f3951?s=96&d=mm&r=g","caption":"Ingrid Diniz"},"sameAs":["https:\/\/www.em.com.br\/"],"url":"https:\/\/www.em.com.br\/emfoco\/author\/ingridmyth\/"}]}},"_links":{"self":[{"href":"https:\/\/www.em.com.br\/emfoco\/wp-json\/wp\/v2\/posts\/60138","targetHints":{"allow":["GET"]}}],"collection":[{"href":"https:\/\/www.em.com.br\/emfoco\/wp-json\/wp\/v2\/posts"}],"about":[{"href":"https:\/\/www.em.com.br\/emfoco\/wp-json\/wp\/v2\/types\/post"}],"author":[{"embeddable":true,"href":"https:\/\/www.em.com.br\/emfoco\/wp-json\/wp\/v2\/users\/20"}],"replies":[{"embeddable":true,"href":"https:\/\/www.em.com.br\/emfoco\/wp-json\/wp\/v2\/comments?post=60138"}],"version-history":[{"count":1,"href":"https:\/\/www.em.com.br\/emfoco\/wp-json\/wp\/v2\/posts\/60138\/revisions"}],"predecessor-version":[{"id":60171,"href":"https:\/\/www.em.com.br\/emfoco\/wp-json\/wp\/v2\/posts\/60138\/revisions\/60171"}],"wp:featuredmedia":[{"embeddable":true,"href":"https:\/\/www.em.com.br\/emfoco\/wp-json\/wp\/v2\/media\/55054"}],"wp:attachment":[{"href":"https:\/\/www.em.com.br\/emfoco\/wp-json\/wp\/v2\/media?parent=60138"}],"wp:term":[{"taxonomy":"category","embeddable":true,"href":"https:\/\/www.em.com.br\/emfoco\/wp-json\/wp\/v2\/categories?post=60138"},{"taxonomy":"post_tag","embeddable":true,"href":"https:\/\/www.em.com.br\/emfoco\/wp-json\/wp\/v2\/tags?post=60138"}],"curies":[{"name":"wp","href":"https:\/\/api.w.org\/{rel}","templated":true}]}}