{"id":5997,"date":"2024-12-29T10:20:00","date_gmt":"2024-12-29T13:20:00","guid":{"rendered":"https:\/\/www.em.com.br\/emfoco\/?p=5997"},"modified":"2024-12-20T15:20:08","modified_gmt":"2024-12-20T18:20:08","slug":"uma-cidade-mineira-que-combina-tranquilidade-com-crescimento","status":"publish","type":"post","link":"https:\/\/www.em.com.br\/emfoco\/2024\/12\/29\/uma-cidade-mineira-que-combina-tranquilidade-com-crescimento\/","title":{"rendered":"Uma Cidade Mineira que Combina Tranquilidade com Crescimento!"},"content":{"rendered":"\n<p>Localizada no sul de <strong><a href=\"https:\/\/www.em.com.br\/emfoco\/2024\/12\/18\/refugio-europeu-nas-montanhas-de-minas-gerais\/\" target=\"_blank\" rel=\"noreferrer noopener\">Minas Gerais<\/a><\/strong>, Lavras \u00e9 uma cidade que consegue unir o ritmo tranquilo do interior com perspectivas promissoras de crescimento econ\u00f4mico. Com suas belas paisagens naturais e uma comunidade envolvente, Lavras tem se tornado um ponto de destaque para quem deseja aliar qualidade de vida com novas oportunidades.<\/p>\n\n\n\n<p>A harmonia entre tradi\u00e7\u00e3o e inova\u00e7\u00e3o \u00e9 vis\u00edvel na cidade, que atrai tanto moradores interessados em sossego quanto empreendedores \u00e0 procura de um ambiente prop\u00edcio ao desenvolvimento de neg\u00f3cios.<\/p>\n\n\n\n<h2 class=\"wp-block-heading\">O que Faz de Lavras um Lugar Seguro?<\/h2>\n\n\n\n<p>Lavras empenha-se em oferecer seguran\u00e7a aos seus moradores atrav\u00e9s de uma colabora\u00e7\u00e3o cont\u00ednua entre a popula\u00e7\u00e3o e as for\u00e7as policiais. Programas comunit\u00e1rios e estrat\u00e9gias de policiamento s\u00e3o aplicados para criar um ambiente seguro e acolhedor.<\/p>\n\n\n\n<p>Essa dedica\u00e7\u00e3o \u00e0 seguran\u00e7a p\u00fablica fortalece a confian\u00e7a entre os moradores, permitindo que a cidade mantenha uma reputa\u00e7\u00e3o de lugar sereno e protegido para viver.<\/p>\n\n\n\n<figure class=\"wp-block-image size-full\"><img loading=\"lazy\" decoding=\"async\" width=\"1024\" height=\"577\" src=\"https:\/\/www.em.com.br\/emfoco\/wp-content\/uploads\/2024\/11\/image-65-e1732821715318.png\" alt=\"Lavras Conquista Destaque Nacional Como Exemplo de Cidade Segura!\" class=\"wp-image-1994\" srcset=\"https:\/\/www.em.com.br\/emfoco\/wp-content\/uploads\/2024\/11\/image-65-e1732821715318.png 1024w, https:\/\/www.em.com.br\/emfoco\/wp-content\/uploads\/2024\/11\/image-65-e1732821715318-300x169.png 300w, https:\/\/www.em.com.br\/emfoco\/wp-content\/uploads\/2024\/11\/image-65-e1732821715318-768x433.png 768w, https:\/\/www.em.com.br\/emfoco\/wp-content\/uploads\/2024\/11\/image-65-e1732821715318-750x423.png 750w\" sizes=\"auto, (max-width: 1024px) 100vw, 1024px\" \/><figcaption class=\"wp-element-caption\">Lavras &#8211; Cr\u00e9ditos: Wikimedia Commons<\/figcaption><\/figure>\n\n\n\n<h2 class=\"wp-block-heading\">Como Lavras Atende \u00e0s Demandas de Seus Habitantes?<\/h2>\n\n\n\n<p>A cidade de Lavras conta com uma infraestrutura que satisfaz as necessidades dos residentes. O sistema educacional \u00e9 robusto, oferecendo institui\u00e7\u00f5es de ensino que s\u00e3o refer\u00eancia em qualidade e inova\u00e7\u00e3o. J\u00e1 a assist\u00eancia m\u00e9dica est\u00e1 bem estruturada, com unidades que oferecem cuidados acess\u00edveis e eficientes.<\/p>\n\n\n\n<p>Al\u00e9m disso, Lavras disp\u00f5e de v\u00e1rias op\u00e7\u00f5es de lazer, como parques e instala\u00e7\u00f5es esportivas, que promovem o engajamento social e atividades ao ar livre. Essa infraestrutura abrangente favorece uma qualidade de vida elevada para seus habitantes.<\/p>\n\n\n\n<h2 class=\"wp-block-heading\">Qual \u00e9 o Impacto da UFLA no Desenvolvimento de Lavras?<\/h2>\n\n\n\n<p>A <strong><a href=\"https:\/\/ufla.br\/\" target=\"_blank\" rel=\"noreferrer noopener\">Universidade Federal de Lavras<\/a><\/strong> (UFLA) desempenha um papel fundamental no crescimento da cidade. Al\u00e9m de educa\u00e7\u00e3o, a universidade impulsiona a inova\u00e7\u00e3o e forma\u00e7\u00e3o profissional atrav\u00e9s de seus programas de pesquisa e parcerias estrat\u00e9gicas com o setor privado.<\/p>\n\n\n\n<p>O ecossistema empresarial em Lavras \u00e9 diverso, incorporando desde empresas tradicionais at\u00e9 startups, o que cria um ambiente favor\u00e1vel para a inje\u00e7\u00e3o de novas ideias e tecnologias, estimulando a economia local.<\/p>\n\n\n\n<h2 class=\"wp-block-heading\">Quais S\u00e3o os Destinos Naturais e Culturais de Lavras?<\/h2>\n\n\n\n<p>As maravilhas naturais de Lavras s\u00e3o um deleite para os entusiastas da natureza. Com trilhas e cachoeiras \u00e0 disposi\u00e7\u00e3o, a cidade oferece experi\u00eancias de imers\u00e3o em um ambiente exuberante.<\/p>\n\n\n\n<ul class=\"wp-block-list\">\n<li>Explora\u00e7\u00e3o de trilhas ecol\u00f3gicas e paisagens intocadas<\/li>\n\n\n\n<li>Relaxamento junto \u00e0s tranquilas cachoeiras<\/li>\n\n\n\n<li>Participa\u00e7\u00e3o em festivais que honram a cultura local<\/li>\n<\/ul>\n\n\n\n<p>A cidade tamb\u00e9m \u00e9 lar de um vibrante cen\u00e1rio cultural, onde eventos e festivais dedicados \u00e0s tradi\u00e7\u00f5es mineiras proporcionam aos visitantes e moradores uma conex\u00e3o profunda com suas ra\u00edzes.<\/p>\n\n\n\n<p>Lavras se consolida como um exemplo de cidade onde a tradi\u00e7\u00e3o convive com o progresso, encantando aqueles que buscam um espa\u00e7o para viver pacificamente enquanto exploram novas oportunidades de crescimento.<\/p>\n","protected":false},"excerpt":{"rendered":"<p>Localizada no sul de Minas Gerais, Lavras \u00e9 uma cidade que consegue unir o ritmo tranquilo do interior com perspectivas promissoras de crescimento econ\u00f4mico. Com suas belas paisagens naturais e uma comunidade envolvente, Lavras tem se tornado um ponto de destaque para quem deseja aliar qualidade de vida com novas oportunidades. A harmonia entre tradi\u00e7\u00e3o [&hellip;]<\/p>\n","protected":false},"author":5,"featured_media":1436,"comment_status":"open","ping_status":"open","sticky":false,"template":"","format":"standard","meta":{"jnews-multi-image_gallery":[],"jnews_single_post":{"format":"standard"},"jnews_primary_category":[],"jnews_social_meta":[],"jnews_override_counter":[],"footnotes":""},"categories":[26,1],"tags":[960,207,157],"class_list":["post-5997","post","type-post","status-publish","format-standard","has-post-thumbnail","hentry","category-cidades","category-noticias","tag-lavras","tag-minas-gerais","tag-turismo"],"yoast_head":"<!-- This site is optimized with the Yoast SEO plugin v23.8 - https:\/\/yoast.com\/wordpress\/plugins\/seo\/ -->\n<title>Uma Cidade Mineira que Combina Tranquilidade com Crescimento! - Estado de Minas - Em foco<\/title>\n<meta name=\"description\" content=\"Uma cidade onde qualidade de vida encontra inova\u00e7\u00e3o, com UFLA como motor de crescimento e um ambiente acolhedor.\" \/>\n<meta name=\"robots\" content=\"index, follow, max-snippet:-1, max-image-preview:large, max-video-preview:-1\" \/>\n<link rel=\"canonical\" href=\"https:\/\/www.em.com.br\/emfoco\/2024\/12\/29\/uma-cidade-mineira-que-combina-tranquilidade-com-crescimento\/\" \/>\n<meta property=\"og:locale\" content=\"pt_BR\" \/>\n<meta property=\"og:type\" content=\"article\" \/>\n<meta property=\"og:title\" content=\"Uma Cidade Mineira que Combina Tranquilidade com Crescimento! - Estado de Minas - Em foco\" \/>\n<meta property=\"og:description\" content=\"Uma cidade onde qualidade de vida encontra inova\u00e7\u00e3o, com UFLA como motor de crescimento e um ambiente acolhedor.\" \/>\n<meta property=\"og:url\" content=\"https:\/\/www.em.com.br\/emfoco\/2024\/12\/29\/uma-cidade-mineira-que-combina-tranquilidade-com-crescimento\/\" \/>\n<meta property=\"og:site_name\" content=\"Estado de Minas - Em foco\" \/>\n<meta property=\"article:published_time\" content=\"2024-12-29T13:20:00+00:00\" \/>\n<meta property=\"article:modified_time\" content=\"2024-12-20T18:20:08+00:00\" \/>\n<meta property=\"og:image\" content=\"https:\/\/www.em.com.br\/emfoco\/wp-content\/uploads\/2024\/11\/image-e1732569085271.png\" \/>\n\t<meta property=\"og:image:width\" content=\"1024\" \/>\n\t<meta property=\"og:image:height\" content=\"577\" \/>\n\t<meta property=\"og:image:type\" content=\"image\/png\" \/>\n<meta name=\"author\" content=\"N\u00fabia Rangel\" \/>\n<meta name=\"twitter:card\" content=\"summary_large_image\" \/>\n<meta name=\"twitter:label1\" content=\"Escrito por\" \/>\n\t<meta name=\"twitter:data1\" content=\"N\u00fabia Rangel\" \/>\n\t<meta name=\"twitter:label2\" content=\"Est. tempo de leitura\" \/>\n\t<meta name=\"twitter:data2\" content=\"3 minutos\" \/>\n<!-- \/ Yoast SEO plugin. -->","yoast_head_json":{"title":"Uma Cidade Mineira que Combina Tranquilidade com Crescimento! - Estado de Minas - Em foco","description":"Uma cidade onde qualidade de vida encontra inova\u00e7\u00e3o, com UFLA como motor de crescimento e um ambiente acolhedor.","robots":{"index":"index","follow":"follow","max-snippet":"max-snippet:-1","max-image-preview":"max-image-preview:large","max-video-preview":"max-video-preview:-1"},"canonical":"https:\/\/www.em.com.br\/emfoco\/2024\/12\/29\/uma-cidade-mineira-que-combina-tranquilidade-com-crescimento\/","og_locale":"pt_BR","og_type":"article","og_title":"Uma Cidade Mineira que Combina Tranquilidade com Crescimento! - Estado de Minas - Em foco","og_description":"Uma cidade onde qualidade de vida encontra inova\u00e7\u00e3o, com UFLA como motor de crescimento e um ambiente acolhedor.","og_url":"https:\/\/www.em.com.br\/emfoco\/2024\/12\/29\/uma-cidade-mineira-que-combina-tranquilidade-com-crescimento\/","og_site_name":"Estado de Minas - Em foco","article_published_time":"2024-12-29T13:20:00+00:00","article_modified_time":"2024-12-20T18:20:08+00:00","og_image":[{"width":1024,"height":577,"url":"https:\/\/www.em.com.br\/emfoco\/wp-content\/uploads\/2024\/11\/image-e1732569085271.png","type":"image\/png"}],"author":"N\u00fabia Rangel","twitter_card":"summary_large_image","twitter_misc":{"Escrito por":"N\u00fabia Rangel","Est. tempo de leitura":"3 minutos"},"schema":{"@context":"https:\/\/schema.org","@graph":[{"@type":"WebPage","@id":"https:\/\/www.em.com.br\/emfoco\/2024\/12\/29\/uma-cidade-mineira-que-combina-tranquilidade-com-crescimento\/","url":"https:\/\/www.em.com.br\/emfoco\/2024\/12\/29\/uma-cidade-mineira-que-combina-tranquilidade-com-crescimento\/","name":"Uma Cidade Mineira que Combina Tranquilidade com Crescimento! - Estado de Minas - Em foco","isPartOf":{"@id":"https:\/\/www.em.com.br\/emfoco\/#website"},"primaryImageOfPage":{"@id":"https:\/\/www.em.com.br\/emfoco\/2024\/12\/29\/uma-cidade-mineira-que-combina-tranquilidade-com-crescimento\/#primaryimage"},"image":{"@id":"https:\/\/www.em.com.br\/emfoco\/2024\/12\/29\/uma-cidade-mineira-que-combina-tranquilidade-com-crescimento\/#primaryimage"},"thumbnailUrl":"https:\/\/www.em.com.br\/emfoco\/wp-content\/uploads\/2024\/11\/image-e1732569085271.png","datePublished":"2024-12-29T13:20:00+00:00","dateModified":"2024-12-20T18:20:08+00:00","author":{"@id":"https:\/\/www.em.com.br\/emfoco\/#\/schema\/person\/524437ef54f8a5d32591b143307f2e20"},"description":"Uma cidade onde qualidade de vida encontra inova\u00e7\u00e3o, com UFLA como motor de crescimento e um ambiente acolhedor.","breadcrumb":{"@id":"https:\/\/www.em.com.br\/emfoco\/2024\/12\/29\/uma-cidade-mineira-que-combina-tranquilidade-com-crescimento\/#breadcrumb"},"inLanguage":"pt-BR","potentialAction":[{"@type":"ReadAction","target":["https:\/\/www.em.com.br\/emfoco\/2024\/12\/29\/uma-cidade-mineira-que-combina-tranquilidade-com-crescimento\/"]}]},{"@type":"ImageObject","inLanguage":"pt-BR","@id":"https:\/\/www.em.com.br\/emfoco\/2024\/12\/29\/uma-cidade-mineira-que-combina-tranquilidade-com-crescimento\/#primaryimage","url":"https:\/\/www.em.com.br\/emfoco\/wp-content\/uploads\/2024\/11\/image-e1732569085271.png","contentUrl":"https:\/\/www.em.com.br\/emfoco\/wp-content\/uploads\/2024\/11\/image-e1732569085271.png","width":1024,"height":577,"caption":"Lavras - Cr\u00e9ditos: Flickr"},{"@type":"BreadcrumbList","@id":"https:\/\/www.em.com.br\/emfoco\/2024\/12\/29\/uma-cidade-mineira-que-combina-tranquilidade-com-crescimento\/#breadcrumb","itemListElement":[{"@type":"ListItem","position":1,"name":"In\u00edcio","item":"https:\/\/www.em.com.br\/emfoco\/"},{"@type":"ListItem","position":2,"name":"Uma Cidade Mineira que Combina Tranquilidade com Crescimento!"}]},{"@type":"WebSite","@id":"https:\/\/www.em.com.br\/emfoco\/#website","url":"https:\/\/www.em.com.br\/emfoco\/","name":"Estado de Minas - Em foco","description":"Acompanhe as \u00faltimas not\u00edcias e fique bem informado sobre tudo o que acontece em Minas Gerais, Brasil e no mundo.","potentialAction":[{"@type":"SearchAction","target":{"@type":"EntryPoint","urlTemplate":"https:\/\/www.em.com.br\/emfoco\/?s={search_term_string}"},"query-input":{"@type":"PropertyValueSpecification","valueRequired":true,"valueName":"search_term_string"}}],"inLanguage":"pt-BR"},{"@type":"Person","@id":"https:\/\/www.em.com.br\/emfoco\/#\/schema\/person\/524437ef54f8a5d32591b143307f2e20","name":"N\u00fabia Rangel","image":{"@type":"ImageObject","inLanguage":"pt-BR","@id":"https:\/\/www.em.com.br\/emfoco\/#\/schema\/person\/image\/","url":"https:\/\/secure.gravatar.com\/avatar\/47cff2827a5ba23c37e8068c86817ea4?s=96&d=mm&r=g","contentUrl":"https:\/\/secure.gravatar.com\/avatar\/47cff2827a5ba23c37e8068c86817ea4?s=96&d=mm&r=g","caption":"N\u00fabia Rangel"},"sameAs":["https:\/\/www.em.com.br\/emfoco\/"],"url":"https:\/\/www.em.com.br\/emfoco\/author\/nubiamyth\/"}]}},"_links":{"self":[{"href":"https:\/\/www.em.com.br\/emfoco\/wp-json\/wp\/v2\/posts\/5997","targetHints":{"allow":["GET"]}}],"collection":[{"href":"https:\/\/www.em.com.br\/emfoco\/wp-json\/wp\/v2\/posts"}],"about":[{"href":"https:\/\/www.em.com.br\/emfoco\/wp-json\/wp\/v2\/types\/post"}],"author":[{"embeddable":true,"href":"https:\/\/www.em.com.br\/emfoco\/wp-json\/wp\/v2\/users\/5"}],"replies":[{"embeddable":true,"href":"https:\/\/www.em.com.br\/emfoco\/wp-json\/wp\/v2\/comments?post=5997"}],"version-history":[{"count":2,"href":"https:\/\/www.em.com.br\/emfoco\/wp-json\/wp\/v2\/posts\/5997\/revisions"}],"predecessor-version":[{"id":6001,"href":"https:\/\/www.em.com.br\/emfoco\/wp-json\/wp\/v2\/posts\/5997\/revisions\/6001"}],"wp:featuredmedia":[{"embeddable":true,"href":"https:\/\/www.em.com.br\/emfoco\/wp-json\/wp\/v2\/media\/1436"}],"wp:attachment":[{"href":"https:\/\/www.em.com.br\/emfoco\/wp-json\/wp\/v2\/media?parent=5997"}],"wp:term":[{"taxonomy":"category","embeddable":true,"href":"https:\/\/www.em.com.br\/emfoco\/wp-json\/wp\/v2\/categories?post=5997"},{"taxonomy":"post_tag","embeddable":true,"href":"https:\/\/www.em.com.br\/emfoco\/wp-json\/wp\/v2\/tags?post=5997"}],"curies":[{"name":"wp","href":"https:\/\/api.w.org\/{rel}","templated":true}]}}