{"id":59844,"date":"2025-06-14T18:10:59","date_gmt":"2025-06-14T21:10:59","guid":{"rendered":"https:\/\/www.em.com.br\/emfoco\/?p=59844"},"modified":"2025-06-13T20:02:48","modified_gmt":"2025-06-13T23:02:48","slug":"seus-dados-estao-sendo-coletados-agora-mesmo-veja-como-evitar","status":"publish","type":"post","link":"https:\/\/www.em.com.br\/emfoco\/2025\/06\/14\/seus-dados-estao-sendo-coletados-agora-mesmo-veja-como-evitar\/","title":{"rendered":"Seus dados est\u00e3o sendo coletados agora mesmo. Veja como evitar"},"content":{"rendered":"\n<p>Ao navegar pela internet, muitas pessoas n\u00e3o imaginam a quantidade de informa\u00e7\u00f5es pessoais que podem ser coletadas sem <a href=\"https:\/\/www.gov.br\/esporte\/pt-br\/acesso-a-informacao\/lgpd\" target=\"_blank\" rel=\"noreferrer noopener\">autoriza\u00e7\u00e3o <\/a>expl\u00edcita. Desde dados de localiza\u00e7\u00e3o at\u00e9 prefer\u00eancias de consumo, a <strong>rede mundial<\/strong> armazena detalhes que, muitas vezes, nem mesmo os pr\u00f3prios usu\u00e1rios sabem que est\u00e3o sendo compartilhados. Esse fen\u00f4meno levanta quest\u00f5es importantes sobre privacidade e seguran\u00e7a digital.<\/p>\n\n\n\n<p>O avan\u00e7o das tecnologias de rastreamento e an\u00e1lise de dados permitiu que empresas, aplicativos e at\u00e9 mesmo indiv\u00edduos tenham <a href=\"https:\/\/www.em.com.br\/emfoco\/2024\/12\/09\/como-seus-dados-pessoais-acabaram-na-rua\/\" target=\"_blank\" rel=\"noreferrer noopener\">acesso <\/a>a informa\u00e7\u00f5es detalhadas sobre h\u00e1bitos e comportamentos online. O que pode parecer uma simples navega\u00e7\u00e3o em <strong>redes sociais<\/strong> ou lojas virtuais pode, na verdade, estar alimentando bancos de dados robustos sobre cada internauta.<\/p>\n\n\n\n<h2 class=\"wp-block-heading\">Quais dados pessoais a internet coleta sem permiss\u00e3o?<\/h2>\n\n\n\n<p>Entre as informa\u00e7\u00f5es mais sens\u00edveis que a <strong>internet<\/strong> pode obter sem consentimento est\u00e3o localiza\u00e7\u00e3o geogr\u00e1fica, hist\u00f3rico de navega\u00e7\u00e3o, buscas realizadas e at\u00e9 mesmo dados sobre sa\u00fade. Plataformas e sites utilizam <strong>cookies<\/strong>, scripts e pixels de rastreamento para mapear cada clique, visita e prefer\u00eancia do usu\u00e1rio, muitas vezes sem que haja um aviso claro sobre essa coleta.<\/p>\n\n\n\n<p>Al\u00e9m disso, dispositivos conectados, como <strong>smartphones<\/strong> e <strong>assistentes virtuais<\/strong>, podem captar dados de voz, agenda de compromissos e contatos armazenados. Esses detalhes, quando combinados, formam um perfil detalhado que pode ser utilizado para fins comerciais, campanhas publicit\u00e1rias ou at\u00e9 mesmo pr\u00e1ticas menos \u00e9ticas.<\/p>\n\n\n\n<h2 class=\"wp-block-heading\">Como empresas e aplicativos utilizam essas informa\u00e7\u00f5es?<\/h2>\n\n\n\n<p>Empresas de tecnologia e aplicativos costumam usar dados coletados para personalizar an\u00fancios, sugerir produtos e aprimorar servi\u00e7os. O problema surge quando essas informa\u00e7\u00f5es s\u00e3o compartilhadas com terceiros sem o conhecimento do usu\u00e1rio, ou quando s\u00e3o utilizadas para manipular decis\u00f5es de compra e comportamento online.<\/p>\n\n\n\n<p>Algumas plataformas chegam a vender ou trocar dados pessoais com parceiros comerciais, ampliando ainda mais o alcance dessas informa\u00e7\u00f5es. Isso pode resultar em situa\u00e7\u00f5es em que pessoas recebem ofertas ou conte\u00fados altamente direcionados, baseados em detalhes que sequer lembram ter compartilhado.<\/p>\n\n\n\n<figure class=\"wp-block-image size-large\"><img loading=\"lazy\" decoding=\"async\" width=\"1024\" height=\"576\" src=\"https:\/\/www.em.com.br\/emfoco\/wp-content\/uploads\/2025\/06\/dados-coletados_1749818801675-1024x576.jpg\" alt=\"Seus dados est\u00e3o sendo coletados agora mesmo. Veja como evitar\" class=\"wp-image-59851\" srcset=\"https:\/\/www.em.com.br\/emfoco\/wp-content\/uploads\/2025\/06\/dados-coletados_1749818801675-1024x576.jpg 1024w, https:\/\/www.em.com.br\/emfoco\/wp-content\/uploads\/2025\/06\/dados-coletados_1749818801675-300x169.jpg 300w, https:\/\/www.em.com.br\/emfoco\/wp-content\/uploads\/2025\/06\/dados-coletados_1749818801675-768x432.jpg 768w, https:\/\/www.em.com.br\/emfoco\/wp-content\/uploads\/2025\/06\/dados-coletados_1749818801675-750x422.jpg 750w, https:\/\/www.em.com.br\/emfoco\/wp-content\/uploads\/2025\/06\/dados-coletados_1749818801675-1140x641.jpg 1140w, https:\/\/www.em.com.br\/emfoco\/wp-content\/uploads\/2025\/06\/dados-coletados_1749818801675.jpg 1280w\" sizes=\"auto, (max-width: 1024px) 100vw, 1024px\" \/><figcaption class=\"wp-element-caption\">Olhando dados &#8211; Cr\u00e9ditos: depositphotos.com \/ DragosCondreaW<\/figcaption><\/figure>\n\n\n\n<h2 class=\"wp-block-heading\">O que s\u00e3o perfis digitais e como eles s\u00e3o criados?<\/h2>\n\n\n\n<p>Perfis digitais s\u00e3o conjuntos de informa\u00e7\u00f5es sobre uma pessoa, reunidos a partir de diferentes fontes online. A internet utiliza algoritmos para cruzar dados de redes sociais, hist\u00f3rico de compras, buscas e at\u00e9 coment\u00e1rios em f\u00f3runs, criando uma identidade virtual detalhada.<\/p>\n\n\n\n<p>Esses perfis podem ser utilizados para segmentar an\u00fancios, analisar tend\u00eancias de consumo ou at\u00e9 mesmo para fins pol\u00edticos. O usu\u00e1rio, muitas vezes, n\u00e3o tem controle sobre quais dados est\u00e3o sendo associados ao seu perfil, nem como eles ser\u00e3o utilizados no futuro.<\/p>\n\n\n\n<h2 class=\"wp-block-heading\">Como proteger suas informa\u00e7\u00f5es pessoais na internet?<\/h2>\n\n\n\n<p>Para reduzir a exposi\u00e7\u00e3o de dados pessoais, \u00e9 recomendado revisar as permiss\u00f5es concedidas a aplicativos e sites, al\u00e9m de utilizar ferramentas de privacidade, como navegadores an\u00f4nimos e bloqueadores de rastreadores. Manter softwares atualizados e evitar o compartilhamento excessivo de informa\u00e7\u00f5es em redes sociais tamb\u00e9m s\u00e3o medidas importantes.<\/p>\n\n\n\n<p>Outra dica \u00e9 utilizar senhas fortes e autentica\u00e7\u00e3o em dois fatores sempre que poss\u00edvel. Dessa forma, mesmo que parte dos dados seja coletada, o acesso a informa\u00e7\u00f5es mais sens\u00edveis fica mais restrito, dificultando a\u00e7\u00f5es maliciosas.<\/p>\n\n\n\n<h2 class=\"wp-block-heading\">O que fazer se suas informa\u00e7\u00f5es j\u00e1 foram expostas?<\/h2>\n\n\n\n<p>Ao identificar que dados pessoais foram vazados ou utilizados sem permiss\u00e3o, \u00e9 importante agir rapidamente. Alterar senhas, monitorar contas banc\u00e1rias e buscar orienta\u00e7\u00e3o em \u00f3rg\u00e3os de defesa do consumidor s\u00e3o passos recomendados. Em casos mais graves, registrar boletim de ocorr\u00eancia pode ser necess\u00e1rio.<\/p>\n\n\n\n<p>Al\u00e9m disso, \u00e9 poss\u00edvel solicitar a exclus\u00e3o de informa\u00e7\u00f5es em algumas plataformas, conforme previsto na legisla\u00e7\u00e3o de prote\u00e7\u00e3o de dados vigente no <strong>Brasil<\/strong> desde <strong>2020<\/strong>. A conscientiza\u00e7\u00e3o sobre direitos digitais \u00e9 fundamental para evitar preju\u00edzos e proteger a privacidade online.<\/p>\n\n\n\n<h2 class=\"wp-block-heading\">Perguntas e respostas<\/h2>\n\n\n\n<ol class=\"wp-block-list\">\n<li><strong>O que s\u00e3o cookies?<\/strong> <br>Pequenos arquivos armazenados no navegador que registram prefer\u00eancias e atividades do usu\u00e1rio em sites visitados.<\/li>\n\n\n\n<li><strong>Como saber se um site est\u00e1 coletando meus dados?<\/strong> <br>Verifique as pol\u00edticas de privacidade e procure por avisos sobre coleta de informa\u00e7\u00f5es na p\u00e1gina inicial.<\/li>\n\n\n\n<li><strong>Existe como navegar de forma totalmente an\u00f4nima?<\/strong> <br>Ferramentas como <strong>VPNs<\/strong> e navegadores focados em privacidade ajudam, mas a anonimidade total \u00e9 dif\u00edcil de garantir.<\/li>\n\n\n\n<li><strong>O que \u00e9 phishing?<\/strong> <br>T\u00e9cnica usada por criminosos para obter dados pessoais por meio de mensagens ou sites falsos.<\/li>\n\n\n\n<li><strong>Quais leis protegem meus dados no Brasil?<\/strong> <br>A <strong>Lei Geral de Prote\u00e7\u00e3o de Dados (LGPD)<\/strong> regula a coleta, uso e armazenamento de informa\u00e7\u00f5es pessoais no pa\u00eds.<\/li>\n<\/ol>\n","protected":false},"excerpt":{"rendered":"<p>Ao navegar pela internet, muitas pessoas n\u00e3o imaginam a quantidade de informa\u00e7\u00f5es pessoais que podem ser coletadas sem autoriza\u00e7\u00e3o expl\u00edcita. Desde dados de localiza\u00e7\u00e3o at\u00e9 prefer\u00eancias de consumo, a rede mundial armazena detalhes que, muitas vezes, nem mesmo os pr\u00f3prios usu\u00e1rios sabem que est\u00e3o sendo compartilhados. Esse fen\u00f4meno levanta quest\u00f5es importantes sobre privacidade e seguran\u00e7a [&hellip;]<\/p>\n","protected":false},"author":18,"featured_media":59847,"comment_status":"open","ping_status":"open","sticky":false,"template":"","format":"standard","meta":{"jnews-multi-image_gallery":[],"jnews_single_post":{"format":"standard"},"jnews_primary_category":[],"jnews_social_meta":[],"jnews_override_counter":[],"footnotes":""},"categories":[4204],"tags":[1483,161,1736],"class_list":["post-59844","post","type-post","status-publish","format-standard","has-post-thumbnail","hentry","category-tecnologia","tag-dados-pessoais","tag-tecnologia","tag-vazamento-de-dados"],"yoast_head":"<!-- This site is optimized with the Yoast SEO plugin v23.8 - https:\/\/yoast.com\/wordpress\/plugins\/seo\/ -->\n<title>Seus dados est\u00e3o sendo coletados agora mesmo. Veja como evitar - Estado de Minas - Em foco<\/title>\n<meta name=\"description\" content=\"A cada clique, voc\u00ea revela mais sobre si sem saber. Veja como proteger seus dados pessoais e evitar que sejam usados de forma indevida.\" \/>\n<meta name=\"robots\" content=\"index, follow, max-snippet:-1, max-image-preview:large, max-video-preview:-1\" \/>\n<link rel=\"canonical\" href=\"https:\/\/www.em.com.br\/emfoco\/2025\/06\/14\/seus-dados-estao-sendo-coletados-agora-mesmo-veja-como-evitar\/\" \/>\n<meta property=\"og:locale\" content=\"pt_BR\" \/>\n<meta property=\"og:type\" content=\"article\" \/>\n<meta property=\"og:title\" content=\"Seus dados est\u00e3o sendo coletados agora mesmo. Veja como evitar - Estado de Minas - Em foco\" \/>\n<meta property=\"og:description\" content=\"A cada clique, voc\u00ea revela mais sobre si sem saber. Veja como proteger seus dados pessoais e evitar que sejam usados de forma indevida.\" \/>\n<meta property=\"og:url\" content=\"https:\/\/www.em.com.br\/emfoco\/2025\/06\/14\/seus-dados-estao-sendo-coletados-agora-mesmo-veja-como-evitar\/\" \/>\n<meta property=\"og:site_name\" content=\"Estado de Minas - Em foco\" \/>\n<meta property=\"article:published_time\" content=\"2025-06-14T21:10:59+00:00\" \/>\n<meta property=\"article:modified_time\" content=\"2025-06-13T23:02:48+00:00\" \/>\n<meta property=\"og:image\" content=\"https:\/\/www.em.com.br\/emfoco\/wp-content\/uploads\/2025\/06\/dados-pessoais_1749818623697.jpg\" \/>\n\t<meta property=\"og:image:width\" content=\"1280\" \/>\n\t<meta property=\"og:image:height\" content=\"720\" \/>\n\t<meta property=\"og:image:type\" content=\"image\/jpeg\" \/>\n<meta name=\"author\" content=\"Julio Cesar\" \/>\n<meta name=\"twitter:card\" content=\"summary_large_image\" \/>\n<meta name=\"twitter:label1\" content=\"Escrito por\" \/>\n\t<meta name=\"twitter:data1\" content=\"Julio Cesar\" \/>\n\t<meta name=\"twitter:label2\" content=\"Est. tempo de leitura\" \/>\n\t<meta name=\"twitter:data2\" content=\"5 minutos\" \/>\n<!-- \/ Yoast SEO plugin. -->","yoast_head_json":{"title":"Seus dados est\u00e3o sendo coletados agora mesmo. Veja como evitar - Estado de Minas - Em foco","description":"A cada clique, voc\u00ea revela mais sobre si sem saber. Veja como proteger seus dados pessoais e evitar que sejam usados de forma indevida.","robots":{"index":"index","follow":"follow","max-snippet":"max-snippet:-1","max-image-preview":"max-image-preview:large","max-video-preview":"max-video-preview:-1"},"canonical":"https:\/\/www.em.com.br\/emfoco\/2025\/06\/14\/seus-dados-estao-sendo-coletados-agora-mesmo-veja-como-evitar\/","og_locale":"pt_BR","og_type":"article","og_title":"Seus dados est\u00e3o sendo coletados agora mesmo. Veja como evitar - Estado de Minas - Em foco","og_description":"A cada clique, voc\u00ea revela mais sobre si sem saber. Veja como proteger seus dados pessoais e evitar que sejam usados de forma indevida.","og_url":"https:\/\/www.em.com.br\/emfoco\/2025\/06\/14\/seus-dados-estao-sendo-coletados-agora-mesmo-veja-como-evitar\/","og_site_name":"Estado de Minas - Em foco","article_published_time":"2025-06-14T21:10:59+00:00","article_modified_time":"2025-06-13T23:02:48+00:00","og_image":[{"width":1280,"height":720,"url":"https:\/\/www.em.com.br\/emfoco\/wp-content\/uploads\/2025\/06\/dados-pessoais_1749818623697.jpg","type":"image\/jpeg"}],"author":"Julio Cesar","twitter_card":"summary_large_image","twitter_misc":{"Escrito por":"Julio Cesar","Est. tempo de leitura":"5 minutos"},"schema":{"@context":"https:\/\/schema.org","@graph":[{"@type":"WebPage","@id":"https:\/\/www.em.com.br\/emfoco\/2025\/06\/14\/seus-dados-estao-sendo-coletados-agora-mesmo-veja-como-evitar\/","url":"https:\/\/www.em.com.br\/emfoco\/2025\/06\/14\/seus-dados-estao-sendo-coletados-agora-mesmo-veja-como-evitar\/","name":"Seus dados est\u00e3o sendo coletados agora mesmo. Veja como evitar - Estado de Minas - Em foco","isPartOf":{"@id":"https:\/\/www.em.com.br\/emfoco\/#website"},"primaryImageOfPage":{"@id":"https:\/\/www.em.com.br\/emfoco\/2025\/06\/14\/seus-dados-estao-sendo-coletados-agora-mesmo-veja-como-evitar\/#primaryimage"},"image":{"@id":"https:\/\/www.em.com.br\/emfoco\/2025\/06\/14\/seus-dados-estao-sendo-coletados-agora-mesmo-veja-como-evitar\/#primaryimage"},"thumbnailUrl":"https:\/\/www.em.com.br\/emfoco\/wp-content\/uploads\/2025\/06\/dados-pessoais_1749818623697.jpg","datePublished":"2025-06-14T21:10:59+00:00","dateModified":"2025-06-13T23:02:48+00:00","author":{"@id":"https:\/\/www.em.com.br\/emfoco\/#\/schema\/person\/08c4a03e38018bbab9038d5f788321fc"},"description":"A cada clique, voc\u00ea revela mais sobre si sem saber. Veja como proteger seus dados pessoais e evitar que sejam usados de forma indevida.","breadcrumb":{"@id":"https:\/\/www.em.com.br\/emfoco\/2025\/06\/14\/seus-dados-estao-sendo-coletados-agora-mesmo-veja-como-evitar\/#breadcrumb"},"inLanguage":"pt-BR","potentialAction":[{"@type":"ReadAction","target":["https:\/\/www.em.com.br\/emfoco\/2025\/06\/14\/seus-dados-estao-sendo-coletados-agora-mesmo-veja-como-evitar\/"]}]},{"@type":"ImageObject","inLanguage":"pt-BR","@id":"https:\/\/www.em.com.br\/emfoco\/2025\/06\/14\/seus-dados-estao-sendo-coletados-agora-mesmo-veja-como-evitar\/#primaryimage","url":"https:\/\/www.em.com.br\/emfoco\/wp-content\/uploads\/2025\/06\/dados-pessoais_1749818623697.jpg","contentUrl":"https:\/\/www.em.com.br\/emfoco\/wp-content\/uploads\/2025\/06\/dados-pessoais_1749818623697.jpg","width":1280,"height":720,"caption":"Dados pessoais - Cr\u00e9ditos: depositphotos.com \/ claudio.gangi.fastwebnet.it"},{"@type":"BreadcrumbList","@id":"https:\/\/www.em.com.br\/emfoco\/2025\/06\/14\/seus-dados-estao-sendo-coletados-agora-mesmo-veja-como-evitar\/#breadcrumb","itemListElement":[{"@type":"ListItem","position":1,"name":"In\u00edcio","item":"https:\/\/www.em.com.br\/emfoco\/"},{"@type":"ListItem","position":2,"name":"Seus dados est\u00e3o sendo coletados agora mesmo. Veja como evitar"}]},{"@type":"WebSite","@id":"https:\/\/www.em.com.br\/emfoco\/#website","url":"https:\/\/www.em.com.br\/emfoco\/","name":"Estado de Minas - Em foco","description":"Acompanhe as \u00faltimas not\u00edcias e fique bem informado sobre tudo o que acontece em Minas Gerais, Brasil e no mundo.","potentialAction":[{"@type":"SearchAction","target":{"@type":"EntryPoint","urlTemplate":"https:\/\/www.em.com.br\/emfoco\/?s={search_term_string}"},"query-input":{"@type":"PropertyValueSpecification","valueRequired":true,"valueName":"search_term_string"}}],"inLanguage":"pt-BR"},{"@type":"Person","@id":"https:\/\/www.em.com.br\/emfoco\/#\/schema\/person\/08c4a03e38018bbab9038d5f788321fc","name":"Julio Cesar","image":{"@type":"ImageObject","inLanguage":"pt-BR","@id":"https:\/\/www.em.com.br\/emfoco\/#\/schema\/person\/image\/","url":"https:\/\/secure.gravatar.com\/avatar\/ab1ea64f0d4f4c1385f8ef10d5a6e758?s=96&d=mm&r=g","contentUrl":"https:\/\/secure.gravatar.com\/avatar\/ab1ea64f0d4f4c1385f8ef10d5a6e758?s=96&d=mm&r=g","caption":"Julio Cesar"},"url":"https:\/\/www.em.com.br\/emfoco\/author\/juliomyth\/"}]}},"_links":{"self":[{"href":"https:\/\/www.em.com.br\/emfoco\/wp-json\/wp\/v2\/posts\/59844","targetHints":{"allow":["GET"]}}],"collection":[{"href":"https:\/\/www.em.com.br\/emfoco\/wp-json\/wp\/v2\/posts"}],"about":[{"href":"https:\/\/www.em.com.br\/emfoco\/wp-json\/wp\/v2\/types\/post"}],"author":[{"embeddable":true,"href":"https:\/\/www.em.com.br\/emfoco\/wp-json\/wp\/v2\/users\/18"}],"replies":[{"embeddable":true,"href":"https:\/\/www.em.com.br\/emfoco\/wp-json\/wp\/v2\/comments?post=59844"}],"version-history":[{"count":3,"href":"https:\/\/www.em.com.br\/emfoco\/wp-json\/wp\/v2\/posts\/59844\/revisions"}],"predecessor-version":[{"id":59858,"href":"https:\/\/www.em.com.br\/emfoco\/wp-json\/wp\/v2\/posts\/59844\/revisions\/59858"}],"wp:featuredmedia":[{"embeddable":true,"href":"https:\/\/www.em.com.br\/emfoco\/wp-json\/wp\/v2\/media\/59847"}],"wp:attachment":[{"href":"https:\/\/www.em.com.br\/emfoco\/wp-json\/wp\/v2\/media?parent=59844"}],"wp:term":[{"taxonomy":"category","embeddable":true,"href":"https:\/\/www.em.com.br\/emfoco\/wp-json\/wp\/v2\/categories?post=59844"},{"taxonomy":"post_tag","embeddable":true,"href":"https:\/\/www.em.com.br\/emfoco\/wp-json\/wp\/v2\/tags?post=59844"}],"curies":[{"name":"wp","href":"https:\/\/api.w.org\/{rel}","templated":true}]}}