{"id":59806,"date":"2025-06-14T09:30:49","date_gmt":"2025-06-14T12:30:49","guid":{"rendered":"https:\/\/www.em.com.br\/emfoco\/?p=59806"},"modified":"2025-06-13T18:37:52","modified_gmt":"2025-06-13T21:37:52","slug":"por-que-dizer-nao-e-a-habilidade-mais-poderosa-que-voce-pode-ter","status":"publish","type":"post","link":"https:\/\/www.em.com.br\/emfoco\/2025\/06\/14\/por-que-dizer-nao-e-a-habilidade-mais-poderosa-que-voce-pode-ter\/","title":{"rendered":"Por que dizer \u201cn\u00e3o\u201d \u00e9 a habilidade mais poderosa que voc\u00ea pode ter"},"content":{"rendered":"\n<p>Em situa\u00e7\u00f5es cotidianas, muitas pessoas se deparam com a <a href=\"https:\/\/www.bbc.com\/portuguese\/articles\/cgqy3nq7x8vo\" target=\"_blank\" rel=\"noreferrer noopener\">dificuldade <\/a>de recusar pedidos, convites ou tarefas, mesmo quando isso pode prejudicar seu pr\u00f3prio bem-estar. Esse comportamento, frequentemente chamado de necessidade de agradar, \u00e9 mais comum do que se imagina e envolve fatores emocionais e sociais complexos. Entender por que \u00e9 t\u00e3o <a href=\"https:\/\/www.em.com.br\/emfoco\/2025\/05\/21\/por-que-algumas-pessoas-tem-dificuldade-em-dizer-nao\/\" target=\"_blank\" rel=\"noreferrer noopener\">dif\u00edcil <\/a>dizer \u201cn\u00e3o\u201d pode ajudar a lidar melhor com as pr\u00f3prias escolhas e rela\u00e7\u00f5es interpessoais.<\/p>\n\n\n\n<p>A busca por aceita\u00e7\u00e3o e aprova\u00e7\u00e3o social est\u00e1 entre as principais raz\u00f5es que levam algu\u00e9m a evitar a negativa. A sensa\u00e7\u00e3o de pertencimento \u00e9 fundamental para o ser humano, e, por isso, recusar algo pode ser interpretado como risco de rejei\u00e7\u00e3o. Essa preocupa\u00e7\u00e3o com a imagem perante os outros influ\u00eancia decis\u00f5es e pode levar ao h\u00e1bito de colocar as necessidades alheias acima das pr\u00f3prias. Diversos estudos realizados em pa\u00edses como <strong>Estados Unidos<\/strong>, <strong>Brasil<\/strong> e <strong>Jap\u00e3o<\/strong> tamb\u00e9m refor\u00e7am que as diferen\u00e7as culturais afetam a forma como indiv\u00edduos lidam com pedidos e recusas, mostrando que o contexto onde se vive pode intensificar ou suavizar esse comportamento.<\/p>\n\n\n\n<h2 class=\"wp-block-heading\">O que leva algu\u00e9m a sentir culpa ao recusar pedidos?<\/h2>\n\n\n\n<p>Sentir culpa ao dizer \u201cn\u00e3o\u201d \u00e9 um fen\u00f4meno comum, especialmente em contextos familiares ou profissionais. A culpa pode surgir da cren\u00e7a de que negar um pedido \u00e9 sin\u00f4nimo de ego\u00edsmo ou falta de empatia. Esse sentimento costuma ser mais intenso em pessoas que cresceram em ambientes onde a colabora\u00e7\u00e3o e a obedi\u00eancia eram altamente valorizadas.<\/p>\n\n\n\n<p>Al\u00e9m disso, a educa\u00e7\u00e3o recebida durante a inf\u00e2ncia e a cultura local desempenham papel importante nesse processo. Em muitos casos, a ideia de que agradar aos outros \u00e9 uma virtude acaba refor\u00e7ando o medo de desapontar ou decepcionar, tornando a recusa ainda mais dif\u00edcil. Em cidades grandes, como <strong>S\u00e3o Paulo<\/strong> e <strong>Rio de Janeiro<\/strong>, onde existe grande competitividade social, esse sentimento pode ser potencializado pela press\u00e3o por reconhecimento.<\/p>\n\n\n\n<h2 class=\"wp-block-heading\">Como a necessidade de agradar se desenvolve ao longo da vida?<\/h2>\n\n\n\n<p>A necessidade de agradar pode come\u00e7ar a se formar ainda na inf\u00e2ncia, quando crian\u00e7as percebem que receber aprova\u00e7\u00e3o est\u00e1 associado a comportamentos de concord\u00e2ncia e ajuda. Ao longo dos anos, experi\u00eancias sociais refor\u00e7am essa tend\u00eancia, especialmente se recompensas emocionais, como elogios ou reconhecimento, estiverem presentes.<\/p>\n\n\n\n<p>Na vida adulta, esse padr\u00e3o pode se consolidar, levando a pessoa a priorizar o desejo dos outros em detrimento de suas pr\u00f3prias vontades. Esse comportamento, conhecido como \u201cpeople pleasing\u201d, pode ser observado em diferentes contextos, como no ambiente de trabalho, entre amigos ou em relacionamentos familiares. Recentemente, plataformas como <strong>Instagram<\/strong> e <strong>Facebook<\/strong> tamb\u00e9m passaram a influenciar essa necessidade, pois a busca por curtidas e coment\u00e1rios positivos nas redes sociais refor\u00e7a o desejo por aceita\u00e7\u00e3o.<\/p>\n\n\n\n<figure class=\"wp-block-image size-large\"><img loading=\"lazy\" decoding=\"async\" width=\"1024\" height=\"576\" src=\"https:\/\/www.em.com.br\/emfoco\/wp-content\/uploads\/2025\/06\/likes_1749815617794-1024x576.jpg\" alt=\"Por que dizer \u201cn\u00e3o\u201d \u00e9 a habilidade mais poderosa que voc\u00ea pode ter\" class=\"wp-image-59809\" srcset=\"https:\/\/www.em.com.br\/emfoco\/wp-content\/uploads\/2025\/06\/likes_1749815617794-1024x576.jpg 1024w, https:\/\/www.em.com.br\/emfoco\/wp-content\/uploads\/2025\/06\/likes_1749815617794-300x169.jpg 300w, https:\/\/www.em.com.br\/emfoco\/wp-content\/uploads\/2025\/06\/likes_1749815617794-768x432.jpg 768w, https:\/\/www.em.com.br\/emfoco\/wp-content\/uploads\/2025\/06\/likes_1749815617794-750x422.jpg 750w, https:\/\/www.em.com.br\/emfoco\/wp-content\/uploads\/2025\/06\/likes_1749815617794-1140x641.jpg 1140w, https:\/\/www.em.com.br\/emfoco\/wp-content\/uploads\/2025\/06\/likes_1749815617794.jpg 1280w\" sizes=\"auto, (max-width: 1024px) 100vw, 1024px\" \/><figcaption class=\"wp-element-caption\">Curtidas &#8211; Cr\u00e9ditos: depositphotos.com \/ Milkos<\/figcaption><\/figure>\n\n\n\n<h2 class=\"wp-block-heading\">Por que o medo do conflito dificulta dizer \u201cn\u00e3o\u201d?<\/h2>\n\n\n\n<p>O receio de enfrentar conflitos \u00e9 outro fator que contribui para a dificuldade em recusar solicita\u00e7\u00f5es. Muitas pessoas associam o ato de negar a possibilidade de criar discuss\u00f5es, desentendimentos ou at\u00e9 mesmo rompimentos de la\u00e7os afetivos. Esse medo pode ser intensificado em ambientes onde a harmonia e a cordialidade s\u00e3o muito valorizadas.<\/p>\n\n\n\n<p>Evitar o confronto pode parecer uma solu\u00e7\u00e3o mais f\u00e1cil no curto prazo, mas, com o tempo, pode gerar sentimentos de frustra\u00e7\u00e3o e sobrecarga. O medo do conflito, portanto, acaba sendo um dos principais obst\u00e1culos para a assertividade e para o estabelecimento de limites saud\u00e1veis. Especialistas como a psic\u00f3loga <strong>Bren\u00e9 Brown<\/strong> refor\u00e7am a import\u00e2ncia de desenvolver habilidades de comunica\u00e7\u00e3o para lidar com essas situa\u00e7\u00f5es, promovendo rela\u00e7\u00f5es mais aut\u00eanticas e respeitosas.<\/p>\n\n\n\n<h2 class=\"wp-block-heading\">Quais s\u00e3o as consequ\u00eancias de sempre tentar agradar?<\/h2>\n\n\n\n<p>O h\u00e1bito de nunca recusar pedidos pode trazer consequ\u00eancias negativas para a sa\u00fade mental e emocional. Entre os efeitos mais comuns est\u00e3o o estresse, a ansiedade e o esgotamento, j\u00e1 que a pessoa acaba assumindo responsabilidades al\u00e9m do que consegue suportar. Esse comportamento tamb\u00e9m pode prejudicar a autoestima, pois a pessoa passa a medir seu valor apenas pela aprova\u00e7\u00e3o externa.<\/p>\n\n\n\n<p>Al\u00e9m disso, a dificuldade em estabelecer limites pode afetar a qualidade dos relacionamentos, levando a ressentimentos e mal-entendidos. Com o tempo, o desejo constante de agradar pode resultar em sensa\u00e7\u00e3o de perda de identidade e autonomia. O psiquiatra <strong>Augusto Cury<\/strong>, por exemplo, destaca que compreender os pr\u00f3prios limites \u00e9 fundamental para prevenir problemas de sa\u00fade emocional e fortalecer a autoconfian\u00e7a.<\/p>\n\n\n\n<h2 class=\"wp-block-heading\">Como aprender a dizer \u201cn\u00e3o\u201d de forma saud\u00e1vel?<\/h2>\n\n\n\n<p>Desenvolver a habilidade de recusar pedidos sem culpa \u00e9 um processo que exige autoconhecimento e pr\u00e1tica. Reconhecer as pr\u00f3prias necessidades e limites \u00e9 o primeiro passo para agir de maneira mais assertiva. A comunica\u00e7\u00e3o clara e respeitosa pode ajudar a evitar mal-entendidos e a manter rela\u00e7\u00f5es saud\u00e1veis.<\/p>\n\n\n\n<p>Buscar apoio psicol\u00f3gico, quando necess\u00e1rio, pode ser \u00fatil para identificar padr\u00f5es de comportamento e trabalhar quest\u00f5es relacionadas \u00e0 autoestima e ao medo de rejei\u00e7\u00e3o. Com o tempo, aprender a dizer \u201cn\u00e3o\u201d pode contribuir para uma vida mais equilibrada e satisfat\u00f3ria. Cursos oferecidos por institui\u00e7\u00f5es como a <span style=\"background-color: rgba(0, 0, 0, 0.2);\"><b>Funda\u00e7\u00e3o Get\u00falio <\/b><\/span><strong>Vargas<\/strong> e o <strong>Senac<\/strong> tamb\u00e9m abordam estrat\u00e9gias de assertividade e comunica\u00e7\u00e3o em suas grades curriculares, ajudando na pr\u00e1tica di\u00e1ria dessa habilidade.<\/p>\n\n\n\n<h2 class=\"wp-block-heading\">Perguntas e respostas<\/h2>\n\n\n\n<ol class=\"wp-block-list\">\n<li><strong>Existe diferen\u00e7a entre dizer \u201cn\u00e3o\u201d no trabalho e na vida pessoal?<\/strong> <br>Sim, no ambiente profissional, a recusa pode ser vista como falta de colabora\u00e7\u00e3o, enquanto na vida pessoal, pode afetar v\u00ednculos afetivos.<\/li>\n\n\n\n<li><strong>O h\u00e1bito de agradar pode ser considerado um tra\u00e7o de personalidade?<\/strong> <br>N\u00e3o necessariamente. Muitas vezes, \u00e9 resultado de experi\u00eancias e aprendizados ao longo da vida.<\/li>\n\n\n\n<li><strong>\u00c9 poss\u00edvel aprender a ser mais assertivo?<\/strong> <br>Sim, a assertividade pode ser desenvolvida com pr\u00e1tica e, se necess\u00e1rio, com acompanhamento profissional.<\/li>\n\n\n\n<li><strong>Quais sinais indicam que algu\u00e9m est\u00e1 tentando agradar em excesso?<\/strong> <br>Dificuldade em impor limites, sentimento frequente de sobrecarga e necessidade constante de aprova\u00e7\u00e3o s\u00e3o alguns ind\u00edcios.<\/li>\n\n\n\n<li><strong>O medo de rejei\u00e7\u00e3o \u00e9 sempre consciente?<\/strong> <br>Nem sempre. Muitas vezes, ele atua de forma inconsciente, influenciando decis\u00f5es sem que a pessoa perceba.<\/li>\n<\/ol>\n","protected":false},"excerpt":{"rendered":"<p>Em situa\u00e7\u00f5es cotidianas, muitas pessoas se deparam com a dificuldade de recusar pedidos, convites ou tarefas, mesmo quando isso pode prejudicar seu pr\u00f3prio bem-estar. Esse comportamento, frequentemente chamado de necessidade de agradar, \u00e9 mais comum do que se imagina e envolve fatores emocionais e sociais complexos. Entender por que \u00e9 t\u00e3o dif\u00edcil dizer \u201cn\u00e3o\u201d pode [&hellip;]<\/p>\n","protected":false},"author":18,"featured_media":59808,"comment_status":"open","ping_status":"open","sticky":false,"template":"","format":"standard","meta":{"jnews-multi-image_gallery":[],"jnews_single_post":{"format":"standard"},"jnews_primary_category":[],"jnews_social_meta":[],"jnews_override_counter":[],"footnotes":""},"categories":[9053],"tags":[10294,5155,415],"class_list":["post-59806","post","type-post","status-publish","format-standard","has-post-thumbnail","hentry","category-saude","tag-dizer-nao","tag-psicologia","tag-saude"],"yoast_head":"<!-- This site is optimized with the Yoast SEO plugin v23.8 - https:\/\/yoast.com\/wordpress\/plugins\/seo\/ -->\n<title>Por que dizer \u201cn\u00e3o\u201d \u00e9 a habilidade mais poderosa que voc\u00ea pode ter - Estado de Minas - Em foco<\/title>\n<meta name=\"description\" content=\"Sempre se culpa por recusar algu\u00e9m? Entenda o que est\u00e1 por tr\u00e1s da dificuldade de dizer \u201cn\u00e3o\u201d e como isso afeta sua autoestima e bem-estar.\" \/>\n<meta name=\"robots\" content=\"index, follow, max-snippet:-1, max-image-preview:large, max-video-preview:-1\" \/>\n<link rel=\"canonical\" href=\"https:\/\/www.em.com.br\/emfoco\/2025\/06\/14\/por-que-dizer-nao-e-a-habilidade-mais-poderosa-que-voce-pode-ter\/\" \/>\n<meta property=\"og:locale\" content=\"pt_BR\" \/>\n<meta property=\"og:type\" content=\"article\" \/>\n<meta property=\"og:title\" content=\"Por que dizer \u201cn\u00e3o\u201d \u00e9 a habilidade mais poderosa que voc\u00ea pode ter - Estado de Minas - Em foco\" \/>\n<meta property=\"og:description\" content=\"Sempre se culpa por recusar algu\u00e9m? Entenda o que est\u00e1 por tr\u00e1s da dificuldade de dizer \u201cn\u00e3o\u201d e como isso afeta sua autoestima e bem-estar.\" \/>\n<meta property=\"og:url\" content=\"https:\/\/www.em.com.br\/emfoco\/2025\/06\/14\/por-que-dizer-nao-e-a-habilidade-mais-poderosa-que-voce-pode-ter\/\" \/>\n<meta property=\"og:site_name\" content=\"Estado de Minas - Em foco\" \/>\n<meta property=\"article:published_time\" content=\"2025-06-14T12:30:49+00:00\" \/>\n<meta property=\"article:modified_time\" content=\"2025-06-13T21:37:52+00:00\" \/>\n<meta property=\"og:image\" content=\"https:\/\/www.em.com.br\/emfoco\/wp-content\/uploads\/2025\/06\/nao_1749815515702.jpg\" \/>\n\t<meta property=\"og:image:width\" content=\"1280\" \/>\n\t<meta property=\"og:image:height\" content=\"720\" \/>\n\t<meta property=\"og:image:type\" content=\"image\/jpeg\" \/>\n<meta name=\"author\" content=\"Julio Cesar\" \/>\n<meta name=\"twitter:card\" content=\"summary_large_image\" \/>\n<meta name=\"twitter:label1\" content=\"Escrito por\" \/>\n\t<meta name=\"twitter:data1\" content=\"Julio Cesar\" \/>\n\t<meta name=\"twitter:label2\" content=\"Est. tempo de leitura\" \/>\n\t<meta name=\"twitter:data2\" content=\"6 minutos\" \/>\n<!-- \/ Yoast SEO plugin. -->","yoast_head_json":{"title":"Por que dizer \u201cn\u00e3o\u201d \u00e9 a habilidade mais poderosa que voc\u00ea pode ter - Estado de Minas - Em foco","description":"Sempre se culpa por recusar algu\u00e9m? Entenda o que est\u00e1 por tr\u00e1s da dificuldade de dizer \u201cn\u00e3o\u201d e como isso afeta sua autoestima e bem-estar.","robots":{"index":"index","follow":"follow","max-snippet":"max-snippet:-1","max-image-preview":"max-image-preview:large","max-video-preview":"max-video-preview:-1"},"canonical":"https:\/\/www.em.com.br\/emfoco\/2025\/06\/14\/por-que-dizer-nao-e-a-habilidade-mais-poderosa-que-voce-pode-ter\/","og_locale":"pt_BR","og_type":"article","og_title":"Por que dizer \u201cn\u00e3o\u201d \u00e9 a habilidade mais poderosa que voc\u00ea pode ter - Estado de Minas - Em foco","og_description":"Sempre se culpa por recusar algu\u00e9m? Entenda o que est\u00e1 por tr\u00e1s da dificuldade de dizer \u201cn\u00e3o\u201d e como isso afeta sua autoestima e bem-estar.","og_url":"https:\/\/www.em.com.br\/emfoco\/2025\/06\/14\/por-que-dizer-nao-e-a-habilidade-mais-poderosa-que-voce-pode-ter\/","og_site_name":"Estado de Minas - Em foco","article_published_time":"2025-06-14T12:30:49+00:00","article_modified_time":"2025-06-13T21:37:52+00:00","og_image":[{"width":1280,"height":720,"url":"https:\/\/www.em.com.br\/emfoco\/wp-content\/uploads\/2025\/06\/nao_1749815515702.jpg","type":"image\/jpeg"}],"author":"Julio Cesar","twitter_card":"summary_large_image","twitter_misc":{"Escrito por":"Julio Cesar","Est. tempo de leitura":"6 minutos"},"schema":{"@context":"https:\/\/schema.org","@graph":[{"@type":"WebPage","@id":"https:\/\/www.em.com.br\/emfoco\/2025\/06\/14\/por-que-dizer-nao-e-a-habilidade-mais-poderosa-que-voce-pode-ter\/","url":"https:\/\/www.em.com.br\/emfoco\/2025\/06\/14\/por-que-dizer-nao-e-a-habilidade-mais-poderosa-que-voce-pode-ter\/","name":"Por que dizer \u201cn\u00e3o\u201d \u00e9 a habilidade mais poderosa que voc\u00ea pode ter - Estado de Minas - Em foco","isPartOf":{"@id":"https:\/\/www.em.com.br\/emfoco\/#website"},"primaryImageOfPage":{"@id":"https:\/\/www.em.com.br\/emfoco\/2025\/06\/14\/por-que-dizer-nao-e-a-habilidade-mais-poderosa-que-voce-pode-ter\/#primaryimage"},"image":{"@id":"https:\/\/www.em.com.br\/emfoco\/2025\/06\/14\/por-que-dizer-nao-e-a-habilidade-mais-poderosa-que-voce-pode-ter\/#primaryimage"},"thumbnailUrl":"https:\/\/www.em.com.br\/emfoco\/wp-content\/uploads\/2025\/06\/nao_1749815515702.jpg","datePublished":"2025-06-14T12:30:49+00:00","dateModified":"2025-06-13T21:37:52+00:00","author":{"@id":"https:\/\/www.em.com.br\/emfoco\/#\/schema\/person\/08c4a03e38018bbab9038d5f788321fc"},"description":"Sempre se culpa por recusar algu\u00e9m? Entenda o que est\u00e1 por tr\u00e1s da dificuldade de dizer \u201cn\u00e3o\u201d e como isso afeta sua autoestima e bem-estar.","breadcrumb":{"@id":"https:\/\/www.em.com.br\/emfoco\/2025\/06\/14\/por-que-dizer-nao-e-a-habilidade-mais-poderosa-que-voce-pode-ter\/#breadcrumb"},"inLanguage":"pt-BR","potentialAction":[{"@type":"ReadAction","target":["https:\/\/www.em.com.br\/emfoco\/2025\/06\/14\/por-que-dizer-nao-e-a-habilidade-mais-poderosa-que-voce-pode-ter\/"]}]},{"@type":"ImageObject","inLanguage":"pt-BR","@id":"https:\/\/www.em.com.br\/emfoco\/2025\/06\/14\/por-que-dizer-nao-e-a-habilidade-mais-poderosa-que-voce-pode-ter\/#primaryimage","url":"https:\/\/www.em.com.br\/emfoco\/wp-content\/uploads\/2025\/06\/nao_1749815515702.jpg","contentUrl":"https:\/\/www.em.com.br\/emfoco\/wp-content\/uploads\/2025\/06\/nao_1749815515702.jpg","width":1280,"height":720,"caption":"N\u00e3o - Cr\u00e9ditos: depositphotos.com \/ TarasMalyarevich"},{"@type":"BreadcrumbList","@id":"https:\/\/www.em.com.br\/emfoco\/2025\/06\/14\/por-que-dizer-nao-e-a-habilidade-mais-poderosa-que-voce-pode-ter\/#breadcrumb","itemListElement":[{"@type":"ListItem","position":1,"name":"In\u00edcio","item":"https:\/\/www.em.com.br\/emfoco\/"},{"@type":"ListItem","position":2,"name":"Por que dizer \u201cn\u00e3o\u201d \u00e9 a habilidade mais poderosa que voc\u00ea pode ter"}]},{"@type":"WebSite","@id":"https:\/\/www.em.com.br\/emfoco\/#website","url":"https:\/\/www.em.com.br\/emfoco\/","name":"Estado de Minas - Em foco","description":"Acompanhe as \u00faltimas not\u00edcias e fique bem informado sobre tudo o que acontece em Minas Gerais, Brasil e no mundo.","potentialAction":[{"@type":"SearchAction","target":{"@type":"EntryPoint","urlTemplate":"https:\/\/www.em.com.br\/emfoco\/?s={search_term_string}"},"query-input":{"@type":"PropertyValueSpecification","valueRequired":true,"valueName":"search_term_string"}}],"inLanguage":"pt-BR"},{"@type":"Person","@id":"https:\/\/www.em.com.br\/emfoco\/#\/schema\/person\/08c4a03e38018bbab9038d5f788321fc","name":"Julio Cesar","image":{"@type":"ImageObject","inLanguage":"pt-BR","@id":"https:\/\/www.em.com.br\/emfoco\/#\/schema\/person\/image\/","url":"https:\/\/secure.gravatar.com\/avatar\/ab1ea64f0d4f4c1385f8ef10d5a6e758?s=96&d=mm&r=g","contentUrl":"https:\/\/secure.gravatar.com\/avatar\/ab1ea64f0d4f4c1385f8ef10d5a6e758?s=96&d=mm&r=g","caption":"Julio Cesar"},"url":"https:\/\/www.em.com.br\/emfoco\/author\/juliomyth\/"}]}},"_links":{"self":[{"href":"https:\/\/www.em.com.br\/emfoco\/wp-json\/wp\/v2\/posts\/59806","targetHints":{"allow":["GET"]}}],"collection":[{"href":"https:\/\/www.em.com.br\/emfoco\/wp-json\/wp\/v2\/posts"}],"about":[{"href":"https:\/\/www.em.com.br\/emfoco\/wp-json\/wp\/v2\/types\/post"}],"author":[{"embeddable":true,"href":"https:\/\/www.em.com.br\/emfoco\/wp-json\/wp\/v2\/users\/18"}],"replies":[{"embeddable":true,"href":"https:\/\/www.em.com.br\/emfoco\/wp-json\/wp\/v2\/comments?post=59806"}],"version-history":[{"count":3,"href":"https:\/\/www.em.com.br\/emfoco\/wp-json\/wp\/v2\/posts\/59806\/revisions"}],"predecessor-version":[{"id":60292,"href":"https:\/\/www.em.com.br\/emfoco\/wp-json\/wp\/v2\/posts\/59806\/revisions\/60292"}],"wp:featuredmedia":[{"embeddable":true,"href":"https:\/\/www.em.com.br\/emfoco\/wp-json\/wp\/v2\/media\/59808"}],"wp:attachment":[{"href":"https:\/\/www.em.com.br\/emfoco\/wp-json\/wp\/v2\/media?parent=59806"}],"wp:term":[{"taxonomy":"category","embeddable":true,"href":"https:\/\/www.em.com.br\/emfoco\/wp-json\/wp\/v2\/categories?post=59806"},{"taxonomy":"post_tag","embeddable":true,"href":"https:\/\/www.em.com.br\/emfoco\/wp-json\/wp\/v2\/tags?post=59806"}],"curies":[{"name":"wp","href":"https:\/\/api.w.org\/{rel}","templated":true}]}}