{"id":59616,"date":"2025-06-13T14:30:00","date_gmt":"2025-06-13T17:30:00","guid":{"rendered":"https:\/\/www.em.com.br\/emfoco\/?p=59616"},"modified":"2025-06-12T20:59:36","modified_gmt":"2025-06-12T23:59:36","slug":"nova-isencao-de-ipva-surpreende-contribuintes-em-todo-o-pais","status":"publish","type":"post","link":"https:\/\/www.em.com.br\/emfoco\/2025\/06\/13\/nova-isencao-de-ipva-surpreende-contribuintes-em-todo-o-pais\/","title":{"rendered":"Nova isen\u00e7\u00e3o de IPVA surpreende contribuintes em todo o pa\u00eds"},"content":{"rendered":"\n<p>O tema da <strong>isen\u00e7\u00e3o de impostos<\/strong> desperta interesse em diversos setores da sociedade, especialmente entre pessoas que buscam entender se t\u00eam direito a benef\u00edcios fiscais como a dispensa do pagamento de tributos como <strong>IPVA<\/strong>, <strong>IPI <\/strong>e outros. Em 2025, as regras para concess\u00e3o dessas isen\u00e7\u00f5es continuam sendo atualizadas por \u00f3rg\u00e3os estaduais e federais, exigindo aten\u00e7\u00e3o constante de quem deseja usufruir desses direitos. A seguir, s\u00e3o esclarecidas d\u00favidas frequentes sobre quem pode solicitar a isen\u00e7\u00e3o, quais impostos est\u00e3o envolvidos e quais procedimentos s\u00e3o necess\u00e1rios para garantir esse benef\u00edcio.<\/p>\n\n\n\n<p>As isen\u00e7\u00f5es fiscais s\u00e3o concedidas por diferentes motivos, como condi\u00e7\u00f5es de sa\u00fade, caracter\u00edsticas do ve\u00edculo, idade do contribuinte ou atividades exercidas. Cada tributo possui crit\u00e9rios espec\u00edficos para a dispensa, e o desconhecimento dessas regras pode fazer com que muitos deixem de aproveitar benef\u00edcios previstos em lei. Por isso, \u00e9 fundamental compreender as exig\u00eancias e etapas do processo para n\u00e3o perder prazos ou documentos importantes.<\/p>\n\n\n\n<h2 class=\"wp-block-heading\">Quem pode solicitar a isen\u00e7\u00e3o de IPVA em 2025?<\/h2>\n\n\n<div class=\"wp-block-image\">\n<figure class=\"aligncenter size-large\"><img loading=\"lazy\" decoding=\"async\" width=\"1024\" height=\"576\" src=\"https:\/\/www.em.com.br\/emfoco\/wp-content\/uploads\/2025\/06\/ipva_1749659750386-1024x576.jpg\" alt=\"\" class=\"wp-image-59056\" srcset=\"https:\/\/www.em.com.br\/emfoco\/wp-content\/uploads\/2025\/06\/ipva_1749659750386-1024x576.jpg 1024w, https:\/\/www.em.com.br\/emfoco\/wp-content\/uploads\/2025\/06\/ipva_1749659750386-300x169.jpg 300w, https:\/\/www.em.com.br\/emfoco\/wp-content\/uploads\/2025\/06\/ipva_1749659750386-768x432.jpg 768w, https:\/\/www.em.com.br\/emfoco\/wp-content\/uploads\/2025\/06\/ipva_1749659750386-750x422.jpg 750w, https:\/\/www.em.com.br\/emfoco\/wp-content\/uploads\/2025\/06\/ipva_1749659750386-1140x641.jpg 1140w, https:\/\/www.em.com.br\/emfoco\/wp-content\/uploads\/2025\/06\/ipva_1749659750386.jpg 1280w\" sizes=\"auto, (max-width: 1024px) 100vw, 1024px\" \/><figcaption class=\"wp-element-caption\">Chave de carro e blocos dizendo IPVA &#8211; Cr\u00e9ditos: depositphotos.com \/ rmcarvalhobsb<\/figcaption><\/figure><\/div>\n\n\n<p>O <a href=\"https:\/\/www.em.com.br\/emfoco\/2025\/06\/12\/voce-pode-estar-pagando-ipva-sem-saber-que-tem-direito-a-isencao\/\" target=\"_blank\" rel=\"noreferrer noopener\"><strong>IPVA<\/strong> <\/a>(Imposto sobre a Propriedade de Ve\u00edculos Automotores) \u00e9 um dos tributos estaduais mais conhecidos e, em algumas situa\u00e7\u00f5es, pode ser dispensado. Em 2025, a isen\u00e7\u00e3o do <strong>IPVA <\/strong>\u00e9 geralmente concedida a pessoas com defici\u00eancia f\u00edsica, visual, mental severa ou autistas, desde que o ve\u00edculo esteja registrado em nome do benefici\u00e1rio. Al\u00e9m disso, idosos com mais de 65 anos, taxistas, ve\u00edculos de entidades filantr\u00f3picas e propriet\u00e1rios de carros antigos tamb\u00e9m podem ser contemplados, dependendo da legisla\u00e7\u00e3o de cada estado.<\/p>\n\n\n\n<p>Para solicitar a isen\u00e7\u00e3o, \u00e9 necess\u00e1rio apresentar documentos que comprovem a condi\u00e7\u00e3o que d\u00e1 direito ao benef\u00edcio, como laudos m\u00e9dicos, documentos do ve\u00edculo e, em alguns casos, certid\u00f5es espec\u00edficas. Cada estado brasileiro pode adotar regras pr\u00f3prias, por isso \u00e9 importante consultar o <strong>Detran <\/strong>ou a <strong>Secretaria da Fazenda<\/strong> local para obter informa\u00e7\u00f5es atualizadas sobre o processo.<\/p>\n\n\n\n<h2 class=\"wp-block-heading\">Quais doen\u00e7as garantem isen\u00e7\u00e3o de IPI na compra de ve\u00edculos?<\/h2>\n\n\n\n<p>O <strong>IPI<\/strong> (Imposto sobre Produtos Industrializados) pode ser isento na aquisi\u00e7\u00e3o de ve\u00edculos por pessoas com determinadas condi\u00e7\u00f5es de sa\u00fade. Em 2025, a legisla\u00e7\u00e3o federal prev\u00ea a isen\u00e7\u00e3o do <strong>IPI <\/strong>para pessoas com defici\u00eancia f\u00edsica, visual, mental severa ou profunda, al\u00e9m de autistas. Entre as doen\u00e7as e condi\u00e7\u00f5es que costumam garantir esse direito est\u00e3o: paralisia cerebral, amputa\u00e7\u00f5es, sequelas de <strong>AVC<\/strong>, esclerose m\u00faltipla, defici\u00eancia auditiva severa, entre outras.<\/p>\n\n\n\n<p>O processo de solicita\u00e7\u00e3o exige laudo m\u00e9dico detalhado, emitido por profissionais credenciados ao <strong>SUS <\/strong>ou ao <strong>Detran<\/strong>, al\u00e9m de documenta\u00e7\u00e3o pessoal e do ve\u00edculo. A an\u00e1lise \u00e9 feita pela Receita Federal, que pode aprovar ou negar o pedido conforme os crit\u00e9rios estabelecidos. Vale ressaltar que a isen\u00e7\u00e3o de IPI \u00e9 v\u00e1lida apenas para ve\u00edculos novos e h\u00e1 limites de valor e de tempo para renova\u00e7\u00e3o do benef\u00edcio.<\/p>\n\n\n\n<h2 class=\"wp-block-heading\">Como funciona a isen\u00e7\u00e3o de ICMS para pessoas com defici\u00eancia?<\/h2>\n\n\n\n<p>A <strong><a href=\"https:\/\/portal.fazenda.sp.gov.br\/acessoinformacao\/Paginas\/ICMS.aspx\" target=\"_blank\" rel=\"noreferrer noopener\">isen\u00e7\u00e3o de ICMS<\/a><\/strong> (Imposto sobre Circula\u00e7\u00e3o de Mercadorias e Servi\u00e7os) \u00e9 outro benef\u00edcio relevante para pessoas com defici\u00eancia que desejam adquirir um ve\u00edculo zero quil\u00f4metro. O <strong>ICMS <\/strong>\u00e9 um tributo estadual, e sua isen\u00e7\u00e3o segue crit\u00e9rios semelhantes aos do <strong>IPI<\/strong>, abrangendo pessoas com defici\u00eancia f\u00edsica, visual, mental severa ou profunda e autistas.<\/p>\n\n\n\n<p>Para obter a isen\u00e7\u00e3o, o interessado deve apresentar laudo m\u00e9dico, comprovante de renda, documentos pessoais e do ve\u00edculo, al\u00e9m de preencher formul\u00e1rios espec\u00edficos disponibilizados pela Secretaria da Fazenda do estado. O valor m\u00e1ximo do ve\u00edculo e o prazo para renova\u00e7\u00e3o da isen\u00e7\u00e3o podem variar conforme a legisla\u00e7\u00e3o estadual. Em geral, o benef\u00edcio s\u00f3 pode ser utilizado uma vez a cada dois anos, salvo exce\u00e7\u00f5es previstas em lei.<\/p>\n\n\n\n<h2 class=\"wp-block-heading\">Quais categorias profissionais t\u00eam direito \u00e0 isen\u00e7\u00e3o de impostos?<\/h2>\n\n\n\n<p>Al\u00e9m das pessoas com defici\u00eancia, algumas <strong>categorias profissionais<\/strong> tamb\u00e9m podem solicitar isen\u00e7\u00e3o de impostos sobre ve\u00edculos. Entre elas, destacam-se taxistas, motoristas de aplicativos devidamente regulamentados, transportadores escolares e entidades de assist\u00eancia social sem fins lucrativos. Esses profissionais costumam ter direito \u00e0 isen\u00e7\u00e3o de <strong>IPI, ICMS<\/strong> e, em alguns estados, do<strong> IPVA<\/strong>, desde que o ve\u00edculo seja utilizado para o exerc\u00edcio da atividade profissional.<\/p>\n\n\n\n<p>Para comprovar o direito, \u00e9 necess\u00e1rio apresentar documentos que atestem o v\u00ednculo profissional, como alvar\u00e1 de funcionamento, registro no \u00f3rg\u00e3o competente e, em alguns casos, declara\u00e7\u00e3o de atividade emitida por sindicato ou associa\u00e7\u00e3o. O objetivo dessas isen\u00e7\u00f5es \u00e9 facilitar o acesso a ve\u00edculos novos e incentivar a renova\u00e7\u00e3o da frota, contribuindo para a seguran\u00e7a e efici\u00eancia do transporte.<\/p>\n\n\n\n<h2 class=\"wp-block-heading\">Existe isen\u00e7\u00e3o de impostos para ve\u00edculos antigos?<\/h2>\n\n\n\n<p>Em muitos estados brasileiros, ve\u00edculos com mais de determinado tempo de fabrica\u00e7\u00e3o podem ser contemplados com a <strong>isen\u00e7\u00e3o de IPVA<\/strong>. O prazo varia conforme a legisla\u00e7\u00e3o local, podendo ser de 10, 15, 20 ou at\u00e9 30 anos. Essa medida busca valorizar ve\u00edculos de cole\u00e7\u00e3o e reduzir a carga tribut\u00e1ria sobre autom\u00f3veis que j\u00e1 n\u00e3o circulam com tanta frequ\u00eancia ou que possuem valor hist\u00f3rico.<\/p>\n\n\n\n<p>Para obter a isen\u00e7\u00e3o, o propriet\u00e1rio deve verificar se o ve\u00edculo atende ao crit\u00e9rio de idade estabelecido pelo estado e, em alguns casos, solicitar formalmente o benef\u00edcio junto ao Detran ou \u00e0 Secretaria da Fazenda. N\u00e3o h\u00e1 necessidade de laudo m\u00e9dico ou comprova\u00e7\u00e3o de defici\u00eancia, pois o benef\u00edcio est\u00e1 vinculado exclusivamente \u00e0 data de fabrica\u00e7\u00e3o do autom\u00f3vel.<\/p>\n\n\n\n<h2 class=\"wp-block-heading\">Como solicitar a isen\u00e7\u00e3o de impostos e quais documentos s\u00e3o necess\u00e1rios?<\/h2>\n\n\n\n<p>O processo para <strong>solicitar isen\u00e7\u00e3o de impostos<\/strong> varia conforme o tributo e o estado, mas geralmente envolve a apresenta\u00e7\u00e3o de documentos pessoais, comprovante de resid\u00eancia, documenta\u00e7\u00e3o do ve\u00edculo e, quando aplic\u00e1vel, laudo m\u00e9dico ou comprovante de atividade profissional. Em alguns casos, \u00e9 necess\u00e1rio preencher formul\u00e1rios espec\u00edficos e aguardar a an\u00e1lise do \u00f3rg\u00e3o respons\u00e1vel.<\/p>\n\n\n\n<ul class=\"wp-block-list\">\n<li>Laudo m\u00e9dico atualizado (para pessoas com defici\u00eancia)<\/li>\n\n\n\n<li>Documentos pessoais (RG, CPF)<\/li>\n\n\n\n<li>Comprovante de resid\u00eancia<\/li>\n\n\n\n<li>Documenta\u00e7\u00e3o do ve\u00edculo<\/li>\n\n\n\n<li>Comprovante de atividade profissional (para taxistas, transportadores, etc.)<\/li>\n\n\n\n<li>Formul\u00e1rios exigidos pelo \u00f3rg\u00e3o competente<\/li>\n<\/ul>\n\n\n\n<p>Ap\u00f3s a entrega da documenta\u00e7\u00e3o, o pedido passa por an\u00e1lise e, se aprovado, o contribuinte recebe autoriza\u00e7\u00e3o para adquirir o ve\u00edculo com isen\u00e7\u00e3o ou para deixar de pagar o imposto devido. \u00c9 importante acompanhar o andamento do processo e ficar atento aos prazos para renova\u00e7\u00e3o do benef\u00edcio, evitando pend\u00eancias ou cobran\u00e7as indevidas.<\/p>\n\n\n\n<p>O conhecimento sobre as regras de isen\u00e7\u00e3o de impostos pode representar uma economia significativa para pessoas com defici\u00eancia, profissionais do transporte e propriet\u00e1rios de ve\u00edculos antigos. Por isso, manter-se informado sobre as atualiza\u00e7\u00f5es legais e buscar orienta\u00e7\u00e3o junto aos \u00f3rg\u00e3os competentes s\u00e3o passos essenciais para garantir o acesso a esse direito.<\/p>\n\n\n\n<p><\/p>\n","protected":false},"excerpt":{"rendered":"<p>O tema da isen\u00e7\u00e3o de impostos desperta interesse em diversos setores da sociedade, especialmente entre pessoas que buscam entender se t\u00eam direito a benef\u00edcios fiscais como a dispensa do pagamento de tributos como IPVA, IPI e outros. Em 2025, as regras para concess\u00e3o dessas isen\u00e7\u00f5es continuam sendo atualizadas por \u00f3rg\u00e3os estaduais e federais, exigindo aten\u00e7\u00e3o [&hellip;]<\/p>\n","protected":false},"author":20,"featured_media":59057,"comment_status":"open","ping_status":"open","sticky":false,"template":"","format":"standard","meta":{"jnews-multi-image_gallery":[],"jnews_single_post":{"format":"standard"},"jnews_primary_category":[],"jnews_social_meta":[],"jnews_override_counter":[],"footnotes":""},"categories":[28,1],"tags":[762,2311],"class_list":["post-59616","post","type-post","status-publish","format-standard","has-post-thumbnail","hentry","category-economia","category-noticias","tag-ipva","tag-isencao-de-impostos"],"yoast_head":"<!-- This site is optimized with the Yoast SEO plugin v23.8 - https:\/\/yoast.com\/wordpress\/plugins\/seo\/ -->\n<title>Nova isen\u00e7\u00e3o de IPVA surpreende contribuintes em todo o pa\u00eds - Estado de Minas - Em foco<\/title>\n<meta name=\"description\" content=\"Milhares de brasileiros podem estar isentos do IPVA em 2025 e n\u00e3o sabem. Confira os crit\u00e9rios e como solicitar o benef\u00edcio.\" \/>\n<meta name=\"robots\" content=\"index, follow, max-snippet:-1, max-image-preview:large, max-video-preview:-1\" \/>\n<link rel=\"canonical\" href=\"https:\/\/www.em.com.br\/emfoco\/2025\/06\/13\/nova-isencao-de-ipva-surpreende-contribuintes-em-todo-o-pais\/\" \/>\n<meta property=\"og:locale\" content=\"pt_BR\" \/>\n<meta property=\"og:type\" content=\"article\" \/>\n<meta property=\"og:title\" content=\"Nova isen\u00e7\u00e3o de IPVA surpreende contribuintes em todo o pa\u00eds - Estado de Minas - Em foco\" \/>\n<meta property=\"og:description\" content=\"Milhares de brasileiros podem estar isentos do IPVA em 2025 e n\u00e3o sabem. Confira os crit\u00e9rios e como solicitar o benef\u00edcio.\" \/>\n<meta property=\"og:url\" content=\"https:\/\/www.em.com.br\/emfoco\/2025\/06\/13\/nova-isencao-de-ipva-surpreende-contribuintes-em-todo-o-pais\/\" \/>\n<meta property=\"og:site_name\" content=\"Estado de Minas - Em foco\" \/>\n<meta property=\"article:published_time\" content=\"2025-06-13T17:30:00+00:00\" \/>\n<meta property=\"article:modified_time\" content=\"2025-06-12T23:59:36+00:00\" \/>\n<meta property=\"og:image\" content=\"https:\/\/www.em.com.br\/emfoco\/wp-content\/uploads\/2025\/06\/ipva_1749659764049.jpg\" \/>\n\t<meta property=\"og:image:width\" content=\"1280\" \/>\n\t<meta property=\"og:image:height\" content=\"720\" \/>\n\t<meta property=\"og:image:type\" content=\"image\/jpeg\" \/>\n<meta name=\"author\" content=\"Ingrid Diniz\" \/>\n<meta name=\"twitter:card\" content=\"summary_large_image\" \/>\n<meta name=\"twitter:label1\" content=\"Escrito por\" \/>\n\t<meta name=\"twitter:data1\" content=\"Ingrid Diniz\" \/>\n\t<meta name=\"twitter:label2\" content=\"Est. tempo de leitura\" \/>\n\t<meta name=\"twitter:data2\" content=\"7 minutos\" \/>\n<!-- \/ Yoast SEO plugin. -->","yoast_head_json":{"title":"Nova isen\u00e7\u00e3o de IPVA surpreende contribuintes em todo o pa\u00eds - Estado de Minas - Em foco","description":"Milhares de brasileiros podem estar isentos do IPVA em 2025 e n\u00e3o sabem. Confira os crit\u00e9rios e como solicitar o benef\u00edcio.","robots":{"index":"index","follow":"follow","max-snippet":"max-snippet:-1","max-image-preview":"max-image-preview:large","max-video-preview":"max-video-preview:-1"},"canonical":"https:\/\/www.em.com.br\/emfoco\/2025\/06\/13\/nova-isencao-de-ipva-surpreende-contribuintes-em-todo-o-pais\/","og_locale":"pt_BR","og_type":"article","og_title":"Nova isen\u00e7\u00e3o de IPVA surpreende contribuintes em todo o pa\u00eds - Estado de Minas - Em foco","og_description":"Milhares de brasileiros podem estar isentos do IPVA em 2025 e n\u00e3o sabem. Confira os crit\u00e9rios e como solicitar o benef\u00edcio.","og_url":"https:\/\/www.em.com.br\/emfoco\/2025\/06\/13\/nova-isencao-de-ipva-surpreende-contribuintes-em-todo-o-pais\/","og_site_name":"Estado de Minas - Em foco","article_published_time":"2025-06-13T17:30:00+00:00","article_modified_time":"2025-06-12T23:59:36+00:00","og_image":[{"width":1280,"height":720,"url":"https:\/\/www.em.com.br\/emfoco\/wp-content\/uploads\/2025\/06\/ipva_1749659764049.jpg","type":"image\/jpeg"}],"author":"Ingrid Diniz","twitter_card":"summary_large_image","twitter_misc":{"Escrito por":"Ingrid Diniz","Est. tempo de leitura":"7 minutos"},"schema":{"@context":"https:\/\/schema.org","@graph":[{"@type":"WebPage","@id":"https:\/\/www.em.com.br\/emfoco\/2025\/06\/13\/nova-isencao-de-ipva-surpreende-contribuintes-em-todo-o-pais\/","url":"https:\/\/www.em.com.br\/emfoco\/2025\/06\/13\/nova-isencao-de-ipva-surpreende-contribuintes-em-todo-o-pais\/","name":"Nova isen\u00e7\u00e3o de IPVA surpreende contribuintes em todo o pa\u00eds - Estado de Minas - Em foco","isPartOf":{"@id":"https:\/\/www.em.com.br\/emfoco\/#website"},"primaryImageOfPage":{"@id":"https:\/\/www.em.com.br\/emfoco\/2025\/06\/13\/nova-isencao-de-ipva-surpreende-contribuintes-em-todo-o-pais\/#primaryimage"},"image":{"@id":"https:\/\/www.em.com.br\/emfoco\/2025\/06\/13\/nova-isencao-de-ipva-surpreende-contribuintes-em-todo-o-pais\/#primaryimage"},"thumbnailUrl":"https:\/\/www.em.com.br\/emfoco\/wp-content\/uploads\/2025\/06\/ipva_1749659764049.jpg","datePublished":"2025-06-13T17:30:00+00:00","dateModified":"2025-06-12T23:59:36+00:00","author":{"@id":"https:\/\/www.em.com.br\/emfoco\/#\/schema\/person\/649e610b4eb8fff87ff394e54fe17b2b"},"description":"Milhares de brasileiros podem estar isentos do IPVA em 2025 e n\u00e3o sabem. Confira os crit\u00e9rios e como solicitar o benef\u00edcio.","breadcrumb":{"@id":"https:\/\/www.em.com.br\/emfoco\/2025\/06\/13\/nova-isencao-de-ipva-surpreende-contribuintes-em-todo-o-pais\/#breadcrumb"},"inLanguage":"pt-BR","potentialAction":[{"@type":"ReadAction","target":["https:\/\/www.em.com.br\/emfoco\/2025\/06\/13\/nova-isencao-de-ipva-surpreende-contribuintes-em-todo-o-pais\/"]}]},{"@type":"ImageObject","inLanguage":"pt-BR","@id":"https:\/\/www.em.com.br\/emfoco\/2025\/06\/13\/nova-isencao-de-ipva-surpreende-contribuintes-em-todo-o-pais\/#primaryimage","url":"https:\/\/www.em.com.br\/emfoco\/wp-content\/uploads\/2025\/06\/ipva_1749659764049.jpg","contentUrl":"https:\/\/www.em.com.br\/emfoco\/wp-content\/uploads\/2025\/06\/ipva_1749659764049.jpg","width":1280,"height":720,"caption":"IPVA zerado para ve\u00edculos com mais de 20 anos - Cr\u00e9ditos: depositphotos.com \/ rmcarvalhobsb"},{"@type":"BreadcrumbList","@id":"https:\/\/www.em.com.br\/emfoco\/2025\/06\/13\/nova-isencao-de-ipva-surpreende-contribuintes-em-todo-o-pais\/#breadcrumb","itemListElement":[{"@type":"ListItem","position":1,"name":"In\u00edcio","item":"https:\/\/www.em.com.br\/emfoco\/"},{"@type":"ListItem","position":2,"name":"Nova isen\u00e7\u00e3o de IPVA surpreende contribuintes em todo o pa\u00eds"}]},{"@type":"WebSite","@id":"https:\/\/www.em.com.br\/emfoco\/#website","url":"https:\/\/www.em.com.br\/emfoco\/","name":"Estado de Minas - Em foco","description":"Acompanhe as \u00faltimas not\u00edcias e fique bem informado sobre tudo o que acontece em Minas Gerais, Brasil e no mundo.","potentialAction":[{"@type":"SearchAction","target":{"@type":"EntryPoint","urlTemplate":"https:\/\/www.em.com.br\/emfoco\/?s={search_term_string}"},"query-input":{"@type":"PropertyValueSpecification","valueRequired":true,"valueName":"search_term_string"}}],"inLanguage":"pt-BR"},{"@type":"Person","@id":"https:\/\/www.em.com.br\/emfoco\/#\/schema\/person\/649e610b4eb8fff87ff394e54fe17b2b","name":"Ingrid Diniz","image":{"@type":"ImageObject","inLanguage":"pt-BR","@id":"https:\/\/www.em.com.br\/emfoco\/#\/schema\/person\/image\/","url":"https:\/\/secure.gravatar.com\/avatar\/a3baa1449ec5c39b4c42babc9d4f3951?s=96&d=mm&r=g","contentUrl":"https:\/\/secure.gravatar.com\/avatar\/a3baa1449ec5c39b4c42babc9d4f3951?s=96&d=mm&r=g","caption":"Ingrid Diniz"},"sameAs":["https:\/\/www.em.com.br\/"],"url":"https:\/\/www.em.com.br\/emfoco\/author\/ingridmyth\/"}]}},"_links":{"self":[{"href":"https:\/\/www.em.com.br\/emfoco\/wp-json\/wp\/v2\/posts\/59616","targetHints":{"allow":["GET"]}}],"collection":[{"href":"https:\/\/www.em.com.br\/emfoco\/wp-json\/wp\/v2\/posts"}],"about":[{"href":"https:\/\/www.em.com.br\/emfoco\/wp-json\/wp\/v2\/types\/post"}],"author":[{"embeddable":true,"href":"https:\/\/www.em.com.br\/emfoco\/wp-json\/wp\/v2\/users\/20"}],"replies":[{"embeddable":true,"href":"https:\/\/www.em.com.br\/emfoco\/wp-json\/wp\/v2\/comments?post=59616"}],"version-history":[{"count":2,"href":"https:\/\/www.em.com.br\/emfoco\/wp-json\/wp\/v2\/posts\/59616\/revisions"}],"predecessor-version":[{"id":59742,"href":"https:\/\/www.em.com.br\/emfoco\/wp-json\/wp\/v2\/posts\/59616\/revisions\/59742"}],"wp:featuredmedia":[{"embeddable":true,"href":"https:\/\/www.em.com.br\/emfoco\/wp-json\/wp\/v2\/media\/59057"}],"wp:attachment":[{"href":"https:\/\/www.em.com.br\/emfoco\/wp-json\/wp\/v2\/media?parent=59616"}],"wp:term":[{"taxonomy":"category","embeddable":true,"href":"https:\/\/www.em.com.br\/emfoco\/wp-json\/wp\/v2\/categories?post=59616"},{"taxonomy":"post_tag","embeddable":true,"href":"https:\/\/www.em.com.br\/emfoco\/wp-json\/wp\/v2\/tags?post=59616"}],"curies":[{"name":"wp","href":"https:\/\/api.w.org\/{rel}","templated":true}]}}