{"id":59615,"date":"2025-06-13T13:30:00","date_gmt":"2025-06-13T16:30:00","guid":{"rendered":"https:\/\/www.em.com.br\/emfoco\/?p=59615"},"modified":"2025-06-12T20:59:25","modified_gmt":"2025-06-12T23:59:25","slug":"nova-regra-da-maternidade-surpreende-gestantes-e-empresas","status":"publish","type":"post","link":"https:\/\/www.em.com.br\/emfoco\/2025\/06\/13\/nova-regra-da-maternidade-surpreende-gestantes-e-empresas\/","title":{"rendered":"Nova regra da maternidade surpreende gestantes e empresas"},"content":{"rendered":"\n<p>A prote\u00e7\u00e3o \u00e0 maternidade \u00e9 um direito fundamental assegurado \u00e0s trabalhadoras brasileiras, garantindo condi\u00e7\u00f5es adequadas durante a gesta\u00e7\u00e3o, o per\u00edodo p\u00f3s-parto e a amamenta\u00e7\u00e3o. Este conjunto de garantias visa preservar a sa\u00fade da m\u00e3e e do beb\u00ea, al\u00e9m de promover a igualdade de oportunidades no ambiente de trabalho. Ao longo dos anos, a legisla\u00e7\u00e3o trabalhista evoluiu para fortalecer essas medidas, ampliando direitos e consolidando pr\u00e1ticas que beneficiam fam\u00edlias em todo o pa\u00eds.<\/p>\n\n\n\n<p>O tema abrange diferentes aspectos, como a licen\u00e7a-maternidade, a estabilidade no emprego e o direito \u00e0 amamenta\u00e7\u00e3o no ambiente de trabalho. Cada um desses pontos possui regras espec\u00edficas, que devem ser respeitadas tanto por empregadores quanto por empregadas. A seguir, ser\u00e3o abordadas as principais d\u00favidas e informa\u00e7\u00f5es relevantes sobre a prote\u00e7\u00e3o \u00e0 maternidade, considerando as atualiza\u00e7\u00f5es legais at\u00e9 o ano de 2025.<\/p>\n\n\n\n<h2 class=\"wp-block-heading\">O que \u00e9 a licen\u00e7a-maternidade e como funciona no Brasil?<\/h2>\n\n\n<div class=\"wp-block-image\">\n<figure class=\"aligncenter size-large\"><img loading=\"lazy\" decoding=\"async\" width=\"1024\" height=\"576\" src=\"https:\/\/www.em.com.br\/emfoco\/wp-content\/uploads\/2025\/06\/gravida-trabalhando_1749545919753-1024x576.jpg\" alt=\"Demiss\u00e3o pode ser considerada ilegal em casos como esses\" class=\"wp-image-58540\" srcset=\"https:\/\/www.em.com.br\/emfoco\/wp-content\/uploads\/2025\/06\/gravida-trabalhando_1749545919753-1024x576.jpg 1024w, https:\/\/www.em.com.br\/emfoco\/wp-content\/uploads\/2025\/06\/gravida-trabalhando_1749545919753-300x169.jpg 300w, https:\/\/www.em.com.br\/emfoco\/wp-content\/uploads\/2025\/06\/gravida-trabalhando_1749545919753-768x432.jpg 768w, https:\/\/www.em.com.br\/emfoco\/wp-content\/uploads\/2025\/06\/gravida-trabalhando_1749545919753-750x422.jpg 750w, https:\/\/www.em.com.br\/emfoco\/wp-content\/uploads\/2025\/06\/gravida-trabalhando_1749545919753-1140x641.jpg 1140w, https:\/\/www.em.com.br\/emfoco\/wp-content\/uploads\/2025\/06\/gravida-trabalhando_1749545919753.jpg 1280w\" sizes=\"auto, (max-width: 1024px) 100vw, 1024px\" \/><figcaption class=\"wp-element-caption\">Mulher gr\u00e1vida trabalhando de casa &#8211; Cr\u00e9ditos: depositphotos.com \/ konstantynov<\/figcaption><\/figure><\/div>\n\n\n<p>A licen\u00e7a-maternidade \u00e9 um per\u00edodo de afastamento remunerado concedido \u00e0 trabalhadora gestante, com o objetivo de garantir a recupera\u00e7\u00e3o da m\u00e3e e os cuidados iniciais com o rec\u00e9m-nascido. No <strong>Brasil<\/strong>, a <strong>Consolida\u00e7\u00e3o das Leis do Trabalho<\/strong> (<a href=\"https:\/\/www.planalto.gov.br\/ccivil_03\/decreto-lei\/del5452.htm\" target=\"_blank\" rel=\"noreferrer noopener\">CLT<\/a>) estabelece que a licen\u00e7a-maternidade tem dura\u00e7\u00e3o m\u00ednima de 120 dias, podendo ser iniciada at\u00e9 28 dias antes do parto. Em alguns casos, empresas participantes do <strong>Programa Empresa Cidad\u00e3<\/strong> oferecem a extens\u00e3o desse per\u00edodo para at\u00e9 180 dias.<\/p>\n\n\n\n<p>Durante a licen\u00e7a, a empregada recebe o sal\u00e1rio integral, pago diretamente pelo empregador ou pelo <strong>Instituto Nacional do Seguro Social<\/strong> (<a href=\"https:\/\/www.em.com.br\/emfoco\/2025\/06\/12\/inss-atualiza-regras-da-aposentadoria-por-idade-para-homens\/\" target=\"_blank\" rel=\"noreferrer noopener\">INSS<\/a>), conforme o v\u00ednculo empregat\u00edcio. Esse direito tamb\u00e9m se estende a m\u00e3es adotivas, com dura\u00e7\u00e3o proporcional \u00e0 idade da crian\u00e7a adotada. O objetivo \u00e9 proporcionar condi\u00e7\u00f5es adequadas para a adapta\u00e7\u00e3o e o fortalecimento do v\u00ednculo familiar.<\/p>\n\n\n\n<h2 class=\"wp-block-heading\">Quais s\u00e3o as regras para estabilidade no emprego durante a gesta\u00e7\u00e3o?<\/h2>\n\n\n\n<p>A estabilidade no emprego \u00e9 uma das principais garantias para a gestante, protegendo-a contra demiss\u00e3o sem justa causa desde a confirma\u00e7\u00e3o da gravidez at\u00e9 cinco meses ap\u00f3s o parto. Essa prote\u00e7\u00e3o visa evitar que a trabalhadora seja dispensada em um momento de vulnerabilidade, assegurando tranquilidade financeira e emocional durante a gesta\u00e7\u00e3o e o puerp\u00e9rio.<\/p>\n\n\n\n<p>\u00c9 importante destacar que a estabilidade independe do conhecimento do empregador sobre a gravidez no momento da demiss\u00e3o. Caso a gesta\u00e7\u00e3o seja confirmada posteriormente, a empregada tem direito \u00e0 reintegra\u00e7\u00e3o ou \u00e0 indeniza\u00e7\u00e3o correspondente. Essa medida contribui para a redu\u00e7\u00e3o da discrimina\u00e7\u00e3o no ambiente de trabalho e refor\u00e7a o compromisso com a sa\u00fade materno-infantil.<\/p>\n\n\n\n<h2 class=\"wp-block-heading\">Como funciona o direito \u00e0 amamenta\u00e7\u00e3o no ambiente de trabalho?<\/h2>\n\n\n\n<p>O direito \u00e0 amamenta\u00e7\u00e3o est\u00e1 previsto na legisla\u00e7\u00e3o trabalhista, assegurando \u00e0 m\u00e3e lactante dois intervalos di\u00e1rios de 30 minutos cada, durante a jornada de trabalho, at\u00e9 que o beb\u00ea complete seis meses de vida. Esses per\u00edodos podem ser ajustados de acordo com a necessidade da crian\u00e7a e recomenda\u00e7\u00e3o m\u00e9dica, podendo ser estendidos em casos espec\u00edficos.<\/p>\n\n\n\n<p>Al\u00e9m dos intervalos, empresas com pelo menos 30 mulheres acima de 16 anos devem disponibilizar local apropriado para a amamenta\u00e7\u00e3o ou guarda de crian\u00e7as em creche. Essas medidas visam garantir que a m\u00e3e possa conciliar o retorno ao trabalho com o aleitamento materno, promovendo a sa\u00fade do beb\u00ea e fortalecendo o v\u00ednculo familiar.<\/p>\n\n\n\n<h2 class=\"wp-block-heading\">Quais s\u00e3o os direitos das m\u00e3es adotivas em rela\u00e7\u00e3o \u00e0 prote\u00e7\u00e3o \u00e0 maternidade?<\/h2>\n\n\n\n<p>As m\u00e3es adotivas tamb\u00e9m s\u00e3o contempladas pela legisla\u00e7\u00e3o de prote\u00e7\u00e3o \u00e0 maternidade. O direito \u00e0 licen\u00e7a-maternidade \u00e9 assegurado, com dura\u00e7\u00e3o vari\u00e1vel conforme a idade da crian\u00e7a adotada: at\u00e9 um ano de idade, o per\u00edodo \u00e9 de 120 dias; para crian\u00e7as maiores, o tempo pode ser reduzido, seguindo crit\u00e9rios estabelecidos por lei. A estabilidade no emprego e os intervalos para amamenta\u00e7\u00e3o tamb\u00e9m se aplicam \u00e0s m\u00e3es adotivas, garantindo igualdade de tratamento.<\/p>\n\n\n\n<p>Essas garantias visam facilitar a adapta\u00e7\u00e3o da crian\u00e7a ao novo lar e permitir que a m\u00e3e ofere\u00e7a os cuidados necess\u00e1rios durante os primeiros meses de conviv\u00eancia. A legisla\u00e7\u00e3o busca, assim, promover o bem-estar da fam\u00edlia adotiva e incentivar a ado\u00e7\u00e3o como uma alternativa leg\u00edtima para a forma\u00e7\u00e3o de v\u00ednculos parentais.<\/p>\n\n\n\n<h2 class=\"wp-block-heading\">Como a legisla\u00e7\u00e3o protege a gestante em situa\u00e7\u00f5es de trabalho insalubre?<\/h2>\n\n\n\n<p>Trabalhadoras gestantes ou lactantes t\u00eam prote\u00e7\u00e3o especial em rela\u00e7\u00e3o a atividades consideradas insalubres. A legisla\u00e7\u00e3o determina o afastamento imediato dessas fun\u00e7\u00f5es, sem preju\u00edzo da remunera\u00e7\u00e3o, assim que a gesta\u00e7\u00e3o ou lacta\u00e7\u00e3o \u00e9 comunicada ao empregador. O objetivo \u00e9 evitar riscos \u00e0 sa\u00fade da m\u00e3e e do beb\u00ea, especialmente em ambientes com exposi\u00e7\u00e3o a agentes qu\u00edmicos, f\u00edsicos ou biol\u00f3gicos nocivos.<\/p>\n\n\n\n<p>Durante o afastamento, a empregada pode ser realocada para outra fun\u00e7\u00e3o compat\u00edvel ou, caso n\u00e3o seja poss\u00edvel, permanecer afastada recebendo sal\u00e1rio-maternidade. Essa medida refor\u00e7a o compromisso com a seguran\u00e7a e a sa\u00fade no ambiente de trabalho, alinhando-se \u00e0s recomenda\u00e7\u00f5es de \u00f3rg\u00e3os nacionais e internacionais.<\/p>\n\n\n\n<h2 class=\"wp-block-heading\">Quais s\u00e3o as obriga\u00e7\u00f5es do empregador em rela\u00e7\u00e3o \u00e0 prote\u00e7\u00e3o \u00e0 maternidade?<\/h2>\n\n\n\n<p>O empregador tem papel fundamental na garantia dos direitos relacionados \u00e0 prote\u00e7\u00e3o \u00e0 maternidade. Entre as principais obriga\u00e7\u00f5es est\u00e3o:<\/p>\n\n\n\n<ul class=\"wp-block-list\">\n<li>Conceder a licen\u00e7a-maternidade no prazo legal e garantir o pagamento dos sal\u00e1rios durante o afastamento;<\/li>\n\n\n\n<li>Respeitar a estabilidade da gestante, evitando demiss\u00f5es sem justa causa durante o per\u00edodo protegido;<\/li>\n\n\n\n<li>Oferecer intervalos para amamenta\u00e7\u00e3o e, quando necess\u00e1rio, local adequado para a guarda de crian\u00e7as;<\/li>\n\n\n\n<li>Realocar gestantes e lactantes de atividades insalubres, conforme previsto em lei;<\/li>\n\n\n\n<li>Orientar as trabalhadoras sobre seus direitos e deveres relacionados \u00e0 maternidade.<\/li>\n<\/ul>\n\n\n\n<p>O cumprimento dessas obriga\u00e7\u00f5es contribui para um ambiente de trabalho mais justo e saud\u00e1vel, al\u00e9m de evitar passivos trabalhistas e promover a responsabilidade social da empresa.<\/p>\n\n\n\n<p>Ao garantir a prote\u00e7\u00e3o \u00e0 maternidade, a legisla\u00e7\u00e3o brasileira reafirma o compromisso com a sa\u00fade, a dignidade e a igualdade de oportunidades para todas as trabalhadoras. A constante atualiza\u00e7\u00e3o das normas reflete a import\u00e2ncia do tema na sociedade e refor\u00e7a a necessidade de informa\u00e7\u00e3o e respeito aos direitos conquistados.<\/p>\n\n\n\n<p><\/p>\n","protected":false},"excerpt":{"rendered":"<p>A prote\u00e7\u00e3o \u00e0 maternidade \u00e9 um direito fundamental assegurado \u00e0s trabalhadoras brasileiras, garantindo condi\u00e7\u00f5es adequadas durante a gesta\u00e7\u00e3o, o per\u00edodo p\u00f3s-parto e a amamenta\u00e7\u00e3o. Este conjunto de garantias visa preservar a sa\u00fade da m\u00e3e e do beb\u00ea, al\u00e9m de promover a igualdade de oportunidades no ambiente de trabalho. Ao longo dos anos, a legisla\u00e7\u00e3o trabalhista [&hellip;]<\/p>\n","protected":false},"author":20,"featured_media":58539,"comment_status":"open","ping_status":"open","sticky":false,"template":"","format":"standard","meta":{"jnews-multi-image_gallery":[],"jnews_single_post":{"format":"standard"},"jnews_primary_category":[],"jnews_social_meta":[],"jnews_override_counter":[],"footnotes":""},"categories":[28,1],"tags":[10286,8646],"class_list":["post-59615","post","type-post","status-publish","format-standard","has-post-thumbnail","hentry","category-economia","category-noticias","tag-licenca-maternidade","tag-salario-maternidade"],"yoast_head":"<!-- This site is optimized with the Yoast SEO plugin v23.8 - https:\/\/yoast.com\/wordpress\/plugins\/seo\/ -->\n<title>Nova regra da maternidade surpreende gestantes e empresas - Estado de Minas - Em foco<\/title>\n<meta name=\"description\" content=\"A nova licen\u00e7a-maternidade de 2025 traz benef\u00edcios ampliados e mais seguran\u00e7a para gestantes e m\u00e3es adotivas. Veja quem tem direito.\" \/>\n<meta name=\"robots\" content=\"index, follow, max-snippet:-1, max-image-preview:large, max-video-preview:-1\" \/>\n<link rel=\"canonical\" href=\"https:\/\/www.em.com.br\/emfoco\/2025\/06\/13\/nova-regra-da-maternidade-surpreende-gestantes-e-empresas\/\" \/>\n<meta property=\"og:locale\" content=\"pt_BR\" \/>\n<meta property=\"og:type\" content=\"article\" \/>\n<meta property=\"og:title\" content=\"Nova regra da maternidade surpreende gestantes e empresas - Estado de Minas - Em foco\" \/>\n<meta property=\"og:description\" content=\"A nova licen\u00e7a-maternidade de 2025 traz benef\u00edcios ampliados e mais seguran\u00e7a para gestantes e m\u00e3es adotivas. Veja quem tem direito.\" \/>\n<meta property=\"og:url\" content=\"https:\/\/www.em.com.br\/emfoco\/2025\/06\/13\/nova-regra-da-maternidade-surpreende-gestantes-e-empresas\/\" \/>\n<meta property=\"og:site_name\" content=\"Estado de Minas - Em foco\" \/>\n<meta property=\"article:published_time\" content=\"2025-06-13T16:30:00+00:00\" \/>\n<meta property=\"article:modified_time\" content=\"2025-06-12T23:59:25+00:00\" \/>\n<meta property=\"og:image\" content=\"https:\/\/www.em.com.br\/emfoco\/wp-content\/uploads\/2025\/06\/b_1749545941768.jpg\" \/>\n\t<meta property=\"og:image:width\" content=\"1280\" \/>\n\t<meta property=\"og:image:height\" content=\"720\" \/>\n\t<meta property=\"og:image:type\" content=\"image\/jpeg\" \/>\n<meta name=\"author\" content=\"Ingrid Diniz\" \/>\n<meta name=\"twitter:card\" content=\"summary_large_image\" \/>\n<meta name=\"twitter:label1\" content=\"Escrito por\" \/>\n\t<meta name=\"twitter:data1\" content=\"Ingrid Diniz\" \/>\n\t<meta name=\"twitter:label2\" content=\"Est. tempo de leitura\" \/>\n\t<meta name=\"twitter:data2\" content=\"6 minutos\" \/>\n<!-- \/ Yoast SEO plugin. -->","yoast_head_json":{"title":"Nova regra da maternidade surpreende gestantes e empresas - Estado de Minas - Em foco","description":"A nova licen\u00e7a-maternidade de 2025 traz benef\u00edcios ampliados e mais seguran\u00e7a para gestantes e m\u00e3es adotivas. Veja quem tem direito.","robots":{"index":"index","follow":"follow","max-snippet":"max-snippet:-1","max-image-preview":"max-image-preview:large","max-video-preview":"max-video-preview:-1"},"canonical":"https:\/\/www.em.com.br\/emfoco\/2025\/06\/13\/nova-regra-da-maternidade-surpreende-gestantes-e-empresas\/","og_locale":"pt_BR","og_type":"article","og_title":"Nova regra da maternidade surpreende gestantes e empresas - Estado de Minas - Em foco","og_description":"A nova licen\u00e7a-maternidade de 2025 traz benef\u00edcios ampliados e mais seguran\u00e7a para gestantes e m\u00e3es adotivas. Veja quem tem direito.","og_url":"https:\/\/www.em.com.br\/emfoco\/2025\/06\/13\/nova-regra-da-maternidade-surpreende-gestantes-e-empresas\/","og_site_name":"Estado de Minas - Em foco","article_published_time":"2025-06-13T16:30:00+00:00","article_modified_time":"2025-06-12T23:59:25+00:00","og_image":[{"width":1280,"height":720,"url":"https:\/\/www.em.com.br\/emfoco\/wp-content\/uploads\/2025\/06\/b_1749545941768.jpg","type":"image\/jpeg"}],"author":"Ingrid Diniz","twitter_card":"summary_large_image","twitter_misc":{"Escrito por":"Ingrid Diniz","Est. tempo de leitura":"6 minutos"},"schema":{"@context":"https:\/\/schema.org","@graph":[{"@type":"WebPage","@id":"https:\/\/www.em.com.br\/emfoco\/2025\/06\/13\/nova-regra-da-maternidade-surpreende-gestantes-e-empresas\/","url":"https:\/\/www.em.com.br\/emfoco\/2025\/06\/13\/nova-regra-da-maternidade-surpreende-gestantes-e-empresas\/","name":"Nova regra da maternidade surpreende gestantes e empresas - Estado de Minas - Em foco","isPartOf":{"@id":"https:\/\/www.em.com.br\/emfoco\/#website"},"primaryImageOfPage":{"@id":"https:\/\/www.em.com.br\/emfoco\/2025\/06\/13\/nova-regra-da-maternidade-surpreende-gestantes-e-empresas\/#primaryimage"},"image":{"@id":"https:\/\/www.em.com.br\/emfoco\/2025\/06\/13\/nova-regra-da-maternidade-surpreende-gestantes-e-empresas\/#primaryimage"},"thumbnailUrl":"https:\/\/www.em.com.br\/emfoco\/wp-content\/uploads\/2025\/06\/b_1749545941768.jpg","datePublished":"2025-06-13T16:30:00+00:00","dateModified":"2025-06-12T23:59:25+00:00","author":{"@id":"https:\/\/www.em.com.br\/emfoco\/#\/schema\/person\/649e610b4eb8fff87ff394e54fe17b2b"},"description":"A nova licen\u00e7a-maternidade de 2025 traz benef\u00edcios ampliados e mais seguran\u00e7a para gestantes e m\u00e3es adotivas. Veja quem tem direito.","breadcrumb":{"@id":"https:\/\/www.em.com.br\/emfoco\/2025\/06\/13\/nova-regra-da-maternidade-surpreende-gestantes-e-empresas\/#breadcrumb"},"inLanguage":"pt-BR","potentialAction":[{"@type":"ReadAction","target":["https:\/\/www.em.com.br\/emfoco\/2025\/06\/13\/nova-regra-da-maternidade-surpreende-gestantes-e-empresas\/"]}]},{"@type":"ImageObject","inLanguage":"pt-BR","@id":"https:\/\/www.em.com.br\/emfoco\/2025\/06\/13\/nova-regra-da-maternidade-surpreende-gestantes-e-empresas\/#primaryimage","url":"https:\/\/www.em.com.br\/emfoco\/wp-content\/uploads\/2025\/06\/b_1749545941768.jpg","contentUrl":"https:\/\/www.em.com.br\/emfoco\/wp-content\/uploads\/2025\/06\/b_1749545941768.jpg","width":1280,"height":720,"caption":"H\u00e1bito simples no uso dos eletr\u00f4nicos contribui para reduzir o consumo de energia - Cr\u00e9ditos: depositphotos.com \/ VitalikRadko"},{"@type":"BreadcrumbList","@id":"https:\/\/www.em.com.br\/emfoco\/2025\/06\/13\/nova-regra-da-maternidade-surpreende-gestantes-e-empresas\/#breadcrumb","itemListElement":[{"@type":"ListItem","position":1,"name":"In\u00edcio","item":"https:\/\/www.em.com.br\/emfoco\/"},{"@type":"ListItem","position":2,"name":"Nova regra da maternidade surpreende gestantes e empresas"}]},{"@type":"WebSite","@id":"https:\/\/www.em.com.br\/emfoco\/#website","url":"https:\/\/www.em.com.br\/emfoco\/","name":"Estado de Minas - Em foco","description":"Acompanhe as \u00faltimas not\u00edcias e fique bem informado sobre tudo o que acontece em Minas Gerais, Brasil e no mundo.","potentialAction":[{"@type":"SearchAction","target":{"@type":"EntryPoint","urlTemplate":"https:\/\/www.em.com.br\/emfoco\/?s={search_term_string}"},"query-input":{"@type":"PropertyValueSpecification","valueRequired":true,"valueName":"search_term_string"}}],"inLanguage":"pt-BR"},{"@type":"Person","@id":"https:\/\/www.em.com.br\/emfoco\/#\/schema\/person\/649e610b4eb8fff87ff394e54fe17b2b","name":"Ingrid Diniz","image":{"@type":"ImageObject","inLanguage":"pt-BR","@id":"https:\/\/www.em.com.br\/emfoco\/#\/schema\/person\/image\/","url":"https:\/\/secure.gravatar.com\/avatar\/a3baa1449ec5c39b4c42babc9d4f3951?s=96&d=mm&r=g","contentUrl":"https:\/\/secure.gravatar.com\/avatar\/a3baa1449ec5c39b4c42babc9d4f3951?s=96&d=mm&r=g","caption":"Ingrid Diniz"},"sameAs":["https:\/\/www.em.com.br\/"],"url":"https:\/\/www.em.com.br\/emfoco\/author\/ingridmyth\/"}]}},"_links":{"self":[{"href":"https:\/\/www.em.com.br\/emfoco\/wp-json\/wp\/v2\/posts\/59615","targetHints":{"allow":["GET"]}}],"collection":[{"href":"https:\/\/www.em.com.br\/emfoco\/wp-json\/wp\/v2\/posts"}],"about":[{"href":"https:\/\/www.em.com.br\/emfoco\/wp-json\/wp\/v2\/types\/post"}],"author":[{"embeddable":true,"href":"https:\/\/www.em.com.br\/emfoco\/wp-json\/wp\/v2\/users\/20"}],"replies":[{"embeddable":true,"href":"https:\/\/www.em.com.br\/emfoco\/wp-json\/wp\/v2\/comments?post=59615"}],"version-history":[{"count":2,"href":"https:\/\/www.em.com.br\/emfoco\/wp-json\/wp\/v2\/posts\/59615\/revisions"}],"predecessor-version":[{"id":59741,"href":"https:\/\/www.em.com.br\/emfoco\/wp-json\/wp\/v2\/posts\/59615\/revisions\/59741"}],"wp:featuredmedia":[{"embeddable":true,"href":"https:\/\/www.em.com.br\/emfoco\/wp-json\/wp\/v2\/media\/58539"}],"wp:attachment":[{"href":"https:\/\/www.em.com.br\/emfoco\/wp-json\/wp\/v2\/media?parent=59615"}],"wp:term":[{"taxonomy":"category","embeddable":true,"href":"https:\/\/www.em.com.br\/emfoco\/wp-json\/wp\/v2\/categories?post=59615"},{"taxonomy":"post_tag","embeddable":true,"href":"https:\/\/www.em.com.br\/emfoco\/wp-json\/wp\/v2\/tags?post=59615"}],"curies":[{"name":"wp","href":"https:\/\/api.w.org\/{rel}","templated":true}]}}