{"id":59499,"date":"2025-06-13T18:20:00","date_gmt":"2025-06-13T21:20:00","guid":{"rendered":"https:\/\/www.em.com.br\/emfoco\/?p=59499"},"modified":"2025-06-12T21:56:04","modified_gmt":"2025-06-13T00:56:04","slug":"o-destino-mais-acolhedor-e-surpreendente-do-sul-de-minas","status":"publish","type":"post","link":"https:\/\/www.em.com.br\/emfoco\/2025\/06\/13\/o-destino-mais-acolhedor-e-surpreendente-do-sul-de-minas\/","title":{"rendered":"O destino mais acolhedor e surpreendente do sul de Minas"},"content":{"rendered":"\n<p>Localizada no sudoeste de\u00a0<strong>Minas Gerais<\/strong>,\u00a0<a href=\"https:\/\/g1.globo.com\/mg\/sul-de-minas\/noticia\/2025\/06\/12\/7a-expomoveis-rusticos-reune-60-expositores-e-espera-30-mil-pessoas-em-passos-mg-saiba-como-participar.ghtml\" target=\"_blank\" rel=\"noreferrer noopener\"><strong>Passos<\/strong>\u00a0<\/a>se destaca como um importante polo regional, atraindo visitantes de diferentes partes do\u00a0<strong>Brasil<\/strong>. Com uma popula\u00e7\u00e3o estimada em mais de 115 mil habitantes em\u00a0<strong>2025<\/strong>, a cidade combina tradi\u00e7\u00e3o, desenvolvimento e uma hospitalidade reconhecida em todo o estado. O munic\u00edpio \u00e9 conhecido por sua economia diversificada, cultura vibrante e paisagens naturais que convidam ao lazer e \u00e0 contempla\u00e7\u00e3o.<\/p>\n\n\n\n<p>Ao longo dos anos, Passos consolidou-se como destino tur\u00edstico, principalmente por sua proximidade com o<a href=\"https:\/\/www.em.com.br\/emfoco\/2025\/05\/09\/lago-de-furnas-ganha-reforco-historico-para-proteger-sua-agua\/\" target=\"_blank\" rel=\"noreferrer noopener\">\u00a0<strong>Lago de Furnas<\/strong>\u00a0<\/a>e outras belezas naturais. Al\u00e9m disso, o munic\u00edpio oferece uma infraestrutura completa para receber turistas, com op\u00e7\u00f5es variadas de hospedagem, gastronomia t\u00edpica mineira e eventos culturais durante todo o ano.<\/p>\n\n\n\n<h2 class=\"wp-block-heading\">O que torna Passos um destino tur\u00edstico diferenciado em Minas Gerais?<\/h2>\n\n\n\n<p><strong>Passos se destaca no cen\u00e1rio mineiro por reunir atrativos naturais, culturais e hist\u00f3ricos em um s\u00f3 lugar.<\/strong>&nbsp;O munic\u00edpio est\u00e1 estrategicamente situado pr\u00f3ximo ao Lago de Furnas, conhecido como o \u201cMar de Minas\u201d, que oferece diversas op\u00e7\u00f5es de lazer aqu\u00e1tico, como passeios de lancha, pesca esportiva e esportes n\u00e1uticos. Al\u00e9m disso, a cidade conta com parques, pra\u00e7as e espa\u00e7os culturais que proporcionam entretenimento para todas as idades.<\/p>\n\n\n\n<p><strong>Outro diferencial \u00e9 a hospitalidade do povo passense, reconhecida por quem visita a regi\u00e3o.<\/strong>&nbsp;A culin\u00e1ria t\u00edpica, marcada por pratos como o feij\u00e3o tropeiro, o p\u00e3o de queijo e doces caseiros, tamb\u00e9m contribui para a experi\u00eancia \u00fanica de quem escolhe Passos como destino de f\u00e9rias.<\/p>\n\n\n\n<h2 class=\"wp-block-heading\">Quais s\u00e3o as principais atra\u00e7\u00f5es tur\u00edsticas de Passos?<\/h2>\n\n\n\n<p><strong>Entre os pontos tur\u00edsticos mais visitados, o Lago de Furnas ocupa lugar de destaque, oferecendo paisagens de tirar o f\u00f4lego e atividades para toda a fam\u00edlia.<\/strong>&nbsp;O Parque Municipal da Serrinha \u00e9 outro local bastante procurado, ideal para caminhadas, piqueniques e contato com a natureza. Para quem aprecia hist\u00f3ria, o Museu Municipal \u00e9 uma excelente op\u00e7\u00e3o, reunindo acervo que conta a trajet\u00f3ria da cidade e da regi\u00e3o.<\/p>\n\n\n\n<p><strong>O turismo religioso tamb\u00e9m tem espa\u00e7o garantido, com igrejas centen\u00e1rias como a Igreja Matriz Senhor Bom Jesus dos Passos, que impressiona pela arquitetura e import\u00e2ncia hist\u00f3rica.<\/strong>&nbsp;Para os amantes de esportes, o Est\u00e1dio Starling Soares e o gin\u00e1sio poliesportivo recebem eventos esportivos regionais e estaduais.<\/p>\n\n\n\n<h2 class=\"wp-block-heading\">Por que Passos merece aten\u00e7\u00e3o como destino para f\u00e9rias?<\/h2>\n\n\n\n<p><strong>Passos re\u00fane caracter\u00edsticas que agradam a diferentes perfis de viajantes, desde aqueles que buscam tranquilidade at\u00e9 os que preferem aventura.<\/strong>&nbsp;A cidade oferece f\u00e1cil acesso a outras regi\u00f5es tur\u00edsticas de Minas Gerais, como Capit\u00f3lio e S\u00e3o Jo\u00e3o Batista do Gl\u00f3ria, ampliando as possibilidades de passeios durante a estadia.<\/p>\n\n\n\n<figure class=\"wp-block-image size-large\"><img loading=\"lazy\" decoding=\"async\" width=\"1024\" height=\"576\" src=\"https:\/\/www.em.com.br\/emfoco\/wp-content\/uploads\/2025\/06\/Passos_mg-1024x576.jpg\" alt=\"\" class=\"wp-image-59597\" srcset=\"https:\/\/www.em.com.br\/emfoco\/wp-content\/uploads\/2025\/06\/Passos_mg-1024x576.jpg 1024w, https:\/\/www.em.com.br\/emfoco\/wp-content\/uploads\/2025\/06\/Passos_mg-300x169.jpg 300w, https:\/\/www.em.com.br\/emfoco\/wp-content\/uploads\/2025\/06\/Passos_mg-768x432.jpg 768w, https:\/\/www.em.com.br\/emfoco\/wp-content\/uploads\/2025\/06\/Passos_mg-750x422.jpg 750w, https:\/\/www.em.com.br\/emfoco\/wp-content\/uploads\/2025\/06\/Passos_mg-1140x641.jpg 1140w, https:\/\/www.em.com.br\/emfoco\/wp-content\/uploads\/2025\/06\/Passos_mg.jpg 1280w\" sizes=\"auto, (max-width: 1024px) 100vw, 1024px\" \/><figcaption class=\"wp-element-caption\">Passos &#8211; Cr\u00e9ditos: Divulga\u00e7\u00e3o\/Wikimedia Commons<\/figcaption><\/figure>\n\n\n\n<p><strong>Al\u00e9m disso, a infraestrutura tur\u00edstica vem sendo aprimorada nos \u00faltimos anos, com novos hot\u00e9is, pousadas e restaurantes surgindo para atender \u00e0 crescente demanda.<\/strong>&nbsp;Eventos culturais, festas tradicionais e festivais gastron\u00f4micos movimentam o calend\u00e1rio local, tornando a cidade ainda mais atrativa durante todo o ano.<\/p>\n\n\n\n<h2 class=\"wp-block-heading\">O que fazer em Passos para curtir em fam\u00edlia?<\/h2>\n\n\n\n<p><strong>Para fam\u00edlias, Passos oferece diversas op\u00e7\u00f5es de lazer e entretenimento.<\/strong>&nbsp;O Parque Municipal da Serrinha \u00e9 um dos preferidos, com trilhas ecol\u00f3gicas, \u00e1reas para piquenique e espa\u00e7o para atividades ao ar livre. O Lago de Furnas proporciona passeios de barco e momentos de divers\u00e3o para crian\u00e7as e adultos.<\/p>\n\n\n\n<ul class=\"wp-block-list\">\n<li>Visitar o Museu Municipal para conhecer a hist\u00f3ria local<\/li>\n\n\n\n<li>Aproveitar as pra\u00e7as e parques para brincadeiras e caminhadas<\/li>\n\n\n\n<li>Experimentar a culin\u00e1ria t\u00edpica em restaurantes tradicionais<\/li>\n\n\n\n<li>Participar de festas populares e eventos culturais<\/li>\n\n\n\n<li>Explorar trilhas e cachoeiras nos arredores da cidade<\/li>\n<\/ul>\n\n\n\n<h2 class=\"wp-block-heading\">Quais eventos e festivais movimentam Passos ao longo do ano?<\/h2>\n\n\n\n<p><strong>O calend\u00e1rio de Passos \u00e9 repleto de festas e eventos que atraem moradores e turistas.<\/strong>&nbsp;Entre os destaques est\u00e1 a tradicional&nbsp;<strong>Festa do Senhor Bom Jesus dos Passos<\/strong>, realizada em agosto, que re\u00fane fi\u00e9is e visitantes em celebra\u00e7\u00f5es religiosas e atividades culturais. O&nbsp;<strong>Carnaval<\/strong>&nbsp;de rua tamb\u00e9m \u00e9 bastante animado, com blocos e desfiles que movimentam a cidade.<\/p>\n\n\n\n<p><strong>Al\u00e9m disso, festivais gastron\u00f4micos e feiras de artesanato acontecem periodicamente, valorizando a produ\u00e7\u00e3o local e promovendo a cultura mineira.<\/strong>&nbsp;O&nbsp;<strong>Festival de Inverno<\/strong>, realizado entre junho e julho, traz apresenta\u00e7\u00f5es musicais, teatro e oficinas culturais, sendo uma \u00f3tima oportunidade para quem deseja conhecer mais sobre as tradi\u00e7\u00f5es da regi\u00e3o.<\/p>\n\n\n\n<h2 class=\"wp-block-heading\">Como chegar e se locomover em Passos?<\/h2>\n\n\n\n<p><strong>O acesso a Passos pode ser feito por rodovias bem conservadas, como a MG-050, que liga o munic\u00edpio a cidades importantes do estado e \u00e0 capital Belo Horizonte.<\/strong>&nbsp;Para quem vem de outras regi\u00f5es, a cidade conta com um aeroporto regional, facilitando a chegada de turistas de diferentes partes do pa\u00eds.<\/p>\n\n\n\n<p><strong>Dentro do munic\u00edpio, o transporte p\u00fablico atende aos principais bairros e pontos tur\u00edsticos, mas muitos visitantes optam por alugar ve\u00edculos para explorar a regi\u00e3o com mais liberdade.<\/strong>&nbsp;T\u00e1xis e aplicativos de transporte tamb\u00e9m est\u00e3o dispon\u00edveis, garantindo praticidade e conforto durante a estadia.<\/p>\n\n\n\n<p><strong>Passos, com sua combina\u00e7\u00e3o de natureza, cultura e hospitalidade, segue como uma das principais op\u00e7\u00f5es para quem busca um destino de f\u00e9rias completo em Minas Gerais.<\/strong>&nbsp;Seja para relaxar, se aventurar ou conhecer a hist\u00f3ria local, a cidade oferece experi\u00eancias marcantes para todos os perfis de viajantes.<\/p>\n","protected":false},"excerpt":{"rendered":"<p>Localizada no sudoeste de\u00a0Minas Gerais,\u00a0Passos\u00a0se destaca como um importante polo regional, atraindo visitantes de diferentes partes do\u00a0Brasil. Com uma popula\u00e7\u00e3o estimada em mais de 115 mil habitantes em\u00a02025, a cidade combina tradi\u00e7\u00e3o, desenvolvimento e uma hospitalidade reconhecida em todo o estado. O munic\u00edpio \u00e9 conhecido por sua economia diversificada, cultura vibrante e paisagens naturais que [&hellip;]<\/p>\n","protected":false},"author":11,"featured_media":59596,"comment_status":"open","ping_status":"open","sticky":false,"template":"","format":"standard","meta":{"jnews-multi-image_gallery":[],"jnews_single_post":{"format":"standard"},"jnews_primary_category":[],"jnews_social_meta":[],"jnews_override_counter":[],"footnotes":""},"categories":[26,1],"tags":[245,9344,207,1380],"class_list":["post-59499","post","type-post","status-publish","format-standard","has-post-thumbnail","hentry","category-cidades","category-noticias","tag-destinos","tag-minas","tag-minas-gerais","tag-sul-de-minas"],"yoast_head":"<!-- This site is optimized with the Yoast SEO plugin v23.8 - https:\/\/yoast.com\/wordpress\/plugins\/seo\/ -->\n<title>O destino mais acolhedor e surpreendente do sul de Minas - Estado de Minas - Em foco<\/title>\n<meta name=\"description\" content=\"Entre natureza e tradi\u00e7\u00e3o, essa cidade conquista os viajantes com sua energia acolhedora. Entenda por que a cidade virou tend\u00eancia.\" \/>\n<meta name=\"robots\" content=\"index, follow, max-snippet:-1, max-image-preview:large, max-video-preview:-1\" \/>\n<link rel=\"canonical\" href=\"https:\/\/www.em.com.br\/emfoco\/2025\/06\/13\/o-destino-mais-acolhedor-e-surpreendente-do-sul-de-minas\/\" \/>\n<meta property=\"og:locale\" content=\"pt_BR\" \/>\n<meta property=\"og:type\" content=\"article\" \/>\n<meta property=\"og:title\" content=\"O destino mais acolhedor e surpreendente do sul de Minas - Estado de Minas - Em foco\" \/>\n<meta property=\"og:description\" content=\"Entre natureza e tradi\u00e7\u00e3o, essa cidade conquista os viajantes com sua energia acolhedora. Entenda por que a cidade virou tend\u00eancia.\" \/>\n<meta property=\"og:url\" content=\"https:\/\/www.em.com.br\/emfoco\/2025\/06\/13\/o-destino-mais-acolhedor-e-surpreendente-do-sul-de-minas\/\" \/>\n<meta property=\"og:site_name\" content=\"Estado de Minas - Em foco\" \/>\n<meta property=\"article:published_time\" content=\"2025-06-13T21:20:00+00:00\" \/>\n<meta property=\"article:modified_time\" content=\"2025-06-13T00:56:04+00:00\" \/>\n<meta property=\"og:image\" content=\"https:\/\/www.em.com.br\/emfoco\/wp-content\/uploads\/2025\/06\/Igreja_da_Penha_de_Passos-MG.jpg\" \/>\n\t<meta property=\"og:image:width\" content=\"1280\" \/>\n\t<meta property=\"og:image:height\" content=\"720\" \/>\n\t<meta property=\"og:image:type\" content=\"image\/jpeg\" \/>\n<meta name=\"author\" content=\"Andre\u0301 Rangel\u00a0\" \/>\n<meta name=\"twitter:card\" content=\"summary_large_image\" \/>\n<meta name=\"twitter:label1\" content=\"Escrito por\" \/>\n\t<meta name=\"twitter:data1\" content=\"Andre\u0301 Rangel\u00a0\" \/>\n\t<meta name=\"twitter:label2\" content=\"Est. tempo de leitura\" \/>\n\t<meta name=\"twitter:data2\" content=\"5 minutos\" \/>\n<!-- \/ Yoast SEO plugin. -->","yoast_head_json":{"title":"O destino mais acolhedor e surpreendente do sul de Minas - Estado de Minas - Em foco","description":"Entre natureza e tradi\u00e7\u00e3o, essa cidade conquista os viajantes com sua energia acolhedora. Entenda por que a cidade virou tend\u00eancia.","robots":{"index":"index","follow":"follow","max-snippet":"max-snippet:-1","max-image-preview":"max-image-preview:large","max-video-preview":"max-video-preview:-1"},"canonical":"https:\/\/www.em.com.br\/emfoco\/2025\/06\/13\/o-destino-mais-acolhedor-e-surpreendente-do-sul-de-minas\/","og_locale":"pt_BR","og_type":"article","og_title":"O destino mais acolhedor e surpreendente do sul de Minas - Estado de Minas - Em foco","og_description":"Entre natureza e tradi\u00e7\u00e3o, essa cidade conquista os viajantes com sua energia acolhedora. Entenda por que a cidade virou tend\u00eancia.","og_url":"https:\/\/www.em.com.br\/emfoco\/2025\/06\/13\/o-destino-mais-acolhedor-e-surpreendente-do-sul-de-minas\/","og_site_name":"Estado de Minas - Em foco","article_published_time":"2025-06-13T21:20:00+00:00","article_modified_time":"2025-06-13T00:56:04+00:00","og_image":[{"width":1280,"height":720,"url":"https:\/\/www.em.com.br\/emfoco\/wp-content\/uploads\/2025\/06\/Igreja_da_Penha_de_Passos-MG.jpg","type":"image\/jpeg"}],"author":"Andre\u0301 Rangel\u00a0","twitter_card":"summary_large_image","twitter_misc":{"Escrito por":"Andre\u0301 Rangel\u00a0","Est. tempo de leitura":"5 minutos"},"schema":{"@context":"https:\/\/schema.org","@graph":[{"@type":"WebPage","@id":"https:\/\/www.em.com.br\/emfoco\/2025\/06\/13\/o-destino-mais-acolhedor-e-surpreendente-do-sul-de-minas\/","url":"https:\/\/www.em.com.br\/emfoco\/2025\/06\/13\/o-destino-mais-acolhedor-e-surpreendente-do-sul-de-minas\/","name":"O destino mais acolhedor e surpreendente do sul de Minas - Estado de Minas - Em foco","isPartOf":{"@id":"https:\/\/www.em.com.br\/emfoco\/#website"},"primaryImageOfPage":{"@id":"https:\/\/www.em.com.br\/emfoco\/2025\/06\/13\/o-destino-mais-acolhedor-e-surpreendente-do-sul-de-minas\/#primaryimage"},"image":{"@id":"https:\/\/www.em.com.br\/emfoco\/2025\/06\/13\/o-destino-mais-acolhedor-e-surpreendente-do-sul-de-minas\/#primaryimage"},"thumbnailUrl":"https:\/\/www.em.com.br\/emfoco\/wp-content\/uploads\/2025\/06\/Igreja_da_Penha_de_Passos-MG.jpg","datePublished":"2025-06-13T21:20:00+00:00","dateModified":"2025-06-13T00:56:04+00:00","author":{"@id":"https:\/\/www.em.com.br\/emfoco\/#\/schema\/person\/60eda09c1fedf0d6891f4cef4b60b8b8"},"description":"Entre natureza e tradi\u00e7\u00e3o, essa cidade conquista os viajantes com sua energia acolhedora. Entenda por que a cidade virou tend\u00eancia.","breadcrumb":{"@id":"https:\/\/www.em.com.br\/emfoco\/2025\/06\/13\/o-destino-mais-acolhedor-e-surpreendente-do-sul-de-minas\/#breadcrumb"},"inLanguage":"pt-BR","potentialAction":[{"@type":"ReadAction","target":["https:\/\/www.em.com.br\/emfoco\/2025\/06\/13\/o-destino-mais-acolhedor-e-surpreendente-do-sul-de-minas\/"]}]},{"@type":"ImageObject","inLanguage":"pt-BR","@id":"https:\/\/www.em.com.br\/emfoco\/2025\/06\/13\/o-destino-mais-acolhedor-e-surpreendente-do-sul-de-minas\/#primaryimage","url":"https:\/\/www.em.com.br\/emfoco\/wp-content\/uploads\/2025\/06\/Igreja_da_Penha_de_Passos-MG.jpg","contentUrl":"https:\/\/www.em.com.br\/emfoco\/wp-content\/uploads\/2025\/06\/Igreja_da_Penha_de_Passos-MG.jpg","width":1280,"height":720,"caption":"Igreja da Penha, Passos\u00a0- Cr\u00e9ditos: Divulga\u00e7\u00e3o\/Wikimedia Commons"},{"@type":"BreadcrumbList","@id":"https:\/\/www.em.com.br\/emfoco\/2025\/06\/13\/o-destino-mais-acolhedor-e-surpreendente-do-sul-de-minas\/#breadcrumb","itemListElement":[{"@type":"ListItem","position":1,"name":"In\u00edcio","item":"https:\/\/www.em.com.br\/emfoco\/"},{"@type":"ListItem","position":2,"name":"O destino mais acolhedor e surpreendente do sul de Minas"}]},{"@type":"WebSite","@id":"https:\/\/www.em.com.br\/emfoco\/#website","url":"https:\/\/www.em.com.br\/emfoco\/","name":"Estado de Minas - Em foco","description":"Acompanhe as \u00faltimas not\u00edcias e fique bem informado sobre tudo o que acontece em Minas Gerais, Brasil e no mundo.","potentialAction":[{"@type":"SearchAction","target":{"@type":"EntryPoint","urlTemplate":"https:\/\/www.em.com.br\/emfoco\/?s={search_term_string}"},"query-input":{"@type":"PropertyValueSpecification","valueRequired":true,"valueName":"search_term_string"}}],"inLanguage":"pt-BR"},{"@type":"Person","@id":"https:\/\/www.em.com.br\/emfoco\/#\/schema\/person\/60eda09c1fedf0d6891f4cef4b60b8b8","name":"Andre\u0301 Rangel\u00a0","image":{"@type":"ImageObject","inLanguage":"pt-BR","@id":"https:\/\/www.em.com.br\/emfoco\/#\/schema\/person\/image\/","url":"https:\/\/secure.gravatar.com\/avatar\/6234dc814c77c8ef6d8bba622c787efc?s=96&d=mm&r=g","contentUrl":"https:\/\/secure.gravatar.com\/avatar\/6234dc814c77c8ef6d8bba622c787efc?s=96&d=mm&r=g","caption":"Andre\u0301 Rangel\u00a0"},"url":"https:\/\/www.em.com.br\/emfoco\/author\/luizmyth\/"}]}},"_links":{"self":[{"href":"https:\/\/www.em.com.br\/emfoco\/wp-json\/wp\/v2\/posts\/59499","targetHints":{"allow":["GET"]}}],"collection":[{"href":"https:\/\/www.em.com.br\/emfoco\/wp-json\/wp\/v2\/posts"}],"about":[{"href":"https:\/\/www.em.com.br\/emfoco\/wp-json\/wp\/v2\/types\/post"}],"author":[{"embeddable":true,"href":"https:\/\/www.em.com.br\/emfoco\/wp-json\/wp\/v2\/users\/11"}],"replies":[{"embeddable":true,"href":"https:\/\/www.em.com.br\/emfoco\/wp-json\/wp\/v2\/comments?post=59499"}],"version-history":[{"count":4,"href":"https:\/\/www.em.com.br\/emfoco\/wp-json\/wp\/v2\/posts\/59499\/revisions"}],"predecessor-version":[{"id":59598,"href":"https:\/\/www.em.com.br\/emfoco\/wp-json\/wp\/v2\/posts\/59499\/revisions\/59598"}],"wp:featuredmedia":[{"embeddable":true,"href":"https:\/\/www.em.com.br\/emfoco\/wp-json\/wp\/v2\/media\/59596"}],"wp:attachment":[{"href":"https:\/\/www.em.com.br\/emfoco\/wp-json\/wp\/v2\/media?parent=59499"}],"wp:term":[{"taxonomy":"category","embeddable":true,"href":"https:\/\/www.em.com.br\/emfoco\/wp-json\/wp\/v2\/categories?post=59499"},{"taxonomy":"post_tag","embeddable":true,"href":"https:\/\/www.em.com.br\/emfoco\/wp-json\/wp\/v2\/tags?post=59499"}],"curies":[{"name":"wp","href":"https:\/\/api.w.org\/{rel}","templated":true}]}}