{"id":59219,"date":"2025-06-13T10:10:40","date_gmt":"2025-06-13T13:10:40","guid":{"rendered":"https:\/\/www.em.com.br\/emfoco\/?p=59219"},"modified":"2025-06-12T21:40:53","modified_gmt":"2025-06-13T00:40:53","slug":"o-que-esta-por-tras-da-nova-tributacao-dos-servicos-digitais","status":"publish","type":"post","link":"https:\/\/www.em.com.br\/emfoco\/2025\/06\/13\/o-que-esta-por-tras-da-nova-tributacao-dos-servicos-digitais\/","title":{"rendered":"O que est\u00e1 por tr\u00e1s da nova tributa\u00e7\u00e3o dos servi\u00e7os digitais?"},"content":{"rendered":"\n<p>Nos \u00faltimos anos, a discuss\u00e3o sobre a <a href=\"https:\/\/www.gov.br\/fazenda\/pt-br\/assuntos\/noticias\/2025\/junho\/haddad-destaca-avancos-economicos-e-justica-tributaria-em-audiencia-na-camara-dos-deputados\" target=\"_blank\" rel=\"noreferrer noopener\">tributa\u00e7\u00e3o <\/a>de servi\u00e7os digitais ganhou destaque no cen\u00e1rio nacional e internacional. O avan\u00e7o da tecnologia e a populariza\u00e7\u00e3o de plataformas online transformaram a forma como empresas oferecem produtos e servi\u00e7os, exigindo adapta\u00e7\u00f5es nas regras fiscais. Mudan\u00e7as nas <a href=\"https:\/\/www.em.com.br\/emfoco\/2025\/05\/09\/stf-aprova-nova-cobranca-no-imposto-de-renda-e-pode-custar-caro-para-os-brasileiros\/\" target=\"_blank\" rel=\"noreferrer noopener\">taxas <\/a>sobre servi\u00e7os digitais est\u00e3o previstas para breve, e essas altera\u00e7\u00f5es podem impactar diretamente consumidores, empresas e profissionais aut\u00f4nomos.<\/p>\n\n\n\n<p>Com a chegada de novas legisla\u00e7\u00f5es, tanto usu\u00e1rios quanto prestadores de servi\u00e7os digitais precisam se preparar para poss\u00edveis mudan\u00e7as nos pre\u00e7os e na forma de contrata\u00e7\u00e3o. A atualiza\u00e7\u00e3o das normas fiscais busca equilibrar a concorr\u00eancia entre empresas locais e estrangeiras, al\u00e9m de garantir arrecada\u00e7\u00e3o justa para os cofres p\u00fablicos. Em pa\u00edses como <strong>Brasil<\/strong>, a discuss\u00e3o ganhou complexidade diante do r\u00e1pido crescimento de plataformas globais no mercado local. Inclusive, a entrada de startups nacionais e o fortalecimento de fintechs ampliaram ainda mais o debate na m\u00eddia e junto ao legislativo.<\/p>\n\n\n\n<h2 class=\"wp-block-heading\">O que s\u00e3o taxas sobre servi\u00e7os digitais e por que est\u00e3o mudando?<\/h2>\n\n\n\n<p>As taxas sobre servi\u00e7os digitais correspondem a tributos cobrados sobre atividades realizadas por meio de plataformas online, como <strong>streaming<\/strong>, <strong>marketplaces<\/strong>, aplicativos de transporte e softwares em nuvem. A principal raz\u00e3o para a revis\u00e3o dessas taxas \u00e9 a necessidade de atualizar a legisla\u00e7\u00e3o tribut\u00e1ria, que muitas vezes n\u00e3o acompanha a velocidade das inova\u00e7\u00f5es tecnol\u00f3gicas.<\/p>\n\n\n\n<p>Com o crescimento de empresas globais atuando no mercado brasileiro, autoridades buscam evitar a evas\u00e3o fiscal e garantir que todas as companhias, independentemente de sua origem, contribuam de forma justa. Isso significa que plataformas internacionais, como <strong>Netflix<\/strong> e <strong>Spotify<\/strong>, podem passar a recolher impostos semelhantes aos cobrados de empresas nacionais. Essa tend\u00eancia \u00e9 observada tamb\u00e9m em debates no Congresso Nacional e nas reuni\u00f5es do G20 sobre tributa\u00e7\u00e3o digital.<\/p>\n\n\n\n<h2 class=\"wp-block-heading\">Como as mudan\u00e7as nas taxas digitais podem afetar o consumidor?<\/h2>\n\n\n\n<p>O impacto mais imediato para o consumidor pode ser o aumento no valor final de servi\u00e7os digitais. Com a aplica\u00e7\u00e3o de novas al\u00edquotas ou a inclus\u00e3o de impostos estaduais e municipais, empresas podem repassar parte dos custos para os usu\u00e1rios, tornando assinaturas e compras online mais caras.<\/p>\n\n\n\n<p>Al\u00e9m disso, a transpar\u00eancia sobre a composi\u00e7\u00e3o dos pre\u00e7os tende a aumentar, j\u00e1 que plataformas precisar\u00e3o detalhar os tributos incidentes em notas fiscais e recibos. Isso permite que o consumidor compreenda melhor o que est\u00e1 pagando e avalie o custo-benef\u00edcio de cada servi\u00e7o digital utilizado. Grandes cidades brasileiras, como <strong>S\u00e3o Paulo<\/strong> e <strong>Rio de Janeiro<\/strong>, podem ter regras diferenciadas nessas cobran\u00e7as, afetando consumidores de acordo com sua localiza\u00e7\u00e3o. Capitais de outros estados, como Belo Horizonte, tamb\u00e9m estudam legisla\u00e7\u00f5es pr\u00f3prias para acompanhar esse movimento.<\/p>\n\n\n\n<figure class=\"wp-block-image size-large\"><img loading=\"lazy\" decoding=\"async\" width=\"1024\" height=\"576\" src=\"https:\/\/www.em.com.br\/emfoco\/wp-content\/uploads\/2025\/06\/contas_1749690193881-1024x576.jpg\" alt=\"O que est\u00e1 por tr\u00e1s da nova tributa\u00e7\u00e3o dos servi\u00e7os digitais?\" class=\"wp-image-59225\" srcset=\"https:\/\/www.em.com.br\/emfoco\/wp-content\/uploads\/2025\/06\/contas_1749690193881-1024x576.jpg 1024w, https:\/\/www.em.com.br\/emfoco\/wp-content\/uploads\/2025\/06\/contas_1749690193881-300x169.jpg 300w, https:\/\/www.em.com.br\/emfoco\/wp-content\/uploads\/2025\/06\/contas_1749690193881-768x432.jpg 768w, https:\/\/www.em.com.br\/emfoco\/wp-content\/uploads\/2025\/06\/contas_1749690193881-750x422.jpg 750w, https:\/\/www.em.com.br\/emfoco\/wp-content\/uploads\/2025\/06\/contas_1749690193881-1140x641.jpg 1140w, https:\/\/www.em.com.br\/emfoco\/wp-content\/uploads\/2025\/06\/contas_1749690193881.jpg 1280w\" sizes=\"auto, (max-width: 1024px) 100vw, 1024px\" \/><figcaption class=\"wp-element-caption\">Vendo as contas &#8211; Cr\u00e9ditos: depositphotos.com \/ HayDmitriy<\/figcaption><\/figure>\n\n\n\n<h2 class=\"wp-block-heading\">Empresas de tecnologia estrangeiras ser\u00e3o afetadas pelas novas regras?<\/h2>\n\n\n\n<p>Empresas de tecnologia com sede fora do Brasil, como <strong>Amazon<\/strong>, <strong>Apple<\/strong> e <strong>Google<\/strong>, est\u00e3o entre as principais afetadas pelas mudan\u00e7as nas taxas sobre servi\u00e7os digitais. A inten\u00e7\u00e3o das autoridades \u00e9 criar um ambiente mais equilibrado, evitando que companhias estrangeiras tenham vantagens competitivas em rela\u00e7\u00e3o \u00e0s nacionais devido \u00e0 tributa\u00e7\u00e3o diferenciada.<\/p>\n\n\n\n<p>Essas empresas podem ser obrigadas a se registrar no pa\u00eds, recolher impostos locais e adaptar suas opera\u00e7\u00f5es para cumprir as novas exig\u00eancias. Isso pode resultar em ajustes nos pre\u00e7os ou na oferta de determinados servi\u00e7os, especialmente para pequenas e m\u00e9dias empresas que dependem dessas plataformas. Este movimento j\u00e1 ocorreu em outros mercados, como na <strong>Uni\u00e3o Europeia<\/strong> e nos <strong>Estados Unidos<\/strong>, servindo de exemplo para as mudan\u00e7as brasileiras. Vale lembrar que a discuss\u00e3o tamb\u00e9m est\u00e1 presente em f\u00f3runs como a OCDE, ampliando o alcance das futuras normativas.<\/p>\n\n\n\n<h2 class=\"wp-block-heading\">Quais setores e profissionais podem sentir mais impacto?<\/h2>\n\n\n\n<p>Setores como entretenimento, <strong>educa\u00e7\u00e3o online<\/strong>, <strong>com\u00e9rcio eletr\u00f4nico<\/strong> e servi\u00e7os de nuvem est\u00e3o entre os mais impactados pelas altera\u00e7\u00f5es nas taxas digitais. Profissionais aut\u00f4nomos que utilizam plataformas digitais para oferecer servi\u00e7os, como <strong>designers<\/strong>, <strong>professores<\/strong> e <strong>desenvolvedores<\/strong>, tamb\u00e9m podem sentir mudan\u00e7as em suas receitas e obriga\u00e7\u00f5es fiscais.<\/p>\n\n\n\n<p>Empresas de menor porte podem enfrentar desafios para se adaptar \u00e0s novas regras, especialmente em rela\u00e7\u00e3o \u00e0 burocracia e ao aumento de custos. Por outro lado, a atualiza\u00e7\u00e3o das normas pode estimular a formaliza\u00e7\u00e3o e a competitividade, beneficiando o mercado a longo prazo. Startups de base tecnol\u00f3gica devem permanecer atentas para ajustes regulat\u00f3rios e buscar assessoria tribut\u00e1ria preventiva.<\/p>\n\n\n\n<h2 class=\"wp-block-heading\">Como se preparar para as novas taxas sobre servi\u00e7os digitais?<\/h2>\n\n\n\n<p>Empresas e profissionais que atuam no ambiente digital podem adotar algumas medidas para se adaptar \u00e0s mudan\u00e7as. Entre elas, destaca-se a atualiza\u00e7\u00e3o de sistemas de faturamento, o acompanhamento das legisla\u00e7\u00f5es municipais, estaduais e federais, e a busca por orienta\u00e7\u00e3o especializada para evitar problemas fiscais.<\/p>\n\n\n\n<p>Consumidores, por sua vez, podem acompanhar not\u00edcias sobre o tema, revisar contratos de assinatura e buscar alternativas que ofere\u00e7am melhor custo-benef\u00edcio. A adapta\u00e7\u00e3o \u00e0s novas regras ser\u00e1 fundamental para garantir o acesso a servi\u00e7os digitais de forma regularizada e transparente. Inclusive, consultorias especializadas j\u00e1 oferecem apoio para entender as particularidades de cada legisla\u00e7\u00e3o aplic\u00e1vel em diferentes estados e munic\u00edpios. Semin\u00e1rios e workshops t\u00eam sido promovidos em universidades e entidades do setor para melhor orienta\u00e7\u00e3o de empresas e usu\u00e1rios.<\/p>\n\n\n\n<h2 class=\"wp-block-heading\">Perguntas e respostas<\/h2>\n\n\n\n<ol class=\"wp-block-list\">\n<li><strong>Quando as novas taxas sobre servi\u00e7os digitais entram em vigor?<\/strong> <br>A previs\u00e3o \u00e9 que as mudan\u00e7as comecem a ser implementadas ainda em <strong>2025<\/strong>, dependendo da aprova\u00e7\u00e3o de projetos de lei e regulamenta\u00e7\u00f5es espec\u00edficas.<\/li>\n\n\n\n<li><strong>As pequenas empresas tamb\u00e9m ser\u00e3o afetadas?<\/strong> <br>Sim, todas as empresas que oferecem servi\u00e7os digitais, independentemente do porte, precisar\u00e3o se adequar \u00e0s novas regras tribut\u00e1rias.<\/li>\n\n\n\n<li><strong>Existe diferen\u00e7a entre taxas federais, estaduais e municipais?<\/strong> <br>Sim, cada esfera pode criar ou ajustar tributos espec\u00edficos sobre servi\u00e7os digitais, o que pode resultar em diferentes valores dependendo da localiza\u00e7\u00e3o do consumidor ou da empresa.<\/li>\n\n\n\n<li><strong>Plataformas de streaming nacionais e internacionais pagar\u00e3o os mesmos impostos?<\/strong> <br>A tend\u00eancia \u00e9 que as novas regras busquem equiparar a tributa\u00e7\u00e3o entre empresas nacionais e estrangeiras, promovendo maior equil\u00edbrio no mercado.<\/li>\n\n\n\n<li><strong>As mudan\u00e7as afetam apenas servi\u00e7os de assinatura?<\/strong> <br>N\u00e3o, qualquer servi\u00e7o ou produto digital comercializado online pode ser impactado, incluindo compras avulsas, licen\u00e7as de software e conte\u00fados educacionais.<\/li>\n<\/ol>\n","protected":false},"excerpt":{"rendered":"<p>Nos \u00faltimos anos, a discuss\u00e3o sobre a tributa\u00e7\u00e3o de servi\u00e7os digitais ganhou destaque no cen\u00e1rio nacional e internacional. O avan\u00e7o da tecnologia e a populariza\u00e7\u00e3o de plataformas online transformaram a forma como empresas oferecem produtos e servi\u00e7os, exigindo adapta\u00e7\u00f5es nas regras fiscais. Mudan\u00e7as nas taxas sobre servi\u00e7os digitais est\u00e3o previstas para breve, e essas altera\u00e7\u00f5es [&hellip;]<\/p>\n","protected":false},"author":18,"featured_media":59223,"comment_status":"open","ping_status":"open","sticky":false,"template":"","format":"standard","meta":{"jnews-multi-image_gallery":[],"jnews_single_post":{"format":"standard"},"jnews_primary_category":[],"jnews_social_meta":[],"jnews_override_counter":[],"footnotes":""},"categories":[1],"tags":[10224,465,941,1105],"class_list":["post-59219","post","type-post","status-publish","format-standard","has-post-thumbnail","hentry","category-noticias","tag-aumento-de-imposto","tag-governo","tag-imposto","tag-tributacao"],"yoast_head":"<!-- This site is optimized with the Yoast SEO plugin v23.8 - https:\/\/yoast.com\/wordpress\/plugins\/seo\/ -->\n<title>O que est\u00e1 por tr\u00e1s da nova tributa\u00e7\u00e3o dos servi\u00e7os digitais? - Estado de Minas - Em foco<\/title>\n<meta name=\"description\" content=\"Servi\u00e7os digitais devem passar por novas regras de tributa\u00e7\u00e3o em 2025. Veja como isso pode afetar pre\u00e7os e contratos de plataformas online.\" \/>\n<meta name=\"robots\" content=\"index, follow, max-snippet:-1, max-image-preview:large, max-video-preview:-1\" \/>\n<link rel=\"canonical\" href=\"https:\/\/www.em.com.br\/emfoco\/2025\/06\/13\/o-que-esta-por-tras-da-nova-tributacao-dos-servicos-digitais\/\" \/>\n<meta property=\"og:locale\" content=\"pt_BR\" \/>\n<meta property=\"og:type\" content=\"article\" \/>\n<meta property=\"og:title\" content=\"O que est\u00e1 por tr\u00e1s da nova tributa\u00e7\u00e3o dos servi\u00e7os digitais? - Estado de Minas - Em foco\" \/>\n<meta property=\"og:description\" content=\"Servi\u00e7os digitais devem passar por novas regras de tributa\u00e7\u00e3o em 2025. Veja como isso pode afetar pre\u00e7os e contratos de plataformas online.\" \/>\n<meta property=\"og:url\" content=\"https:\/\/www.em.com.br\/emfoco\/2025\/06\/13\/o-que-esta-por-tras-da-nova-tributacao-dos-servicos-digitais\/\" \/>\n<meta property=\"og:site_name\" content=\"Estado de Minas - Em foco\" \/>\n<meta property=\"article:published_time\" content=\"2025-06-13T13:10:40+00:00\" \/>\n<meta property=\"article:modified_time\" content=\"2025-06-13T00:40:53+00:00\" \/>\n<meta property=\"og:image\" content=\"https:\/\/www.em.com.br\/emfoco\/wp-content\/uploads\/2025\/06\/tributacao_1749690037486.jpg\" \/>\n\t<meta property=\"og:image:width\" content=\"1280\" \/>\n\t<meta property=\"og:image:height\" content=\"720\" \/>\n\t<meta property=\"og:image:type\" content=\"image\/jpeg\" \/>\n<meta name=\"author\" content=\"Julio Cesar\" \/>\n<meta name=\"twitter:card\" content=\"summary_large_image\" \/>\n<meta name=\"twitter:label1\" content=\"Escrito por\" \/>\n\t<meta name=\"twitter:data1\" content=\"Julio Cesar\" \/>\n\t<meta name=\"twitter:label2\" content=\"Est. tempo de leitura\" \/>\n\t<meta name=\"twitter:data2\" content=\"6 minutos\" \/>\n<!-- \/ Yoast SEO plugin. -->","yoast_head_json":{"title":"O que est\u00e1 por tr\u00e1s da nova tributa\u00e7\u00e3o dos servi\u00e7os digitais? - Estado de Minas - Em foco","description":"Servi\u00e7os digitais devem passar por novas regras de tributa\u00e7\u00e3o em 2025. Veja como isso pode afetar pre\u00e7os e contratos de plataformas online.","robots":{"index":"index","follow":"follow","max-snippet":"max-snippet:-1","max-image-preview":"max-image-preview:large","max-video-preview":"max-video-preview:-1"},"canonical":"https:\/\/www.em.com.br\/emfoco\/2025\/06\/13\/o-que-esta-por-tras-da-nova-tributacao-dos-servicos-digitais\/","og_locale":"pt_BR","og_type":"article","og_title":"O que est\u00e1 por tr\u00e1s da nova tributa\u00e7\u00e3o dos servi\u00e7os digitais? - Estado de Minas - Em foco","og_description":"Servi\u00e7os digitais devem passar por novas regras de tributa\u00e7\u00e3o em 2025. Veja como isso pode afetar pre\u00e7os e contratos de plataformas online.","og_url":"https:\/\/www.em.com.br\/emfoco\/2025\/06\/13\/o-que-esta-por-tras-da-nova-tributacao-dos-servicos-digitais\/","og_site_name":"Estado de Minas - Em foco","article_published_time":"2025-06-13T13:10:40+00:00","article_modified_time":"2025-06-13T00:40:53+00:00","og_image":[{"width":1280,"height":720,"url":"https:\/\/www.em.com.br\/emfoco\/wp-content\/uploads\/2025\/06\/tributacao_1749690037486.jpg","type":"image\/jpeg"}],"author":"Julio Cesar","twitter_card":"summary_large_image","twitter_misc":{"Escrito por":"Julio Cesar","Est. tempo de leitura":"6 minutos"},"schema":{"@context":"https:\/\/schema.org","@graph":[{"@type":"WebPage","@id":"https:\/\/www.em.com.br\/emfoco\/2025\/06\/13\/o-que-esta-por-tras-da-nova-tributacao-dos-servicos-digitais\/","url":"https:\/\/www.em.com.br\/emfoco\/2025\/06\/13\/o-que-esta-por-tras-da-nova-tributacao-dos-servicos-digitais\/","name":"O que est\u00e1 por tr\u00e1s da nova tributa\u00e7\u00e3o dos servi\u00e7os digitais? - Estado de Minas - Em foco","isPartOf":{"@id":"https:\/\/www.em.com.br\/emfoco\/#website"},"primaryImageOfPage":{"@id":"https:\/\/www.em.com.br\/emfoco\/2025\/06\/13\/o-que-esta-por-tras-da-nova-tributacao-dos-servicos-digitais\/#primaryimage"},"image":{"@id":"https:\/\/www.em.com.br\/emfoco\/2025\/06\/13\/o-que-esta-por-tras-da-nova-tributacao-dos-servicos-digitais\/#primaryimage"},"thumbnailUrl":"https:\/\/www.em.com.br\/emfoco\/wp-content\/uploads\/2025\/06\/tributacao_1749690037486.jpg","datePublished":"2025-06-13T13:10:40+00:00","dateModified":"2025-06-13T00:40:53+00:00","author":{"@id":"https:\/\/www.em.com.br\/emfoco\/#\/schema\/person\/08c4a03e38018bbab9038d5f788321fc"},"description":"Servi\u00e7os digitais devem passar por novas regras de tributa\u00e7\u00e3o em 2025. Veja como isso pode afetar pre\u00e7os e contratos de plataformas online.","breadcrumb":{"@id":"https:\/\/www.em.com.br\/emfoco\/2025\/06\/13\/o-que-esta-por-tras-da-nova-tributacao-dos-servicos-digitais\/#breadcrumb"},"inLanguage":"pt-BR","potentialAction":[{"@type":"ReadAction","target":["https:\/\/www.em.com.br\/emfoco\/2025\/06\/13\/o-que-esta-por-tras-da-nova-tributacao-dos-servicos-digitais\/"]}]},{"@type":"ImageObject","inLanguage":"pt-BR","@id":"https:\/\/www.em.com.br\/emfoco\/2025\/06\/13\/o-que-esta-por-tras-da-nova-tributacao-dos-servicos-digitais\/#primaryimage","url":"https:\/\/www.em.com.br\/emfoco\/wp-content\/uploads\/2025\/06\/tributacao_1749690037486.jpg","contentUrl":"https:\/\/www.em.com.br\/emfoco\/wp-content\/uploads\/2025\/06\/tributacao_1749690037486.jpg","width":1280,"height":720,"caption":"Fazendo contas - Cr\u00e9ditos: depositphotos.com \/ alfexe"},{"@type":"BreadcrumbList","@id":"https:\/\/www.em.com.br\/emfoco\/2025\/06\/13\/o-que-esta-por-tras-da-nova-tributacao-dos-servicos-digitais\/#breadcrumb","itemListElement":[{"@type":"ListItem","position":1,"name":"In\u00edcio","item":"https:\/\/www.em.com.br\/emfoco\/"},{"@type":"ListItem","position":2,"name":"O que est\u00e1 por tr\u00e1s da nova tributa\u00e7\u00e3o dos servi\u00e7os digitais?"}]},{"@type":"WebSite","@id":"https:\/\/www.em.com.br\/emfoco\/#website","url":"https:\/\/www.em.com.br\/emfoco\/","name":"Estado de Minas - Em foco","description":"Acompanhe as \u00faltimas not\u00edcias e fique bem informado sobre tudo o que acontece em Minas Gerais, Brasil e no mundo.","potentialAction":[{"@type":"SearchAction","target":{"@type":"EntryPoint","urlTemplate":"https:\/\/www.em.com.br\/emfoco\/?s={search_term_string}"},"query-input":{"@type":"PropertyValueSpecification","valueRequired":true,"valueName":"search_term_string"}}],"inLanguage":"pt-BR"},{"@type":"Person","@id":"https:\/\/www.em.com.br\/emfoco\/#\/schema\/person\/08c4a03e38018bbab9038d5f788321fc","name":"Julio Cesar","image":{"@type":"ImageObject","inLanguage":"pt-BR","@id":"https:\/\/www.em.com.br\/emfoco\/#\/schema\/person\/image\/","url":"https:\/\/secure.gravatar.com\/avatar\/ab1ea64f0d4f4c1385f8ef10d5a6e758?s=96&d=mm&r=g","contentUrl":"https:\/\/secure.gravatar.com\/avatar\/ab1ea64f0d4f4c1385f8ef10d5a6e758?s=96&d=mm&r=g","caption":"Julio Cesar"},"url":"https:\/\/www.em.com.br\/emfoco\/author\/juliomyth\/"}]}},"_links":{"self":[{"href":"https:\/\/www.em.com.br\/emfoco\/wp-json\/wp\/v2\/posts\/59219","targetHints":{"allow":["GET"]}}],"collection":[{"href":"https:\/\/www.em.com.br\/emfoco\/wp-json\/wp\/v2\/posts"}],"about":[{"href":"https:\/\/www.em.com.br\/emfoco\/wp-json\/wp\/v2\/types\/post"}],"author":[{"embeddable":true,"href":"https:\/\/www.em.com.br\/emfoco\/wp-json\/wp\/v2\/users\/18"}],"replies":[{"embeddable":true,"href":"https:\/\/www.em.com.br\/emfoco\/wp-json\/wp\/v2\/comments?post=59219"}],"version-history":[{"count":2,"href":"https:\/\/www.em.com.br\/emfoco\/wp-json\/wp\/v2\/posts\/59219\/revisions"}],"predecessor-version":[{"id":59229,"href":"https:\/\/www.em.com.br\/emfoco\/wp-json\/wp\/v2\/posts\/59219\/revisions\/59229"}],"wp:featuredmedia":[{"embeddable":true,"href":"https:\/\/www.em.com.br\/emfoco\/wp-json\/wp\/v2\/media\/59223"}],"wp:attachment":[{"href":"https:\/\/www.em.com.br\/emfoco\/wp-json\/wp\/v2\/media?parent=59219"}],"wp:term":[{"taxonomy":"category","embeddable":true,"href":"https:\/\/www.em.com.br\/emfoco\/wp-json\/wp\/v2\/categories?post=59219"},{"taxonomy":"post_tag","embeddable":true,"href":"https:\/\/www.em.com.br\/emfoco\/wp-json\/wp\/v2\/tags?post=59219"}],"curies":[{"name":"wp","href":"https:\/\/api.w.org\/{rel}","templated":true}]}}