{"id":59186,"date":"2025-06-14T10:30:14","date_gmt":"2025-06-14T13:30:14","guid":{"rendered":"https:\/\/www.em.com.br\/emfoco\/?p=59186"},"modified":"2025-06-13T18:39:56","modified_gmt":"2025-06-13T21:39:56","slug":"medo-constante-de-mau-cheiro-pode-ter-origem-mental","status":"publish","type":"post","link":"https:\/\/www.em.com.br\/emfoco\/2025\/06\/14\/medo-constante-de-mau-cheiro-pode-ter-origem-mental\/","title":{"rendered":"Medo constante de mau cheiro pode ter origem mental"},"content":{"rendered":"\n<p>Sentir-se constantemente preocupado com o pr\u00f3prio odor corporal \u00e9 uma experi\u00eancia mais comum do que se imagina. Muitas pessoas relatam a sensa\u00e7\u00e3o de que est\u00e3o exalando um cheiro desagrad\u00e1vel, mesmo quando n\u00e3o h\u00e1 evid\u00eancias concretas disso. Essa inquieta\u00e7\u00e3o pode impactar o dia a dia, interferindo em rela\u00e7\u00f5es sociais, profissionais e at\u00e9 mesmo na autoestima.<\/p>\n\n\n\n<p>Segundo especialistas em sa\u00fade mental, essa preocupa\u00e7\u00e3o frequente pode estar relacionada a fatores psicol\u00f3gicos espec\u00edficos. O entendimento desse fen\u00f4meno \u00e9 fundamental para quem busca <a href=\"https:\/\/www.em.com.br\/emfoco\/2025\/06\/10\/5-exercicios-para-melhorar-sua-saude-fisica-e-mental-hoje\/\" target=\"_blank\" rel=\"noreferrer noopener\">compreender <\/a>melhor suas pr\u00f3prias percep\u00e7\u00f5es e lidar de forma mais saud\u00e1vel com o medo do mau odor corporal.<\/p>\n\n\n\n<h2 class=\"wp-block-heading\">O que \u00e9 a preocupa\u00e7\u00e3o excessiva com o odor corporal?<\/h2>\n\n\n\n<p>A preocupa\u00e7\u00e3o constante com o cheiro do pr\u00f3prio corpo \u00e9 conhecida, no campo da psicologia, como s\u00edndrome do odor corporal imagin\u00e1rio ou bromidrofobia. Trata-se de um quadro em que o indiv\u00edduo acredita, de maneira persistente, que est\u00e1 exalando um odor desagrad\u00e1vel, mesmo sem confirma\u00e7\u00e3o por parte de outras pessoas.<\/p>\n\n\n\n<p>Esse tipo de preocupa\u00e7\u00e3o pode levar a comportamentos repetitivos, como tomar v\u00e1rios banhos ao dia, trocar de roupa frequentemente ou evitar ambientes sociais. Em muitos casos, o medo do mau cheiro corporal n\u00e3o est\u00e1 relacionado a uma condi\u00e7\u00e3o f\u00edsica real, mas sim a uma percep\u00e7\u00e3o distorcida do pr\u00f3prio corpo.<\/p>\n\n\n<div class=\"wp-block-image\">\n<figure class=\"aligncenter size-large\"><img loading=\"lazy\" decoding=\"async\" width=\"1024\" height=\"576\" src=\"https:\/\/www.em.com.br\/emfoco\/wp-content\/uploads\/2025\/06\/mau-cheiro_1749688430116-1024x576.jpg\" alt=\"Medo do mau cheiro\" class=\"wp-image-59193\" srcset=\"https:\/\/www.em.com.br\/emfoco\/wp-content\/uploads\/2025\/06\/mau-cheiro_1749688430116-1024x576.jpg 1024w, https:\/\/www.em.com.br\/emfoco\/wp-content\/uploads\/2025\/06\/mau-cheiro_1749688430116-300x169.jpg 300w, https:\/\/www.em.com.br\/emfoco\/wp-content\/uploads\/2025\/06\/mau-cheiro_1749688430116-768x432.jpg 768w, https:\/\/www.em.com.br\/emfoco\/wp-content\/uploads\/2025\/06\/mau-cheiro_1749688430116-750x422.jpg 750w, https:\/\/www.em.com.br\/emfoco\/wp-content\/uploads\/2025\/06\/mau-cheiro_1749688430116-1140x641.jpg 1140w, https:\/\/www.em.com.br\/emfoco\/wp-content\/uploads\/2025\/06\/mau-cheiro_1749688430116.jpg 1280w\" sizes=\"auto, (max-width: 1024px) 100vw, 1024px\" \/><figcaption class=\"wp-element-caption\">Medo do mau cheiro &#8211; Cr\u00e9ditos: depositphotos.com \/ paikong<\/figcaption><\/figure><\/div>\n\n\n<h2 class=\"wp-block-heading\">Quais fatores psicol\u00f3gicos est\u00e3o envolvidos?<\/h2>\n\n\n\n<p>De acordo com a psicologia, diversos fatores podem contribuir para o surgimento dessa preocupa\u00e7\u00e3o. Entre eles, destacam-se a ansiedade social, baixa autoestima e experi\u00eancias negativas anteriores, como situa\u00e7\u00f5es de constrangimento ou coment\u00e1rios sobre higiene pessoal.<\/p>\n\n\n\n<p>Al\u00e9m disso, transtornos como o transtorno obsessivo-compulsivo (TOC) podem estar associados \u00e0 preocupa\u00e7\u00e3o exagerada com odores corporais. Nesses casos, pensamentos intrusivos e comportamentos compulsivos tornam-se frequentes, dificultando o controle da ansiedade relacionada ao tema.<\/p>\n\n\n\n<h2 class=\"wp-block-heading\">Como diferenciar preocupa\u00e7\u00e3o normal de um poss\u00edvel transtorno?<\/h2>\n\n\n\n<p>\u00c9 natural que, em <a href=\"https:\/\/www.gov.br\/ebserh\/pt-br\/comunicacao\/noticias\/a-importancia-do-cuidado-com-a-saude-mental-no-ambiente-de-trabalho\" target=\"_blank\" rel=\"noreferrer noopener\">determinadas <\/a>situa\u00e7\u00f5es, as pessoas se preocupem com a higiene e o odor do corpo, especialmente em ambientes sociais ou profissionais. No entanto, quando essa preocupa\u00e7\u00e3o se torna constante, intensa e interfere nas atividades di\u00e1rias, pode ser sinal de um transtorno psicol\u00f3gico.<\/p>\n\n\n\n<p>Alguns sinais de alerta incluem: evitar contato social por medo do mau cheiro, sentir vergonha excessiva mesmo ap\u00f3s cuidados de higiene, e buscar confirma\u00e7\u00e3o repetida de terceiros sobre o pr\u00f3prio odor. Caso esses comportamentos estejam presentes, \u00e9 recomend\u00e1vel buscar orienta\u00e7\u00e3o de um profissional de sa\u00fade mental.<\/p>\n\n\n\n<h2 class=\"wp-block-heading\">Quais s\u00e3o as consequ\u00eancias desse medo persistente?<\/h2>\n\n\n\n<p>O receio cont\u00ednuo de ter mau odor corporal pode trazer impactos significativos para a qualidade de vida. Pessoas que enfrentam esse tipo de preocupa\u00e7\u00e3o tendem a se isolar, evitar situa\u00e7\u00f5es sociais e desenvolver sentimentos de inadequa\u00e7\u00e3o. Isso pode afetar o desempenho no trabalho, os relacionamentos e at\u00e9 mesmo a sa\u00fade emocional.<\/p>\n\n\n\n<p>Al\u00e9m do isolamento, podem surgir sintomas como ansiedade, tristeza e at\u00e9 quadros depressivos. O ciclo de preocupa\u00e7\u00e3o e comportamentos repetitivos pode se intensificar ao longo do tempo, tornando mais dif\u00edcil lidar com a situa\u00e7\u00e3o sem apoio adequado.<\/p>\n\n\n\n<h2 class=\"wp-block-heading\">Como lidar com a preocupa\u00e7\u00e3o de ter mau odor corporal?<\/h2>\n\n\n\n<p>Existem estrat\u00e9gias que podem ajudar a reduzir a ansiedade relacionada ao medo do mau cheiro. Pr\u00e1ticas como o autocuidado, a manuten\u00e7\u00e3o de uma rotina de higiene adequada e o desenvolvimento da autoconfian\u00e7a s\u00e3o importantes. No entanto, quando a preocupa\u00e7\u00e3o persiste, a busca por acompanhamento psicol\u00f3gico pode ser fundamental.<\/p>\n\n\n\n<p>Profissionais de sa\u00fade mental podem utilizar abordagens como a terapia cognitivo-comportamental para ajudar o indiv\u00edduo a identificar pensamentos distorcidos e modificar comportamentos compulsivos. Em alguns casos, o suporte de grupos de apoio tamb\u00e9m pode ser ben\u00e9fico, promovendo o compartilhamento de experi\u00eancias e a redu\u00e7\u00e3o do isolamento.<\/p>\n","protected":false},"excerpt":{"rendered":"<p>Sentir-se constantemente preocupado com o pr\u00f3prio odor corporal \u00e9 uma experi\u00eancia mais comum do que se imagina. Muitas pessoas relatam a sensa\u00e7\u00e3o de que est\u00e3o exalando um cheiro desagrad\u00e1vel, mesmo quando n\u00e3o h\u00e1 evid\u00eancias concretas disso. Essa inquieta\u00e7\u00e3o pode impactar o dia a dia, interferindo em rela\u00e7\u00f5es sociais, profissionais e at\u00e9 mesmo na autoestima. Segundo [&hellip;]<\/p>\n","protected":false},"author":15,"featured_media":59191,"comment_status":"open","ping_status":"open","sticky":false,"template":"","format":"standard","meta":{"jnews-multi-image_gallery":[],"jnews_single_post":{"format":"standard"},"jnews_primary_category":[],"jnews_social_meta":[],"jnews_override_counter":[],"footnotes":""},"categories":[8819],"tags":[4947,4889,10221,9739,410],"class_list":["post-59186","post","type-post","status-publish","format-standard","has-post-thumbnail","hentry","category-curiosidades","tag-ansiedade","tag-autoestima","tag-bromidrofobia","tag-odor-corporal","tag-saude-mental"],"yoast_head":"<!-- This site is optimized with the Yoast SEO plugin v23.8 - https:\/\/yoast.com\/wordpress\/plugins\/seo\/ -->\n<title>Medo constante de mau cheiro pode ter origem mental - Estado de Minas - Em foco<\/title>\n<meta name=\"description\" content=\"Achar que est\u00e1 sempre com mau cheiro pode ir al\u00e9m da higiene. Psic\u00f3logos explicam como isso pode ser sinal de transtorno obsessivo.\" \/>\n<meta name=\"robots\" content=\"index, follow, max-snippet:-1, max-image-preview:large, max-video-preview:-1\" \/>\n<link rel=\"canonical\" href=\"https:\/\/www.em.com.br\/emfoco\/2025\/06\/14\/medo-constante-de-mau-cheiro-pode-ter-origem-mental\/\" \/>\n<meta property=\"og:locale\" content=\"pt_BR\" \/>\n<meta property=\"og:type\" content=\"article\" \/>\n<meta property=\"og:title\" content=\"Medo constante de mau cheiro pode ter origem mental - Estado de Minas - Em foco\" \/>\n<meta property=\"og:description\" content=\"Achar que est\u00e1 sempre com mau cheiro pode ir al\u00e9m da higiene. Psic\u00f3logos explicam como isso pode ser sinal de transtorno obsessivo.\" \/>\n<meta property=\"og:url\" content=\"https:\/\/www.em.com.br\/emfoco\/2025\/06\/14\/medo-constante-de-mau-cheiro-pode-ter-origem-mental\/\" \/>\n<meta property=\"og:site_name\" content=\"Estado de Minas - Em foco\" \/>\n<meta property=\"article:published_time\" content=\"2025-06-14T13:30:14+00:00\" \/>\n<meta property=\"article:modified_time\" content=\"2025-06-13T21:39:56+00:00\" \/>\n<meta property=\"og:image\" content=\"https:\/\/www.em.com.br\/emfoco\/wp-content\/uploads\/2025\/06\/mau-cheiro_1749688350177.jpg\" \/>\n\t<meta property=\"og:image:width\" content=\"1280\" \/>\n\t<meta property=\"og:image:height\" content=\"720\" \/>\n\t<meta property=\"og:image:type\" content=\"image\/jpeg\" \/>\n<meta name=\"author\" content=\"Douglas Myth\" \/>\n<meta name=\"twitter:card\" content=\"summary_large_image\" \/>\n<meta name=\"twitter:label1\" content=\"Escrito por\" \/>\n\t<meta name=\"twitter:data1\" content=\"Douglas Myth\" \/>\n\t<meta name=\"twitter:label2\" content=\"Est. tempo de leitura\" \/>\n\t<meta name=\"twitter:data2\" content=\"4 minutos\" \/>\n<!-- \/ Yoast SEO plugin. -->","yoast_head_json":{"title":"Medo constante de mau cheiro pode ter origem mental - Estado de Minas - Em foco","description":"Achar que est\u00e1 sempre com mau cheiro pode ir al\u00e9m da higiene. Psic\u00f3logos explicam como isso pode ser sinal de transtorno obsessivo.","robots":{"index":"index","follow":"follow","max-snippet":"max-snippet:-1","max-image-preview":"max-image-preview:large","max-video-preview":"max-video-preview:-1"},"canonical":"https:\/\/www.em.com.br\/emfoco\/2025\/06\/14\/medo-constante-de-mau-cheiro-pode-ter-origem-mental\/","og_locale":"pt_BR","og_type":"article","og_title":"Medo constante de mau cheiro pode ter origem mental - Estado de Minas - Em foco","og_description":"Achar que est\u00e1 sempre com mau cheiro pode ir al\u00e9m da higiene. Psic\u00f3logos explicam como isso pode ser sinal de transtorno obsessivo.","og_url":"https:\/\/www.em.com.br\/emfoco\/2025\/06\/14\/medo-constante-de-mau-cheiro-pode-ter-origem-mental\/","og_site_name":"Estado de Minas - Em foco","article_published_time":"2025-06-14T13:30:14+00:00","article_modified_time":"2025-06-13T21:39:56+00:00","og_image":[{"width":1280,"height":720,"url":"https:\/\/www.em.com.br\/emfoco\/wp-content\/uploads\/2025\/06\/mau-cheiro_1749688350177.jpg","type":"image\/jpeg"}],"author":"Douglas Myth","twitter_card":"summary_large_image","twitter_misc":{"Escrito por":"Douglas Myth","Est. tempo de leitura":"4 minutos"},"schema":{"@context":"https:\/\/schema.org","@graph":[{"@type":"WebPage","@id":"https:\/\/www.em.com.br\/emfoco\/2025\/06\/14\/medo-constante-de-mau-cheiro-pode-ter-origem-mental\/","url":"https:\/\/www.em.com.br\/emfoco\/2025\/06\/14\/medo-constante-de-mau-cheiro-pode-ter-origem-mental\/","name":"Medo constante de mau cheiro pode ter origem mental - Estado de Minas - Em foco","isPartOf":{"@id":"https:\/\/www.em.com.br\/emfoco\/#website"},"primaryImageOfPage":{"@id":"https:\/\/www.em.com.br\/emfoco\/2025\/06\/14\/medo-constante-de-mau-cheiro-pode-ter-origem-mental\/#primaryimage"},"image":{"@id":"https:\/\/www.em.com.br\/emfoco\/2025\/06\/14\/medo-constante-de-mau-cheiro-pode-ter-origem-mental\/#primaryimage"},"thumbnailUrl":"https:\/\/www.em.com.br\/emfoco\/wp-content\/uploads\/2025\/06\/mau-cheiro_1749688350177.jpg","datePublished":"2025-06-14T13:30:14+00:00","dateModified":"2025-06-13T21:39:56+00:00","author":{"@id":"https:\/\/www.em.com.br\/emfoco\/#\/schema\/person\/bba594b7eebe9b9885fec3a5c7837089"},"description":"Achar que est\u00e1 sempre com mau cheiro pode ir al\u00e9m da higiene. Psic\u00f3logos explicam como isso pode ser sinal de transtorno obsessivo.","breadcrumb":{"@id":"https:\/\/www.em.com.br\/emfoco\/2025\/06\/14\/medo-constante-de-mau-cheiro-pode-ter-origem-mental\/#breadcrumb"},"inLanguage":"pt-BR","potentialAction":[{"@type":"ReadAction","target":["https:\/\/www.em.com.br\/emfoco\/2025\/06\/14\/medo-constante-de-mau-cheiro-pode-ter-origem-mental\/"]}]},{"@type":"ImageObject","inLanguage":"pt-BR","@id":"https:\/\/www.em.com.br\/emfoco\/2025\/06\/14\/medo-constante-de-mau-cheiro-pode-ter-origem-mental\/#primaryimage","url":"https:\/\/www.em.com.br\/emfoco\/wp-content\/uploads\/2025\/06\/mau-cheiro_1749688350177.jpg","contentUrl":"https:\/\/www.em.com.br\/emfoco\/wp-content\/uploads\/2025\/06\/mau-cheiro_1749688350177.jpg","width":1280,"height":720,"caption":"Medo constante de mau cheiro - Cr\u00e9ditos: depositphotos.com \/ kyolshin"},{"@type":"BreadcrumbList","@id":"https:\/\/www.em.com.br\/emfoco\/2025\/06\/14\/medo-constante-de-mau-cheiro-pode-ter-origem-mental\/#breadcrumb","itemListElement":[{"@type":"ListItem","position":1,"name":"In\u00edcio","item":"https:\/\/www.em.com.br\/emfoco\/"},{"@type":"ListItem","position":2,"name":"Medo constante de mau cheiro pode ter origem mental"}]},{"@type":"WebSite","@id":"https:\/\/www.em.com.br\/emfoco\/#website","url":"https:\/\/www.em.com.br\/emfoco\/","name":"Estado de Minas - Em foco","description":"Acompanhe as \u00faltimas not\u00edcias e fique bem informado sobre tudo o que acontece em Minas Gerais, Brasil e no mundo.","potentialAction":[{"@type":"SearchAction","target":{"@type":"EntryPoint","urlTemplate":"https:\/\/www.em.com.br\/emfoco\/?s={search_term_string}"},"query-input":{"@type":"PropertyValueSpecification","valueRequired":true,"valueName":"search_term_string"}}],"inLanguage":"pt-BR"},{"@type":"Person","@id":"https:\/\/www.em.com.br\/emfoco\/#\/schema\/person\/bba594b7eebe9b9885fec3a5c7837089","name":"Douglas Myth","image":{"@type":"ImageObject","inLanguage":"pt-BR","@id":"https:\/\/www.em.com.br\/emfoco\/#\/schema\/person\/image\/","url":"https:\/\/secure.gravatar.com\/avatar\/1ac3cf50d0e68642c697dc0c960c802f?s=96&d=mm&r=g","contentUrl":"https:\/\/secure.gravatar.com\/avatar\/1ac3cf50d0e68642c697dc0c960c802f?s=96&d=mm&r=g","caption":"Douglas Myth"},"url":"https:\/\/www.em.com.br\/emfoco\/author\/douglasmyth\/"}]}},"_links":{"self":[{"href":"https:\/\/www.em.com.br\/emfoco\/wp-json\/wp\/v2\/posts\/59186","targetHints":{"allow":["GET"]}}],"collection":[{"href":"https:\/\/www.em.com.br\/emfoco\/wp-json\/wp\/v2\/posts"}],"about":[{"href":"https:\/\/www.em.com.br\/emfoco\/wp-json\/wp\/v2\/types\/post"}],"author":[{"embeddable":true,"href":"https:\/\/www.em.com.br\/emfoco\/wp-json\/wp\/v2\/users\/15"}],"replies":[{"embeddable":true,"href":"https:\/\/www.em.com.br\/emfoco\/wp-json\/wp\/v2\/comments?post=59186"}],"version-history":[{"count":2,"href":"https:\/\/www.em.com.br\/emfoco\/wp-json\/wp\/v2\/posts\/59186\/revisions"}],"predecessor-version":[{"id":59196,"href":"https:\/\/www.em.com.br\/emfoco\/wp-json\/wp\/v2\/posts\/59186\/revisions\/59196"}],"wp:featuredmedia":[{"embeddable":true,"href":"https:\/\/www.em.com.br\/emfoco\/wp-json\/wp\/v2\/media\/59191"}],"wp:attachment":[{"href":"https:\/\/www.em.com.br\/emfoco\/wp-json\/wp\/v2\/media?parent=59186"}],"wp:term":[{"taxonomy":"category","embeddable":true,"href":"https:\/\/www.em.com.br\/emfoco\/wp-json\/wp\/v2\/categories?post=59186"},{"taxonomy":"post_tag","embeddable":true,"href":"https:\/\/www.em.com.br\/emfoco\/wp-json\/wp\/v2\/tags?post=59186"}],"curies":[{"name":"wp","href":"https:\/\/api.w.org\/{rel}","templated":true}]}}