{"id":59029,"date":"2025-06-12T08:10:00","date_gmt":"2025-06-12T11:10:00","guid":{"rendered":"https:\/\/www.em.com.br\/emfoco\/?p=59029"},"modified":"2025-06-11T15:54:51","modified_gmt":"2025-06-11T18:54:51","slug":"voce-pode-estar-pagando-ipva-sem-saber-que-tem-direito-a-isencao","status":"publish","type":"post","link":"https:\/\/www.em.com.br\/emfoco\/2025\/06\/12\/voce-pode-estar-pagando-ipva-sem-saber-que-tem-direito-a-isencao\/","title":{"rendered":"Voc\u00ea pode estar pagando IPVA sem saber que tem direito \u00e0 isen\u00e7\u00e3o"},"content":{"rendered":"\n<p>A isen\u00e7\u00e3o de impostos \u00e9 um benef\u00edcio previsto em lei que permite a determinados grupos ou situa\u00e7\u00f5es n\u00e3o pagarem alguns tributos obrigat\u00f3rios. No <strong>Brasil<\/strong>, essa medida busca garantir justi\u00e7a fiscal, facilitando o acesso a bens e servi\u00e7os essenciais para quem enfrenta condi\u00e7\u00f5es espec\u00edficas, como pessoas com defici\u00eancia, doen\u00e7as graves ou entidades sem fins lucrativos. O objetivo \u00e9 aliviar a carga tribut\u00e1ria de quem, por lei, se enquadra em crit\u00e9rios estabelecidos para cada tipo de imposto.<\/p>\n\n\n\n<p>A aplica\u00e7\u00e3o da isen\u00e7\u00e3o depende do imposto em quest\u00e3o e das regras definidas por \u00f3rg\u00e3os federais, estaduais ou municipais. Cada tributo, como <strong><a href=\"https:\/\/www.em.com.br\/emfoco\/2025\/04\/21\/devolucao-do-ipva-pelo-governo-pega-donos-de-veiculos-de-surpresa-em-2025\/\" target=\"_blank\" rel=\"noreferrer noopener\">IPVA<\/a>, IPI ou <a href=\"https:\/\/www.gov.br\/pt-br\/servicos-estaduais\/acessar-aliquotas-de-icms\" target=\"_blank\" rel=\"noreferrer noopener\">ICMS<\/a><\/strong>, possui normas pr\u00f3prias para concess\u00e3o do benef\u00edcio. Por isso, \u00e9 fundamental que o interessado conhe\u00e7a as exig\u00eancias e apresente a documenta\u00e7\u00e3o correta ao solicitar a isen\u00e7\u00e3o junto ao \u00f3rg\u00e3o respons\u00e1vel.<\/p>\n\n\n\n<h2 class=\"wp-block-heading\">Quem pode solicitar isen\u00e7\u00e3o do IPVA atualmente?<\/h2>\n\n\n<div class=\"wp-block-image\">\n<figure class=\"aligncenter size-large\"><img loading=\"lazy\" decoding=\"async\" width=\"1024\" height=\"576\" src=\"https:\/\/www.em.com.br\/emfoco\/wp-content\/uploads\/2025\/06\/ipva_1749659764049-1024x576.jpg\" alt=\"\" class=\"wp-image-59057\" srcset=\"https:\/\/www.em.com.br\/emfoco\/wp-content\/uploads\/2025\/06\/ipva_1749659764049-1024x576.jpg 1024w, https:\/\/www.em.com.br\/emfoco\/wp-content\/uploads\/2025\/06\/ipva_1749659764049-300x169.jpg 300w, https:\/\/www.em.com.br\/emfoco\/wp-content\/uploads\/2025\/06\/ipva_1749659764049-768x432.jpg 768w, https:\/\/www.em.com.br\/emfoco\/wp-content\/uploads\/2025\/06\/ipva_1749659764049-750x422.jpg 750w, https:\/\/www.em.com.br\/emfoco\/wp-content\/uploads\/2025\/06\/ipva_1749659764049-1140x641.jpg 1140w, https:\/\/www.em.com.br\/emfoco\/wp-content\/uploads\/2025\/06\/ipva_1749659764049.jpg 1280w\" sizes=\"auto, (max-width: 1024px) 100vw, 1024px\" \/><figcaption class=\"wp-element-caption\">Blocos escrito IPVA &#8211; Cr\u00e9ditos: depositphotos.com \/ rmcarvalhobsb<\/figcaption><\/figure><\/div>\n\n\n<p>O <strong>IPVA<\/strong>, <strong>Imposto sobre a Propriedade de Ve\u00edculos Automotores<\/strong>, pode ser isento para algumas categorias de contribuintes. Em 2025, pessoas com defici\u00eancia f\u00edsica, visual, mental severa ou autistas continuam tendo direito \u00e0 isen\u00e7\u00e3o, desde que o ve\u00edculo esteja registrado em seu nome e seja utilizado para seu benef\u00edcio. Al\u00e9m disso, em alguns estados, taxistas, mototaxistas e ve\u00edculos de entidades filantr\u00f3picas tamb\u00e9m podem solicitar o benef\u00edcio.<\/p>\n\n\n\n<p>As regras variam conforme a legisla\u00e7\u00e3o de cada estado brasileiro, sendo necess\u00e1rio consultar o <strong>Detran <\/strong>ou a <strong>Secretaria da Fazenda local<\/strong> para saber os crit\u00e9rios atualizados. Em geral, \u00e9 preciso apresentar laudos m\u00e9dicos, documentos do ve\u00edculo e comprova\u00e7\u00e3o de v\u00ednculo com a atividade ou condi\u00e7\u00e3o que garante a isen\u00e7\u00e3o.<\/p>\n\n\n\n<h2 class=\"wp-block-heading\">Quais s\u00e3o os requisitos para obter isen\u00e7\u00e3o do IPI na compra de ve\u00edculos?<\/h2>\n\n\n\n<p>O <strong>IPI<\/strong>, <strong>Imposto sobre Produtos Industrializados<\/strong>, pode ser isento na aquisi\u00e7\u00e3o de ve\u00edculos novos por pessoas com defici\u00eancia, autistas e taxistas. Para ter acesso ao benef\u00edcio, o interessado deve comprovar sua condi\u00e7\u00e3o por meio de laudo m\u00e9dico emitido por servi\u00e7o oficial e apresentar a documenta\u00e7\u00e3o exigida pela <strong>Receita Federal<\/strong>. O ve\u00edculo adquirido com isen\u00e7\u00e3o deve ser adaptado, se necess\u00e1rio, e destinado ao uso do benefici\u00e1rio.<\/p>\n\n\n\n<p>Al\u00e9m disso, h\u00e1 limites de valor e especifica\u00e7\u00f5es t\u00e9cnicas para os ve\u00edculos que podem ser adquiridos com isen\u00e7\u00e3o do IPI. O benef\u00edcio n\u00e3o \u00e9 cumulativo para compras frequentes, havendo um prazo m\u00ednimo para nova aquisi\u00e7\u00e3o com isen\u00e7\u00e3o. \u00c9 importante consultar a legisla\u00e7\u00e3o vigente e os procedimentos junto \u00e0 <strong>Receita Federal<\/strong> antes de iniciar o processo.<\/p>\n\n\n\n<h2 class=\"wp-block-heading\">Quais outras isen\u00e7\u00f5es de tributos existem para pessoas com doen\u00e7as graves?<\/h2>\n\n\n\n<p>Pessoas diagnosticadas com doen\u00e7as graves, como c\u00e2ncer, <strong>HIV<\/strong>, esclerose m\u00faltipla, entre outras, podem ter direito \u00e0 isen\u00e7\u00e3o de alguns impostos. Entre os principais benef\u00edcios est\u00e3o a isen\u00e7\u00e3o do Imposto de Renda sobre aposentadoria, pens\u00e3o ou reforma, desde que a doen\u00e7a esteja listada na legisla\u00e7\u00e3o e seja comprovada por laudo m\u00e9dico oficial. Essa medida visa proporcionar maior al\u00edvio financeiro para quem enfrenta tratamentos prolongados e custos elevados.<\/p>\n\n\n\n<p>Al\u00e9m do <strong><a href=\"https:\/\/www.gov.br\/receitafederal\/pt-br\/assuntos\/meu-imposto-de-renda\" target=\"_blank\" rel=\"noreferrer noopener\">Imposto de Renda<\/a><\/strong>, em alguns estados, pessoas com doen\u00e7as graves tamb\u00e9m podem solicitar isen\u00e7\u00e3o de <strong>IPVA <\/strong>e outros tributos relacionados \u00e0 aquisi\u00e7\u00e3o de ve\u00edculos. Cada benef\u00edcio exige a apresenta\u00e7\u00e3o de documentos espec\u00edficos e, em geral, passa por an\u00e1lise detalhada dos \u00f3rg\u00e3os respons\u00e1veis para evitar fraudes e garantir que o direito seja concedido a quem realmente necessita.<\/p>\n\n\n\n<h2 class=\"wp-block-heading\">Como solicitar a isen\u00e7\u00e3o de impostos e quais documentos s\u00e3o necess\u00e1rios?<\/h2>\n\n\n\n<p>O processo para solicitar isen\u00e7\u00e3o de impostos varia conforme o tributo e o \u00f3rg\u00e3o respons\u00e1vel. Em geral, o interessado deve reunir documentos como laudo m\u00e9dico atualizado, comprovante de resid\u00eancia, documentos pessoais e do ve\u00edculo, al\u00e9m de formul\u00e1rios espec\u00edficos exigidos por cada \u00f3rg\u00e3o. Para isen\u00e7\u00e3o de <strong>IPVA<\/strong>, por exemplo, o pedido \u00e9 feito junto ao <strong>Detran <\/strong>ou <strong>Secretaria da Fazenda<\/strong> do estado, enquanto a isen\u00e7\u00e3o de <strong>IPI <\/strong>\u00e9 solicitada na <strong><a href=\"https:\/\/www.gov.br\/receitafederal\/pt-br\" target=\"_blank\" rel=\"noreferrer noopener\">Receita Federal<\/a><\/strong>.<\/p>\n\n\n\n<p>Ap\u00f3s reunir a documenta\u00e7\u00e3o, o requerente deve protocolar o pedido e aguardar a an\u00e1lise do \u00f3rg\u00e3o competente. Em caso de aprova\u00e7\u00e3o, o benef\u00edcio \u00e9 concedido pelo per\u00edodo determinado em lei, podendo ser renovado mediante nova avalia\u00e7\u00e3o. \u00c9 fundamental acompanhar o andamento do processo e manter os documentos atualizados para evitar a perda do direito \u00e0 isen\u00e7\u00e3o.<\/p>\n","protected":false},"excerpt":{"rendered":"<p>A isen\u00e7\u00e3o de impostos \u00e9 um benef\u00edcio previsto em lei que permite a determinados grupos ou situa\u00e7\u00f5es n\u00e3o pagarem alguns tributos obrigat\u00f3rios. No Brasil, essa medida busca garantir justi\u00e7a fiscal, facilitando o acesso a bens e servi\u00e7os essenciais para quem enfrenta condi\u00e7\u00f5es espec\u00edficas, como pessoas com defici\u00eancia, doen\u00e7as graves ou entidades sem fins lucrativos. O [&hellip;]<\/p>\n","protected":false},"author":20,"featured_media":55004,"comment_status":"open","ping_status":"open","sticky":false,"template":"","format":"standard","meta":{"jnews-multi-image_gallery":[],"jnews_single_post":{"format":"standard"},"jnews_primary_category":[],"jnews_social_meta":[],"jnews_override_counter":[],"footnotes":""},"categories":[28,1],"tags":[2718,715],"class_list":["post-59029","post","type-post","status-publish","format-standard","has-post-thumbnail","hentry","category-economia","category-noticias","tag-ipva-2025","tag-isencao"],"yoast_head":"<!-- This site is optimized with the Yoast SEO plugin v23.8 - https:\/\/yoast.com\/wordpress\/plugins\/seo\/ -->\n<title>Voc\u00ea pode estar pagando IPVA sem saber que tem direito \u00e0 isen\u00e7\u00e3o - Estado de Minas - Em foco<\/title>\n<meta name=\"description\" content=\"Isen\u00e7\u00e3o de impostos como o IPVA traz al\u00edvio para pessoas com defici\u00eancia e outras categorias. Entenda quem tem direito neste ano.\" \/>\n<meta name=\"robots\" content=\"index, follow, max-snippet:-1, max-image-preview:large, max-video-preview:-1\" \/>\n<link rel=\"canonical\" href=\"https:\/\/www.em.com.br\/emfoco\/2025\/06\/12\/voce-pode-estar-pagando-ipva-sem-saber-que-tem-direito-a-isencao\/\" \/>\n<meta property=\"og:locale\" content=\"pt_BR\" \/>\n<meta property=\"og:type\" content=\"article\" \/>\n<meta property=\"og:title\" content=\"Voc\u00ea pode estar pagando IPVA sem saber que tem direito \u00e0 isen\u00e7\u00e3o - Estado de Minas - Em foco\" \/>\n<meta property=\"og:description\" content=\"Isen\u00e7\u00e3o de impostos como o IPVA traz al\u00edvio para pessoas com defici\u00eancia e outras categorias. Entenda quem tem direito neste ano.\" \/>\n<meta property=\"og:url\" content=\"https:\/\/www.em.com.br\/emfoco\/2025\/06\/12\/voce-pode-estar-pagando-ipva-sem-saber-que-tem-direito-a-isencao\/\" \/>\n<meta property=\"og:site_name\" content=\"Estado de Minas - Em foco\" \/>\n<meta property=\"article:published_time\" content=\"2025-06-12T11:10:00+00:00\" \/>\n<meta property=\"article:modified_time\" content=\"2025-06-11T18:54:51+00:00\" \/>\n<meta property=\"og:image\" content=\"https:\/\/www.em.com.br\/emfoco\/wp-content\/uploads\/2025\/06\/dinheiro-reais_1748976565269.jpg\" \/>\n\t<meta property=\"og:image:width\" content=\"1280\" \/>\n\t<meta property=\"og:image:height\" content=\"720\" \/>\n\t<meta property=\"og:image:type\" content=\"image\/jpeg\" \/>\n<meta name=\"author\" content=\"Ingrid Diniz\" \/>\n<meta name=\"twitter:card\" content=\"summary_large_image\" \/>\n<meta name=\"twitter:label1\" content=\"Escrito por\" \/>\n\t<meta name=\"twitter:data1\" content=\"Ingrid Diniz\" \/>\n\t<meta name=\"twitter:label2\" content=\"Est. tempo de leitura\" \/>\n\t<meta name=\"twitter:data2\" content=\"5 minutos\" \/>\n<!-- \/ Yoast SEO plugin. -->","yoast_head_json":{"title":"Voc\u00ea pode estar pagando IPVA sem saber que tem direito \u00e0 isen\u00e7\u00e3o - Estado de Minas - Em foco","description":"Isen\u00e7\u00e3o de impostos como o IPVA traz al\u00edvio para pessoas com defici\u00eancia e outras categorias. Entenda quem tem direito neste ano.","robots":{"index":"index","follow":"follow","max-snippet":"max-snippet:-1","max-image-preview":"max-image-preview:large","max-video-preview":"max-video-preview:-1"},"canonical":"https:\/\/www.em.com.br\/emfoco\/2025\/06\/12\/voce-pode-estar-pagando-ipva-sem-saber-que-tem-direito-a-isencao\/","og_locale":"pt_BR","og_type":"article","og_title":"Voc\u00ea pode estar pagando IPVA sem saber que tem direito \u00e0 isen\u00e7\u00e3o - Estado de Minas - Em foco","og_description":"Isen\u00e7\u00e3o de impostos como o IPVA traz al\u00edvio para pessoas com defici\u00eancia e outras categorias. Entenda quem tem direito neste ano.","og_url":"https:\/\/www.em.com.br\/emfoco\/2025\/06\/12\/voce-pode-estar-pagando-ipva-sem-saber-que-tem-direito-a-isencao\/","og_site_name":"Estado de Minas - Em foco","article_published_time":"2025-06-12T11:10:00+00:00","article_modified_time":"2025-06-11T18:54:51+00:00","og_image":[{"width":1280,"height":720,"url":"https:\/\/www.em.com.br\/emfoco\/wp-content\/uploads\/2025\/06\/dinheiro-reais_1748976565269.jpg","type":"image\/jpeg"}],"author":"Ingrid Diniz","twitter_card":"summary_large_image","twitter_misc":{"Escrito por":"Ingrid Diniz","Est. tempo de leitura":"5 minutos"},"schema":{"@context":"https:\/\/schema.org","@graph":[{"@type":"WebPage","@id":"https:\/\/www.em.com.br\/emfoco\/2025\/06\/12\/voce-pode-estar-pagando-ipva-sem-saber-que-tem-direito-a-isencao\/","url":"https:\/\/www.em.com.br\/emfoco\/2025\/06\/12\/voce-pode-estar-pagando-ipva-sem-saber-que-tem-direito-a-isencao\/","name":"Voc\u00ea pode estar pagando IPVA sem saber que tem direito \u00e0 isen\u00e7\u00e3o - Estado de Minas - Em foco","isPartOf":{"@id":"https:\/\/www.em.com.br\/emfoco\/#website"},"primaryImageOfPage":{"@id":"https:\/\/www.em.com.br\/emfoco\/2025\/06\/12\/voce-pode-estar-pagando-ipva-sem-saber-que-tem-direito-a-isencao\/#primaryimage"},"image":{"@id":"https:\/\/www.em.com.br\/emfoco\/2025\/06\/12\/voce-pode-estar-pagando-ipva-sem-saber-que-tem-direito-a-isencao\/#primaryimage"},"thumbnailUrl":"https:\/\/www.em.com.br\/emfoco\/wp-content\/uploads\/2025\/06\/dinheiro-reais_1748976565269.jpg","datePublished":"2025-06-12T11:10:00+00:00","dateModified":"2025-06-11T18:54:51+00:00","author":{"@id":"https:\/\/www.em.com.br\/emfoco\/#\/schema\/person\/649e610b4eb8fff87ff394e54fe17b2b"},"description":"Isen\u00e7\u00e3o de impostos como o IPVA traz al\u00edvio para pessoas com defici\u00eancia e outras categorias. Entenda quem tem direito neste ano.","breadcrumb":{"@id":"https:\/\/www.em.com.br\/emfoco\/2025\/06\/12\/voce-pode-estar-pagando-ipva-sem-saber-que-tem-direito-a-isencao\/#breadcrumb"},"inLanguage":"pt-BR","potentialAction":[{"@type":"ReadAction","target":["https:\/\/www.em.com.br\/emfoco\/2025\/06\/12\/voce-pode-estar-pagando-ipva-sem-saber-que-tem-direito-a-isencao\/"]}]},{"@type":"ImageObject","inLanguage":"pt-BR","@id":"https:\/\/www.em.com.br\/emfoco\/2025\/06\/12\/voce-pode-estar-pagando-ipva-sem-saber-que-tem-direito-a-isencao\/#primaryimage","url":"https:\/\/www.em.com.br\/emfoco\/wp-content\/uploads\/2025\/06\/dinheiro-reais_1748976565269.jpg","contentUrl":"https:\/\/www.em.com.br\/emfoco\/wp-content\/uploads\/2025\/06\/dinheiro-reais_1748976565269.jpg","width":1280,"height":720,"caption":"Aumento do INSS para idosos - Cr\u00e9ditos: depositphotos.com \/ verganifotografia"},{"@type":"BreadcrumbList","@id":"https:\/\/www.em.com.br\/emfoco\/2025\/06\/12\/voce-pode-estar-pagando-ipva-sem-saber-que-tem-direito-a-isencao\/#breadcrumb","itemListElement":[{"@type":"ListItem","position":1,"name":"In\u00edcio","item":"https:\/\/www.em.com.br\/emfoco\/"},{"@type":"ListItem","position":2,"name":"Voc\u00ea pode estar pagando IPVA sem saber que tem direito \u00e0 isen\u00e7\u00e3o"}]},{"@type":"WebSite","@id":"https:\/\/www.em.com.br\/emfoco\/#website","url":"https:\/\/www.em.com.br\/emfoco\/","name":"Estado de Minas - Em foco","description":"Acompanhe as \u00faltimas not\u00edcias e fique bem informado sobre tudo o que acontece em Minas Gerais, Brasil e no mundo.","potentialAction":[{"@type":"SearchAction","target":{"@type":"EntryPoint","urlTemplate":"https:\/\/www.em.com.br\/emfoco\/?s={search_term_string}"},"query-input":{"@type":"PropertyValueSpecification","valueRequired":true,"valueName":"search_term_string"}}],"inLanguage":"pt-BR"},{"@type":"Person","@id":"https:\/\/www.em.com.br\/emfoco\/#\/schema\/person\/649e610b4eb8fff87ff394e54fe17b2b","name":"Ingrid Diniz","image":{"@type":"ImageObject","inLanguage":"pt-BR","@id":"https:\/\/www.em.com.br\/emfoco\/#\/schema\/person\/image\/","url":"https:\/\/secure.gravatar.com\/avatar\/a3baa1449ec5c39b4c42babc9d4f3951?s=96&d=mm&r=g","contentUrl":"https:\/\/secure.gravatar.com\/avatar\/a3baa1449ec5c39b4c42babc9d4f3951?s=96&d=mm&r=g","caption":"Ingrid Diniz"},"sameAs":["https:\/\/www.em.com.br\/"],"url":"https:\/\/www.em.com.br\/emfoco\/author\/ingridmyth\/"}]}},"_links":{"self":[{"href":"https:\/\/www.em.com.br\/emfoco\/wp-json\/wp\/v2\/posts\/59029","targetHints":{"allow":["GET"]}}],"collection":[{"href":"https:\/\/www.em.com.br\/emfoco\/wp-json\/wp\/v2\/posts"}],"about":[{"href":"https:\/\/www.em.com.br\/emfoco\/wp-json\/wp\/v2\/types\/post"}],"author":[{"embeddable":true,"href":"https:\/\/www.em.com.br\/emfoco\/wp-json\/wp\/v2\/users\/20"}],"replies":[{"embeddable":true,"href":"https:\/\/www.em.com.br\/emfoco\/wp-json\/wp\/v2\/comments?post=59029"}],"version-history":[{"count":1,"href":"https:\/\/www.em.com.br\/emfoco\/wp-json\/wp\/v2\/posts\/59029\/revisions"}],"predecessor-version":[{"id":59058,"href":"https:\/\/www.em.com.br\/emfoco\/wp-json\/wp\/v2\/posts\/59029\/revisions\/59058"}],"wp:featuredmedia":[{"embeddable":true,"href":"https:\/\/www.em.com.br\/emfoco\/wp-json\/wp\/v2\/media\/55004"}],"wp:attachment":[{"href":"https:\/\/www.em.com.br\/emfoco\/wp-json\/wp\/v2\/media?parent=59029"}],"wp:term":[{"taxonomy":"category","embeddable":true,"href":"https:\/\/www.em.com.br\/emfoco\/wp-json\/wp\/v2\/categories?post=59029"},{"taxonomy":"post_tag","embeddable":true,"href":"https:\/\/www.em.com.br\/emfoco\/wp-json\/wp\/v2\/tags?post=59029"}],"curies":[{"name":"wp","href":"https:\/\/api.w.org\/{rel}","templated":true}]}}