{"id":59028,"date":"2025-06-12T06:10:00","date_gmt":"2025-06-12T09:10:00","guid":{"rendered":"https:\/\/www.em.com.br\/emfoco\/?p=59028"},"modified":"2025-06-11T15:54:30","modified_gmt":"2025-06-11T18:54:30","slug":"cadunico-abre-caminho-para-quem-mais-precisa-de-apoio-financeiro","status":"publish","type":"post","link":"https:\/\/www.em.com.br\/emfoco\/2025\/06\/12\/cadunico-abre-caminho-para-quem-mais-precisa-de-apoio-financeiro\/","title":{"rendered":"Cad\u00danico abre caminho para quem mais precisa de apoio financeiro!"},"content":{"rendered":"\n<p>O <strong>Cadastro \u00danico<\/strong> <strong>para Programas Sociais do Governo Federal<\/strong>, conhecido como <strong>Cad\u00danico<\/strong>, \u00e9 uma ferramenta fundamental para identificar e registrar fam\u00edlias de baixa renda em todo o <strong>Brasil<\/strong>. Ele serve como base para a sele\u00e7\u00e3o de benefici\u00e1rios de diversos programas sociais, garantindo que o aux\u00edlio chegue a quem realmente precisa. Desde sua cria\u00e7\u00e3o, o <strong>Cad\u00danico <\/strong>tem sido essencial para a formula\u00e7\u00e3o de pol\u00edticas p\u00fablicas voltadas \u00e0 redu\u00e7\u00e3o das desigualdades sociais.<\/p>\n\n\n\n<p>A import\u00e2ncia do <strong>Cad\u00danico <\/strong>vai al\u00e9m do simples registro de informa\u00e7\u00f5es. Ele permite que o governo conhe\u00e7a melhor a realidade das fam\u00edlias brasileiras em situa\u00e7\u00e3o de vulnerabilidade, facilitando o acesso a benef\u00edcios como o <strong>Bolsa Fam\u00edlia<\/strong>, <strong>Tarifa Social de Energia El\u00e9trica<\/strong>, <strong>Benef\u00edcio de Presta\u00e7\u00e3o Continuada<\/strong> (<a href=\"https:\/\/www.em.com.br\/emfoco\/2025\/06\/07\/saiba-como-solicitar-o-bpc-loas-e-garantir-uma-renda-mensal\/\" target=\"_blank\" rel=\"noreferrer noopener\">BPC<\/a>), entre outros. Dessa forma, o <strong>Cad\u00danico <\/strong>se consolida como uma porta de entrada para o acesso a direitos sociais.<\/p>\n\n\n\n<h2 class=\"wp-block-heading\">Quem pode se inscrever no Cad\u00danico?<\/h2>\n\n\n<div class=\"wp-block-image\">\n<figure class=\"aligncenter size-large\"><img loading=\"lazy\" decoding=\"async\" width=\"1024\" height=\"576\" src=\"https:\/\/www.em.com.br\/emfoco\/wp-content\/uploads\/2025\/06\/homeoffice_1749221783187-1024x576.jpg\" alt=\"Regras do home office mudaram e muitos ainda n\u00e3o sabem\" class=\"wp-image-57189\" srcset=\"https:\/\/www.em.com.br\/emfoco\/wp-content\/uploads\/2025\/06\/homeoffice_1749221783187-1024x576.jpg 1024w, https:\/\/www.em.com.br\/emfoco\/wp-content\/uploads\/2025\/06\/homeoffice_1749221783187-300x169.jpg 300w, https:\/\/www.em.com.br\/emfoco\/wp-content\/uploads\/2025\/06\/homeoffice_1749221783187-768x432.jpg 768w, https:\/\/www.em.com.br\/emfoco\/wp-content\/uploads\/2025\/06\/homeoffice_1749221783187-750x422.jpg 750w, https:\/\/www.em.com.br\/emfoco\/wp-content\/uploads\/2025\/06\/homeoffice_1749221783187-1140x641.jpg 1140w, https:\/\/www.em.com.br\/emfoco\/wp-content\/uploads\/2025\/06\/homeoffice_1749221783187.jpg 1280w\" sizes=\"auto, (max-width: 1024px) 100vw, 1024px\" \/><figcaption class=\"wp-element-caption\">Homem em home office &#8211; Cr\u00e9ditos: depositphotos.com \/ HayDmitriy<\/figcaption><\/figure><\/div>\n\n\n<p>O <strong><a href=\"https:\/\/www.gov.br\/pt-br\/servicos\/consultar-dados-do-cadastro-unico-cadunico\" target=\"_blank\" rel=\"noreferrer noopener\">Cad\u00danico <\/a><\/strong>\u00e9 destinado principalmente a fam\u00edlias que vivem em situa\u00e7\u00e3o de pobreza ou extrema pobreza. Para ser eleg\u00edvel, \u00e9 necess\u00e1rio que a renda mensal por pessoa da fam\u00edlia seja de at\u00e9 meio sal\u00e1rio m\u00ednimo, ou que a renda total familiar n\u00e3o ultrapasse tr\u00eas sal\u00e1rios m\u00ednimos. Al\u00e9m disso, pessoas que vivem sozinhas ou em situa\u00e7\u00e3o de rua tamb\u00e9m podem realizar o cadastro.<\/p>\n\n\n\n<p>A inscri\u00e7\u00e3o \u00e9 aberta tanto para brasileiros quanto para estrangeiros residentes no pa\u00eds, desde que atendam aos crit\u00e9rios de renda estabelecidos. O cadastro \u00e9 volunt\u00e1rio, mas essencial para quem deseja participar de programas sociais federais, estaduais ou municipais. A atualiza\u00e7\u00e3o dos dados deve ser feita sempre que houver mudan\u00e7as na composi\u00e7\u00e3o familiar ou na renda.<\/p>\n\n\n\n<h2 class=\"wp-block-heading\">Como realizar o cadastro no Cad\u00danico?<\/h2>\n\n\n\n<p>O processo de inscri\u00e7\u00e3o no <strong>Cad\u00danico <\/strong>come\u00e7a com o comparecimento do respons\u00e1vel familiar a um <strong>Centro de Refer\u00eancia de Assist\u00eancia Social<\/strong> (CRAS) ou posto de atendimento autorizado pelo munic\u00edpio. \u00c9 necess\u00e1rio apresentar documentos de identifica\u00e7\u00e3o de todos os membros da fam\u00edlia, como RG, CPF, certid\u00e3o de nascimento ou casamento, al\u00e9m de comprovante de resid\u00eancia e de renda, quando houver.<\/p>\n\n\n\n<p>Ap\u00f3s o preenchimento do formul\u00e1rio, as informa\u00e7\u00f5es s\u00e3o analisadas e inseridas no sistema do governo federal. O cadastro n\u00e3o garante automaticamente o recebimento de benef\u00edcios, mas \u00e9 um pr\u00e9-requisito para a sele\u00e7\u00e3o em diversos programas sociais. Recomenda-se manter os dados sempre atualizados para evitar a suspens\u00e3o de benef\u00edcios ou a perda de oportunidades.<\/p>\n\n\n\n<h2 class=\"wp-block-heading\">Quais programas sociais utilizam o Cad\u00danico como refer\u00eancia?<\/h2>\n\n\n\n<p>Diversos programas sociais utilizam o <strong>Cad\u00danico <\/strong>como crit\u00e9rio de sele\u00e7\u00e3o e acompanhamento dos benefici\u00e1rios. Entre os principais, destacam-se o <strong>Bolsa Fam\u00edlia<\/strong>, o <strong>Benef\u00edcio de Presta\u00e7\u00e3o Continuada<\/strong> (BPC), a <strong>Tarifa Social de Energia El\u00e9trica<\/strong>, o <strong>Programa Minha Casa, Minha Vida<\/strong> e o <strong>Programa Aux\u00edlio G\u00e1s<\/strong>. Cada um desses benef\u00edcios possui regras espec\u00edficas, mas todos exigem o cadastro atualizado.<\/p>\n\n\n\n<p>Al\u00e9m dos programas federais, muitos estados e munic\u00edpios utilizam o <strong>Cad\u00danico <\/strong>para implementar pol\u00edticas locais de assist\u00eancia social, como distribui\u00e7\u00e3o de cestas b\u00e1sicas, isen\u00e7\u00e3o de taxas e acesso a cursos de qualifica\u00e7\u00e3o profissional. Dessa forma, o <strong>Cad\u00danico <\/strong>amplia o alcance das pol\u00edticas p\u00fablicas e facilita a inclus\u00e3o social de fam\u00edlias em situa\u00e7\u00e3o de vulnerabilidade.<\/p>\n\n\n\n<h2 class=\"wp-block-heading\">Por que manter o Cad\u00danico sempre atualizado \u00e9 fundamental?<\/h2>\n\n\n\n<p>A atualiza\u00e7\u00e3o regular do <strong>Cad\u00danico <\/strong>\u00e9 essencial para garantir a continuidade do acesso aos programas sociais. Mudan\u00e7as na composi\u00e7\u00e3o familiar, endere\u00e7o ou renda devem ser informadas imediatamente para evitar inconsist\u00eancias no sistema. A falta de atualiza\u00e7\u00e3o pode resultar na suspens\u00e3o ou cancelamento de benef\u00edcios, prejudicando o acesso a direitos fundamentais.<\/p>\n\n\n\n<p>Al\u00e9m disso, manter os dados corretos permite que o governo tenha informa\u00e7\u00f5es precisas para planejar e executar pol\u00edticas p\u00fablicas mais eficientes. O recadastramento peri\u00f3dico, geralmente solicitado a cada dois anos ou sempre que houver altera\u00e7\u00f5es, \u00e9 uma medida importante para assegurar que os recursos sejam destinados a quem realmente necessita. O compromisso com a atualiza\u00e7\u00e3o do <strong>Cad\u00danico <\/strong>contribui para a constru\u00e7\u00e3o de uma sociedade mais justa e igualit\u00e1ria.<\/p>\n","protected":false},"excerpt":{"rendered":"<p>O Cadastro \u00danico para Programas Sociais do Governo Federal, conhecido como Cad\u00danico, \u00e9 uma ferramenta fundamental para identificar e registrar fam\u00edlias de baixa renda em todo o Brasil. Ele serve como base para a sele\u00e7\u00e3o de benefici\u00e1rios de diversos programas sociais, garantindo que o aux\u00edlio chegue a quem realmente precisa. Desde sua cria\u00e7\u00e3o, o Cad\u00danico [&hellip;]<\/p>\n","protected":false},"author":20,"featured_media":54991,"comment_status":"open","ping_status":"open","sticky":false,"template":"","format":"standard","meta":{"jnews-multi-image_gallery":[],"jnews_single_post":{"format":"standard"},"jnews_primary_category":[],"jnews_social_meta":[],"jnews_override_counter":[],"footnotes":""},"categories":[28,1],"tags":[656],"class_list":["post-59028","post","type-post","status-publish","format-standard","has-post-thumbnail","hentry","category-economia","category-noticias","tag-cadastro-unico"],"yoast_head":"<!-- This site is optimized with the Yoast SEO plugin v23.8 - https:\/\/yoast.com\/wordpress\/plugins\/seo\/ -->\n<title>Cad\u00danico abre caminho para quem mais precisa de apoio financeiro! - Estado de Minas - Em foco<\/title>\n<meta name=\"description\" content=\"O Cad\u00danico \u00e9 essencial para acesso ao Bolsa Fam\u00edlia, BPC e mais. Descubra por que ele se tornou a chave para benef\u00edcios sociais no Brasil.\" \/>\n<meta name=\"robots\" content=\"index, follow, max-snippet:-1, max-image-preview:large, max-video-preview:-1\" \/>\n<link rel=\"canonical\" href=\"https:\/\/www.em.com.br\/emfoco\/2025\/06\/12\/cadunico-abre-caminho-para-quem-mais-precisa-de-apoio-financeiro\/\" \/>\n<meta property=\"og:locale\" content=\"pt_BR\" \/>\n<meta property=\"og:type\" content=\"article\" \/>\n<meta property=\"og:title\" content=\"Cad\u00danico abre caminho para quem mais precisa de apoio financeiro! - Estado de Minas - Em foco\" \/>\n<meta property=\"og:description\" content=\"O Cad\u00danico \u00e9 essencial para acesso ao Bolsa Fam\u00edlia, BPC e mais. Descubra por que ele se tornou a chave para benef\u00edcios sociais no Brasil.\" \/>\n<meta property=\"og:url\" content=\"https:\/\/www.em.com.br\/emfoco\/2025\/06\/12\/cadunico-abre-caminho-para-quem-mais-precisa-de-apoio-financeiro\/\" \/>\n<meta property=\"og:site_name\" content=\"Estado de Minas - Em foco\" \/>\n<meta property=\"article:published_time\" content=\"2025-06-12T09:10:00+00:00\" \/>\n<meta property=\"article:modified_time\" content=\"2025-06-11T18:54:30+00:00\" \/>\n<meta property=\"og:image\" content=\"https:\/\/www.em.com.br\/emfoco\/wp-content\/uploads\/2025\/06\/idoso-com-dinheiro-reais_1743473065115.jpg\" \/>\n\t<meta property=\"og:image:width\" content=\"1280\" \/>\n\t<meta property=\"og:image:height\" content=\"720\" \/>\n\t<meta property=\"og:image:type\" content=\"image\/jpeg\" \/>\n<meta name=\"author\" content=\"Ingrid Diniz\" \/>\n<meta name=\"twitter:card\" content=\"summary_large_image\" \/>\n<meta name=\"twitter:label1\" content=\"Escrito por\" \/>\n\t<meta name=\"twitter:data1\" content=\"Ingrid Diniz\" \/>\n\t<meta name=\"twitter:label2\" content=\"Est. tempo de leitura\" \/>\n\t<meta name=\"twitter:data2\" content=\"4 minutos\" \/>\n<!-- \/ Yoast SEO plugin. -->","yoast_head_json":{"title":"Cad\u00danico abre caminho para quem mais precisa de apoio financeiro! - Estado de Minas - Em foco","description":"O Cad\u00danico \u00e9 essencial para acesso ao Bolsa Fam\u00edlia, BPC e mais. Descubra por que ele se tornou a chave para benef\u00edcios sociais no Brasil.","robots":{"index":"index","follow":"follow","max-snippet":"max-snippet:-1","max-image-preview":"max-image-preview:large","max-video-preview":"max-video-preview:-1"},"canonical":"https:\/\/www.em.com.br\/emfoco\/2025\/06\/12\/cadunico-abre-caminho-para-quem-mais-precisa-de-apoio-financeiro\/","og_locale":"pt_BR","og_type":"article","og_title":"Cad\u00danico abre caminho para quem mais precisa de apoio financeiro! - Estado de Minas - Em foco","og_description":"O Cad\u00danico \u00e9 essencial para acesso ao Bolsa Fam\u00edlia, BPC e mais. Descubra por que ele se tornou a chave para benef\u00edcios sociais no Brasil.","og_url":"https:\/\/www.em.com.br\/emfoco\/2025\/06\/12\/cadunico-abre-caminho-para-quem-mais-precisa-de-apoio-financeiro\/","og_site_name":"Estado de Minas - Em foco","article_published_time":"2025-06-12T09:10:00+00:00","article_modified_time":"2025-06-11T18:54:30+00:00","og_image":[{"width":1280,"height":720,"url":"https:\/\/www.em.com.br\/emfoco\/wp-content\/uploads\/2025\/06\/idoso-com-dinheiro-reais_1743473065115.jpg","type":"image\/jpeg"}],"author":"Ingrid Diniz","twitter_card":"summary_large_image","twitter_misc":{"Escrito por":"Ingrid Diniz","Est. tempo de leitura":"4 minutos"},"schema":{"@context":"https:\/\/schema.org","@graph":[{"@type":"WebPage","@id":"https:\/\/www.em.com.br\/emfoco\/2025\/06\/12\/cadunico-abre-caminho-para-quem-mais-precisa-de-apoio-financeiro\/","url":"https:\/\/www.em.com.br\/emfoco\/2025\/06\/12\/cadunico-abre-caminho-para-quem-mais-precisa-de-apoio-financeiro\/","name":"Cad\u00danico abre caminho para quem mais precisa de apoio financeiro! - Estado de Minas - Em foco","isPartOf":{"@id":"https:\/\/www.em.com.br\/emfoco\/#website"},"primaryImageOfPage":{"@id":"https:\/\/www.em.com.br\/emfoco\/2025\/06\/12\/cadunico-abre-caminho-para-quem-mais-precisa-de-apoio-financeiro\/#primaryimage"},"image":{"@id":"https:\/\/www.em.com.br\/emfoco\/2025\/06\/12\/cadunico-abre-caminho-para-quem-mais-precisa-de-apoio-financeiro\/#primaryimage"},"thumbnailUrl":"https:\/\/www.em.com.br\/emfoco\/wp-content\/uploads\/2025\/06\/idoso-com-dinheiro-reais_1743473065115.jpg","datePublished":"2025-06-12T09:10:00+00:00","dateModified":"2025-06-11T18:54:30+00:00","author":{"@id":"https:\/\/www.em.com.br\/emfoco\/#\/schema\/person\/649e610b4eb8fff87ff394e54fe17b2b"},"description":"O Cad\u00danico \u00e9 essencial para acesso ao Bolsa Fam\u00edlia, BPC e mais. Descubra por que ele se tornou a chave para benef\u00edcios sociais no Brasil.","breadcrumb":{"@id":"https:\/\/www.em.com.br\/emfoco\/2025\/06\/12\/cadunico-abre-caminho-para-quem-mais-precisa-de-apoio-financeiro\/#breadcrumb"},"inLanguage":"pt-BR","potentialAction":[{"@type":"ReadAction","target":["https:\/\/www.em.com.br\/emfoco\/2025\/06\/12\/cadunico-abre-caminho-para-quem-mais-precisa-de-apoio-financeiro\/"]}]},{"@type":"ImageObject","inLanguage":"pt-BR","@id":"https:\/\/www.em.com.br\/emfoco\/2025\/06\/12\/cadunico-abre-caminho-para-quem-mais-precisa-de-apoio-financeiro\/#primaryimage","url":"https:\/\/www.em.com.br\/emfoco\/wp-content\/uploads\/2025\/06\/idoso-com-dinheiro-reais_1743473065115.jpg","contentUrl":"https:\/\/www.em.com.br\/emfoco\/wp-content\/uploads\/2025\/06\/idoso-com-dinheiro-reais_1743473065115.jpg","width":1280,"height":720,"caption":"Pagamento do Bolsa Fam\u00edlia para NIS final 5 - Cr\u00e9ditos: depositphotos.com \/ AngelaMacario"},{"@type":"BreadcrumbList","@id":"https:\/\/www.em.com.br\/emfoco\/2025\/06\/12\/cadunico-abre-caminho-para-quem-mais-precisa-de-apoio-financeiro\/#breadcrumb","itemListElement":[{"@type":"ListItem","position":1,"name":"In\u00edcio","item":"https:\/\/www.em.com.br\/emfoco\/"},{"@type":"ListItem","position":2,"name":"Cad\u00danico abre caminho para quem mais precisa de apoio financeiro!"}]},{"@type":"WebSite","@id":"https:\/\/www.em.com.br\/emfoco\/#website","url":"https:\/\/www.em.com.br\/emfoco\/","name":"Estado de Minas - Em foco","description":"Acompanhe as \u00faltimas not\u00edcias e fique bem informado sobre tudo o que acontece em Minas Gerais, Brasil e no mundo.","potentialAction":[{"@type":"SearchAction","target":{"@type":"EntryPoint","urlTemplate":"https:\/\/www.em.com.br\/emfoco\/?s={search_term_string}"},"query-input":{"@type":"PropertyValueSpecification","valueRequired":true,"valueName":"search_term_string"}}],"inLanguage":"pt-BR"},{"@type":"Person","@id":"https:\/\/www.em.com.br\/emfoco\/#\/schema\/person\/649e610b4eb8fff87ff394e54fe17b2b","name":"Ingrid Diniz","image":{"@type":"ImageObject","inLanguage":"pt-BR","@id":"https:\/\/www.em.com.br\/emfoco\/#\/schema\/person\/image\/","url":"https:\/\/secure.gravatar.com\/avatar\/a3baa1449ec5c39b4c42babc9d4f3951?s=96&d=mm&r=g","contentUrl":"https:\/\/secure.gravatar.com\/avatar\/a3baa1449ec5c39b4c42babc9d4f3951?s=96&d=mm&r=g","caption":"Ingrid Diniz"},"sameAs":["https:\/\/www.em.com.br\/"],"url":"https:\/\/www.em.com.br\/emfoco\/author\/ingridmyth\/"}]}},"_links":{"self":[{"href":"https:\/\/www.em.com.br\/emfoco\/wp-json\/wp\/v2\/posts\/59028","targetHints":{"allow":["GET"]}}],"collection":[{"href":"https:\/\/www.em.com.br\/emfoco\/wp-json\/wp\/v2\/posts"}],"about":[{"href":"https:\/\/www.em.com.br\/emfoco\/wp-json\/wp\/v2\/types\/post"}],"author":[{"embeddable":true,"href":"https:\/\/www.em.com.br\/emfoco\/wp-json\/wp\/v2\/users\/20"}],"replies":[{"embeddable":true,"href":"https:\/\/www.em.com.br\/emfoco\/wp-json\/wp\/v2\/comments?post=59028"}],"version-history":[{"count":1,"href":"https:\/\/www.em.com.br\/emfoco\/wp-json\/wp\/v2\/posts\/59028\/revisions"}],"predecessor-version":[{"id":59055,"href":"https:\/\/www.em.com.br\/emfoco\/wp-json\/wp\/v2\/posts\/59028\/revisions\/59055"}],"wp:featuredmedia":[{"embeddable":true,"href":"https:\/\/www.em.com.br\/emfoco\/wp-json\/wp\/v2\/media\/54991"}],"wp:attachment":[{"href":"https:\/\/www.em.com.br\/emfoco\/wp-json\/wp\/v2\/media?parent=59028"}],"wp:term":[{"taxonomy":"category","embeddable":true,"href":"https:\/\/www.em.com.br\/emfoco\/wp-json\/wp\/v2\/categories?post=59028"},{"taxonomy":"post_tag","embeddable":true,"href":"https:\/\/www.em.com.br\/emfoco\/wp-json\/wp\/v2\/tags?post=59028"}],"curies":[{"name":"wp","href":"https:\/\/api.w.org\/{rel}","templated":true}]}}