{"id":58800,"date":"2025-06-12T10:40:41","date_gmt":"2025-06-12T13:40:41","guid":{"rendered":"https:\/\/www.em.com.br\/emfoco\/?p=58800"},"modified":"2025-06-11T17:39:26","modified_gmt":"2025-06-11T20:39:26","slug":"cortes-de-cabelo-que-estao-em-alta-entre-mulheres-e-homens-em-2025","status":"publish","type":"post","link":"https:\/\/www.em.com.br\/emfoco\/2025\/06\/12\/cortes-de-cabelo-que-estao-em-alta-entre-mulheres-e-homens-em-2025\/","title":{"rendered":"Cortes de cabelo que est\u00e3o em alta entre mulheres e homens em 2025"},"content":{"rendered":"\n<p>O universo da beleza est\u00e1 sempre em transforma\u00e7\u00e3o, e os cortes de cabelo que est\u00e3o na moda em <strong>2025<\/strong> refletem esse dinamismo. <a href=\"https:\/\/br.pinterest.com\/search\/pins\/?q=corte%20de%20cabelo&amp;rs=typed\" target=\"_blank\" rel=\"noopener\">Sal\u00f5es<\/a> de todo o <strong>pa\u00eds<\/strong> j\u00e1 apontam mudan\u00e7as marcantes nos estilos preferidos, trazendo op\u00e7\u00f5es que valorizam a individualidade e a praticidade no dia a dia.<\/p>\n\n\n\n<p>Com a chegada de um novo ano, muitos buscam renovar o visual e experimentar algo diferente. Os cortes que ganham destaque em 2025 unem refer\u00eancias do passado com toques modernos, criando visuais vers\u00e1teis e adapt\u00e1veis a diferentes tipos de fios e formatos de rosto.<\/p>\n\n\n\n<h2 class=\"wp-block-heading\">Quais s\u00e3o os cortes de cabelo femininos mais pedidos em 2025?<\/h2>\n\n\n\n<p>Entre as mulheres, alguns estilos se sobressaem nos pedidos aos cabeleireiros. O corte <strong>bob<\/strong>, em suas vers\u00f5es cl\u00e1ssica e alongada, segue como uma escolha frequente, especialmente por sua facilidade de manuten\u00e7\u00e3o e eleg\u00e2ncia. O <strong>long bob<\/strong>, com pontas levemente desfiadas, tamb\u00e9m permanece em alta, sendo uma alternativa para quem prefere manter um pouco mais de comprimento.<\/p>\n\n\n\n<p>Outra tend\u00eancia forte \u00e9 o corte <strong>shaggy<\/strong>, que retorna com for\u00e7a total, agora com camadas mais marcadas e acabamento desconectado. Esse visual proporciona movimento aos fios e combina tanto com <a href=\"https:\/\/www.em.com.br\/emfoco\/2025\/05\/28\/cabelos-cacheados-ressecados-conheca-os-melhores-metodos-para-recuperar-os-fios\/\" target=\"_blank\" rel=\"noopener\">cabelos<\/a> lisos quanto ondulados, tornando-se uma op\u00e7\u00e3o democr\u00e1tica e cheia de personalidade.<\/p>\n\n\n\n<p>Em cidades como <strong>S\u00e3o Paulo<\/strong> e <strong>Rio de Janeiro<\/strong>, muitos sal\u00f5es t\u00eam apostado em t\u00e9cnicas personalizadas segundo o estilo de vida de cada cliente, mostrando como as tend\u00eancias se adaptam ao cotidiano de grandes centros urbanos. Consultores de imagem como <strong>Ana Paula Souza<\/strong> e <strong>Lucas Martins<\/strong> tamb\u00e9m apontam para o aumento da procura por colora\u00e7\u00f5es modernas que complementam os cortes da temporada.<\/p>\n\n\n\n<h2 class=\"wp-block-heading\">Quais cortes masculinos est\u00e3o em destaque em 2025?<\/h2>\n\n\n\n<p>Os cortes de cabelo masculinos em 2025 mostram uma mistura de estilos cl\u00e1ssicos e modernos. O <strong>fade<\/strong> continua sendo um dos preferidos, variando entre o low, mid e high fade, sempre com transi\u00e7\u00f5es suaves e acabamento preciso. O corte <strong>undercut<\/strong>, com laterais baixas e topo mais volumoso, tamb\u00e9m mant\u00e9m seu espa\u00e7o, especialmente entre os mais jovens.<\/p>\n\n\n\n<p>Para quem busca praticidade, o <strong>buzz cut<\/strong> aparece como alternativa, valorizando a textura natural dos fios e exigindo pouca manuten\u00e7\u00e3o. J\u00e1 os cabelos m\u00e9dios e longos ganham espa\u00e7o entre os homens, com cortes repicados e franjas desconectadas, trazendo um ar despojado e contempor\u00e2neo. Em centros metropolitanos como <strong>Belo Horizonte<\/strong> e <strong>Porto Alegre<\/strong>, barbeiros relatam um aumento de pedidos por visuais inspirados em celebridades internacionais e influenciadores digitais, como <strong>Harry Styles<\/strong> e <strong>Chris Hemsworth<\/strong>.<\/p>\n\n\n<div class=\"wp-block-image\">\n<figure class=\"aligncenter size-large\"><img loading=\"lazy\" decoding=\"async\" width=\"1024\" height=\"576\" src=\"https:\/\/www.em.com.br\/emfoco\/wp-content\/uploads\/2025\/06\/corte-de-cabelo-masculino_1749647627808-1024x576.jpg\" alt=\"\" class=\"wp-image-58834\" srcset=\"https:\/\/www.em.com.br\/emfoco\/wp-content\/uploads\/2025\/06\/corte-de-cabelo-masculino_1749647627808-1024x576.jpg 1024w, https:\/\/www.em.com.br\/emfoco\/wp-content\/uploads\/2025\/06\/corte-de-cabelo-masculino_1749647627808-300x169.jpg 300w, https:\/\/www.em.com.br\/emfoco\/wp-content\/uploads\/2025\/06\/corte-de-cabelo-masculino_1749647627808-768x432.jpg 768w, https:\/\/www.em.com.br\/emfoco\/wp-content\/uploads\/2025\/06\/corte-de-cabelo-masculino_1749647627808-750x422.jpg 750w, https:\/\/www.em.com.br\/emfoco\/wp-content\/uploads\/2025\/06\/corte-de-cabelo-masculino_1749647627808-1140x641.jpg 1140w, https:\/\/www.em.com.br\/emfoco\/wp-content\/uploads\/2025\/06\/corte-de-cabelo-masculino_1749647627808.jpg 1280w\" sizes=\"auto, (max-width: 1024px) 100vw, 1024px\" \/><figcaption class=\"wp-element-caption\">Corte de cabelo masculino &#8211; Cr\u00e9ditos: depositphotos.com \/ travelarium<\/figcaption><\/figure><\/div>\n\n\n<h2 class=\"wp-block-heading\">Como escolher o corte de cabelo ideal para cada tipo de rosto?<\/h2>\n\n\n\n<p>A escolha do corte de cabelo deve considerar o formato do rosto para valorizar os tra\u00e7os de cada pessoa. Rostos ovais, por exemplo, combinam com praticamente todos os estilos, enquanto rostos quadrados tendem a harmonizar melhor com cortes que suavizam as linhas, como camadas e franjas laterais.<\/p>\n\n\n\n<p>J\u00e1 para rostos redondos, cortes com volume no topo e laterais mais baixas ajudam a alongar a silhueta facial. O importante \u00e9 buscar orienta\u00e7\u00e3o profissional, que pode indicar o melhor corte conforme a textura dos fios e o estilo de vida, garantindo um resultado satisfat\u00f3rio e alinhado \u00e0s tend\u00eancias de 2025. Plataformas como o site <strong>Vogue Brasil<\/strong> ou o aplicativo <strong>Instagram<\/strong> tamb\u00e9m oferecem refer\u00eancias visuais adaptadas a diferentes perfis.<\/p>\n\n\n\n<h2 class=\"wp-block-heading\">Que cuidados s\u00e3o indicados ap\u00f3s adotar um corte em alta?<\/h2>\n\n\n\n<p>Ap\u00f3s escolher um dos cortes de cabelo que est\u00e3o na moda em 2025, \u00e9 fundamental adotar uma rotina de cuidados para manter o visual sempre em dia. A hidrata\u00e7\u00e3o regular, o uso de produtos adequados ao tipo de fio e a manuten\u00e7\u00e3o peri\u00f3dica no sal\u00e3o s\u00e3o passos essenciais para preservar o corte e a sa\u00fade capilar.<\/p>\n\n\n\n<p>Al\u00e9m disso, a prote\u00e7\u00e3o t\u00e9rmica antes do uso de secadores ou chapinhas contribui para evitar danos e prolongar o aspecto saud\u00e1vel dos cabelos. Seguindo essas recomenda\u00e7\u00f5es, \u00e9 poss\u00edvel aproveitar ao m\u00e1ximo as tend\u00eancias do ano e garantir um visual renovado e bem cuidado. Vale lembrar que marcas reconhecidas como <strong>L&#8217;Or\u00e9al Paris<\/strong> e <strong>Wella Professionals<\/strong> lan\u00e7aram linhas espec\u00edficas para manuten\u00e7\u00e3o dos cortes do momento, com f\u00f3rmulas adaptadas \u00e0s exig\u00eancias atuais.<\/p>\n","protected":false},"excerpt":{"rendered":"<p>O universo da beleza est\u00e1 sempre em transforma\u00e7\u00e3o, e os cortes de cabelo que est\u00e3o na moda em 2025 refletem esse dinamismo. Sal\u00f5es de todo o pa\u00eds j\u00e1 apontam mudan\u00e7as marcantes nos estilos preferidos, trazendo op\u00e7\u00f5es que valorizam a individualidade e a praticidade no dia a dia. Com a chegada de um novo ano, muitos [&hellip;]<\/p>\n","protected":false},"author":9,"featured_media":45988,"comment_status":"open","ping_status":"open","sticky":false,"template":"","format":"standard","meta":{"jnews-multi-image_gallery":[],"jnews_single_post":{"format":"standard"},"jnews_primary_category":[],"jnews_social_meta":[],"jnews_override_counter":[],"footnotes":""},"categories":[29,1],"tags":[2616,10171,10172,6686],"class_list":["post-58800","post","type-post","status-publish","format-standard","has-post-thumbnail","hentry","category-entretenimento","category-noticias","tag-beleza","tag-cabelos-femininos","tag-cabelos-masculinos","tag-tendencias-2025"],"yoast_head":"<!-- This site is optimized with the Yoast SEO plugin v23.8 - https:\/\/yoast.com\/wordpress\/plugins\/seo\/ -->\n<title>Cortes de cabelo que est\u00e3o em alta entre mulheres e homens em 2025<\/title>\n<meta name=\"description\" content=\"Conhe\u00e7a os cortes de cabelo que est\u00e3o em alta em 2025 e descubra qual estilo combina melhor com voc\u00ea e seu tipo de rosto.\" \/>\n<meta name=\"robots\" content=\"index, follow, max-snippet:-1, max-image-preview:large, max-video-preview:-1\" \/>\n<link rel=\"canonical\" href=\"https:\/\/www.em.com.br\/emfoco\/2025\/06\/12\/cortes-de-cabelo-que-estao-em-alta-entre-mulheres-e-homens-em-2025\/\" \/>\n<meta property=\"og:locale\" content=\"pt_BR\" \/>\n<meta property=\"og:type\" content=\"article\" \/>\n<meta property=\"og:title\" content=\"Cortes de cabelo que est\u00e3o em alta entre mulheres e homens em 2025\" \/>\n<meta property=\"og:description\" content=\"Conhe\u00e7a os cortes de cabelo que est\u00e3o em alta em 2025 e descubra qual estilo combina melhor com voc\u00ea e seu tipo de rosto.\" \/>\n<meta property=\"og:url\" content=\"https:\/\/www.em.com.br\/emfoco\/2025\/06\/12\/cortes-de-cabelo-que-estao-em-alta-entre-mulheres-e-homens-em-2025\/\" \/>\n<meta property=\"og:site_name\" content=\"Estado de Minas - Em foco\" \/>\n<meta property=\"article:published_time\" content=\"2025-06-12T13:40:41+00:00\" \/>\n<meta property=\"article:modified_time\" content=\"2025-06-11T20:39:26+00:00\" \/>\n<meta property=\"og:image\" content=\"https:\/\/www.em.com.br\/emfoco\/wp-content\/uploads\/2025\/05\/corte-de-cabelo_1746799930832.jpg\" \/>\n\t<meta property=\"og:image:width\" content=\"1280\" \/>\n\t<meta property=\"og:image:height\" content=\"720\" \/>\n\t<meta property=\"og:image:type\" content=\"image\/jpeg\" \/>\n<meta name=\"author\" content=\"Daniely Cardoso\" \/>\n<meta name=\"twitter:card\" content=\"summary_large_image\" \/>\n<meta name=\"twitter:label1\" content=\"Escrito por\" \/>\n\t<meta name=\"twitter:data1\" content=\"Daniely Cardoso\" \/>\n\t<meta name=\"twitter:label2\" content=\"Est. tempo de leitura\" \/>\n\t<meta name=\"twitter:data2\" content=\"5 minutos\" \/>\n<!-- \/ Yoast SEO plugin. -->","yoast_head_json":{"title":"Cortes de cabelo que est\u00e3o em alta entre mulheres e homens em 2025","description":"Conhe\u00e7a os cortes de cabelo que est\u00e3o em alta em 2025 e descubra qual estilo combina melhor com voc\u00ea e seu tipo de rosto.","robots":{"index":"index","follow":"follow","max-snippet":"max-snippet:-1","max-image-preview":"max-image-preview:large","max-video-preview":"max-video-preview:-1"},"canonical":"https:\/\/www.em.com.br\/emfoco\/2025\/06\/12\/cortes-de-cabelo-que-estao-em-alta-entre-mulheres-e-homens-em-2025\/","og_locale":"pt_BR","og_type":"article","og_title":"Cortes de cabelo que est\u00e3o em alta entre mulheres e homens em 2025","og_description":"Conhe\u00e7a os cortes de cabelo que est\u00e3o em alta em 2025 e descubra qual estilo combina melhor com voc\u00ea e seu tipo de rosto.","og_url":"https:\/\/www.em.com.br\/emfoco\/2025\/06\/12\/cortes-de-cabelo-que-estao-em-alta-entre-mulheres-e-homens-em-2025\/","og_site_name":"Estado de Minas - Em foco","article_published_time":"2025-06-12T13:40:41+00:00","article_modified_time":"2025-06-11T20:39:26+00:00","og_image":[{"width":1280,"height":720,"url":"https:\/\/www.em.com.br\/emfoco\/wp-content\/uploads\/2025\/05\/corte-de-cabelo_1746799930832.jpg","type":"image\/jpeg"}],"author":"Daniely Cardoso","twitter_card":"summary_large_image","twitter_misc":{"Escrito por":"Daniely Cardoso","Est. tempo de leitura":"5 minutos"},"schema":{"@context":"https:\/\/schema.org","@graph":[{"@type":"WebPage","@id":"https:\/\/www.em.com.br\/emfoco\/2025\/06\/12\/cortes-de-cabelo-que-estao-em-alta-entre-mulheres-e-homens-em-2025\/","url":"https:\/\/www.em.com.br\/emfoco\/2025\/06\/12\/cortes-de-cabelo-que-estao-em-alta-entre-mulheres-e-homens-em-2025\/","name":"Cortes de cabelo que est\u00e3o em alta entre mulheres e homens em 2025","isPartOf":{"@id":"https:\/\/www.em.com.br\/emfoco\/#website"},"primaryImageOfPage":{"@id":"https:\/\/www.em.com.br\/emfoco\/2025\/06\/12\/cortes-de-cabelo-que-estao-em-alta-entre-mulheres-e-homens-em-2025\/#primaryimage"},"image":{"@id":"https:\/\/www.em.com.br\/emfoco\/2025\/06\/12\/cortes-de-cabelo-que-estao-em-alta-entre-mulheres-e-homens-em-2025\/#primaryimage"},"thumbnailUrl":"https:\/\/www.em.com.br\/emfoco\/wp-content\/uploads\/2025\/05\/corte-de-cabelo_1746799930832.jpg","datePublished":"2025-06-12T13:40:41+00:00","dateModified":"2025-06-11T20:39:26+00:00","author":{"@id":"https:\/\/www.em.com.br\/emfoco\/#\/schema\/person\/0a8186d72f2c3a5c6276d90b41f271a0"},"description":"Conhe\u00e7a os cortes de cabelo que est\u00e3o em alta em 2025 e descubra qual estilo combina melhor com voc\u00ea e seu tipo de rosto.","breadcrumb":{"@id":"https:\/\/www.em.com.br\/emfoco\/2025\/06\/12\/cortes-de-cabelo-que-estao-em-alta-entre-mulheres-e-homens-em-2025\/#breadcrumb"},"inLanguage":"pt-BR","potentialAction":[{"@type":"ReadAction","target":["https:\/\/www.em.com.br\/emfoco\/2025\/06\/12\/cortes-de-cabelo-que-estao-em-alta-entre-mulheres-e-homens-em-2025\/"]}]},{"@type":"ImageObject","inLanguage":"pt-BR","@id":"https:\/\/www.em.com.br\/emfoco\/2025\/06\/12\/cortes-de-cabelo-que-estao-em-alta-entre-mulheres-e-homens-em-2025\/#primaryimage","url":"https:\/\/www.em.com.br\/emfoco\/wp-content\/uploads\/2025\/05\/corte-de-cabelo_1746799930832.jpg","contentUrl":"https:\/\/www.em.com.br\/emfoco\/wp-content\/uploads\/2025\/05\/corte-de-cabelo_1746799930832.jpg","width":1280,"height":720,"caption":"Tend\u00eancia de corte de cabelo para a pr\u00f3xima temporada - Cr\u00e9ditos: depositphotos.com \/ AndrewLozovyi"},{"@type":"BreadcrumbList","@id":"https:\/\/www.em.com.br\/emfoco\/2025\/06\/12\/cortes-de-cabelo-que-estao-em-alta-entre-mulheres-e-homens-em-2025\/#breadcrumb","itemListElement":[{"@type":"ListItem","position":1,"name":"In\u00edcio","item":"https:\/\/www.em.com.br\/emfoco\/"},{"@type":"ListItem","position":2,"name":"Cortes de cabelo que est\u00e3o em alta entre mulheres e homens em 2025"}]},{"@type":"WebSite","@id":"https:\/\/www.em.com.br\/emfoco\/#website","url":"https:\/\/www.em.com.br\/emfoco\/","name":"Estado de Minas - Em foco","description":"Acompanhe as \u00faltimas not\u00edcias e fique bem informado sobre tudo o que acontece em Minas Gerais, Brasil e no mundo.","potentialAction":[{"@type":"SearchAction","target":{"@type":"EntryPoint","urlTemplate":"https:\/\/www.em.com.br\/emfoco\/?s={search_term_string}"},"query-input":{"@type":"PropertyValueSpecification","valueRequired":true,"valueName":"search_term_string"}}],"inLanguage":"pt-BR"},{"@type":"Person","@id":"https:\/\/www.em.com.br\/emfoco\/#\/schema\/person\/0a8186d72f2c3a5c6276d90b41f271a0","name":"Daniely Cardoso","image":{"@type":"ImageObject","inLanguage":"pt-BR","@id":"https:\/\/www.em.com.br\/emfoco\/#\/schema\/person\/image\/","url":"https:\/\/secure.gravatar.com\/avatar\/4b80ddbd124d1f071b626d52d62e5dff?s=96&d=mm&r=g","contentUrl":"https:\/\/secure.gravatar.com\/avatar\/4b80ddbd124d1f071b626d52d62e5dff?s=96&d=mm&r=g","caption":"Daniely Cardoso"},"url":"https:\/\/www.em.com.br\/emfoco\/author\/danielymyth\/"}]}},"_links":{"self":[{"href":"https:\/\/www.em.com.br\/emfoco\/wp-json\/wp\/v2\/posts\/58800","targetHints":{"allow":["GET"]}}],"collection":[{"href":"https:\/\/www.em.com.br\/emfoco\/wp-json\/wp\/v2\/posts"}],"about":[{"href":"https:\/\/www.em.com.br\/emfoco\/wp-json\/wp\/v2\/types\/post"}],"author":[{"embeddable":true,"href":"https:\/\/www.em.com.br\/emfoco\/wp-json\/wp\/v2\/users\/9"}],"replies":[{"embeddable":true,"href":"https:\/\/www.em.com.br\/emfoco\/wp-json\/wp\/v2\/comments?post=58800"}],"version-history":[{"count":2,"href":"https:\/\/www.em.com.br\/emfoco\/wp-json\/wp\/v2\/posts\/58800\/revisions"}],"predecessor-version":[{"id":58842,"href":"https:\/\/www.em.com.br\/emfoco\/wp-json\/wp\/v2\/posts\/58800\/revisions\/58842"}],"wp:featuredmedia":[{"embeddable":true,"href":"https:\/\/www.em.com.br\/emfoco\/wp-json\/wp\/v2\/media\/45988"}],"wp:attachment":[{"href":"https:\/\/www.em.com.br\/emfoco\/wp-json\/wp\/v2\/media?parent=58800"}],"wp:term":[{"taxonomy":"category","embeddable":true,"href":"https:\/\/www.em.com.br\/emfoco\/wp-json\/wp\/v2\/categories?post=58800"},{"taxonomy":"post_tag","embeddable":true,"href":"https:\/\/www.em.com.br\/emfoco\/wp-json\/wp\/v2\/tags?post=58800"}],"curies":[{"name":"wp","href":"https:\/\/api.w.org\/{rel}","templated":true}]}}