{"id":58791,"date":"2025-06-13T10:30:13","date_gmt":"2025-06-13T13:30:13","guid":{"rendered":"https:\/\/www.em.com.br\/emfoco\/?p=58791"},"modified":"2025-06-12T20:35:12","modified_gmt":"2025-06-12T23:35:12","slug":"cinco-formas-de-controlar-a-raiva-antes-que-exploda","status":"publish","type":"post","link":"https:\/\/www.em.com.br\/emfoco\/2025\/06\/13\/cinco-formas-de-controlar-a-raiva-antes-que-exploda\/","title":{"rendered":"Cinco formas de controlar a raiva antes que exploda"},"content":{"rendered":"\n<p>Sentir a raiva crescer rapidamente \u00e9 uma experi\u00eancia comum, especialmente em situa\u00e7\u00f5es de estresse ou frustra\u00e7\u00e3o. Muitas vezes, o impulso de gritar surge antes mesmo que se perceba, levando a rea\u00e7\u00f5es que podem prejudicar relacionamentos e o pr\u00f3prio bem-estar. Compreender o que desencadeia esse comportamento \u00e9 o primeiro passo para buscar alternativas mais saud\u00e1veis de lidar com as emo\u00e7\u00f5es.<\/p>\n\n\n\n<p>O ato de gritar geralmente est\u00e1 ligado a uma resposta instintiva do corpo diante de amea\u00e7as ou sobrecarga emocional. Quando a tens\u00e3o se acumula, o organismo libera horm\u00f4nios que <a href=\"https:\/\/www.em.com.br\/emfoco\/2025\/05\/31\/como-a-autoaceitacao-contribui-para-o-bem-estar\/\" target=\"_blank\" rel=\"noreferrer noopener\">preparam <\/a>para reagir, tornando dif\u00edcil manter o controle. Entretanto, existem estrat\u00e9gias pr\u00e1ticas que ajudam a evitar que a raiva se transforme em explos\u00f5es verbais, promovendo um ambiente mais harmonioso e rela\u00e7\u00f5es mais saud\u00e1veis.<\/p>\n\n\n\n<h2 class=\"wp-block-heading\">Por que as pessoas tendem a gritar quando est\u00e3o com raiva?<\/h2>\n\n\n\n<p>O grito, em situa\u00e7\u00f5es de raiva, costuma ser uma rea\u00e7\u00e3o autom\u00e1tica do sistema nervoso diante de uma amea\u00e7a percebida. Esse comportamento tem ra\u00edzes biol\u00f3gicas: ao sentir-se amea\u00e7ado ou frustrado, o corpo ativa mecanismos de defesa, como o aumento da frequ\u00eancia card\u00edaca e da tens\u00e3o muscular. Esse estado de alerta pode tornar dif\u00edcil pensar de forma racional, levando \u00e0 eleva\u00e7\u00e3o do tom de voz como forma de tentar recuperar o controle da situa\u00e7\u00e3o.<\/p>\n\n\n<div class=\"wp-block-image\">\n<figure class=\"aligncenter size-large\"><img loading=\"lazy\" decoding=\"async\" width=\"1024\" height=\"576\" src=\"https:\/\/www.em.com.br\/emfoco\/wp-content\/uploads\/2025\/06\/anger_1749646961031-1024x576.jpg\" alt=\"Cinco formas de controlar a raiva antes que exploda\" class=\"wp-image-58801\" srcset=\"https:\/\/www.em.com.br\/emfoco\/wp-content\/uploads\/2025\/06\/anger_1749646961031-1024x576.jpg 1024w, https:\/\/www.em.com.br\/emfoco\/wp-content\/uploads\/2025\/06\/anger_1749646961031-300x169.jpg 300w, https:\/\/www.em.com.br\/emfoco\/wp-content\/uploads\/2025\/06\/anger_1749646961031-768x432.jpg 768w, https:\/\/www.em.com.br\/emfoco\/wp-content\/uploads\/2025\/06\/anger_1749646961031-750x422.jpg 750w, https:\/\/www.em.com.br\/emfoco\/wp-content\/uploads\/2025\/06\/anger_1749646961031-1140x641.jpg 1140w, https:\/\/www.em.com.br\/emfoco\/wp-content\/uploads\/2025\/06\/anger_1749646961031.jpg 1280w\" sizes=\"auto, (max-width: 1024px) 100vw, 1024px\" \/><figcaption class=\"wp-element-caption\">Cinco formas de controlar a raiva antes que exploda &#8211; Cr\u00e9ditos: depositphotos.com \/ macniak<\/figcaption><\/figure><\/div>\n\n\n<p>Al\u00e9m do aspecto fisiol\u00f3gico, fatores emocionais e sociais tamb\u00e9m influenciam esse impulso. O ac\u00famulo de estresse, a falta de habilidades para expressar sentimentos e experi\u00eancias anteriores podem contribuir para que o grito seja visto como uma sa\u00edda r\u00e1pida para aliviar a tens\u00e3o. No entanto, essa resposta raramente resolve o problema e pode gerar consequ\u00eancias negativas.<\/p>\n\n\n\n<h2 class=\"wp-block-heading\">Quais s\u00e3o os impactos negativos de gritar durante conflitos?<\/h2>\n\n\n\n<p>Gritar durante discuss\u00f5es pode afetar <a href=\"https:\/\/www.gov.br\/servidor\/pt-br\/assuntos\/contecomigo\/paginas\/paginas-dos-hyperlinks\/bem-estar-e-saude-1\" target=\"_blank\" rel=\"noreferrer noopener\">profundamente <\/a>a qualidade das rela\u00e7\u00f5es interpessoais. Quando o tom de voz se eleva, a comunica\u00e7\u00e3o se torna menos eficaz, dificultando o entendimento m\u00fatuo. Isso pode criar um ambiente de medo ou inseguran\u00e7a, afastando as pessoas e tornando a resolu\u00e7\u00e3o de conflitos ainda mais complicada.<\/p>\n\n\n\n<p>Al\u00e9m disso, o h\u00e1bito de gritar pode prejudicar a sa\u00fade emocional de todos os envolvidos. O estresse gerado por essas situa\u00e7\u00f5es pode aumentar a ansiedade, diminuir a autoestima e, a longo prazo, contribuir para o surgimento de problemas f\u00edsicos, como dores de cabe\u00e7a e dist\u00farbios do sono. Por isso, buscar alternativas para controlar a raiva \u00e9 fundamental para o equil\u00edbrio emocional.<\/p>\n\n\n\n<h2 class=\"wp-block-heading\">Como reconhecer os sinais f\u00edsicos da raiva antes de perder o controle?<\/h2>\n\n\n\n<p>Identificar os sinais corporais que antecedem uma explos\u00e3o de raiva \u00e9 uma das formas mais eficazes de evitar rea\u00e7\u00f5es impulsivas. Entre os sintomas mais comuns est\u00e3o o aumento da frequ\u00eancia card\u00edaca, respira\u00e7\u00e3o acelerada, tens\u00e3o nos m\u00fasculos e sensa\u00e7\u00e3o de calor no rosto ou nas m\u00e3os. Esses ind\u00edcios servem como um alerta de que o corpo est\u00e1 entrando em estado de alerta.<\/p>\n\n\n\n<p>Ao perceber esses sinais, \u00e9 poss\u00edvel adotar medidas para interromper o ciclo da raiva antes que ela se intensifique. Prestar aten\u00e7\u00e3o ao pr\u00f3prio corpo e reconhecer quando a tens\u00e3o est\u00e1 aumentando permite agir de forma preventiva, escolhendo respostas mais equilibradas e construtivas para lidar com a situa\u00e7\u00e3o.<\/p>\n\n\n\n<h2 class=\"wp-block-heading\">Quais t\u00e9cnicas ajudam a controlar a raiva antes de gritar?<\/h2>\n\n\n\n<p>Existem diversas estrat\u00e9gias que auxiliam no controle da raiva e evitam que ela se transforme em gritos. Uma das mais eficazes \u00e9 a respira\u00e7\u00e3o profunda: inspirar lentamente pelo nariz e expirar pela boca ajuda a reduzir a tens\u00e3o e a clarear os pensamentos. Outra t\u00e9cnica importante \u00e9 afastar-se temporariamente da situa\u00e7\u00e3o, dando um tempo para que as emo\u00e7\u00f5es se acalmem antes de retomar o di\u00e1logo.<\/p>\n\n\n\n<p>Utilizar palavras para expressar sentimentos, em vez de elevar o tom de voz, tamb\u00e9m contribui para uma comunica\u00e7\u00e3o mais assertiva. Praticar exerc\u00edcios de autorregula\u00e7\u00e3o emocional, como medita\u00e7\u00e3o, escrita terap\u00eautica ou acompanhamento psicol\u00f3gico, fortalece a capacidade de lidar com situa\u00e7\u00f5es desafiadoras sem recorrer ao grito. Essas pr\u00e1ticas podem ser incorporadas ao dia a dia para promover o autocontrole.<\/p>\n\n\n\n<h2 class=\"wp-block-heading\">Como transformar o impulso de gritar em di\u00e1logo construtivo?<\/h2>\n\n\n\n<p>Substituir o grito por conversas construtivas exige pr\u00e1tica e autoconhecimento. O primeiro passo \u00e9 reconhecer o momento em que a raiva come\u00e7a a surgir e escolher pausar antes de responder. Essa pausa permite organizar as ideias e escolher palavras que expressem o que se sente sem agredir o outro. O uso de frases que descrevem sentimentos, em vez de acusa\u00e7\u00f5es, facilita o entendimento m\u00fatuo.<\/p>\n\n\n\n<p>Investir em h\u00e1bitos que promovam o equil\u00edbrio emocional, como a pr\u00e1tica regular de atividades f\u00edsicas, t\u00e9cnicas de relaxamento e acompanhamento terap\u00eautico, fortalece a resili\u00eancia diante de situa\u00e7\u00f5es estressantes. Ao adotar essas estrat\u00e9gias, \u00e9 poss\u00edvel transformar conflitos em oportunidades de crescimento e melhorar a qualidade das rela\u00e7\u00f5es pessoais e profissionais.<\/p>\n","protected":false},"excerpt":{"rendered":"<p>Sentir a raiva crescer rapidamente \u00e9 uma experi\u00eancia comum, especialmente em situa\u00e7\u00f5es de estresse ou frustra\u00e7\u00e3o. Muitas vezes, o impulso de gritar surge antes mesmo que se perceba, levando a rea\u00e7\u00f5es que podem prejudicar relacionamentos e o pr\u00f3prio bem-estar. Compreender o que desencadeia esse comportamento \u00e9 o primeiro passo para buscar alternativas mais saud\u00e1veis de [&hellip;]<\/p>\n","protected":false},"author":15,"featured_media":58797,"comment_status":"open","ping_status":"open","sticky":false,"template":"","format":"standard","meta":{"jnews-multi-image_gallery":[],"jnews_single_post":{"format":"standard"},"jnews_primary_category":[],"jnews_social_meta":[],"jnews_override_counter":[],"footnotes":""},"categories":[8819],"tags":[9319,1060,4946,5155,7526],"class_list":["post-58791","post","type-post","status-publish","format-standard","has-post-thumbnail","hentry","category-curiosidades","tag-controle-emocional","tag-emocoes","tag-estresse","tag-psicologia","tag-raiva"],"yoast_head":"<!-- This site is optimized with the Yoast SEO plugin v23.8 - https:\/\/yoast.com\/wordpress\/plugins\/seo\/ -->\n<title>Cinco formas de controlar a raiva antes que exploda - Estado de Minas - Em foco<\/title>\n<meta name=\"description\" content=\"Voc\u00ea se exalta com facilidade? Veja cinco estrat\u00e9gias simples que ajudam a controlar a raiva e evitar gritos que s\u00f3 pioram a situa\u00e7\u00e3o.\" \/>\n<meta name=\"robots\" content=\"index, follow, max-snippet:-1, max-image-preview:large, max-video-preview:-1\" \/>\n<link rel=\"canonical\" href=\"https:\/\/www.em.com.br\/emfoco\/2025\/06\/13\/cinco-formas-de-controlar-a-raiva-antes-que-exploda\/\" \/>\n<meta property=\"og:locale\" content=\"pt_BR\" \/>\n<meta property=\"og:type\" content=\"article\" \/>\n<meta property=\"og:title\" content=\"Cinco formas de controlar a raiva antes que exploda - Estado de Minas - Em foco\" \/>\n<meta property=\"og:description\" content=\"Voc\u00ea se exalta com facilidade? Veja cinco estrat\u00e9gias simples que ajudam a controlar a raiva e evitar gritos que s\u00f3 pioram a situa\u00e7\u00e3o.\" \/>\n<meta property=\"og:url\" content=\"https:\/\/www.em.com.br\/emfoco\/2025\/06\/13\/cinco-formas-de-controlar-a-raiva-antes-que-exploda\/\" \/>\n<meta property=\"og:site_name\" content=\"Estado de Minas - Em foco\" \/>\n<meta property=\"article:published_time\" content=\"2025-06-13T13:30:13+00:00\" \/>\n<meta property=\"article:modified_time\" content=\"2025-06-12T23:35:12+00:00\" \/>\n<meta property=\"og:image\" content=\"https:\/\/www.em.com.br\/emfoco\/wp-content\/uploads\/2025\/06\/anger_1749646923411.jpg\" \/>\n\t<meta property=\"og:image:width\" content=\"1280\" \/>\n\t<meta property=\"og:image:height\" content=\"720\" \/>\n\t<meta property=\"og:image:type\" content=\"image\/jpeg\" \/>\n<meta name=\"author\" content=\"Douglas Myth\" \/>\n<meta name=\"twitter:card\" content=\"summary_large_image\" \/>\n<meta name=\"twitter:label1\" content=\"Escrito por\" \/>\n\t<meta name=\"twitter:data1\" content=\"Douglas Myth\" \/>\n\t<meta name=\"twitter:label2\" content=\"Est. tempo de leitura\" \/>\n\t<meta name=\"twitter:data2\" content=\"5 minutos\" \/>\n<!-- \/ Yoast SEO plugin. -->","yoast_head_json":{"title":"Cinco formas de controlar a raiva antes que exploda - Estado de Minas - Em foco","description":"Voc\u00ea se exalta com facilidade? Veja cinco estrat\u00e9gias simples que ajudam a controlar a raiva e evitar gritos que s\u00f3 pioram a situa\u00e7\u00e3o.","robots":{"index":"index","follow":"follow","max-snippet":"max-snippet:-1","max-image-preview":"max-image-preview:large","max-video-preview":"max-video-preview:-1"},"canonical":"https:\/\/www.em.com.br\/emfoco\/2025\/06\/13\/cinco-formas-de-controlar-a-raiva-antes-que-exploda\/","og_locale":"pt_BR","og_type":"article","og_title":"Cinco formas de controlar a raiva antes que exploda - Estado de Minas - Em foco","og_description":"Voc\u00ea se exalta com facilidade? Veja cinco estrat\u00e9gias simples que ajudam a controlar a raiva e evitar gritos que s\u00f3 pioram a situa\u00e7\u00e3o.","og_url":"https:\/\/www.em.com.br\/emfoco\/2025\/06\/13\/cinco-formas-de-controlar-a-raiva-antes-que-exploda\/","og_site_name":"Estado de Minas - Em foco","article_published_time":"2025-06-13T13:30:13+00:00","article_modified_time":"2025-06-12T23:35:12+00:00","og_image":[{"width":1280,"height":720,"url":"https:\/\/www.em.com.br\/emfoco\/wp-content\/uploads\/2025\/06\/anger_1749646923411.jpg","type":"image\/jpeg"}],"author":"Douglas Myth","twitter_card":"summary_large_image","twitter_misc":{"Escrito por":"Douglas Myth","Est. tempo de leitura":"5 minutos"},"schema":{"@context":"https:\/\/schema.org","@graph":[{"@type":"WebPage","@id":"https:\/\/www.em.com.br\/emfoco\/2025\/06\/13\/cinco-formas-de-controlar-a-raiva-antes-que-exploda\/","url":"https:\/\/www.em.com.br\/emfoco\/2025\/06\/13\/cinco-formas-de-controlar-a-raiva-antes-que-exploda\/","name":"Cinco formas de controlar a raiva antes que exploda - Estado de Minas - Em foco","isPartOf":{"@id":"https:\/\/www.em.com.br\/emfoco\/#website"},"primaryImageOfPage":{"@id":"https:\/\/www.em.com.br\/emfoco\/2025\/06\/13\/cinco-formas-de-controlar-a-raiva-antes-que-exploda\/#primaryimage"},"image":{"@id":"https:\/\/www.em.com.br\/emfoco\/2025\/06\/13\/cinco-formas-de-controlar-a-raiva-antes-que-exploda\/#primaryimage"},"thumbnailUrl":"https:\/\/www.em.com.br\/emfoco\/wp-content\/uploads\/2025\/06\/anger_1749646923411.jpg","datePublished":"2025-06-13T13:30:13+00:00","dateModified":"2025-06-12T23:35:12+00:00","author":{"@id":"https:\/\/www.em.com.br\/emfoco\/#\/schema\/person\/bba594b7eebe9b9885fec3a5c7837089"},"description":"Voc\u00ea se exalta com facilidade? Veja cinco estrat\u00e9gias simples que ajudam a controlar a raiva e evitar gritos que s\u00f3 pioram a situa\u00e7\u00e3o.","breadcrumb":{"@id":"https:\/\/www.em.com.br\/emfoco\/2025\/06\/13\/cinco-formas-de-controlar-a-raiva-antes-que-exploda\/#breadcrumb"},"inLanguage":"pt-BR","potentialAction":[{"@type":"ReadAction","target":["https:\/\/www.em.com.br\/emfoco\/2025\/06\/13\/cinco-formas-de-controlar-a-raiva-antes-que-exploda\/"]}]},{"@type":"ImageObject","inLanguage":"pt-BR","@id":"https:\/\/www.em.com.br\/emfoco\/2025\/06\/13\/cinco-formas-de-controlar-a-raiva-antes-que-exploda\/#primaryimage","url":"https:\/\/www.em.com.br\/emfoco\/wp-content\/uploads\/2025\/06\/anger_1749646923411.jpg","contentUrl":"https:\/\/www.em.com.br\/emfoco\/wp-content\/uploads\/2025\/06\/anger_1749646923411.jpg","width":1280,"height":720,"caption":"Cinco formas de controlar a raiva antes que exploda - Cr\u00e9ditos: depositphotos.com \/ VitalikRadko"},{"@type":"BreadcrumbList","@id":"https:\/\/www.em.com.br\/emfoco\/2025\/06\/13\/cinco-formas-de-controlar-a-raiva-antes-que-exploda\/#breadcrumb","itemListElement":[{"@type":"ListItem","position":1,"name":"In\u00edcio","item":"https:\/\/www.em.com.br\/emfoco\/"},{"@type":"ListItem","position":2,"name":"Cinco formas de controlar a raiva antes que exploda"}]},{"@type":"WebSite","@id":"https:\/\/www.em.com.br\/emfoco\/#website","url":"https:\/\/www.em.com.br\/emfoco\/","name":"Estado de Minas - Em foco","description":"Acompanhe as \u00faltimas not\u00edcias e fique bem informado sobre tudo o que acontece em Minas Gerais, Brasil e no mundo.","potentialAction":[{"@type":"SearchAction","target":{"@type":"EntryPoint","urlTemplate":"https:\/\/www.em.com.br\/emfoco\/?s={search_term_string}"},"query-input":{"@type":"PropertyValueSpecification","valueRequired":true,"valueName":"search_term_string"}}],"inLanguage":"pt-BR"},{"@type":"Person","@id":"https:\/\/www.em.com.br\/emfoco\/#\/schema\/person\/bba594b7eebe9b9885fec3a5c7837089","name":"Douglas Myth","image":{"@type":"ImageObject","inLanguage":"pt-BR","@id":"https:\/\/www.em.com.br\/emfoco\/#\/schema\/person\/image\/","url":"https:\/\/secure.gravatar.com\/avatar\/1ac3cf50d0e68642c697dc0c960c802f?s=96&d=mm&r=g","contentUrl":"https:\/\/secure.gravatar.com\/avatar\/1ac3cf50d0e68642c697dc0c960c802f?s=96&d=mm&r=g","caption":"Douglas Myth"},"url":"https:\/\/www.em.com.br\/emfoco\/author\/douglasmyth\/"}]}},"_links":{"self":[{"href":"https:\/\/www.em.com.br\/emfoco\/wp-json\/wp\/v2\/posts\/58791","targetHints":{"allow":["GET"]}}],"collection":[{"href":"https:\/\/www.em.com.br\/emfoco\/wp-json\/wp\/v2\/posts"}],"about":[{"href":"https:\/\/www.em.com.br\/emfoco\/wp-json\/wp\/v2\/types\/post"}],"author":[{"embeddable":true,"href":"https:\/\/www.em.com.br\/emfoco\/wp-json\/wp\/v2\/users\/15"}],"replies":[{"embeddable":true,"href":"https:\/\/www.em.com.br\/emfoco\/wp-json\/wp\/v2\/comments?post=58791"}],"version-history":[{"count":2,"href":"https:\/\/www.em.com.br\/emfoco\/wp-json\/wp\/v2\/posts\/58791\/revisions"}],"predecessor-version":[{"id":58803,"href":"https:\/\/www.em.com.br\/emfoco\/wp-json\/wp\/v2\/posts\/58791\/revisions\/58803"}],"wp:featuredmedia":[{"embeddable":true,"href":"https:\/\/www.em.com.br\/emfoco\/wp-json\/wp\/v2\/media\/58797"}],"wp:attachment":[{"href":"https:\/\/www.em.com.br\/emfoco\/wp-json\/wp\/v2\/media?parent=58791"}],"wp:term":[{"taxonomy":"category","embeddable":true,"href":"https:\/\/www.em.com.br\/emfoco\/wp-json\/wp\/v2\/categories?post=58791"},{"taxonomy":"post_tag","embeddable":true,"href":"https:\/\/www.em.com.br\/emfoco\/wp-json\/wp\/v2\/tags?post=58791"}],"curies":[{"name":"wp","href":"https:\/\/api.w.org\/{rel}","templated":true}]}}